{"id":2730,"date":"2022-04-27T14:33:11","date_gmt":"2022-04-27T14:33:11","guid":{"rendered":"https:\/\/blogin.al\/?p=2730"},"modified":"2022-04-27T14:33:12","modified_gmt":"2022-04-27T14:33:12","slug":"feston-sot-ditelindjen-ardian-bujupi-arratiset-ne-spanje-me-sabrine-balerina-i-ben-urimin-romantik","status":"publish","type":"post","link":"https:\/\/blogin.al\/?p=2730","title":{"rendered":"Feston sot dit\u00eblindjen\/ Ardian Bujupi \u2018arratiset\u2019 n\u00eb Spanj\u00eb me Sabrine, balerina i b\u00ebn urimin romantik"},"content":{"rendered":"\n<p><strong>K\u00ebng\u00ebtari i njohur shqiptar Ardian Bujupi feston sot dit\u00eblindjen. Ai ka lindur n\u00eb\u00a01991 dhe b\u00ebn sot 31\u00a0vje\u00e7.<\/strong><\/p>\n\n\n\n<p>Dhe k\u00ebt\u00eb dit\u00eb t\u00eb ve\u00e7ant\u00eb ai ka zgjedhur ta festojn\u00eb me Sabrine Khan dhe disa miq t\u00eb tjer\u00eb, duke \u2018u arratisur\u2019 drejt Sapnj\u00ebs. N\u00eb rrjetet sociale, Ardiani dhe Sabrine jan\u00eb shfaqur n\u00eb krah\u00ebt e nj\u00ebri-tjetrit m\u00eb t\u00eb af\u00ebrt se kurr\u00eb.<\/p>\n\n\n\n<p>Teksa Sabrine i ka b\u00ebr\u00eb edhe nj\u00eb urim t\u00eb \u00ebmb\u00ebl. Ajo ka publikuar nj\u00eb foto t\u00eb tyre ku shkruan: \u201cNj\u00eb nga njer\u00ebzit m\u00eb t\u00eb mir\u00eb. T\u00eb dua\u201d.<\/p>\n\n\n\n<figure class=\"wp-block-image size-large is-resized is-style-default\"><img fetchpriority=\"high\" decoding=\"async\" src=\"https:\/\/blogin.al\/wp-content\/uploads\/2022\/04\/aRDIAN-BUJUPI-SABRINE-KHAN-DITELINDJE-PANORAMA-PLUS-498x1024.jpeg\" alt=\"\" class=\"wp-image-2731\" width=\"411\" height=\"843\" srcset=\"https:\/\/blogin.al\/wp-content\/uploads\/2022\/04\/aRDIAN-BUJUPI-SABRINE-KHAN-DITELINDJE-PANORAMA-PLUS-146x300.jpeg 146w, https:\/\/blogin.al\/wp-content\/uploads\/2022\/04\/aRDIAN-BUJUPI-SABRINE-KHAN-DITELINDJE-PANORAMA-PLUS-150x308.jpeg 150w\" sizes=\"(max-width: 411px) 100vw, 411px\" \/><\/figure>\n\n\n\n<p>Megjithat\u00eb,\u00a0interesant \u00ebsht\u00eb fakti se protagonist\u00ebt e mohojn\u00eb se jan\u00eb n\u00eb lidhje. Nj\u00eb komentues pyeti n\u00eb nj\u00eb video n\u00eb TikTok:\u00a0<strong>\u201cPse jan\u00eb ata kaq shpesh s\u00eb bashku? Ka di\u00e7ka k\u00ebtu\u2026<\/strong>\u201d ky koment ka marr\u00eb v\u00ebmendjen e Sabrine e cila i ka kthyer nj\u00eb p\u00ebrgjigje duke shkruar se jan\u00eb thjesht shok\u00eb t\u00eb ngusht\u00eb. \u201c<strong>Sepse ai \u00ebsht\u00eb shoku im i ngusht\u00eb dhe ne jemi n\u00eb kontakt\u201d<\/strong><\/p>\n\n\n\n<figure class=\"wp-block-image size-large is-resized is-style-default\"><img decoding=\"async\" src=\"https:\/\/blogin.al\/wp-content\/uploads\/2022\/04\/Ardian-Bujupi-Sabrine-Khan-Panorama-Plus-1-634x1024.jpeg\" alt=\"\" class=\"wp-image-2733\" width=\"422\" height=\"675\"\/><\/figure>\n\n\n\n<p>Nuk dihet n\u00ebse ata jan\u00eb v\u00ebrtet\u00eb shok\u00eb t\u00eb ngusht\u00eb apo kan\u00eb vendosur t\u00eb mohojn\u00eb lidhjen si\u00e7 b\u00ebjn\u00eb zakonisht personazhet publike. Por me siguri mund t\u00eb themi se jan\u00eb kudo bashk\u00eb.<\/p>\n","protected":false},"excerpt":{"rendered":"<p>K\u00ebng\u00ebtari i njohur shqiptar Ardian Bujupi feston sot dit\u00eblindjen. Ai ka lindur n\u00eb\u00a01991 dhe b\u00ebn sot 31\u00a0vje\u00e7. Dhe k\u00ebt\u00eb dit\u00eb t\u00eb ve\u00e7ant\u00eb ai ka zgjedhur ta festojn\u00eb me Sabrine Khan dhe disa miq t\u00eb tjer\u00eb, duke \u2018u arratisur\u2019 drejt Sapnj\u00ebs. N\u00eb rrjetet sociale, Ardiani dhe Sabrine jan\u00eb shfaqur n\u00eb krah\u00ebt e nj\u00ebri-tjetrit m\u00eb t\u00eb af\u00ebrt [&hellip;]<\/p>\n","protected":false},"author":2,"featured_media":2732,"comment_status":"open","ping_status":"open","sticky":false,"template":"","format":"standard","meta":{"footnotes":""},"categories":[33],"tags":[],"class_list":{"0":"post-2730","1":"post","2":"type-post","3":"status-publish","4":"format-standard","5":"has-post-thumbnail","7":"category-showbiz"},"yoast_head":"<!-- This site is optimized with the Yoast SEO plugin v27.5 - https:\/\/yoast.com\/product\/yoast-seo-wordpress\/ -->\n<title>Feston sot dit\u00eblindjen\/ Ardian Bujupi \u2018arratiset\u2019 n\u00eb Spanj\u00eb me Sabrine, balerina i b\u00ebn urimin romantik - blogin.al<\/title>\n<meta name=\"robots\" content=\"index, follow, max-snippet:-1, max-image-preview:large, max-video-preview:-1\" \/>\n<link rel=\"canonical\" href=\"https:\/\/blogin.al\/?p=2730\" \/>\n<meta property=\"og:locale\" content=\"en_US\" \/>\n<meta property=\"og:type\" content=\"article\" \/>\n<meta property=\"og:title\" content=\"Feston sot dit\u00eblindjen\/ Ardian Bujupi \u2018arratiset\u2019 n\u00eb Spanj\u00eb me Sabrine, balerina i b\u00ebn urimin romantik - blogin.al\" \/>\n<meta property=\"og:description\" content=\"K\u00ebng\u00ebtari i njohur shqiptar Ardian Bujupi feston sot dit\u00eblindjen. Ai ka lindur n\u00eb\u00a01991 dhe b\u00ebn sot 31\u00a0vje\u00e7. Dhe k\u00ebt\u00eb dit\u00eb t\u00eb ve\u00e7ant\u00eb ai ka zgjedhur ta festojn\u00eb me Sabrine Khan dhe disa miq t\u00eb tjer\u00eb, duke \u2018u arratisur\u2019 drejt Sapnj\u00ebs. N\u00eb rrjetet sociale, Ardiani dhe Sabrine jan\u00eb shfaqur n\u00eb krah\u00ebt e nj\u00ebri-tjetrit m\u00eb t\u00eb af\u00ebrt [&hellip;]\" \/>\n<meta property=\"og:url\" content=\"https:\/\/blogin.al\/?p=2730\" \/>\n<meta property=\"og:site_name\" content=\"blogin.al\" \/>\n<meta property=\"article:published_time\" content=\"2022-04-27T14:33:11+00:00\" \/>\n<meta property=\"article:modified_time\" content=\"2022-04-27T14:33:12+00:00\" \/>\n<meta property=\"og:image\" content=\"https:\/\/blogin.al\/wp-content\/uploads\/2022\/04\/ardianbujupi_97896886_109208397335556_7332141885789509253_n-e1594742655834-780x439-1.jpg\" \/>\n\t<meta property=\"og:image:width\" content=\"780\" \/>\n\t<meta property=\"og:image:height\" content=\"439\" \/>\n\t<meta property=\"og:image:type\" content=\"image\/jpeg\" \/>\n<meta name=\"author\" content=\"Blogin al\" \/>\n<meta name=\"twitter:card\" content=\"summary_large_image\" \/>\n<meta name=\"twitter:label1\" content=\"Written by\" \/>\n\t<meta name=\"twitter:data1\" content=\"Blogin al\" \/>\n\t<meta name=\"twitter:label2\" content=\"Est. reading time\" \/>\n\t<meta name=\"twitter:data2\" content=\"2 minutes\" \/>\n<script type=\"application\/ld+json\" class=\"yoast-schema-graph\">{\"@context\":\"https:\\\/\\\/schema.org\",\"@graph\":[{\"@type\":\"Article\",\"@id\":\"https:\\\/\\\/blogin.al\\\/?p=2730#article\",\"isPartOf\":{\"@id\":\"https:\\\/\\\/blogin.al\\\/?p=2730\"},\"author\":{\"name\":\"Blogin al\",\"@id\":\"https:\\\/\\\/blogin.al\\\/#\\\/schema\\\/person\\\/abdd56bc912cd511db877b852b115399\"},\"headline\":\"Feston sot dit\u00eblindjen\\\/ Ardian Bujupi \u2018arratiset\u2019 n\u00eb Spanj\u00eb me Sabrine, balerina i b\u00ebn urimin romantik\",\"datePublished\":\"2022-04-27T14:33:11+00:00\",\"dateModified\":\"2022-04-27T14:33:12+00:00\",\"mainEntityOfPage\":{\"@id\":\"https:\\\/\\\/blogin.al\\\/?p=2730\"},\"wordCount\":216,\"commentCount\":0,\"publisher\":{\"@id\":\"https:\\\/\\\/blogin.al\\\/#organization\"},\"image\":{\"@id\":\"https:\\\/\\\/blogin.al\\\/?p=2730#primaryimage\"},\"thumbnailUrl\":\"https:\\\/\\\/blogin.al\\\/wp-content\\\/uploads\\\/2022\\\/04\\\/ardianbujupi_97896886_109208397335556_7332141885789509253_n-e1594742655834-780x439-1.jpg\",\"articleSection\":[\"SHOWBIZ\"],\"inLanguage\":\"en-US\",\"potentialAction\":[{\"@type\":\"CommentAction\",\"name\":\"Comment\",\"target\":[\"https:\\\/\\\/blogin.al\\\/?p=2730#respond\"]}]},{\"@type\":\"WebPage\",\"@id\":\"https:\\\/\\\/blogin.al\\\/?p=2730\",\"url\":\"https:\\\/\\\/blogin.al\\\/?p=2730\",\"name\":\"Feston sot dit\u00eblindjen\\\/ Ardian Bujupi \u2018arratiset\u2019 n\u00eb Spanj\u00eb me Sabrine, balerina i b\u00ebn urimin romantik - blogin.al\",\"isPartOf\":{\"@id\":\"https:\\\/\\\/blogin.al\\\/#website\"},\"primaryImageOfPage\":{\"@id\":\"https:\\\/\\\/blogin.al\\\/?p=2730#primaryimage\"},\"image\":{\"@id\":\"https:\\\/\\\/blogin.al\\\/?p=2730#primaryimage\"},\"thumbnailUrl\":\"https:\\\/\\\/blogin.al\\\/wp-content\\\/uploads\\\/2022\\\/04\\\/ardianbujupi_97896886_109208397335556_7332141885789509253_n-e1594742655834-780x439-1.jpg\",\"datePublished\":\"2022-04-27T14:33:11+00:00\",\"dateModified\":\"2022-04-27T14:33:12+00:00\",\"breadcrumb\":{\"@id\":\"https:\\\/\\\/blogin.al\\\/?p=2730#breadcrumb\"},\"inLanguage\":\"en-US\",\"potentialAction\":[{\"@type\":\"ReadAction\",\"target\":[\"https:\\\/\\\/blogin.al\\\/?p=2730\"]}]},{\"@type\":\"ImageObject\",\"inLanguage\":\"en-US\",\"@id\":\"https:\\\/\\\/blogin.al\\\/?p=2730#primaryimage\",\"url\":\"https:\\\/\\\/blogin.al\\\/wp-content\\\/uploads\\\/2022\\\/04\\\/ardianbujupi_97896886_109208397335556_7332141885789509253_n-e1594742655834-780x439-1.jpg\",\"contentUrl\":\"https:\\\/\\\/blogin.al\\\/wp-content\\\/uploads\\\/2022\\\/04\\\/ardianbujupi_97896886_109208397335556_7332141885789509253_n-e1594742655834-780x439-1.jpg\",\"width\":780,\"height\":439},{\"@type\":\"BreadcrumbList\",\"@id\":\"https:\\\/\\\/blogin.al\\\/?p=2730#breadcrumb\",\"itemListElement\":[{\"@type\":\"ListItem\",\"position\":1,\"name\":\"Home\",\"item\":\"https:\\\/\\\/blogin.al\\\/\"},{\"@type\":\"ListItem\",\"position\":2,\"name\":\"Feston sot dit\u00eblindjen\\\/ Ardian Bujupi \u2018arratiset\u2019 n\u00eb Spanj\u00eb me Sabrine, balerina i b\u00ebn urimin romantik\"}]},{\"@type\":\"WebSite\",\"@id\":\"https:\\\/\\\/blogin.al\\\/#website\",\"url\":\"https:\\\/\\\/blogin.al\\\/\",\"name\":\"blogin.al\",\"description\":\"\",\"publisher\":{\"@id\":\"https:\\\/\\\/blogin.al\\\/#organization\"},\"potentialAction\":[{\"@type\":\"SearchAction\",\"target\":{\"@type\":\"EntryPoint\",\"urlTemplate\":\"https:\\\/\\\/blogin.al\\\/?s={search_term_string}\"},\"query-input\":{\"@type\":\"PropertyValueSpecification\",\"valueRequired\":true,\"valueName\":\"search_term_string\"}}],\"inLanguage\":\"en-US\"},{\"@type\":\"Organization\",\"@id\":\"https:\\\/\\\/blogin.al\\\/#organization\",\"name\":\"BLOGIN.al\",\"url\":\"https:\\\/\\\/blogin.al\\\/\",\"logo\":{\"@type\":\"ImageObject\",\"inLanguage\":\"en-US\",\"@id\":\"https:\\\/\\\/blogin.al\\\/#\\\/schema\\\/logo\\\/image\\\/\",\"url\":\"https:\\\/\\\/blogin.al\\\/wp-content\\\/uploads\\\/2022\\\/05\\\/Untitled-2-01-e1652084456514.png\",\"contentUrl\":\"https:\\\/\\\/blogin.al\\\/wp-content\\\/uploads\\\/2022\\\/05\\\/Untitled-2-01-e1652084456514.png\",\"width\":3723,\"height\":1698,\"caption\":\"BLOGIN.al\"},\"image\":{\"@id\":\"https:\\\/\\\/blogin.al\\\/#\\\/schema\\\/logo\\\/image\\\/\"},\"sameAs\":[\"https:\\\/\\\/instagram.com\\\/blogin.al\\\/\"]},{\"@type\":\"Person\",\"@id\":\"https:\\\/\\\/blogin.al\\\/#\\\/schema\\\/person\\\/abdd56bc912cd511db877b852b115399\",\"name\":\"Blogin al\",\"image\":{\"@type\":\"ImageObject\",\"inLanguage\":\"en-US\",\"@id\":\"https:\\\/\\\/secure.gravatar.com\\\/avatar\\\/60d5661aee6e835fb13dc75d2204cd0c1d61bef2efd137c0083e59ef831e235e?s=96&d=mm&r=g\",\"url\":\"https:\\\/\\\/secure.gravatar.com\\\/avatar\\\/60d5661aee6e835fb13dc75d2204cd0c1d61bef2efd137c0083e59ef831e235e?s=96&d=mm&r=g\",\"contentUrl\":\"https:\\\/\\\/secure.gravatar.com\\\/avatar\\\/60d5661aee6e835fb13dc75d2204cd0c1d61bef2efd137c0083e59ef831e235e?s=96&d=mm&r=g\",\"caption\":\"Blogin al\"},\"sameAs\":[\"https:\\\/\\\/blogin.al\"],\"url\":\"https:\\\/\\\/blogin.al\\\/?author=2\"}]}<\/script>\n<!-- \/ Yoast SEO plugin. -->","yoast_head_json":{"title":"Feston sot dit\u00eblindjen\/ Ardian Bujupi \u2018arratiset\u2019 n\u00eb Spanj\u00eb me Sabrine, balerina i b\u00ebn urimin romantik - blogin.al","robots":{"index":"index","follow":"follow","max-snippet":"max-snippet:-1","max-image-preview":"max-image-preview:large","max-video-preview":"max-video-preview:-1"},"canonical":"https:\/\/blogin.al\/?p=2730","og_locale":"en_US","og_type":"article","og_title":"Feston sot dit\u00eblindjen\/ Ardian Bujupi \u2018arratiset\u2019 n\u00eb Spanj\u00eb me Sabrine, balerina i b\u00ebn urimin romantik - blogin.al","og_description":"K\u00ebng\u00ebtari i njohur shqiptar Ardian Bujupi feston sot dit\u00eblindjen. Ai ka lindur n\u00eb\u00a01991 dhe b\u00ebn sot 31\u00a0vje\u00e7. Dhe k\u00ebt\u00eb dit\u00eb t\u00eb ve\u00e7ant\u00eb ai ka zgjedhur ta festojn\u00eb me Sabrine Khan dhe disa miq t\u00eb tjer\u00eb, duke \u2018u arratisur\u2019 drejt Sapnj\u00ebs. N\u00eb rrjetet sociale, Ardiani dhe Sabrine jan\u00eb shfaqur n\u00eb krah\u00ebt e nj\u00ebri-tjetrit m\u00eb t\u00eb af\u00ebrt [&hellip;]","og_url":"https:\/\/blogin.al\/?p=2730","og_site_name":"blogin.al","article_published_time":"2022-04-27T14:33:11+00:00","article_modified_time":"2022-04-27T14:33:12+00:00","og_image":[{"width":780,"height":439,"url":"https:\/\/blogin.al\/wp-content\/uploads\/2022\/04\/ardianbujupi_97896886_109208397335556_7332141885789509253_n-e1594742655834-780x439-1.jpg","type":"image\/jpeg"}],"author":"Blogin al","twitter_card":"summary_large_image","twitter_misc":{"Written by":"Blogin al","Est. reading time":"2 minutes"},"schema":{"@context":"https:\/\/schema.org","@graph":[{"@type":"Article","@id":"https:\/\/blogin.al\/?p=2730#article","isPartOf":{"@id":"https:\/\/blogin.al\/?p=2730"},"author":{"name":"Blogin al","@id":"https:\/\/blogin.al\/#\/schema\/person\/abdd56bc912cd511db877b852b115399"},"headline":"Feston sot dit\u00eblindjen\/ Ardian Bujupi \u2018arratiset\u2019 n\u00eb Spanj\u00eb me Sabrine, balerina i b\u00ebn urimin romantik","datePublished":"2022-04-27T14:33:11+00:00","dateModified":"2022-04-27T14:33:12+00:00","mainEntityOfPage":{"@id":"https:\/\/blogin.al\/?p=2730"},"wordCount":216,"commentCount":0,"publisher":{"@id":"https:\/\/blogin.al\/#organization"},"image":{"@id":"https:\/\/blogin.al\/?p=2730#primaryimage"},"thumbnailUrl":"https:\/\/blogin.al\/wp-content\/uploads\/2022\/04\/ardianbujupi_97896886_109208397335556_7332141885789509253_n-e1594742655834-780x439-1.jpg","articleSection":["SHOWBIZ"],"inLanguage":"en-US","potentialAction":[{"@type":"CommentAction","name":"Comment","target":["https:\/\/blogin.al\/?p=2730#respond"]}]},{"@type":"WebPage","@id":"https:\/\/blogin.al\/?p=2730","url":"https:\/\/blogin.al\/?p=2730","name":"Feston sot dit\u00eblindjen\/ Ardian Bujupi \u2018arratiset\u2019 n\u00eb Spanj\u00eb me Sabrine, balerina i b\u00ebn urimin romantik - blogin.al","isPartOf":{"@id":"https:\/\/blogin.al\/#website"},"primaryImageOfPage":{"@id":"https:\/\/blogin.al\/?p=2730#primaryimage"},"image":{"@id":"https:\/\/blogin.al\/?p=2730#primaryimage"},"thumbnailUrl":"https:\/\/blogin.al\/wp-content\/uploads\/2022\/04\/ardianbujupi_97896886_109208397335556_7332141885789509253_n-e1594742655834-780x439-1.jpg","datePublished":"2022-04-27T14:33:11+00:00","dateModified":"2022-04-27T14:33:12+00:00","breadcrumb":{"@id":"https:\/\/blogin.al\/?p=2730#breadcrumb"},"inLanguage":"en-US","potentialAction":[{"@type":"ReadAction","target":["https:\/\/blogin.al\/?p=2730"]}]},{"@type":"ImageObject","inLanguage":"en-US","@id":"https:\/\/blogin.al\/?p=2730#primaryimage","url":"https:\/\/blogin.al\/wp-content\/uploads\/2022\/04\/ardianbujupi_97896886_109208397335556_7332141885789509253_n-e1594742655834-780x439-1.jpg","contentUrl":"https:\/\/blogin.al\/wp-content\/uploads\/2022\/04\/ardianbujupi_97896886_109208397335556_7332141885789509253_n-e1594742655834-780x439-1.jpg","width":780,"height":439},{"@type":"BreadcrumbList","@id":"https:\/\/blogin.al\/?p=2730#breadcrumb","itemListElement":[{"@type":"ListItem","position":1,"name":"Home","item":"https:\/\/blogin.al\/"},{"@type":"ListItem","position":2,"name":"Feston sot dit\u00eblindjen\/ Ardian Bujupi \u2018arratiset\u2019 n\u00eb Spanj\u00eb me Sabrine, balerina i b\u00ebn urimin romantik"}]},{"@type":"WebSite","@id":"https:\/\/blogin.al\/#website","url":"https:\/\/blogin.al\/","name":"blogin.al","description":"","publisher":{"@id":"https:\/\/blogin.al\/#organization"},"potentialAction":[{"@type":"SearchAction","target":{"@type":"EntryPoint","urlTemplate":"https:\/\/blogin.al\/?s={search_term_string}"},"query-input":{"@type":"PropertyValueSpecification","valueRequired":true,"valueName":"search_term_string"}}],"inLanguage":"en-US"},{"@type":"Organization","@id":"https:\/\/blogin.al\/#organization","name":"BLOGIN.al","url":"https:\/\/blogin.al\/","logo":{"@type":"ImageObject","inLanguage":"en-US","@id":"https:\/\/blogin.al\/#\/schema\/logo\/image\/","url":"https:\/\/blogin.al\/wp-content\/uploads\/2022\/05\/Untitled-2-01-e1652084456514.png","contentUrl":"https:\/\/blogin.al\/wp-content\/uploads\/2022\/05\/Untitled-2-01-e1652084456514.png","width":3723,"height":1698,"caption":"BLOGIN.al"},"image":{"@id":"https:\/\/blogin.al\/#\/schema\/logo\/image\/"},"sameAs":["https:\/\/instagram.com\/blogin.al\/"]},{"@type":"Person","@id":"https:\/\/blogin.al\/#\/schema\/person\/abdd56bc912cd511db877b852b115399","name":"Blogin al","image":{"@type":"ImageObject","inLanguage":"en-US","@id":"https:\/\/secure.gravatar.com\/avatar\/60d5661aee6e835fb13dc75d2204cd0c1d61bef2efd137c0083e59ef831e235e?s=96&d=mm&r=g","url":"https:\/\/secure.gravatar.com\/avatar\/60d5661aee6e835fb13dc75d2204cd0c1d61bef2efd137c0083e59ef831e235e?s=96&d=mm&r=g","contentUrl":"https:\/\/secure.gravatar.com\/avatar\/60d5661aee6e835fb13dc75d2204cd0c1d61bef2efd137c0083e59ef831e235e?s=96&d=mm&r=g","caption":"Blogin al"},"sameAs":["https:\/\/blogin.al"],"url":"https:\/\/blogin.al\/?author=2"}]}},"_links":{"self":[{"href":"https:\/\/blogin.al\/index.php?rest_route=\/wp\/v2\/posts\/2730","targetHints":{"allow":["GET"]}}],"collection":[{"href":"https:\/\/blogin.al\/index.php?rest_route=\/wp\/v2\/posts"}],"about":[{"href":"https:\/\/blogin.al\/index.php?rest_route=\/wp\/v2\/types\/post"}],"author":[{"embeddable":true,"href":"https:\/\/blogin.al\/index.php?rest_route=\/wp\/v2\/users\/2"}],"replies":[{"embeddable":true,"href":"https:\/\/blogin.al\/index.php?rest_route=%2Fwp%2Fv2%2Fcomments&post=2730"}],"version-history":[{"count":1,"href":"https:\/\/blogin.al\/index.php?rest_route=\/wp\/v2\/posts\/2730\/revisions"}],"predecessor-version":[{"id":2734,"href":"https:\/\/blogin.al\/index.php?rest_route=\/wp\/v2\/posts\/2730\/revisions\/2734"}],"wp:featuredmedia":[{"embeddable":true,"href":"https:\/\/blogin.al\/index.php?rest_route=\/wp\/v2\/media\/2732"}],"wp:attachment":[{"href":"https:\/\/blogin.al\/index.php?rest_route=%2Fwp%2Fv2%2Fmedia&parent=2730"}],"wp:term":[{"taxonomy":"category","embeddable":true,"href":"https:\/\/blogin.al\/index.php?rest_route=%2Fwp%2Fv2%2Fcategories&post=2730"},{"taxonomy":"post_tag","embeddable":true,"href":"https:\/\/blogin.al\/index.php?rest_route=%2Fwp%2Fv2%2Ftags&post=2730"}],"curies":[{"name":"wp","href":"https:\/\/api.w.org\/{rel}","templated":true}]}}