{"id":28556,"date":"2023-04-02T13:59:55","date_gmt":"2023-04-02T13:59:55","guid":{"rendered":"https:\/\/blogin.al\/?p=28556"},"modified":"2023-04-02T14:00:35","modified_gmt":"2023-04-02T14:00:35","slug":"evi-dhe-kledi-hysa-rrefejne-gjate-e-gjere-historine-e-tyre-te-dashurise","status":"publish","type":"post","link":"https:\/\/blogin.al\/?p=28556","title":{"rendered":"Evi dhe Kledi Hysa rr\u00ebfejn\u00eb historin\u00eb e tyre t\u00eb dashuris\u00eb"},"content":{"rendered":"\n<p>N\u00eb media p\u00ebrflitej prej shum\u00eb koh\u00ebsh, por vet\u00ebm tani Evi dhe Kledi e kan\u00eb pranuar hapur q\u00eb jan\u00eb n\u00eb nj\u00eb lidhje dashurie.<\/p>\n\n\n\n<p>N\u00eb nj\u00eb intervist\u00eb p\u00ebr \u201cRevist\u00ebn Who\u201d dyshja kan\u00eb folur p\u00ebr momentin e par\u00eb t\u00eb njohjes dhe zhvillimin e marr\u00ebdh\u00ebnies s\u00eb tyre larg syrit kureshtar\u00eb t\u00eb publikut.<\/p>\n\n\n\n<p>M\u00eb posht\u00eb gjeni intervist\u00ebn e plot\u00eb t\u00eb \u00e7iftit t\u00eb dh\u00ebn\u00eb p\u00ebr \u201cRevist\u00ebn Who\u201d:<\/p>\n\n\n\n<p>Evi dhe Kledi, nj\u00eb histori dashurie, si nis\u00ebn shk\u00ebndijat e para mes ju t\u00eb dyve?<\/p>\n\n\n\n<p>Evi: Rr\u00ebfimi yn\u00eb ndoshta nuk \u00ebsht\u00eb ai i nj\u00eb historie klasiko-romantike, por nj\u00eb histori q\u00eb shk\u00ebndijat i pati gjat\u00eb rrug\u00ebs, nj\u00eb histori e sinqert\u00eb. Por n\u00ebse i p\u00ebrgjigjemi pyetjes s\u00eb shk\u00ebndijave, ato nis\u00ebn gjat\u00eb rrug\u00ebs s\u00eb njohjes. Ai m\u00eb njihte si k\u00ebng\u00ebtare dhe un\u00eb e kisha par\u00eb pak te \u201cBBV\u201d, (nuk e ndiqnim nj\u00ebri-tjetrin n\u00eb rrjetet sociale), dhe vet\u00ebm kaq.<\/p>\n\n\n\n<p>Kledi: Por, ishte nj\u00eb event n\u00eb dhjetor t\u00eb vitit 2021 q\u00eb ndryshoi gjith\u00e7ka. Aty u takuam dhe le t\u00eb themi se foli n\u00ebnvet\u00ebdija jon\u00eb.<\/p>\n\n\n\n<p>I besoni fatit, rast\u00ebsis\u00eb, apo ndonj\u00eb personi q\u00eb tani k\u00ebrkon ato \u201ck\u00ebpuc\u00ebt e kuqe\u201d sa her\u00eb iu sheh bashk\u00eb?<\/p>\n\n\n\n<p>Evi: T\u00eb trija k\u00ebto bashk\u00ebveprojn\u00eb, kur universi d\u00ebshiron q\u00eb t\u00eb ndodh\u00eb di\u00e7ka e bukur. N\u00eb fakt k\u00ebpuc\u00ebt e kuqe i takojn\u00eb dy personave shum\u00eb t\u00eb dashur p\u00ebr ne, q\u00eb n\u00eb vetvete nuk pat\u00ebn q\u00ebllimi t\u00eb na njihnin me nj\u00ebri-tjetrin. I pari \u00ebsht\u00eb Eraldo Rexho, i cili organzoi fest\u00ebn n\u00eb dhjetor \u201cA December to Remember\u201d dhe si\u00e7 ndodh n\u00eb eventet e Eraldos ku mbledh miqt\u00eb, ishim t\u00eb dy t\u00eb pranish\u00ebm. Kledi erdhi me Adisin dhe un\u00eb me Arjola Shehun. K\u00ebsaj t\u00eb fundit i takojn\u00eb gjithashtu k\u00ebpuc\u00eb t\u00eb kuqe, pasi disa jav\u00eb m\u00eb par\u00eb Kledi ishte i ftuar n\u00eb emisionin e saj dhe teksa t\u00eb dy u p\u00ebrsh\u00ebndet\u00ebn, m\u00eb prezantoi mua me Kledin. Mbr\u00ebmja na mblodhi t\u00eb kat\u00ebrve n\u00eb nj\u00eb tavolin\u00eb ku na bashkuan bisedat p\u00ebr \u201cBBV\u201d, televizionin, muzik\u00ebn dhe jet\u00ebn. Kemi qeshur shum\u00eb e kemi k\u00ebrcyer t\u00eb gjith\u00eb bashk\u00eb. At\u00eb nat\u00eb Kledi m\u00eb b\u00ebri \u201cFollow\u201d n\u00eb \u201cInstagram\u201d, por nuk fol\u00ebm menj\u00ebher\u00eb. Ndaj mos mungoni asnj\u00ebher\u00eb n\u00eb festat e Eraldos.<\/p>\n\n\n\n<p>Duke qen\u00eb t\u00eb dy personazhe publik\u00eb, shum\u00eb t\u00eb njohur n\u00eb fushat tuaja respektive, a ka qen\u00eb nj\u00eb \u201cbenefit\u201d t\u00eb themi p\u00ebr lidhjen apo nj\u00eb penges\u00eb ose nj\u00eb \u201c\u00e7mim\u201d q\u00eb e keni ditur q\u00eb prej fillimit se duhet paguar?<\/p>\n\n\n\n<p>Evi: Kur njohja t\u00eb merrte nj\u00eb form\u00eb, kjo ishte pjesa q\u00eb na shqet\u00ebsonte m\u00eb shum\u00eb. Ende nuk e dinim ku ishim. Jeta e Kledit kishte ndryshuar n\u00eb m\u00ebnyr\u00eb radikale pas \u201cBBV\u201d. Kishte ende v\u00ebmendjen e publikut, njer\u00ebzit e donin shum\u00eb, m\u00eb pas u shtuan vajtje-ardhjet nga Austria, shum\u00eb gj\u00ebra p\u00ebr t\u00eb zgjidhur dhe p\u00ebr m\u00eb tep\u00ebr duhej t\u2019i p\u00ebrgjigjeshim dhe syrit kurioz t\u00eb publikut. Nga ana tjet\u00ebr, un\u00eb prej koh\u00ebsh jam pjes\u00eb e medias, jam natyr\u00eb e p\u00ebrmbajtur n\u00eb \u00e7do sfer\u00eb, sidomos n\u00eb at\u00eb personale, kjo natyrisht ngjallte m\u00eb tep\u00ebr kuriozitet.<\/p>\n\n\n\n<p>Kledi: Ne nuk na p\u00eblqente t\u00eb jepnim shum\u00eb shpjegime, sepse ende ishim duke nd\u00ebrtuar di\u00e7ka q\u00eb nuk e dinim ku do t\u00eb na \u00e7onte dhe \u00e7mimi q\u00eb \u201cpaguanim\u201d asokohe ishte t\u00eb dilnim sa m\u00eb pak, liria jon\u00eb ishte e kufizuar dhe nd\u00ebrkoh\u00eb lajmet e portaleve \u201cg\u00eblonin\u201d.<\/p>\n\n\n\n<p>Evi: Pooor, \u00e7do vendim e kemi marr\u00eb bashk\u00eb. Si\u00e7 \u00ebsht\u00eb edhe kjo intervist\u00eb ekskluzive p\u00ebr \u201cWHO\u201d. Nga ana tjet\u00ebr benefitet ishin q\u00eb i p\u00ebrkisnim t\u00eb dy bot\u00ebs s\u00eb medias, \u00e7ka e b\u00ebnte m\u00eb t\u00eb mir\u00ebkuptueshme situat\u00ebn me nj\u00ebri-tjetrin.<\/p>\n\n\n\n<p>T\u00eb kthehemi s\u00ebrish n\u00eb fillim. Mesazhet e para q\u00eb i keni d\u00ebrguar nj\u00ebri-tjetrit, cilat jan\u00eb?<\/p>\n\n\n\n<p>Evi: Bisedat fillestare kan\u00eb qen\u00eb ndonj\u00eb \u201creply\u201d nga Kledit te story-t q\u00eb postoja nga Festivali i K\u00ebng\u00ebs dhe kaq. Disa jav\u00eb m\u00eb von\u00eb nis\u00ebm t\u00eb flisnim pak m\u00eb shum\u00eb. Ende n\u00eb \u201cInstagram\u201d. Kemi folur p\u00ebr meditimin sepse e praktikojm\u00eb t\u00eb dy, kemi b\u00ebr\u00eb shaka, humor, derisa kaluam me biseda mbi p\u00ebrditshm\u00ebrin\u00eb ton\u00eb, gj\u00eb q\u00eb na sh\u00ebrbeu p\u00ebr njohjen (qoft\u00eb edhe n\u00eb distanc\u00eb) me nj\u00ebri-tjetrin. Te k\u00ebto biseda kishim kaluar n\u00eb \u201cWhatsApp\u201d. Flisnim \u00e7do dit\u00eb, por pa dashur t\u00eb kontrollonim nj\u00ebri-tjetrin, \u00e7do gj\u00eb rrodhi krejt natyrsh\u00ebm, duke marr\u00eb koh\u00ebn q\u00eb na nevojitej.<\/p>\n\n\n\n<p>Jeni p\u00ebrfolur prej koh\u00ebsh p\u00ebr lidhje, pastaj kamuflohej, m\u00eb von\u00eb heshtje dhe s\u00ebrish lajm se jeni bashk\u00eb, si i keni p\u00ebrjetuar gjat\u00eb k\u00ebsaj kohe k\u00ebto \u201cjan\u00eb-s\u2019jan\u00eb\u201d bashk\u00eb?<\/p>\n\n\n\n<p>Kledi: N\u00eb fillim ishte e sikletshme. Kur asnj\u00ebri nuk prononcohej, edhe portalet heshtnin. Pastaj kur ndonj\u00eb sy kurioz gazetaresk shkrepte ndonj\u00eb foto, lajmet rifillonin. E k\u00ebshtu ndodhte derisa vendos\u00ebm t\u00eb pranonim realitetin, u bind\u00ebm q\u00eb sado q\u00eb t\u00eb kishim k\u00ebrkuar t\u00eb respektohej heshtja jon\u00eb p\u00ebr \u00e7\u00ebshtje personale (disa e kan\u00eb respektuar, disa jo), kjo situat\u00eb do t\u00eb vazhdonte k\u00ebshtu. Pastaj u qet\u00ebsuam dhe tham\u00eb \u201cOk, tani buz\u00ebqeshim\u201d dhe vazhduam n\u00eb qet\u00ebsi t\u00eb jetonim jet\u00ebn ton\u00eb.<\/p>\n\n\n\n<p>Dy personazhe publik\u00eb a duhen t\u00eb b\u00ebjn\u00eb nj\u00eb \u201cpakt\u201d t\u00eb pashkruar, nga ato paktet e heshtura q\u00eb lidhja e tyre t\u00eb funksionoj\u00eb, apo k\u00ebto jan\u00eb m\u00eb tep\u00ebr skenare q\u00eb i shkruan publiku dhe \u00e7ifti jan\u00eb n\u00eb rregull me nj\u00ebri-tjetrin?<\/p>\n\n\n\n<p>Evi: Nuk e dim\u00eb \u00e7far\u00eb paktesh qarkullojn\u00eb te \u00e7iftet e tjera t\u00eb shoubizit, por dim\u00eb q\u00eb ne t\u00eb dy nuk do t\u00eb b\u00ebnim kurr\u00eb nj\u00eb pakt p\u00ebr t\u00eb funksionuar n\u00eb syt\u00eb e publikut. Pastaj, \u00e7far\u00eb pakti na duhej? Kur t\u00eb dy edhe pa nj\u00ebri-tjetrin i kishim karrierat respektive, nj\u00ebri me mod\u00ebn dhe marketingun e sip\u00ebrmarrjet dhe tjetri me muzik\u00ebn, radion dhe televizionin. Sot, forcat tona jan\u00eb bashkuar dhe fuqizuar sigurisht, por jeta \u00ebsht\u00eb shum\u00eb m\u00eb tep\u00ebr se nj\u00eb pakt p\u00ebr hir t\u00eb fam\u00ebs. Ne kemi zgjedhur bashk\u00ebudh\u00ebtimin, ku n\u00eb vend t\u00eb par\u00eb jemi ne t\u00eb dy, m\u00eb pas pun\u00ebt tona.<\/p>\n\n\n\n<p>Evi, cili ka qen\u00eb ai momenti q\u00eb ke th\u00ebn\u00eb \u201cPo, ky djal\u00eb m\u00eb p\u00eblqen, dua t\u00eb jem me k\u00ebt\u00eb djal\u00eb, apo edhe at\u00eb qershin\u00eb mbi tort\u00eb \u201ce dua k\u00ebt\u00eb djal\u00eb\u201d? A \u00ebsht\u00eb paksa m\u00eb e v\u00ebshtir\u00eb t\u2019ia pranosh vetes ca t\u00eb v\u00ebrteta apo tjetrit?<\/p>\n\n\n\n<p>T\u00eb them t\u00eb drejt\u00ebn, nuk ka pasur nj\u00eb moment t\u00eb till\u00eb, por gjith\u00e7ka ka ardhur dal\u00ebngadal\u00eb. Shikoja v\u00ebmendje q\u00eb kishte tek un\u00eb, p\u00ebrkujdesjen, respektin, mentalitetin e hapur q\u00eb m\u00eb p\u00ebrshatej, Por n\u00ebse do t\u00eb thoja di\u00e7ka, po, sa her\u00eb b\u00ebnim plane, un\u00eb isha prioriteti i tij dhe kjo m\u00eb b\u00ebri t\u00eb kuptoja q\u00eb kam t\u00eb b\u00ebj me nj\u00eb person q\u00eb p\u00ebrtej angazhimeve t\u00eb shumta q\u00eb kishte, dedikonte koh\u00ebn e tij tek un\u00eb, pa u sforcuar e pa ia k\u00ebrkuar. Madje nisa t\u00eb kisha t\u00eb nevojshme energjin\u00eb e tij \u00e7do dit\u00eb, gj\u00eb q\u00eb m\u00eb b\u00ebri t\u00eb reflektoja.<\/p>\n\n\n\n<p>Po p\u00ebr ty Kledi si ka qen\u00eb kjo pjes\u00eb, ka qen\u00eb nj\u00eb moment q\u00eb ke th\u00ebn\u00eb \u201cpo, k\u00ebt\u00eb vajz\u00ebn e dua\u201d, apo gj\u00ebrat kan\u00eb rrjedhur natyrsh\u00ebm dhe nuk mbetet vend p\u00ebr pyetje?<\/p>\n\n\n\n<p>Nuk ka qen\u00eb si n\u00eb filma, pra dashuri me shikim t\u00eb par\u00eb. Por ishte nj\u00eb ndjenj\u00eb q\u00eb rritej \u00e7do dit\u00eb. Sa her\u00eb e shikoja dhe n\u00eb momentet q\u00eb ajo nuk ishte aty, m\u00eb mungonte shum\u00eb, ishte nj\u00eb ndjenj\u00eb q\u00eb ushqehej dita-dit\u00ebs. Edhe n\u00ebse kishte momente q\u00eb doja t\u00eb q\u00ebndroja vet\u00ebm, kisha ndjesin\u00eb se m\u00eb mungonte di\u00e7ka dhe ishte pik\u00ebrisht energjia e Evit. P\u00ebr mua ka qen\u00eb nj\u00eb energji q\u00eb m\u00eb t\u00ebrhiqte n\u00eb drejtim t\u00eb saj, sidomos kur kuptova sa m\u00eb mungonte prezenca e saj. N\u00eb ato \u00e7aste kam kuptuar q\u00eb \u201cpo, e dua at\u00eb vajz\u00eb\u201d.<\/p>\n\n\n\n<p>Evi, vajz\u00eb e rritur n\u00eb Greqi, e shkolluar n\u00eb Itali, duke krijuar nj\u00eb karrier\u00eb n\u00eb Shqip\u00ebri, si je gjendur mes k\u00ebtij trinomi?<\/p>\n\n\n\n<p>U b\u00ebn\u00eb 5 vjet q\u00eb jam zhvendosur n\u00eb Tiran\u00eb p\u00ebr shkak t\u00eb pun\u00ebs dhe p\u00ebr momentin ndihem shum\u00eb mir\u00eb. Kam filluar ta kuptoj shum\u00eb mir\u00eb dinamik\u00ebn e fort\u00eb q\u00eb ka Shqip\u00ebria, shum\u00eb ndryshe nga ajo e Italis\u00eb dhe pak m\u00eb e af\u00ebrt me at\u00eb t\u00eb Greqis\u00eb. M\u00eb duhej t\u00eb balancoja 3 kultura brenda vetes, gj\u00eb q\u00eb nuk ishte shum\u00eb e leht\u00eb, por me koh\u00ebn kuptova si duhet t\u00eb sillesha n\u00eb situata t\u00eb ndryshme. Por sot jam e lumtur q\u00eb kam pasur fatin t\u00eb jetoja n\u00eb 3 shtete dhe t\u00eb formohesha n\u00eb m\u00ebnyr\u00eb t\u00eb atill\u00eb q\u00eb t\u00eb m\u00eb krijoj\u00eb fleksibilitet, si\u00e7 edhe e kam tanim\u00eb, dhe q\u00eb p\u00ebrshtatem n\u00eb \u00e7do lloj realiteti.<\/p>\n\n\n\n<p>Po dashuria ka gjuh\u00eb dhe vendlindje, apo ka zemra \u00ebsht\u00eb gjuha, vendi dhe gjith\u00e7ka q\u00eb e p\u00ebrplot\u00ebson dashurin\u00eb?<\/p>\n\n\n\n<p>T\u00eb dashurosh \u00ebsht\u00eb e rrall\u00eb dhe e shenjt\u00eb, por jo e v\u00ebshtir\u00eb. Dikush e gjen dashurin\u00eb n\u00eb mosh\u00eb t\u00eb re, dikush tjet\u00ebr m\u00eb von\u00eb. Ne besojm\u00eb se njer\u00ebzit vijn\u00eb dhe ikin nga jeta jon\u00eb p\u00ebr t\u00eb na dh\u00ebn\u00eb disa m\u00ebsime. Nd\u00ebrsa disa t\u00eb tjer\u00eb vin\u00eb p\u00ebr t\u00eb q\u00ebndruar, pasi tanim\u00eb ke kuptuar \u00e7far\u00eb k\u00ebrkon nga jeta dhe fillimisht ke b\u00ebr\u00eb or\u00ebt e pun\u00ebs me veten q\u00eb t\u00eb zgjedh\u00ebsh personin q\u00eb t\u00eb jep qet\u00ebsi, nuk t\u00eb shton shqet\u00ebsimet, t\u00eb p\u00ebrkrah, t\u00eb do dhe t\u00eb b\u00ebn krenar. Kur bashkohen energjit\u00eb, nuk ka r\u00ebnd\u00ebsi as gjuha, as vendi. Flasin frekuencat.<\/p>\n\n\n\n<p>Kledi, djal\u00eb i rritur n\u00eb Austri, i rikthyer n\u00eb Shqip\u00ebri p\u00ebr t\u00eb marr\u00eb pjes\u00eb n\u00eb nj\u00eb format si \u201cBig Brother\u201d,v\u00ebmendja, fama, ajo jeta para-pas dhe sigurisht nisja e historis\u00eb me Evin, si i ke p\u00ebrjetuar t\u00eb gjitha k\u00ebto dhe duhet ta themi q\u00eb n\u00eb nj\u00eb periudh\u00eb t\u00eb shkurt\u00ebr kohore?<\/p>\n\n\n\n<p>Para se t\u00eb b\u00ebhesha pjes\u00eb e \u201cBBV\u201d, nuk njihesha n\u00eb Shqip\u00ebri, por fama dhe p\u00eblqimi q\u00eb mora nga njer\u00ebzit m\u00eb dhan\u00eb energji pozitive dhe normale q\u00eb kudo q\u00eb shkoja, si brenda dhe jasht\u00eb Shqip\u00ebris\u00eb, m\u00eb njihnin. E kam shijuar pafund k\u00ebt\u00eb energji, pasi i till\u00eb jam dhe vet\u00eb. Njohja me Evin ishte perfekte, pasi ajo n\u00eb at\u00eb moment ishte personi perfekt q\u00eb t\u00eb m\u00eb udh\u00ebzonte me jetes\u00ebn n\u00eb Shqip\u00ebri. Edhe ajo si un\u00eb \u00ebsht\u00eb rritur jasht\u00eb, kishte vet\u00ebm 4 vjet q\u00eb jetonte n\u00eb Shqip\u00ebri. P\u00ebr mua ishte mb\u00ebshtetje e madhe, duke m\u00eb treguar si e kishte p\u00ebrjetuar ajo kthimin n\u00eb Shqip\u00ebri dhe natyrisht jetes\u00ebn k\u00ebtu.<\/p>\n\n\n\n<p>Evi, na rr\u00ebfe 5 cil\u00ebsi t\u00eb Kledit q\u00eb t\u00eb kan\u00eb b\u00ebr\u00eb t\u00eb dashurohesh me t\u00eb?<\/p>\n\n\n\n<p>Ka nj\u00eb pafund\u00ebsi, por un\u00eb po them 5.<\/p>\n\n\n\n<p>1. \u00cbsht\u00eb gjith\u00eb koh\u00ebs pozitiv. (Nuk t\u00eb l\u00eb t\u00eb biesh, sepse t\u00eb inkurajon gjith\u00eb koh\u00ebs p\u00ebr t\u00eb ecur para).<\/p>\n\n\n\n<p>2. Ka disiplin\u00eb p\u00ebr jet\u00ebn e sh\u00ebndetshme. (Ushtrohet \u00e7do dit\u00eb dhe ha sh\u00ebndetsh\u00ebm).<\/p>\n\n\n\n<p>3. Ka shum\u00eb humor dhe sarkaz\u00ebm.<\/p>\n\n\n\n<p>4. \u00cbsht\u00eb shum\u00eb i lidhur me familjen dhe b\u00ebn shum\u00eb p\u00ebr ta.<\/p>\n\n\n\n<p>5. \u00cbsht\u00eb i gjat\u00eb, i pash\u00ebm dhe me stil.<\/p>\n\n\n\n<p>Kledi, na rr\u00ebfe ti 5 cil\u00ebsi t\u00eb Evit q\u00eb t\u00eb b\u00ebn\u00eb t\u00eb dashuroheshe me t\u00eb?<\/p>\n\n\n\n<p>Oho, do m\u00eb duhej shum\u00eb koh\u00eb t\u2019i num\u00ebroja t\u00eb gjitha, por ok, po them 5.<\/p>\n\n\n\n<p>1.\u00c7ilt\u00ebrsia dhe pozitiviteti i saj.<\/p>\n\n\n\n<p>2. Dituria e saj, pasi ka nj\u00eb kultur\u00eb internacionale.<\/p>\n\n\n\n<p>3. Bukuria natyrale q\u00eb ka (no silicon). Buz\u00ebqeshja e zbukuron edhe m\u00eb shum\u00eb.<\/p>\n\n\n\n<p>4. Fleksibiliteti i saj n\u00eb situata t\u00eb ndryshme, pasi nuk m\u00ebrzitet dhe \u00ebsht\u00eb e gatshme p\u00ebr gj\u00ebra t\u00eb reja.<\/p>\n\n\n\n<p>5. Timbri dhe ngjyra e z\u00ebrit t\u00eb saj(si n\u00eb k\u00ebng\u00eb dhe radio, sjell ngroht\u00ebsi dhe emocion).<\/p>\n\n\n\n<p>Sigurisht q\u00eb nuk ka receta t\u00eb gatshme, por sipas jush, cila \u00ebsht\u00eb receta e nj\u00eb marr\u00ebdh\u00ebnieje t\u00eb sh\u00ebndetshme?<\/p>\n\n\n\n<p>Evi: Ndoshta nuk jemi ende n\u00eb stadin e dh\u00ebnies s\u00eb k\u00ebshillave, por deri tani kemi kuptuar se sa e r\u00ebnd\u00ebsishme \u00ebsht\u00eb ta d\u00ebgjojm\u00eb nj\u00ebri-tjetrin, t\u00eb komunikojm\u00eb \u00e7do gj\u00eb me nj\u00ebri-tjetrin. Di\u00e7ka q\u00eb nis me vrull, apo zjarr, ashtu edhe fiket.<\/p>\n\n\n\n<p>Kledi: Mendoj se kur di\u00e7ka nd\u00ebrtohet hap pas hapi, ke dhe koh\u00ebn e duhur t\u00eb kuptosh m\u00eb shum\u00eb. E t\u00eb vler\u00ebsosh n\u00ebse ke q\u00ebllime t\u00eb p\u00ebrbashk\u00ebta me partneren e jet\u00ebs.<\/p>\n\n\n\n<p>Meq\u00eb jemi k\u00ebtu, ku po jeton \u00e7ifti, jemi ende me dy tigan\u00eb, dy dollape, dy dhoma ndenje, apo nj\u00eb tigan, nj\u00eb dollap, nj\u00eb divan ku shihni bashk\u00eb filmin e preferuar?<\/p>\n\n\n\n<p>Evi: Dy njer\u00ebz si ne sigurisht q\u00eb nuk do t\u00eb jetoni n\u00eb nj\u00eb vend. Jeta jon\u00eb \u00ebsht\u00eb e ndar\u00eb mes Tiran\u00ebs dhe Austris\u00eb. Gjithashtu edhe n\u00eb vende t\u00eb ndryshme ku takohemi. Kemi t\u00eb dy pun\u00ebt tona q\u00eb duhet t\u00eb jemi p\u00ebrdit\u00eb prezent\u00eb fizikisht, por Kledi \u00ebsht\u00eb m\u00eb fleksib\u00ebl, pasi arrin t\u00eb punoj\u00eb edhe n\u00eb distanc\u00eb, plus q\u00eb sip\u00ebrmarrjet e lejojn\u00eb t\u00eb l\u00ebviz\u00eb m\u00eb shum\u00eb se un\u00eb.<\/p>\n\n\n\n<p>Evi a ka nj\u00eb para se ta b\u00ebsh lidhjen publike dhe pasi ta b\u00ebsh lidhjen publike, apo gjith\u00e7ka mbetet nj\u00ebsoj n\u00eb t\u00eb dyja etapat?<\/p>\n\n\n\n<p>Mes nesh nuk ka ndryshuar pothuajse asgj\u00eb, p\u00ebrve\u00e7se dalim m\u00eb lirsh\u00ebm, plus kemi gjithmon\u00eb p\u00ebrkrahjen e familjeve, n\u00eb \u00e7do faz\u00eb t\u00eb lidhjes. Edhe ata jan\u00eb pyetur nga shum\u00eb persona dhe e kan\u00eb mbajtur sekretin goxha mir\u00eb. Sot jemi m\u00eb t\u00eb lidhur me nj\u00ebri-tjetrin.<\/p>\n\n\n\n<p>Kledi, cili ka qen\u00eb personi i par\u00eb t\u00eb cilit ia ke rr\u00ebfyer p\u00eblqimin, dashurin\u00eb p\u00ebr Evin?<\/p>\n\n\n\n<p>N\u00eb fakt kan\u00eb qen\u00eb dy persona t\u00eb par\u00eb, daja im me t\u00eb birin. Kam folur dhe i kam treguar p\u00ebr marr\u00ebdh\u00ebnien time me Evin, ata m\u00eb kan\u00eb mb\u00ebshtetur menj\u00ebher\u00eb dhe kan\u00eb shfaqur p\u00eblqim ndaj figur\u00ebs s\u00eb Evit. M\u00eb pas i tregova babait tim, i cili po ashtu dha nj\u00eb mendim shum\u00eb pozitiv dhe vendimtar.<\/p>\n\n\n\n<p>Po ti Evi, kujt i ke th\u00ebn\u00eb t\u00eb parit apo t\u00eb par\u00ebs?<\/p>\n\n\n\n<p>Sigurisht asaj s\u00eb cil\u00ebs i kam borxh k\u00ebpuc\u00ebt e kuqe, mikes sime t\u00eb ngusht\u00eb, Arjola Shehut. Edhe ajo e ka p\u00ebrjetuar hap pas hapi lidhjen ton[ dhe e ka mbajtur sekret, sa her\u00eb q\u00eb dikush e pyeste. E kam si mot\u00ebr dhe e fall\u00ebnderoj p\u00ebr \u00e7do moment q\u00eb kemi kaluar dhe kalojm\u00eb bashk\u00eb. Menj\u00ebher\u00eb i kam treguar edhe mamit, e cila \u00ebsht\u00eb k\u00ebshilltarja ime m\u00eb e vyer.<\/p>\n\n\n\n<p>E b\u00ebm\u00eb mjalt\u00eb, por edhe pa z\u00ebnka sikur nuk shkon, kush e nis \u201cluft\u00ebn\u201d i pari dhe kush e ngre flamurin e bardh\u00eb i pari? Ka pasur ndonj\u00eb z\u00ebnk\u00eb q\u00eb ka zgjatur m\u00eb shum\u00eb sesa e kishit menduar?<\/p>\n\n\n\n<p>Evi: T\u00eb dy jemi natyra paq\u00ebsore dhe mundohemi t\u2019i shmangemi konflikteve. Tema me t\u00eb cil\u00ebn zihemi shum\u00eb shpesh \u00ebsht\u00eb pak tipike, zihemi kur un\u00eb i jap makin\u00ebs. Edhe pse prej koh\u00ebsh shofere, kur Kledi \u00ebsht\u00eb pasagjer, nuk rri dot pa dh\u00ebn\u00eb udh\u00ebzime \u201cdil k\u00ebtej, futu k\u00ebtej, ndalo, nd\u00ebrro korsin\u00eb, parakalo k\u00ebtu, parakalo aty\u201d, gj\u00eb q\u00eb mua m\u00eb bezdis shum\u00eb.<\/p>\n\n\n\n<p>Kledi: Un\u00eb e kam shum\u00eb bezdi kur Evi nuk vjen n\u00eb palest\u00ebr.<\/p>\n\n\n\n<p>Evi: Sa kemi mbajtur inat? Maksimumi 24 or\u00eb.<\/p>\n\n\n\n<p>Po planet tuaja t\u00eb p\u00ebrbashk\u00ebta, ku do i kaloni pushimet, apo \u00ebsht\u00eb her\u00ebt, mjaftoheni me k\u00ebto \u201cbreak\u201d n\u00eb fundjava tani?<\/p>\n\n\n\n<p>P\u00ebrve\u00e7 pun\u00ebve respektive t\u00eb t\u00eb dyve, kemi dhe planin p\u00ebr zgjerimin dhe fuqizimin e firm\u00ebs \u201cVULPES Bio socks\u201d. \u00cbsht\u00eb di\u00e7ka e re, vjen p\u00ebr her\u00eb t\u00eb par\u00eb n\u00eb treg dhe pritet t\u00eb shtohen produktet dhe dizajnet e reja. Sa i p\u00ebrket pushimeve \u00ebsht\u00eb shum\u00eb her\u00ebt, por fundjavat jan\u00eb ato q\u00eb shijojm\u00eb p\u00ebr momentin dhe natyrisht na p\u00eblqen t\u00eb kalojm\u00eb sa shum\u00eb koh\u00eb n\u00eb natyr\u00eb.<\/p>\n\n\n\n<p>T\u00eb ka frym\u00ebzuar Kledi p\u00ebr ndonj\u00eb k\u00ebng\u00eb t\u00eb re Evi, do na surprizosh?<\/p>\n\n\n\n<p>Surprizat do t\u00eb jen\u00eb t\u00eb k\u00ebndshme. Nd\u00ebrsa p\u00ebrsa i p\u00ebrket frym\u00ebzimit q\u00eb m\u00eb jep Kledi, lidhet me jet\u00ebn dhe inkurajimin e palodhur p\u00ebr t\u00eb realizuar \u00ebndrrat mbi karrier\u00ebn time Madje ai \u00ebsht\u00eb pjes\u00eb e procesit t\u00eb krijimit t\u00eb shum\u00eb projekteve t\u00eb mia muzikore, \u00ebsht\u00eb krahu im i djatht\u00eb n\u00eb realizimin e tyre.<\/p>\n","protected":false},"excerpt":{"rendered":"<p>N\u00eb media p\u00ebrflitej prej shum\u00eb koh\u00ebsh, por vet\u00ebm tani Evi dhe Kledi e kan\u00eb pranuar hapur q\u00eb jan\u00eb n\u00eb nj\u00eb lidhje dashurie. N\u00eb nj\u00eb intervist\u00eb p\u00ebr \u201cRevist\u00ebn Who\u201d dyshja kan\u00eb folur p\u00ebr momentin e par\u00eb t\u00eb njohjes dhe zhvillimin e marr\u00ebdh\u00ebnies s\u00eb tyre larg syrit kureshtar\u00eb t\u00eb publikut. M\u00eb posht\u00eb gjeni intervist\u00ebn e plot\u00eb t\u00eb [&hellip;]<\/p>\n","protected":false},"author":2,"featured_media":28558,"comment_status":"open","ping_status":"open","sticky":false,"template":"","format":"standard","meta":{"footnotes":""},"categories":[33],"tags":[],"class_list":{"0":"post-28556","1":"post","2":"type-post","3":"status-publish","4":"format-standard","5":"has-post-thumbnail","7":"category-showbiz"},"yoast_head":"<!-- This site is optimized with the Yoast SEO plugin v27.5 - https:\/\/yoast.com\/product\/yoast-seo-wordpress\/ -->\n<title>Evi dhe Kledi Hysa rr\u00ebfejn\u00eb historin\u00eb e tyre t\u00eb dashuris\u00eb - blogin.al<\/title>\n<meta name=\"robots\" content=\"index, follow, max-snippet:-1, max-image-preview:large, max-video-preview:-1\" \/>\n<link rel=\"canonical\" href=\"https:\/\/blogin.al\/?p=28556\" \/>\n<meta property=\"og:locale\" content=\"en_US\" \/>\n<meta property=\"og:type\" content=\"article\" \/>\n<meta property=\"og:title\" content=\"Evi dhe Kledi Hysa rr\u00ebfejn\u00eb historin\u00eb e tyre t\u00eb dashuris\u00eb - blogin.al\" \/>\n<meta property=\"og:description\" content=\"N\u00eb media p\u00ebrflitej prej shum\u00eb koh\u00ebsh, por vet\u00ebm tani Evi dhe Kledi e kan\u00eb pranuar hapur q\u00eb jan\u00eb n\u00eb nj\u00eb lidhje dashurie. N\u00eb nj\u00eb intervist\u00eb p\u00ebr \u201cRevist\u00ebn Who\u201d dyshja kan\u00eb folur p\u00ebr momentin e par\u00eb t\u00eb njohjes dhe zhvillimin e marr\u00ebdh\u00ebnies s\u00eb tyre larg syrit kureshtar\u00eb t\u00eb publikut. M\u00eb posht\u00eb gjeni intervist\u00ebn e plot\u00eb t\u00eb [&hellip;]\" \/>\n<meta property=\"og:url\" content=\"https:\/\/blogin.al\/?p=28556\" \/>\n<meta property=\"og:site_name\" content=\"blogin.al\" \/>\n<meta property=\"article:published_time\" content=\"2023-04-02T13:59:55+00:00\" \/>\n<meta property=\"article:modified_time\" content=\"2023-04-02T14:00:35+00:00\" \/>\n<meta property=\"og:image\" content=\"https:\/\/blogin.al\/wp-content\/uploads\/2023\/04\/20230402_160202.jpg\" \/>\n\t<meta property=\"og:image:width\" content=\"1435\" \/>\n\t<meta property=\"og:image:height\" content=\"1882\" \/>\n\t<meta property=\"og:image:type\" content=\"image\/jpeg\" \/>\n<meta name=\"author\" content=\"Blogin al\" \/>\n<meta name=\"twitter:card\" content=\"summary_large_image\" \/>\n<meta name=\"twitter:label1\" content=\"Written by\" \/>\n\t<meta name=\"twitter:data1\" content=\"Blogin al\" \/>\n\t<meta name=\"twitter:label2\" content=\"Est. reading time\" \/>\n\t<meta name=\"twitter:data2\" content=\"11 minutes\" \/>\n<script type=\"application\/ld+json\" class=\"yoast-schema-graph\">{\"@context\":\"https:\\\/\\\/schema.org\",\"@graph\":[{\"@type\":\"Article\",\"@id\":\"https:\\\/\\\/blogin.al\\\/?p=28556#article\",\"isPartOf\":{\"@id\":\"https:\\\/\\\/blogin.al\\\/?p=28556\"},\"author\":{\"name\":\"Blogin al\",\"@id\":\"https:\\\/\\\/blogin.al\\\/#\\\/schema\\\/person\\\/abdd56bc912cd511db877b852b115399\"},\"headline\":\"Evi dhe Kledi Hysa rr\u00ebfejn\u00eb historin\u00eb e tyre t\u00eb dashuris\u00eb\",\"datePublished\":\"2023-04-02T13:59:55+00:00\",\"dateModified\":\"2023-04-02T14:00:35+00:00\",\"mainEntityOfPage\":{\"@id\":\"https:\\\/\\\/blogin.al\\\/?p=28556\"},\"wordCount\":2765,\"commentCount\":0,\"publisher\":{\"@id\":\"https:\\\/\\\/blogin.al\\\/#organization\"},\"image\":{\"@id\":\"https:\\\/\\\/blogin.al\\\/?p=28556#primaryimage\"},\"thumbnailUrl\":\"https:\\\/\\\/blogin.al\\\/wp-content\\\/uploads\\\/2023\\\/04\\\/20230402_160202.jpg\",\"articleSection\":[\"SHOWBIZ\"],\"inLanguage\":\"en-US\",\"potentialAction\":[{\"@type\":\"CommentAction\",\"name\":\"Comment\",\"target\":[\"https:\\\/\\\/blogin.al\\\/?p=28556#respond\"]}]},{\"@type\":\"WebPage\",\"@id\":\"https:\\\/\\\/blogin.al\\\/?p=28556\",\"url\":\"https:\\\/\\\/blogin.al\\\/?p=28556\",\"name\":\"Evi dhe Kledi Hysa rr\u00ebfejn\u00eb historin\u00eb e tyre t\u00eb dashuris\u00eb - blogin.al\",\"isPartOf\":{\"@id\":\"https:\\\/\\\/blogin.al\\\/#website\"},\"primaryImageOfPage\":{\"@id\":\"https:\\\/\\\/blogin.al\\\/?p=28556#primaryimage\"},\"image\":{\"@id\":\"https:\\\/\\\/blogin.al\\\/?p=28556#primaryimage\"},\"thumbnailUrl\":\"https:\\\/\\\/blogin.al\\\/wp-content\\\/uploads\\\/2023\\\/04\\\/20230402_160202.jpg\",\"datePublished\":\"2023-04-02T13:59:55+00:00\",\"dateModified\":\"2023-04-02T14:00:35+00:00\",\"breadcrumb\":{\"@id\":\"https:\\\/\\\/blogin.al\\\/?p=28556#breadcrumb\"},\"inLanguage\":\"en-US\",\"potentialAction\":[{\"@type\":\"ReadAction\",\"target\":[\"https:\\\/\\\/blogin.al\\\/?p=28556\"]}]},{\"@type\":\"ImageObject\",\"inLanguage\":\"en-US\",\"@id\":\"https:\\\/\\\/blogin.al\\\/?p=28556#primaryimage\",\"url\":\"https:\\\/\\\/blogin.al\\\/wp-content\\\/uploads\\\/2023\\\/04\\\/20230402_160202.jpg\",\"contentUrl\":\"https:\\\/\\\/blogin.al\\\/wp-content\\\/uploads\\\/2023\\\/04\\\/20230402_160202.jpg\",\"width\":1435,\"height\":1882},{\"@type\":\"BreadcrumbList\",\"@id\":\"https:\\\/\\\/blogin.al\\\/?p=28556#breadcrumb\",\"itemListElement\":[{\"@type\":\"ListItem\",\"position\":1,\"name\":\"Home\",\"item\":\"https:\\\/\\\/blogin.al\\\/\"},{\"@type\":\"ListItem\",\"position\":2,\"name\":\"Evi dhe Kledi Hysa rr\u00ebfejn\u00eb historin\u00eb e tyre t\u00eb dashuris\u00eb\"}]},{\"@type\":\"WebSite\",\"@id\":\"https:\\\/\\\/blogin.al\\\/#website\",\"url\":\"https:\\\/\\\/blogin.al\\\/\",\"name\":\"blogin.al\",\"description\":\"\",\"publisher\":{\"@id\":\"https:\\\/\\\/blogin.al\\\/#organization\"},\"potentialAction\":[{\"@type\":\"SearchAction\",\"target\":{\"@type\":\"EntryPoint\",\"urlTemplate\":\"https:\\\/\\\/blogin.al\\\/?s={search_term_string}\"},\"query-input\":{\"@type\":\"PropertyValueSpecification\",\"valueRequired\":true,\"valueName\":\"search_term_string\"}}],\"inLanguage\":\"en-US\"},{\"@type\":\"Organization\",\"@id\":\"https:\\\/\\\/blogin.al\\\/#organization\",\"name\":\"BLOGIN.al\",\"url\":\"https:\\\/\\\/blogin.al\\\/\",\"logo\":{\"@type\":\"ImageObject\",\"inLanguage\":\"en-US\",\"@id\":\"https:\\\/\\\/blogin.al\\\/#\\\/schema\\\/logo\\\/image\\\/\",\"url\":\"https:\\\/\\\/blogin.al\\\/wp-content\\\/uploads\\\/2022\\\/05\\\/Untitled-2-01-e1652084456514.png\",\"contentUrl\":\"https:\\\/\\\/blogin.al\\\/wp-content\\\/uploads\\\/2022\\\/05\\\/Untitled-2-01-e1652084456514.png\",\"width\":3723,\"height\":1698,\"caption\":\"BLOGIN.al\"},\"image\":{\"@id\":\"https:\\\/\\\/blogin.al\\\/#\\\/schema\\\/logo\\\/image\\\/\"},\"sameAs\":[\"https:\\\/\\\/instagram.com\\\/blogin.al\\\/\"]},{\"@type\":\"Person\",\"@id\":\"https:\\\/\\\/blogin.al\\\/#\\\/schema\\\/person\\\/abdd56bc912cd511db877b852b115399\",\"name\":\"Blogin al\",\"image\":{\"@type\":\"ImageObject\",\"inLanguage\":\"en-US\",\"@id\":\"https:\\\/\\\/secure.gravatar.com\\\/avatar\\\/60d5661aee6e835fb13dc75d2204cd0c1d61bef2efd137c0083e59ef831e235e?s=96&d=mm&r=g\",\"url\":\"https:\\\/\\\/secure.gravatar.com\\\/avatar\\\/60d5661aee6e835fb13dc75d2204cd0c1d61bef2efd137c0083e59ef831e235e?s=96&d=mm&r=g\",\"contentUrl\":\"https:\\\/\\\/secure.gravatar.com\\\/avatar\\\/60d5661aee6e835fb13dc75d2204cd0c1d61bef2efd137c0083e59ef831e235e?s=96&d=mm&r=g\",\"caption\":\"Blogin al\"},\"sameAs\":[\"https:\\\/\\\/blogin.al\"],\"url\":\"https:\\\/\\\/blogin.al\\\/?author=2\"}]}<\/script>\n<!-- \/ Yoast SEO plugin. -->","yoast_head_json":{"title":"Evi dhe Kledi Hysa rr\u00ebfejn\u00eb historin\u00eb e tyre t\u00eb dashuris\u00eb - blogin.al","robots":{"index":"index","follow":"follow","max-snippet":"max-snippet:-1","max-image-preview":"max-image-preview:large","max-video-preview":"max-video-preview:-1"},"canonical":"https:\/\/blogin.al\/?p=28556","og_locale":"en_US","og_type":"article","og_title":"Evi dhe Kledi Hysa rr\u00ebfejn\u00eb historin\u00eb e tyre t\u00eb dashuris\u00eb - blogin.al","og_description":"N\u00eb media p\u00ebrflitej prej shum\u00eb koh\u00ebsh, por vet\u00ebm tani Evi dhe Kledi e kan\u00eb pranuar hapur q\u00eb jan\u00eb n\u00eb nj\u00eb lidhje dashurie. N\u00eb nj\u00eb intervist\u00eb p\u00ebr \u201cRevist\u00ebn Who\u201d dyshja kan\u00eb folur p\u00ebr momentin e par\u00eb t\u00eb njohjes dhe zhvillimin e marr\u00ebdh\u00ebnies s\u00eb tyre larg syrit kureshtar\u00eb t\u00eb publikut. M\u00eb posht\u00eb gjeni intervist\u00ebn e plot\u00eb t\u00eb [&hellip;]","og_url":"https:\/\/blogin.al\/?p=28556","og_site_name":"blogin.al","article_published_time":"2023-04-02T13:59:55+00:00","article_modified_time":"2023-04-02T14:00:35+00:00","og_image":[{"width":1435,"height":1882,"url":"https:\/\/blogin.al\/wp-content\/uploads\/2023\/04\/20230402_160202.jpg","type":"image\/jpeg"}],"author":"Blogin al","twitter_card":"summary_large_image","twitter_misc":{"Written by":"Blogin al","Est. reading time":"11 minutes"},"schema":{"@context":"https:\/\/schema.org","@graph":[{"@type":"Article","@id":"https:\/\/blogin.al\/?p=28556#article","isPartOf":{"@id":"https:\/\/blogin.al\/?p=28556"},"author":{"name":"Blogin al","@id":"https:\/\/blogin.al\/#\/schema\/person\/abdd56bc912cd511db877b852b115399"},"headline":"Evi dhe Kledi Hysa rr\u00ebfejn\u00eb historin\u00eb e tyre t\u00eb dashuris\u00eb","datePublished":"2023-04-02T13:59:55+00:00","dateModified":"2023-04-02T14:00:35+00:00","mainEntityOfPage":{"@id":"https:\/\/blogin.al\/?p=28556"},"wordCount":2765,"commentCount":0,"publisher":{"@id":"https:\/\/blogin.al\/#organization"},"image":{"@id":"https:\/\/blogin.al\/?p=28556#primaryimage"},"thumbnailUrl":"https:\/\/blogin.al\/wp-content\/uploads\/2023\/04\/20230402_160202.jpg","articleSection":["SHOWBIZ"],"inLanguage":"en-US","potentialAction":[{"@type":"CommentAction","name":"Comment","target":["https:\/\/blogin.al\/?p=28556#respond"]}]},{"@type":"WebPage","@id":"https:\/\/blogin.al\/?p=28556","url":"https:\/\/blogin.al\/?p=28556","name":"Evi dhe Kledi Hysa rr\u00ebfejn\u00eb historin\u00eb e tyre t\u00eb dashuris\u00eb - blogin.al","isPartOf":{"@id":"https:\/\/blogin.al\/#website"},"primaryImageOfPage":{"@id":"https:\/\/blogin.al\/?p=28556#primaryimage"},"image":{"@id":"https:\/\/blogin.al\/?p=28556#primaryimage"},"thumbnailUrl":"https:\/\/blogin.al\/wp-content\/uploads\/2023\/04\/20230402_160202.jpg","datePublished":"2023-04-02T13:59:55+00:00","dateModified":"2023-04-02T14:00:35+00:00","breadcrumb":{"@id":"https:\/\/blogin.al\/?p=28556#breadcrumb"},"inLanguage":"en-US","potentialAction":[{"@type":"ReadAction","target":["https:\/\/blogin.al\/?p=28556"]}]},{"@type":"ImageObject","inLanguage":"en-US","@id":"https:\/\/blogin.al\/?p=28556#primaryimage","url":"https:\/\/blogin.al\/wp-content\/uploads\/2023\/04\/20230402_160202.jpg","contentUrl":"https:\/\/blogin.al\/wp-content\/uploads\/2023\/04\/20230402_160202.jpg","width":1435,"height":1882},{"@type":"BreadcrumbList","@id":"https:\/\/blogin.al\/?p=28556#breadcrumb","itemListElement":[{"@type":"ListItem","position":1,"name":"Home","item":"https:\/\/blogin.al\/"},{"@type":"ListItem","position":2,"name":"Evi dhe Kledi Hysa rr\u00ebfejn\u00eb historin\u00eb e tyre t\u00eb dashuris\u00eb"}]},{"@type":"WebSite","@id":"https:\/\/blogin.al\/#website","url":"https:\/\/blogin.al\/","name":"blogin.al","description":"","publisher":{"@id":"https:\/\/blogin.al\/#organization"},"potentialAction":[{"@type":"SearchAction","target":{"@type":"EntryPoint","urlTemplate":"https:\/\/blogin.al\/?s={search_term_string}"},"query-input":{"@type":"PropertyValueSpecification","valueRequired":true,"valueName":"search_term_string"}}],"inLanguage":"en-US"},{"@type":"Organization","@id":"https:\/\/blogin.al\/#organization","name":"BLOGIN.al","url":"https:\/\/blogin.al\/","logo":{"@type":"ImageObject","inLanguage":"en-US","@id":"https:\/\/blogin.al\/#\/schema\/logo\/image\/","url":"https:\/\/blogin.al\/wp-content\/uploads\/2022\/05\/Untitled-2-01-e1652084456514.png","contentUrl":"https:\/\/blogin.al\/wp-content\/uploads\/2022\/05\/Untitled-2-01-e1652084456514.png","width":3723,"height":1698,"caption":"BLOGIN.al"},"image":{"@id":"https:\/\/blogin.al\/#\/schema\/logo\/image\/"},"sameAs":["https:\/\/instagram.com\/blogin.al\/"]},{"@type":"Person","@id":"https:\/\/blogin.al\/#\/schema\/person\/abdd56bc912cd511db877b852b115399","name":"Blogin al","image":{"@type":"ImageObject","inLanguage":"en-US","@id":"https:\/\/secure.gravatar.com\/avatar\/60d5661aee6e835fb13dc75d2204cd0c1d61bef2efd137c0083e59ef831e235e?s=96&d=mm&r=g","url":"https:\/\/secure.gravatar.com\/avatar\/60d5661aee6e835fb13dc75d2204cd0c1d61bef2efd137c0083e59ef831e235e?s=96&d=mm&r=g","contentUrl":"https:\/\/secure.gravatar.com\/avatar\/60d5661aee6e835fb13dc75d2204cd0c1d61bef2efd137c0083e59ef831e235e?s=96&d=mm&r=g","caption":"Blogin al"},"sameAs":["https:\/\/blogin.al"],"url":"https:\/\/blogin.al\/?author=2"}]}},"_links":{"self":[{"href":"https:\/\/blogin.al\/index.php?rest_route=\/wp\/v2\/posts\/28556","targetHints":{"allow":["GET"]}}],"collection":[{"href":"https:\/\/blogin.al\/index.php?rest_route=\/wp\/v2\/posts"}],"about":[{"href":"https:\/\/blogin.al\/index.php?rest_route=\/wp\/v2\/types\/post"}],"author":[{"embeddable":true,"href":"https:\/\/blogin.al\/index.php?rest_route=\/wp\/v2\/users\/2"}],"replies":[{"embeddable":true,"href":"https:\/\/blogin.al\/index.php?rest_route=%2Fwp%2Fv2%2Fcomments&post=28556"}],"version-history":[{"count":2,"href":"https:\/\/blogin.al\/index.php?rest_route=\/wp\/v2\/posts\/28556\/revisions"}],"predecessor-version":[{"id":28559,"href":"https:\/\/blogin.al\/index.php?rest_route=\/wp\/v2\/posts\/28556\/revisions\/28559"}],"wp:featuredmedia":[{"embeddable":true,"href":"https:\/\/blogin.al\/index.php?rest_route=\/wp\/v2\/media\/28558"}],"wp:attachment":[{"href":"https:\/\/blogin.al\/index.php?rest_route=%2Fwp%2Fv2%2Fmedia&parent=28556"}],"wp:term":[{"taxonomy":"category","embeddable":true,"href":"https:\/\/blogin.al\/index.php?rest_route=%2Fwp%2Fv2%2Fcategories&post=28556"},{"taxonomy":"post_tag","embeddable":true,"href":"https:\/\/blogin.al\/index.php?rest_route=%2Fwp%2Fv2%2Ftags&post=28556"}],"curies":[{"name":"wp","href":"https:\/\/api.w.org\/{rel}","templated":true}]}}