{"id":28976,"date":"2023-04-08T07:36:41","date_gmt":"2023-04-08T07:36:41","guid":{"rendered":"https:\/\/blogin.al\/?p=28976"},"modified":"2023-04-08T07:39:59","modified_gmt":"2023-04-08T07:39:59","slug":"marredhenia-jone-po-vdiste-ngadale-afrona-dika-rrefen-arsyet-e-divorcit-me-bleron-dhe-ben-publike-lidhjen-e-re-te-dashurise","status":"publish","type":"post","link":"https:\/\/blogin.al\/?p=28976","title":{"rendered":"\u201cMarr\u00ebdh\u00ebnia jon\u00eb po vdiste ngadal\u00eb!&#8221;\/ Afrona Dika rr\u00ebfen arsyet e divorcit me Bleron dhe b\u00ebn publike lidhjen e re t\u00eb dashurise"},"content":{"rendered":"\n<p>Afrona Dika ka thyer heshtjen pas divorcit me k\u00ebng\u00ebtarin Blero.<br \/><a href=\"http:\/\/www.panorama.com.al\/panoramaplus\/pas-ndarjes-nga-afrona-dika-blero-ne-nje-romance-te-re-kengetari-shfaqet-krah-biondes-misterioze-foto\/afrona-dika-blero1-4\/\"><\/a>Ajo \u00ebsht\u00eb shprehur se ky vendim nuk ishte i leht\u00eb p\u00ebr t\u00eb, por \u201ckoha i sh\u00ebron plag\u00ebt\u201d. Nd\u00ebrsa shtoi se \u201cmarr\u00ebdh\u00ebnia e tyre po vdiste ngadal\u00eb\u201d.<br \/><em><br \/>\u201cViti i kaluar ka qen\u00eb nj\u00eb super sfid\u00eb p\u00ebr mua. Si nga ana profesionale ashtu edhe nga ana personale. I kam pasur t\u00eb gjitha si g\u00ebzimi deri te m\u00ebrzitja, deri t\u00eb humbjet. Ka qen\u00eb nj\u00eb vit plot sfida<\/em>.<\/p>\n\n\n\n<p>E&nbsp;<em>p\u00ebrjetova si \u00e7do ndarje q\u00eb nuk \u00ebsht\u00eb e leht\u00eb, deri te ndarja jon\u00eb. Ka qen\u00eb nj\u00eb periudh\u00eb q\u00eb m\u00eb duhej koh\u00eb p\u00ebr t\u00eb menduar dhe p\u00ebr ta ditur se \u00e7far\u00eb dua un\u00eb n\u00eb jet\u00ebn time. Kisha nevoj\u00eb p\u00ebr heshtje, p\u00ebr reflektim dhe t\u00eb merrem shum\u00eb me pun\u00ebn. Puna m\u00eb ka ndihmuar shum\u00eb n\u00eb at\u00eb koh\u00eb sidomos familja dhe shoq\u00ebria ime e ngusht\u00eb q\u00eb kan\u00eb qen\u00eb t\u00eb gjith\u00eb pran\u00eb meje<\/em>.<\/p>\n\n\n\n<p><em>Kam dashur t\u00eb mos ndikohem me fjal\u00eb, me shkrime me njer\u00ebz, doja t\u00eb t\u00ebrhiqem pak sidomos nga mediat e gjith\u00e7ka rreth meje dhe tij. Nuk ka qen\u00eb nj\u00eb periudh\u00eb e leht\u00eb p\u00ebr mua, njeriu nuk lidhet me dik\u00eb p\u00ebr t\u2019u ndar\u00eb n\u00eb fund dhe nuk ka qen\u00eb ky q\u00ebllimi. Jeta ndonj\u00ebher\u00eb t\u00eb surpriz\u00ebn. T\u00eb vijn\u00eb momente q\u00eb ndonj\u00ebher\u00eb nuk i ke pritur. Vendosa t\u00eb t\u00ebrhiqem dhe t\u00eb merrem me vetveten, me emocionet e mia, \u00e7ka d\u00ebshiroj n\u00eb jet\u00eb. Kam qen\u00eb n\u00eb nj\u00eb proces sh\u00ebrimi, akoma jam. Koha i sh\u00ebron plag\u00ebt.<\/em><\/p>\n\n\n\n<p><em>Marr\u00ebdh\u00ebnia jon\u00eb po vdiste ngadal\u00eb dhe ne n\u00eb fakt nuk e kuptonim sepse ndonj\u00ebher\u00eb \u00ebsht\u00eb e v\u00ebshtir\u00eb t\u00eb vendos\u00ebsh di\u00e7ka, a \u00ebsht\u00eb e drejt\u00eb apo e padrejt\u00eb. Shpesh e mashtrojm\u00eb dhe vet\u00ebn, do t\u00eb b\u00ebhet mir\u00eb dhe thjesht me koh\u00eb edhe konfliktet mosmarr\u00ebveshjet po shtoheshin dhe n\u00eb fund duhej t\u00eb vendosnim di\u00e7ka dhe ne menduam t\u00eb shkonim n\u00eb rrug\u00eb t\u00eb ndara<\/em>.<\/p>\n\n\n\n<p><em>Faji gjithmon\u00eb mendoj se \u00ebsht\u00eb i dyansh\u00ebm, nuk mund t\u00eb them q\u00eb ka qen\u00eb faji im apo i tij. Thjesht nuk funksionoi m\u00eb dhe vendos\u00ebm t\u00eb mos i b\u00ebjm\u00eb nj\u00ebri-tjetrit. Ka qen\u00eb nj\u00eb vendim shum\u00eb plot\u00eb i menduar, jo vet\u00ebm t\u00eb ndahemi<\/em>\u201d, tha ajo.<\/p>\n\n\n\n<p>Afrona u shpreh se mes tyre nuk ka asnj\u00eb komunikim dhe distanca \u00ebsht\u00eb nj\u00eb nga arsyet e ndarjes.<\/p>\n\n\n\n<p>Sa i p\u00ebrket partnerit t\u00eb ri u tregua e rezervuar, duke th\u00ebn\u00eb vet\u00ebm se ai e b\u00ebn t\u00eb lumtur.<\/p>\n\n\n\n<p><em>\u201cDistanca po, sepse e b\u00ebn t\u00eb veten. Por kan\u00eb qen\u00eb edhe arsye t\u00eb tjera. Puna m\u00eb ka ndihmuar shum\u00eb. Jam marr\u00eb edhe me veten, b\u00ebj sport dhe dal me shoq\u00ebrin\u00eb. Postimet e personit X nuk i marr personale. Jo s\u2019ka hi\u00e7, asnj\u00eb kontakt.<\/em><\/p>\n\n\n\n<p><em>Nuk \u00ebsht\u00eb personazh publik, m\u00eb b\u00ebn t\u00eb lumtur dhe dua ta mbaj larg mediave. Po e shijoj dhe po heshti prap. M\u00eb b\u00ebn t\u00eb ndihem e lumtur dhe m\u00eb p\u00ebrkrah\u201d,&nbsp;<\/em>p\u00ebrfundoi ajo.<\/p>\n","protected":false},"excerpt":{"rendered":"<p>Afrona Dika ka thyer heshtjen pas divorcit me k\u00ebng\u00ebtarin Blero.Ajo \u00ebsht\u00eb shprehur se ky vendim nuk ishte i leht\u00eb p\u00ebr t\u00eb, por \u201ckoha i sh\u00ebron plag\u00ebt\u201d. Nd\u00ebrsa shtoi se \u201cmarr\u00ebdh\u00ebnia e tyre po vdiste ngadal\u00eb\u201d.\u201cViti i kaluar ka qen\u00eb nj\u00eb super sfid\u00eb p\u00ebr mua. Si nga ana profesionale ashtu edhe nga ana personale. I kam [&hellip;]<\/p>\n","protected":false},"author":2,"featured_media":12252,"comment_status":"open","ping_status":"open","sticky":false,"template":"","format":"standard","meta":{"footnotes":""},"categories":[33],"tags":[],"class_list":{"0":"post-28976","1":"post","2":"type-post","3":"status-publish","4":"format-standard","5":"has-post-thumbnail","7":"category-showbiz"},"yoast_head":"<!-- This site is optimized with the Yoast SEO plugin v27.5 - https:\/\/yoast.com\/product\/yoast-seo-wordpress\/ -->\n<title>\u201cMarr\u00ebdh\u00ebnia jon\u00eb po vdiste ngadal\u00eb!&quot;\/ Afrona Dika rr\u00ebfen arsyet e divorcit me Bleron dhe b\u00ebn publike lidhjen e re t\u00eb dashurise - blogin.al<\/title>\n<meta name=\"robots\" content=\"index, follow, max-snippet:-1, max-image-preview:large, max-video-preview:-1\" \/>\n<link rel=\"canonical\" href=\"https:\/\/blogin.al\/?p=28976\" \/>\n<meta property=\"og:locale\" content=\"en_US\" \/>\n<meta property=\"og:type\" content=\"article\" \/>\n<meta property=\"og:title\" content=\"\u201cMarr\u00ebdh\u00ebnia jon\u00eb po vdiste ngadal\u00eb!&quot;\/ Afrona Dika rr\u00ebfen arsyet e divorcit me Bleron dhe b\u00ebn publike lidhjen e re t\u00eb dashurise - blogin.al\" \/>\n<meta property=\"og:description\" content=\"Afrona Dika ka thyer heshtjen pas divorcit me k\u00ebng\u00ebtarin Blero.Ajo \u00ebsht\u00eb shprehur se ky vendim nuk ishte i leht\u00eb p\u00ebr t\u00eb, por \u201ckoha i sh\u00ebron plag\u00ebt\u201d. Nd\u00ebrsa shtoi se \u201cmarr\u00ebdh\u00ebnia e tyre po vdiste ngadal\u00eb\u201d.\u201cViti i kaluar ka qen\u00eb nj\u00eb super sfid\u00eb p\u00ebr mua. Si nga ana profesionale ashtu edhe nga ana personale. I kam [&hellip;]\" \/>\n<meta property=\"og:url\" content=\"https:\/\/blogin.al\/?p=28976\" \/>\n<meta property=\"og:site_name\" content=\"blogin.al\" \/>\n<meta property=\"article:published_time\" content=\"2023-04-08T07:36:41+00:00\" \/>\n<meta property=\"article:modified_time\" content=\"2023-04-08T07:39:59+00:00\" \/>\n<meta property=\"og:image\" content=\"https:\/\/blogin.al\/wp-content\/uploads\/2022\/08\/afrona-dika-blero.png\" \/>\n\t<meta property=\"og:image:width\" content=\"880\" \/>\n\t<meta property=\"og:image:height\" content=\"552\" \/>\n\t<meta property=\"og:image:type\" content=\"image\/png\" \/>\n<meta name=\"author\" content=\"Blogin al\" \/>\n<meta name=\"twitter:card\" content=\"summary_large_image\" \/>\n<meta name=\"twitter:label1\" content=\"Written by\" \/>\n\t<meta name=\"twitter:data1\" content=\"Blogin al\" \/>\n\t<meta name=\"twitter:label2\" content=\"Est. reading time\" \/>\n\t<meta name=\"twitter:data2\" content=\"2 minutes\" \/>\n<script type=\"application\/ld+json\" class=\"yoast-schema-graph\">{\"@context\":\"https:\\\/\\\/schema.org\",\"@graph\":[{\"@type\":\"Article\",\"@id\":\"https:\\\/\\\/blogin.al\\\/?p=28976#article\",\"isPartOf\":{\"@id\":\"https:\\\/\\\/blogin.al\\\/?p=28976\"},\"author\":{\"name\":\"Blogin al\",\"@id\":\"https:\\\/\\\/blogin.al\\\/#\\\/schema\\\/person\\\/abdd56bc912cd511db877b852b115399\"},\"headline\":\"\u201cMarr\u00ebdh\u00ebnia jon\u00eb po vdiste ngadal\u00eb!&#8221;\\\/ Afrona Dika rr\u00ebfen arsyet e divorcit me Bleron dhe b\u00ebn publike lidhjen e re t\u00eb dashurise\",\"datePublished\":\"2023-04-08T07:36:41+00:00\",\"dateModified\":\"2023-04-08T07:39:59+00:00\",\"mainEntityOfPage\":{\"@id\":\"https:\\\/\\\/blogin.al\\\/?p=28976\"},\"wordCount\":539,\"commentCount\":0,\"publisher\":{\"@id\":\"https:\\\/\\\/blogin.al\\\/#organization\"},\"image\":{\"@id\":\"https:\\\/\\\/blogin.al\\\/?p=28976#primaryimage\"},\"thumbnailUrl\":\"https:\\\/\\\/blogin.al\\\/wp-content\\\/uploads\\\/2022\\\/08\\\/afrona-dika-blero.png\",\"articleSection\":[\"SHOWBIZ\"],\"inLanguage\":\"en-US\",\"potentialAction\":[{\"@type\":\"CommentAction\",\"name\":\"Comment\",\"target\":[\"https:\\\/\\\/blogin.al\\\/?p=28976#respond\"]}]},{\"@type\":\"WebPage\",\"@id\":\"https:\\\/\\\/blogin.al\\\/?p=28976\",\"url\":\"https:\\\/\\\/blogin.al\\\/?p=28976\",\"name\":\"\u201cMarr\u00ebdh\u00ebnia jon\u00eb po vdiste ngadal\u00eb!\\\"\\\/ Afrona Dika rr\u00ebfen arsyet e divorcit me Bleron dhe b\u00ebn publike lidhjen e re t\u00eb dashurise - blogin.al\",\"isPartOf\":{\"@id\":\"https:\\\/\\\/blogin.al\\\/#website\"},\"primaryImageOfPage\":{\"@id\":\"https:\\\/\\\/blogin.al\\\/?p=28976#primaryimage\"},\"image\":{\"@id\":\"https:\\\/\\\/blogin.al\\\/?p=28976#primaryimage\"},\"thumbnailUrl\":\"https:\\\/\\\/blogin.al\\\/wp-content\\\/uploads\\\/2022\\\/08\\\/afrona-dika-blero.png\",\"datePublished\":\"2023-04-08T07:36:41+00:00\",\"dateModified\":\"2023-04-08T07:39:59+00:00\",\"breadcrumb\":{\"@id\":\"https:\\\/\\\/blogin.al\\\/?p=28976#breadcrumb\"},\"inLanguage\":\"en-US\",\"potentialAction\":[{\"@type\":\"ReadAction\",\"target\":[\"https:\\\/\\\/blogin.al\\\/?p=28976\"]}]},{\"@type\":\"ImageObject\",\"inLanguage\":\"en-US\",\"@id\":\"https:\\\/\\\/blogin.al\\\/?p=28976#primaryimage\",\"url\":\"https:\\\/\\\/blogin.al\\\/wp-content\\\/uploads\\\/2022\\\/08\\\/afrona-dika-blero.png\",\"contentUrl\":\"https:\\\/\\\/blogin.al\\\/wp-content\\\/uploads\\\/2022\\\/08\\\/afrona-dika-blero.png\",\"width\":880,\"height\":552},{\"@type\":\"BreadcrumbList\",\"@id\":\"https:\\\/\\\/blogin.al\\\/?p=28976#breadcrumb\",\"itemListElement\":[{\"@type\":\"ListItem\",\"position\":1,\"name\":\"Home\",\"item\":\"https:\\\/\\\/blogin.al\\\/\"},{\"@type\":\"ListItem\",\"position\":2,\"name\":\"\u201cMarr\u00ebdh\u00ebnia jon\u00eb po vdiste ngadal\u00eb!&#8221;\\\/ Afrona Dika rr\u00ebfen arsyet e divorcit me Bleron dhe b\u00ebn publike lidhjen e re t\u00eb dashurise\"}]},{\"@type\":\"WebSite\",\"@id\":\"https:\\\/\\\/blogin.al\\\/#website\",\"url\":\"https:\\\/\\\/blogin.al\\\/\",\"name\":\"blogin.al\",\"description\":\"\",\"publisher\":{\"@id\":\"https:\\\/\\\/blogin.al\\\/#organization\"},\"potentialAction\":[{\"@type\":\"SearchAction\",\"target\":{\"@type\":\"EntryPoint\",\"urlTemplate\":\"https:\\\/\\\/blogin.al\\\/?s={search_term_string}\"},\"query-input\":{\"@type\":\"PropertyValueSpecification\",\"valueRequired\":true,\"valueName\":\"search_term_string\"}}],\"inLanguage\":\"en-US\"},{\"@type\":\"Organization\",\"@id\":\"https:\\\/\\\/blogin.al\\\/#organization\",\"name\":\"BLOGIN.al\",\"url\":\"https:\\\/\\\/blogin.al\\\/\",\"logo\":{\"@type\":\"ImageObject\",\"inLanguage\":\"en-US\",\"@id\":\"https:\\\/\\\/blogin.al\\\/#\\\/schema\\\/logo\\\/image\\\/\",\"url\":\"https:\\\/\\\/blogin.al\\\/wp-content\\\/uploads\\\/2022\\\/05\\\/Untitled-2-01-e1652084456514.png\",\"contentUrl\":\"https:\\\/\\\/blogin.al\\\/wp-content\\\/uploads\\\/2022\\\/05\\\/Untitled-2-01-e1652084456514.png\",\"width\":3723,\"height\":1698,\"caption\":\"BLOGIN.al\"},\"image\":{\"@id\":\"https:\\\/\\\/blogin.al\\\/#\\\/schema\\\/logo\\\/image\\\/\"},\"sameAs\":[\"https:\\\/\\\/instagram.com\\\/blogin.al\\\/\"]},{\"@type\":\"Person\",\"@id\":\"https:\\\/\\\/blogin.al\\\/#\\\/schema\\\/person\\\/abdd56bc912cd511db877b852b115399\",\"name\":\"Blogin al\",\"image\":{\"@type\":\"ImageObject\",\"inLanguage\":\"en-US\",\"@id\":\"https:\\\/\\\/secure.gravatar.com\\\/avatar\\\/60d5661aee6e835fb13dc75d2204cd0c1d61bef2efd137c0083e59ef831e235e?s=96&d=mm&r=g\",\"url\":\"https:\\\/\\\/secure.gravatar.com\\\/avatar\\\/60d5661aee6e835fb13dc75d2204cd0c1d61bef2efd137c0083e59ef831e235e?s=96&d=mm&r=g\",\"contentUrl\":\"https:\\\/\\\/secure.gravatar.com\\\/avatar\\\/60d5661aee6e835fb13dc75d2204cd0c1d61bef2efd137c0083e59ef831e235e?s=96&d=mm&r=g\",\"caption\":\"Blogin al\"},\"sameAs\":[\"https:\\\/\\\/blogin.al\"],\"url\":\"https:\\\/\\\/blogin.al\\\/?author=2\"}]}<\/script>\n<!-- \/ Yoast SEO plugin. -->","yoast_head_json":{"title":"\u201cMarr\u00ebdh\u00ebnia jon\u00eb po vdiste ngadal\u00eb!\"\/ Afrona Dika rr\u00ebfen arsyet e divorcit me Bleron dhe b\u00ebn publike lidhjen e re t\u00eb dashurise - blogin.al","robots":{"index":"index","follow":"follow","max-snippet":"max-snippet:-1","max-image-preview":"max-image-preview:large","max-video-preview":"max-video-preview:-1"},"canonical":"https:\/\/blogin.al\/?p=28976","og_locale":"en_US","og_type":"article","og_title":"\u201cMarr\u00ebdh\u00ebnia jon\u00eb po vdiste ngadal\u00eb!\"\/ Afrona Dika rr\u00ebfen arsyet e divorcit me Bleron dhe b\u00ebn publike lidhjen e re t\u00eb dashurise - blogin.al","og_description":"Afrona Dika ka thyer heshtjen pas divorcit me k\u00ebng\u00ebtarin Blero.Ajo \u00ebsht\u00eb shprehur se ky vendim nuk ishte i leht\u00eb p\u00ebr t\u00eb, por \u201ckoha i sh\u00ebron plag\u00ebt\u201d. Nd\u00ebrsa shtoi se \u201cmarr\u00ebdh\u00ebnia e tyre po vdiste ngadal\u00eb\u201d.\u201cViti i kaluar ka qen\u00eb nj\u00eb super sfid\u00eb p\u00ebr mua. Si nga ana profesionale ashtu edhe nga ana personale. I kam [&hellip;]","og_url":"https:\/\/blogin.al\/?p=28976","og_site_name":"blogin.al","article_published_time":"2023-04-08T07:36:41+00:00","article_modified_time":"2023-04-08T07:39:59+00:00","og_image":[{"width":880,"height":552,"url":"https:\/\/blogin.al\/wp-content\/uploads\/2022\/08\/afrona-dika-blero.png","type":"image\/png"}],"author":"Blogin al","twitter_card":"summary_large_image","twitter_misc":{"Written by":"Blogin al","Est. reading time":"2 minutes"},"schema":{"@context":"https:\/\/schema.org","@graph":[{"@type":"Article","@id":"https:\/\/blogin.al\/?p=28976#article","isPartOf":{"@id":"https:\/\/blogin.al\/?p=28976"},"author":{"name":"Blogin al","@id":"https:\/\/blogin.al\/#\/schema\/person\/abdd56bc912cd511db877b852b115399"},"headline":"\u201cMarr\u00ebdh\u00ebnia jon\u00eb po vdiste ngadal\u00eb!&#8221;\/ Afrona Dika rr\u00ebfen arsyet e divorcit me Bleron dhe b\u00ebn publike lidhjen e re t\u00eb dashurise","datePublished":"2023-04-08T07:36:41+00:00","dateModified":"2023-04-08T07:39:59+00:00","mainEntityOfPage":{"@id":"https:\/\/blogin.al\/?p=28976"},"wordCount":539,"commentCount":0,"publisher":{"@id":"https:\/\/blogin.al\/#organization"},"image":{"@id":"https:\/\/blogin.al\/?p=28976#primaryimage"},"thumbnailUrl":"https:\/\/blogin.al\/wp-content\/uploads\/2022\/08\/afrona-dika-blero.png","articleSection":["SHOWBIZ"],"inLanguage":"en-US","potentialAction":[{"@type":"CommentAction","name":"Comment","target":["https:\/\/blogin.al\/?p=28976#respond"]}]},{"@type":"WebPage","@id":"https:\/\/blogin.al\/?p=28976","url":"https:\/\/blogin.al\/?p=28976","name":"\u201cMarr\u00ebdh\u00ebnia jon\u00eb po vdiste ngadal\u00eb!\"\/ Afrona Dika rr\u00ebfen arsyet e divorcit me Bleron dhe b\u00ebn publike lidhjen e re t\u00eb dashurise - blogin.al","isPartOf":{"@id":"https:\/\/blogin.al\/#website"},"primaryImageOfPage":{"@id":"https:\/\/blogin.al\/?p=28976#primaryimage"},"image":{"@id":"https:\/\/blogin.al\/?p=28976#primaryimage"},"thumbnailUrl":"https:\/\/blogin.al\/wp-content\/uploads\/2022\/08\/afrona-dika-blero.png","datePublished":"2023-04-08T07:36:41+00:00","dateModified":"2023-04-08T07:39:59+00:00","breadcrumb":{"@id":"https:\/\/blogin.al\/?p=28976#breadcrumb"},"inLanguage":"en-US","potentialAction":[{"@type":"ReadAction","target":["https:\/\/blogin.al\/?p=28976"]}]},{"@type":"ImageObject","inLanguage":"en-US","@id":"https:\/\/blogin.al\/?p=28976#primaryimage","url":"https:\/\/blogin.al\/wp-content\/uploads\/2022\/08\/afrona-dika-blero.png","contentUrl":"https:\/\/blogin.al\/wp-content\/uploads\/2022\/08\/afrona-dika-blero.png","width":880,"height":552},{"@type":"BreadcrumbList","@id":"https:\/\/blogin.al\/?p=28976#breadcrumb","itemListElement":[{"@type":"ListItem","position":1,"name":"Home","item":"https:\/\/blogin.al\/"},{"@type":"ListItem","position":2,"name":"\u201cMarr\u00ebdh\u00ebnia jon\u00eb po vdiste ngadal\u00eb!&#8221;\/ Afrona Dika rr\u00ebfen arsyet e divorcit me Bleron dhe b\u00ebn publike lidhjen e re t\u00eb dashurise"}]},{"@type":"WebSite","@id":"https:\/\/blogin.al\/#website","url":"https:\/\/blogin.al\/","name":"blogin.al","description":"","publisher":{"@id":"https:\/\/blogin.al\/#organization"},"potentialAction":[{"@type":"SearchAction","target":{"@type":"EntryPoint","urlTemplate":"https:\/\/blogin.al\/?s={search_term_string}"},"query-input":{"@type":"PropertyValueSpecification","valueRequired":true,"valueName":"search_term_string"}}],"inLanguage":"en-US"},{"@type":"Organization","@id":"https:\/\/blogin.al\/#organization","name":"BLOGIN.al","url":"https:\/\/blogin.al\/","logo":{"@type":"ImageObject","inLanguage":"en-US","@id":"https:\/\/blogin.al\/#\/schema\/logo\/image\/","url":"https:\/\/blogin.al\/wp-content\/uploads\/2022\/05\/Untitled-2-01-e1652084456514.png","contentUrl":"https:\/\/blogin.al\/wp-content\/uploads\/2022\/05\/Untitled-2-01-e1652084456514.png","width":3723,"height":1698,"caption":"BLOGIN.al"},"image":{"@id":"https:\/\/blogin.al\/#\/schema\/logo\/image\/"},"sameAs":["https:\/\/instagram.com\/blogin.al\/"]},{"@type":"Person","@id":"https:\/\/blogin.al\/#\/schema\/person\/abdd56bc912cd511db877b852b115399","name":"Blogin al","image":{"@type":"ImageObject","inLanguage":"en-US","@id":"https:\/\/secure.gravatar.com\/avatar\/60d5661aee6e835fb13dc75d2204cd0c1d61bef2efd137c0083e59ef831e235e?s=96&d=mm&r=g","url":"https:\/\/secure.gravatar.com\/avatar\/60d5661aee6e835fb13dc75d2204cd0c1d61bef2efd137c0083e59ef831e235e?s=96&d=mm&r=g","contentUrl":"https:\/\/secure.gravatar.com\/avatar\/60d5661aee6e835fb13dc75d2204cd0c1d61bef2efd137c0083e59ef831e235e?s=96&d=mm&r=g","caption":"Blogin al"},"sameAs":["https:\/\/blogin.al"],"url":"https:\/\/blogin.al\/?author=2"}]}},"_links":{"self":[{"href":"https:\/\/blogin.al\/index.php?rest_route=\/wp\/v2\/posts\/28976","targetHints":{"allow":["GET"]}}],"collection":[{"href":"https:\/\/blogin.al\/index.php?rest_route=\/wp\/v2\/posts"}],"about":[{"href":"https:\/\/blogin.al\/index.php?rest_route=\/wp\/v2\/types\/post"}],"author":[{"embeddable":true,"href":"https:\/\/blogin.al\/index.php?rest_route=\/wp\/v2\/users\/2"}],"replies":[{"embeddable":true,"href":"https:\/\/blogin.al\/index.php?rest_route=%2Fwp%2Fv2%2Fcomments&post=28976"}],"version-history":[{"count":2,"href":"https:\/\/blogin.al\/index.php?rest_route=\/wp\/v2\/posts\/28976\/revisions"}],"predecessor-version":[{"id":28978,"href":"https:\/\/blogin.al\/index.php?rest_route=\/wp\/v2\/posts\/28976\/revisions\/28978"}],"wp:featuredmedia":[{"embeddable":true,"href":"https:\/\/blogin.al\/index.php?rest_route=\/wp\/v2\/media\/12252"}],"wp:attachment":[{"href":"https:\/\/blogin.al\/index.php?rest_route=%2Fwp%2Fv2%2Fmedia&parent=28976"}],"wp:term":[{"taxonomy":"category","embeddable":true,"href":"https:\/\/blogin.al\/index.php?rest_route=%2Fwp%2Fv2%2Fcategories&post=28976"},{"taxonomy":"post_tag","embeddable":true,"href":"https:\/\/blogin.al\/index.php?rest_route=%2Fwp%2Fv2%2Ftags&post=28976"}],"curies":[{"name":"wp","href":"https:\/\/api.w.org\/{rel}","templated":true}]}}