{"id":32243,"date":"2023-06-05T13:31:35","date_gmt":"2023-06-05T13:31:35","guid":{"rendered":"https:\/\/blogin.al\/?p=32243"},"modified":"2023-06-05T13:31:37","modified_gmt":"2023-06-05T13:31:37","slug":"me-flamuj-dhe-kengen-e-shkurte-fejzes-momenti-i-hyrjes-se-milot-rashices-ne-festen-e-galatasaray","status":"publish","type":"post","link":"https:\/\/blogin.al\/?p=32243","title":{"rendered":"Me flamuj dhe k\u00ebng\u00ebn e Shkurte Fejz\u00ebs, momenti i hyrjes s\u00eb Milot Rashic\u00ebs n\u00eb fest\u00ebn e Galatasaray"},"content":{"rendered":"\n<p>Milot Rashica kishte nj\u00eb hyrje spektakolare n\u00eb fest\u00ebn e Galatsarayt p\u00ebr titull.<\/p>\n\n\n\n<p>Reprezentuesi i Kosov\u00ebs u fut n\u00eb stadium n\u00eb nj\u00eb mn\u00ebyr\u00eb q\u00eb asnj\u00eb lojtar deri m\u00eb tani se ka b\u00ebr\u00eb.<\/p>\n\n\n\n<p>Rashica u fut n\u00eb stadium me k\u00ebng\u00ebn e Shkurte Fejz\u00ebs dhe k\u00ebng\u00ebn q\u00eb \u00ebsht\u00eb k\u00ebnduar brez pas brezi \u201cOj Kosov\u00eb oj nana ime\u201d.<\/p>\n\n\n\n<p>Ai kishte me vete edhe dy djem\u00ebt e tij, nd\u00ebrsa iu bashkua bashk\u00eblojtar\u00ebve p\u00ebr fest\u00ebn.<\/p>\n\n\n\n<p>Galatasaray mori n\u00eb duar trofeun n\u00eb ndeshjen p\u00ebrball\u00eb Fenerbahces, nd\u00ebrsa Rashica ia doli q\u00eb n\u00eb 26 paraqitje t\u00eb sh\u00ebnonte 4 gola.<\/p>\n\n\n\n<figure class=\"wp-block-embed is-type-rich is-provider-twitter wp-block-embed-twitter\"><div class=\"wp-block-embed__wrapper\">\n<blockquote class=\"twitter-tweet\" data-width=\"550\" data-dnt=\"true\"><p lang=\"und\" dir=\"ltr\">Oj Kosov\u00eb oj nana ime! \ud83d\ude0d<a href=\"https:\/\/twitter.com\/milotrashica?ref_src=twsrc%5Etfw\">@milotrashica<\/a> \u2764\ufe0f\ud83d\udc4f <a href=\"https:\/\/t.co\/rIzjWfCE8X\">pic.twitter.com\/rIzjWfCE8X<\/a><\/p>&mdash; Kosovan Football \ud83c\uddfd\ud83c\uddf0 (@kosovanfooty_EN) <a href=\"https:\/\/twitter.com\/kosovanfooty_EN\/status\/1665448658366607361?ref_src=twsrc%5Etfw\">June 4, 2023<\/a><\/blockquote><script async src=\"https:\/\/platform.twitter.com\/widgets.js\" charset=\"utf-8\"><\/script>\n<\/div><\/figure>\n","protected":false},"excerpt":{"rendered":"<p>Milot Rashica kishte nj\u00eb hyrje spektakolare n\u00eb fest\u00ebn e Galatsarayt p\u00ebr titull. Reprezentuesi i Kosov\u00ebs u fut n\u00eb stadium n\u00eb nj\u00eb mn\u00ebyr\u00eb q\u00eb asnj\u00eb lojtar deri m\u00eb tani se ka b\u00ebr\u00eb. Rashica u fut n\u00eb stadium me k\u00ebng\u00ebn e Shkurte Fejz\u00ebs dhe k\u00ebng\u00ebn q\u00eb \u00ebsht\u00eb k\u00ebnduar brez pas brezi \u201cOj Kosov\u00eb oj nana ime\u201d. Ai [&hellip;]<\/p>\n","protected":false},"author":2,"featured_media":32244,"comment_status":"open","ping_status":"open","sticky":false,"template":"","format":"standard","meta":{"footnotes":""},"categories":[33],"tags":[],"class_list":{"0":"post-32243","1":"post","2":"type-post","3":"status-publish","4":"format-standard","5":"has-post-thumbnail","7":"category-showbiz"},"yoast_head":"<!-- This site is optimized with the Yoast SEO plugin v27.4 - https:\/\/yoast.com\/product\/yoast-seo-wordpress\/ -->\n<title>Me flamuj dhe k\u00ebng\u00ebn e Shkurte Fejz\u00ebs, momenti i hyrjes s\u00eb Milot Rashic\u00ebs n\u00eb fest\u00ebn e Galatasaray - blogin.al<\/title>\n<meta name=\"robots\" content=\"index, follow, max-snippet:-1, max-image-preview:large, max-video-preview:-1\" \/>\n<link rel=\"canonical\" href=\"https:\/\/blogin.al\/?p=32243\" \/>\n<meta property=\"og:locale\" content=\"en_US\" \/>\n<meta property=\"og:type\" content=\"article\" \/>\n<meta property=\"og:title\" content=\"Me flamuj dhe k\u00ebng\u00ebn e Shkurte Fejz\u00ebs, momenti i hyrjes s\u00eb Milot Rashic\u00ebs n\u00eb fest\u00ebn e Galatasaray - blogin.al\" \/>\n<meta property=\"og:description\" content=\"Milot Rashica kishte nj\u00eb hyrje spektakolare n\u00eb fest\u00ebn e Galatsarayt p\u00ebr titull. Reprezentuesi i Kosov\u00ebs u fut n\u00eb stadium n\u00eb nj\u00eb mn\u00ebyr\u00eb q\u00eb asnj\u00eb lojtar deri m\u00eb tani se ka b\u00ebr\u00eb. Rashica u fut n\u00eb stadium me k\u00ebng\u00ebn e Shkurte Fejz\u00ebs dhe k\u00ebng\u00ebn q\u00eb \u00ebsht\u00eb k\u00ebnduar brez pas brezi \u201cOj Kosov\u00eb oj nana ime\u201d. Ai [&hellip;]\" \/>\n<meta property=\"og:url\" content=\"https:\/\/blogin.al\/?p=32243\" \/>\n<meta property=\"og:site_name\" content=\"blogin.al\" \/>\n<meta property=\"article:published_time\" content=\"2023-06-05T13:31:35+00:00\" \/>\n<meta property=\"article:modified_time\" content=\"2023-06-05T13:31:37+00:00\" \/>\n<meta property=\"og:image\" content=\"https:\/\/blogin.al\/wp-content\/uploads\/2023\/06\/Milot-Rashica.jpg\" \/>\n\t<meta property=\"og:image:width\" content=\"1130\" \/>\n\t<meta property=\"og:image:height\" content=\"635\" \/>\n\t<meta property=\"og:image:type\" content=\"image\/jpeg\" \/>\n<meta name=\"author\" content=\"Blogin al\" \/>\n<meta name=\"twitter:card\" content=\"summary_large_image\" \/>\n<meta name=\"twitter:label1\" content=\"Written by\" \/>\n\t<meta name=\"twitter:data1\" content=\"Blogin al\" \/>\n\t<meta name=\"twitter:label2\" content=\"Est. reading time\" \/>\n\t<meta name=\"twitter:data2\" content=\"1 minute\" \/>\n<script type=\"application\/ld+json\" class=\"yoast-schema-graph\">{\"@context\":\"https:\\\/\\\/schema.org\",\"@graph\":[{\"@type\":\"Article\",\"@id\":\"https:\\\/\\\/blogin.al\\\/?p=32243#article\",\"isPartOf\":{\"@id\":\"https:\\\/\\\/blogin.al\\\/?p=32243\"},\"author\":{\"name\":\"Blogin al\",\"@id\":\"https:\\\/\\\/blogin.al\\\/#\\\/schema\\\/person\\\/abdd56bc912cd511db877b852b115399\"},\"headline\":\"Me flamuj dhe k\u00ebng\u00ebn e Shkurte Fejz\u00ebs, momenti i hyrjes s\u00eb Milot Rashic\u00ebs n\u00eb fest\u00ebn e Galatasaray\",\"datePublished\":\"2023-06-05T13:31:35+00:00\",\"dateModified\":\"2023-06-05T13:31:37+00:00\",\"mainEntityOfPage\":{\"@id\":\"https:\\\/\\\/blogin.al\\\/?p=32243\"},\"wordCount\":137,\"commentCount\":0,\"publisher\":{\"@id\":\"https:\\\/\\\/blogin.al\\\/#organization\"},\"image\":{\"@id\":\"https:\\\/\\\/blogin.al\\\/?p=32243#primaryimage\"},\"thumbnailUrl\":\"https:\\\/\\\/blogin.al\\\/wp-content\\\/uploads\\\/2023\\\/06\\\/Milot-Rashica.jpg\",\"articleSection\":[\"SHOWBIZ\"],\"inLanguage\":\"en-US\",\"potentialAction\":[{\"@type\":\"CommentAction\",\"name\":\"Comment\",\"target\":[\"https:\\\/\\\/blogin.al\\\/?p=32243#respond\"]}]},{\"@type\":\"WebPage\",\"@id\":\"https:\\\/\\\/blogin.al\\\/?p=32243\",\"url\":\"https:\\\/\\\/blogin.al\\\/?p=32243\",\"name\":\"Me flamuj dhe k\u00ebng\u00ebn e Shkurte Fejz\u00ebs, momenti i hyrjes s\u00eb Milot Rashic\u00ebs n\u00eb fest\u00ebn e Galatasaray - blogin.al\",\"isPartOf\":{\"@id\":\"https:\\\/\\\/blogin.al\\\/#website\"},\"primaryImageOfPage\":{\"@id\":\"https:\\\/\\\/blogin.al\\\/?p=32243#primaryimage\"},\"image\":{\"@id\":\"https:\\\/\\\/blogin.al\\\/?p=32243#primaryimage\"},\"thumbnailUrl\":\"https:\\\/\\\/blogin.al\\\/wp-content\\\/uploads\\\/2023\\\/06\\\/Milot-Rashica.jpg\",\"datePublished\":\"2023-06-05T13:31:35+00:00\",\"dateModified\":\"2023-06-05T13:31:37+00:00\",\"breadcrumb\":{\"@id\":\"https:\\\/\\\/blogin.al\\\/?p=32243#breadcrumb\"},\"inLanguage\":\"en-US\",\"potentialAction\":[{\"@type\":\"ReadAction\",\"target\":[\"https:\\\/\\\/blogin.al\\\/?p=32243\"]}]},{\"@type\":\"ImageObject\",\"inLanguage\":\"en-US\",\"@id\":\"https:\\\/\\\/blogin.al\\\/?p=32243#primaryimage\",\"url\":\"https:\\\/\\\/blogin.al\\\/wp-content\\\/uploads\\\/2023\\\/06\\\/Milot-Rashica.jpg\",\"contentUrl\":\"https:\\\/\\\/blogin.al\\\/wp-content\\\/uploads\\\/2023\\\/06\\\/Milot-Rashica.jpg\",\"width\":1130,\"height\":635},{\"@type\":\"BreadcrumbList\",\"@id\":\"https:\\\/\\\/blogin.al\\\/?p=32243#breadcrumb\",\"itemListElement\":[{\"@type\":\"ListItem\",\"position\":1,\"name\":\"Home\",\"item\":\"https:\\\/\\\/blogin.al\\\/\"},{\"@type\":\"ListItem\",\"position\":2,\"name\":\"Me flamuj dhe k\u00ebng\u00ebn e Shkurte Fejz\u00ebs, momenti i hyrjes s\u00eb Milot Rashic\u00ebs n\u00eb fest\u00ebn e Galatasaray\"}]},{\"@type\":\"WebSite\",\"@id\":\"https:\\\/\\\/blogin.al\\\/#website\",\"url\":\"https:\\\/\\\/blogin.al\\\/\",\"name\":\"blogin.al\",\"description\":\"\",\"publisher\":{\"@id\":\"https:\\\/\\\/blogin.al\\\/#organization\"},\"potentialAction\":[{\"@type\":\"SearchAction\",\"target\":{\"@type\":\"EntryPoint\",\"urlTemplate\":\"https:\\\/\\\/blogin.al\\\/?s={search_term_string}\"},\"query-input\":{\"@type\":\"PropertyValueSpecification\",\"valueRequired\":true,\"valueName\":\"search_term_string\"}}],\"inLanguage\":\"en-US\"},{\"@type\":\"Organization\",\"@id\":\"https:\\\/\\\/blogin.al\\\/#organization\",\"name\":\"BLOGIN.al\",\"url\":\"https:\\\/\\\/blogin.al\\\/\",\"logo\":{\"@type\":\"ImageObject\",\"inLanguage\":\"en-US\",\"@id\":\"https:\\\/\\\/blogin.al\\\/#\\\/schema\\\/logo\\\/image\\\/\",\"url\":\"https:\\\/\\\/blogin.al\\\/wp-content\\\/uploads\\\/2022\\\/05\\\/Untitled-2-01-e1652084456514.png\",\"contentUrl\":\"https:\\\/\\\/blogin.al\\\/wp-content\\\/uploads\\\/2022\\\/05\\\/Untitled-2-01-e1652084456514.png\",\"width\":3723,\"height\":1698,\"caption\":\"BLOGIN.al\"},\"image\":{\"@id\":\"https:\\\/\\\/blogin.al\\\/#\\\/schema\\\/logo\\\/image\\\/\"},\"sameAs\":[\"https:\\\/\\\/instagram.com\\\/blogin.al\\\/\"]},{\"@type\":\"Person\",\"@id\":\"https:\\\/\\\/blogin.al\\\/#\\\/schema\\\/person\\\/abdd56bc912cd511db877b852b115399\",\"name\":\"Blogin al\",\"image\":{\"@type\":\"ImageObject\",\"inLanguage\":\"en-US\",\"@id\":\"https:\\\/\\\/secure.gravatar.com\\\/avatar\\\/60d5661aee6e835fb13dc75d2204cd0c1d61bef2efd137c0083e59ef831e235e?s=96&d=mm&r=g\",\"url\":\"https:\\\/\\\/secure.gravatar.com\\\/avatar\\\/60d5661aee6e835fb13dc75d2204cd0c1d61bef2efd137c0083e59ef831e235e?s=96&d=mm&r=g\",\"contentUrl\":\"https:\\\/\\\/secure.gravatar.com\\\/avatar\\\/60d5661aee6e835fb13dc75d2204cd0c1d61bef2efd137c0083e59ef831e235e?s=96&d=mm&r=g\",\"caption\":\"Blogin al\"},\"sameAs\":[\"https:\\\/\\\/blogin.al\"],\"url\":\"https:\\\/\\\/blogin.al\\\/?author=2\"}]}<\/script>\n<!-- \/ Yoast SEO plugin. -->","yoast_head_json":{"title":"Me flamuj dhe k\u00ebng\u00ebn e Shkurte Fejz\u00ebs, momenti i hyrjes s\u00eb Milot Rashic\u00ebs n\u00eb fest\u00ebn e Galatasaray - blogin.al","robots":{"index":"index","follow":"follow","max-snippet":"max-snippet:-1","max-image-preview":"max-image-preview:large","max-video-preview":"max-video-preview:-1"},"canonical":"https:\/\/blogin.al\/?p=32243","og_locale":"en_US","og_type":"article","og_title":"Me flamuj dhe k\u00ebng\u00ebn e Shkurte Fejz\u00ebs, momenti i hyrjes s\u00eb Milot Rashic\u00ebs n\u00eb fest\u00ebn e Galatasaray - blogin.al","og_description":"Milot Rashica kishte nj\u00eb hyrje spektakolare n\u00eb fest\u00ebn e Galatsarayt p\u00ebr titull. Reprezentuesi i Kosov\u00ebs u fut n\u00eb stadium n\u00eb nj\u00eb mn\u00ebyr\u00eb q\u00eb asnj\u00eb lojtar deri m\u00eb tani se ka b\u00ebr\u00eb. Rashica u fut n\u00eb stadium me k\u00ebng\u00ebn e Shkurte Fejz\u00ebs dhe k\u00ebng\u00ebn q\u00eb \u00ebsht\u00eb k\u00ebnduar brez pas brezi \u201cOj Kosov\u00eb oj nana ime\u201d. Ai [&hellip;]","og_url":"https:\/\/blogin.al\/?p=32243","og_site_name":"blogin.al","article_published_time":"2023-06-05T13:31:35+00:00","article_modified_time":"2023-06-05T13:31:37+00:00","og_image":[{"width":1130,"height":635,"url":"https:\/\/blogin.al\/wp-content\/uploads\/2023\/06\/Milot-Rashica.jpg","type":"image\/jpeg"}],"author":"Blogin al","twitter_card":"summary_large_image","twitter_misc":{"Written by":"Blogin al","Est. reading time":"1 minute"},"schema":{"@context":"https:\/\/schema.org","@graph":[{"@type":"Article","@id":"https:\/\/blogin.al\/?p=32243#article","isPartOf":{"@id":"https:\/\/blogin.al\/?p=32243"},"author":{"name":"Blogin al","@id":"https:\/\/blogin.al\/#\/schema\/person\/abdd56bc912cd511db877b852b115399"},"headline":"Me flamuj dhe k\u00ebng\u00ebn e Shkurte Fejz\u00ebs, momenti i hyrjes s\u00eb Milot Rashic\u00ebs n\u00eb fest\u00ebn e Galatasaray","datePublished":"2023-06-05T13:31:35+00:00","dateModified":"2023-06-05T13:31:37+00:00","mainEntityOfPage":{"@id":"https:\/\/blogin.al\/?p=32243"},"wordCount":137,"commentCount":0,"publisher":{"@id":"https:\/\/blogin.al\/#organization"},"image":{"@id":"https:\/\/blogin.al\/?p=32243#primaryimage"},"thumbnailUrl":"https:\/\/blogin.al\/wp-content\/uploads\/2023\/06\/Milot-Rashica.jpg","articleSection":["SHOWBIZ"],"inLanguage":"en-US","potentialAction":[{"@type":"CommentAction","name":"Comment","target":["https:\/\/blogin.al\/?p=32243#respond"]}]},{"@type":"WebPage","@id":"https:\/\/blogin.al\/?p=32243","url":"https:\/\/blogin.al\/?p=32243","name":"Me flamuj dhe k\u00ebng\u00ebn e Shkurte Fejz\u00ebs, momenti i hyrjes s\u00eb Milot Rashic\u00ebs n\u00eb fest\u00ebn e Galatasaray - blogin.al","isPartOf":{"@id":"https:\/\/blogin.al\/#website"},"primaryImageOfPage":{"@id":"https:\/\/blogin.al\/?p=32243#primaryimage"},"image":{"@id":"https:\/\/blogin.al\/?p=32243#primaryimage"},"thumbnailUrl":"https:\/\/blogin.al\/wp-content\/uploads\/2023\/06\/Milot-Rashica.jpg","datePublished":"2023-06-05T13:31:35+00:00","dateModified":"2023-06-05T13:31:37+00:00","breadcrumb":{"@id":"https:\/\/blogin.al\/?p=32243#breadcrumb"},"inLanguage":"en-US","potentialAction":[{"@type":"ReadAction","target":["https:\/\/blogin.al\/?p=32243"]}]},{"@type":"ImageObject","inLanguage":"en-US","@id":"https:\/\/blogin.al\/?p=32243#primaryimage","url":"https:\/\/blogin.al\/wp-content\/uploads\/2023\/06\/Milot-Rashica.jpg","contentUrl":"https:\/\/blogin.al\/wp-content\/uploads\/2023\/06\/Milot-Rashica.jpg","width":1130,"height":635},{"@type":"BreadcrumbList","@id":"https:\/\/blogin.al\/?p=32243#breadcrumb","itemListElement":[{"@type":"ListItem","position":1,"name":"Home","item":"https:\/\/blogin.al\/"},{"@type":"ListItem","position":2,"name":"Me flamuj dhe k\u00ebng\u00ebn e Shkurte Fejz\u00ebs, momenti i hyrjes s\u00eb Milot Rashic\u00ebs n\u00eb fest\u00ebn e Galatasaray"}]},{"@type":"WebSite","@id":"https:\/\/blogin.al\/#website","url":"https:\/\/blogin.al\/","name":"blogin.al","description":"","publisher":{"@id":"https:\/\/blogin.al\/#organization"},"potentialAction":[{"@type":"SearchAction","target":{"@type":"EntryPoint","urlTemplate":"https:\/\/blogin.al\/?s={search_term_string}"},"query-input":{"@type":"PropertyValueSpecification","valueRequired":true,"valueName":"search_term_string"}}],"inLanguage":"en-US"},{"@type":"Organization","@id":"https:\/\/blogin.al\/#organization","name":"BLOGIN.al","url":"https:\/\/blogin.al\/","logo":{"@type":"ImageObject","inLanguage":"en-US","@id":"https:\/\/blogin.al\/#\/schema\/logo\/image\/","url":"https:\/\/blogin.al\/wp-content\/uploads\/2022\/05\/Untitled-2-01-e1652084456514.png","contentUrl":"https:\/\/blogin.al\/wp-content\/uploads\/2022\/05\/Untitled-2-01-e1652084456514.png","width":3723,"height":1698,"caption":"BLOGIN.al"},"image":{"@id":"https:\/\/blogin.al\/#\/schema\/logo\/image\/"},"sameAs":["https:\/\/instagram.com\/blogin.al\/"]},{"@type":"Person","@id":"https:\/\/blogin.al\/#\/schema\/person\/abdd56bc912cd511db877b852b115399","name":"Blogin al","image":{"@type":"ImageObject","inLanguage":"en-US","@id":"https:\/\/secure.gravatar.com\/avatar\/60d5661aee6e835fb13dc75d2204cd0c1d61bef2efd137c0083e59ef831e235e?s=96&d=mm&r=g","url":"https:\/\/secure.gravatar.com\/avatar\/60d5661aee6e835fb13dc75d2204cd0c1d61bef2efd137c0083e59ef831e235e?s=96&d=mm&r=g","contentUrl":"https:\/\/secure.gravatar.com\/avatar\/60d5661aee6e835fb13dc75d2204cd0c1d61bef2efd137c0083e59ef831e235e?s=96&d=mm&r=g","caption":"Blogin al"},"sameAs":["https:\/\/blogin.al"],"url":"https:\/\/blogin.al\/?author=2"}]}},"_links":{"self":[{"href":"https:\/\/blogin.al\/index.php?rest_route=\/wp\/v2\/posts\/32243","targetHints":{"allow":["GET"]}}],"collection":[{"href":"https:\/\/blogin.al\/index.php?rest_route=\/wp\/v2\/posts"}],"about":[{"href":"https:\/\/blogin.al\/index.php?rest_route=\/wp\/v2\/types\/post"}],"author":[{"embeddable":true,"href":"https:\/\/blogin.al\/index.php?rest_route=\/wp\/v2\/users\/2"}],"replies":[{"embeddable":true,"href":"https:\/\/blogin.al\/index.php?rest_route=%2Fwp%2Fv2%2Fcomments&post=32243"}],"version-history":[{"count":1,"href":"https:\/\/blogin.al\/index.php?rest_route=\/wp\/v2\/posts\/32243\/revisions"}],"predecessor-version":[{"id":32245,"href":"https:\/\/blogin.al\/index.php?rest_route=\/wp\/v2\/posts\/32243\/revisions\/32245"}],"wp:featuredmedia":[{"embeddable":true,"href":"https:\/\/blogin.al\/index.php?rest_route=\/wp\/v2\/media\/32244"}],"wp:attachment":[{"href":"https:\/\/blogin.al\/index.php?rest_route=%2Fwp%2Fv2%2Fmedia&parent=32243"}],"wp:term":[{"taxonomy":"category","embeddable":true,"href":"https:\/\/blogin.al\/index.php?rest_route=%2Fwp%2Fv2%2Fcategories&post=32243"},{"taxonomy":"post_tag","embeddable":true,"href":"https:\/\/blogin.al\/index.php?rest_route=%2Fwp%2Fv2%2Ftags&post=32243"}],"curies":[{"name":"wp","href":"https:\/\/api.w.org\/{rel}","templated":true}]}}