{"id":32881,"date":"2023-06-18T19:00:42","date_gmt":"2023-06-18T19:00:42","guid":{"rendered":"https:\/\/blogin.al\/?p=32881"},"modified":"2023-06-18T19:00:44","modified_gmt":"2023-06-18T19:00:44","slug":"kur-kritikojme-te-tjeret-jemi-duke-kritikuar-veten-tone","status":"publish","type":"post","link":"https:\/\/blogin.al\/?p=32881","title":{"rendered":"Kur kritikojm\u00eb t\u00eb tjer\u00ebt, jemi duke kritikuar veten ton\u00eb!"},"content":{"rendered":"\n<p>Vet\u00ebvler\u00ebsimi i ul\u00ebt e pengon nj\u00eb person t\u00eb gjykoj\u00eb objektivisht njer\u00ebzit p\u00ebrreth tij. Ky fenomen quhet projeksion negativ dhe \u00ebsht\u00eb nj\u00eb mekaniz\u00ebm mbrojt\u00ebs me t\u00eb cilin ia atribuojm\u00eb t\u00eb metat dhe dob\u00ebsit\u00eb tona njer\u00ebzve t\u00eb tjer\u00eb.<\/p>\n\n\n\n<p>N\u00eb vend q\u00eb t\u00eb pranojm\u00eb t\u00eb gjitha tiparet, emocionet dhe rrethanat tona negative, ne ia atribuojm\u00eb ato njer\u00ebzve p\u00ebrreth nesh, sepse \u00ebsht\u00eb shum\u00eb m\u00eb e leht\u00eb. Ne mbrohemi me sistemin e projeksionit negativ.<\/p>\n\n\n\n<p>P\u00ebr t\u00eb hequr qafe k\u00ebt\u00eb zakon, duhet t\u00eb punojm\u00eb p\u00ebr vet\u00eb-zhvillim dhe t\u00eb vendosim kufij t\u00eb qart\u00eb midis asaj q\u00eb \u00ebsht\u00eb reale dhe asaj q\u00eb i atribuojm\u00eb dikujt. K\u00ebshtu do ta kap\u00ebrcejm\u00eb konfliktin q\u00eb po ndodh brenda nesh.<\/p>\n\n\n\n<p>Ne projektojm\u00eb t\u00eb metat tona te t\u00eb tjer\u00ebt p\u00ebr t\u00eb mbajtur nj\u00eb pik\u00ebpamje pozitive p\u00ebr veten. Vet\u00ebvler\u00ebsimi dhe mekanizmat mbrojt\u00ebs luajn\u00eb nj\u00eb rol themelor n\u00eb mbrojtjen e egos. T\u00eb ashtuquajturat mekanizma mbrojt\u00ebs t\u00eb egos jan\u00eb strategji q\u00eb ne p\u00ebrdorim n\u00eb m\u00ebnyr\u00eb t\u00eb pand\u00ebrgjegjshme p\u00ebr t\u00eb mbajtur nj\u00eb perceptim pozitiv t\u00eb vetes.<\/p>\n\n\n\n<p>Truri i njeriut ka evoluar m\u00ebnyra t\u00eb ndryshme p\u00ebr t\u00eb mbrojtur veten kund\u00ebr asaj q\u00eb mund t\u00eb jet\u00eb shum\u00eb e dhimbshme ose e papranueshme.<\/p>\n\n\n\n<p>Mekanizma t\u00eb till\u00eb na mbrojn\u00eb nga njohja e aspekteve negative t\u00eb personalitetit ton\u00eb. Problemi lind kur k\u00ebto mekanizma b\u00ebhen automatike dhe ne fillojm\u00eb t\u2019i p\u00ebrdorim ato n\u00eb baza ditore. N\u00eb k\u00ebt\u00eb m\u00ebnyr\u00eb ne shtremb\u00ebrojm\u00eb realitetin n\u00ebn ndikimin e egos son\u00eb e cila nuk ka nj\u00eb rezultat pozitiv.<\/p>\n\n\n\n<p>Pra, kur fillojm\u00eb t\u00eb mendojm\u00eb se t\u00eb gjith\u00eb rreth nesh jan\u00eb t\u00eb mbushur me urrejtje, zili dhe t\u00eb gjitha tiparet e tjera negative, \u00ebsht\u00eb koha t\u00eb rishqyrtojm\u00eb jet\u00ebn dhe mendimet tona.<\/p>\n\n\n\n<p>Kur fillojm\u00eb t\u00eb kritikojm\u00eb njer\u00ebzit e tjer\u00eb n\u00eb m\u00ebnyr\u00eb t\u00eb panevojshme, ne ndoshta po e kritikojm\u00eb veten n\u00eb at\u00eb m\u00ebnyr\u00eb, ose si\u00e7 tha Buda: \u201cGjith\u00e7ka q\u00eb ju m\u00ebrzit tek t\u00eb tjer\u00ebt \u00ebsht\u00eb vet\u00ebm nj\u00eb projeksion i problemeve tuaja t\u00eb brendshme t\u00eb pazgjidhura\u201d.<\/p>\n","protected":false},"excerpt":{"rendered":"<p>Vet\u00ebvler\u00ebsimi i ul\u00ebt e pengon nj\u00eb person t\u00eb gjykoj\u00eb objektivisht njer\u00ebzit p\u00ebrreth tij. Ky fenomen quhet projeksion negativ dhe \u00ebsht\u00eb nj\u00eb mekaniz\u00ebm mbrojt\u00ebs me t\u00eb cilin ia atribuojm\u00eb t\u00eb metat dhe dob\u00ebsit\u00eb tona njer\u00ebzve t\u00eb tjer\u00eb. N\u00eb vend q\u00eb t\u00eb pranojm\u00eb t\u00eb gjitha tiparet, emocionet dhe rrethanat tona negative, ne ia atribuojm\u00eb ato njer\u00ebzve p\u00ebrreth [&hellip;]<\/p>\n","protected":false},"author":2,"featured_media":32882,"comment_status":"open","ping_status":"open","sticky":false,"template":"","format":"standard","meta":{"footnotes":""},"categories":[28],"tags":[],"class_list":{"0":"post-32881","1":"post","2":"type-post","3":"status-publish","4":"format-standard","5":"has-post-thumbnail","7":"category-lifestyle"},"yoast_head":"<!-- This site is optimized with the Yoast SEO plugin v27.5 - https:\/\/yoast.com\/product\/yoast-seo-wordpress\/ -->\n<title>Kur kritikojm\u00eb t\u00eb tjer\u00ebt, jemi duke kritikuar veten ton\u00eb! - blogin.al<\/title>\n<meta name=\"robots\" content=\"index, follow, max-snippet:-1, max-image-preview:large, max-video-preview:-1\" \/>\n<link rel=\"canonical\" href=\"https:\/\/blogin.al\/?p=32881\" \/>\n<meta property=\"og:locale\" content=\"en_US\" \/>\n<meta property=\"og:type\" content=\"article\" \/>\n<meta property=\"og:title\" content=\"Kur kritikojm\u00eb t\u00eb tjer\u00ebt, jemi duke kritikuar veten ton\u00eb! - blogin.al\" \/>\n<meta property=\"og:description\" content=\"Vet\u00ebvler\u00ebsimi i ul\u00ebt e pengon nj\u00eb person t\u00eb gjykoj\u00eb objektivisht njer\u00ebzit p\u00ebrreth tij. Ky fenomen quhet projeksion negativ dhe \u00ebsht\u00eb nj\u00eb mekaniz\u00ebm mbrojt\u00ebs me t\u00eb cilin ia atribuojm\u00eb t\u00eb metat dhe dob\u00ebsit\u00eb tona njer\u00ebzve t\u00eb tjer\u00eb. N\u00eb vend q\u00eb t\u00eb pranojm\u00eb t\u00eb gjitha tiparet, emocionet dhe rrethanat tona negative, ne ia atribuojm\u00eb ato njer\u00ebzve p\u00ebrreth [&hellip;]\" \/>\n<meta property=\"og:url\" content=\"https:\/\/blogin.al\/?p=32881\" \/>\n<meta property=\"og:site_name\" content=\"blogin.al\" \/>\n<meta property=\"article:published_time\" content=\"2023-06-18T19:00:42+00:00\" \/>\n<meta property=\"article:modified_time\" content=\"2023-06-18T19:00:44+00:00\" \/>\n<meta property=\"og:image\" content=\"https:\/\/blogin.al\/wp-content\/uploads\/2023\/06\/SelfCompassion-SteveDebenport-lowrez.jpg\" \/>\n\t<meta property=\"og:image:width\" content=\"300\" \/>\n\t<meta property=\"og:image:height\" content=\"299\" \/>\n\t<meta property=\"og:image:type\" content=\"image\/jpeg\" \/>\n<meta name=\"author\" content=\"Blogin al\" \/>\n<meta name=\"twitter:card\" content=\"summary_large_image\" \/>\n<meta name=\"twitter:label1\" content=\"Written by\" \/>\n\t<meta name=\"twitter:data1\" content=\"Blogin al\" \/>\n\t<meta name=\"twitter:label2\" content=\"Est. reading time\" \/>\n\t<meta name=\"twitter:data2\" content=\"2 minutes\" \/>\n<script type=\"application\/ld+json\" class=\"yoast-schema-graph\">{\"@context\":\"https:\\\/\\\/schema.org\",\"@graph\":[{\"@type\":\"Article\",\"@id\":\"https:\\\/\\\/blogin.al\\\/?p=32881#article\",\"isPartOf\":{\"@id\":\"https:\\\/\\\/blogin.al\\\/?p=32881\"},\"author\":{\"name\":\"Blogin al\",\"@id\":\"https:\\\/\\\/blogin.al\\\/#\\\/schema\\\/person\\\/abdd56bc912cd511db877b852b115399\"},\"headline\":\"Kur kritikojm\u00eb t\u00eb tjer\u00ebt, jemi duke kritikuar veten ton\u00eb!\",\"datePublished\":\"2023-06-18T19:00:42+00:00\",\"dateModified\":\"2023-06-18T19:00:44+00:00\",\"mainEntityOfPage\":{\"@id\":\"https:\\\/\\\/blogin.al\\\/?p=32881\"},\"wordCount\":360,\"commentCount\":0,\"publisher\":{\"@id\":\"https:\\\/\\\/blogin.al\\\/#organization\"},\"image\":{\"@id\":\"https:\\\/\\\/blogin.al\\\/?p=32881#primaryimage\"},\"thumbnailUrl\":\"https:\\\/\\\/blogin.al\\\/wp-content\\\/uploads\\\/2023\\\/06\\\/SelfCompassion-SteveDebenport-lowrez.jpg\",\"articleSection\":[\"LIFESTYLE\"],\"inLanguage\":\"en-US\",\"potentialAction\":[{\"@type\":\"CommentAction\",\"name\":\"Comment\",\"target\":[\"https:\\\/\\\/blogin.al\\\/?p=32881#respond\"]}]},{\"@type\":\"WebPage\",\"@id\":\"https:\\\/\\\/blogin.al\\\/?p=32881\",\"url\":\"https:\\\/\\\/blogin.al\\\/?p=32881\",\"name\":\"Kur kritikojm\u00eb t\u00eb tjer\u00ebt, jemi duke kritikuar veten ton\u00eb! - blogin.al\",\"isPartOf\":{\"@id\":\"https:\\\/\\\/blogin.al\\\/#website\"},\"primaryImageOfPage\":{\"@id\":\"https:\\\/\\\/blogin.al\\\/?p=32881#primaryimage\"},\"image\":{\"@id\":\"https:\\\/\\\/blogin.al\\\/?p=32881#primaryimage\"},\"thumbnailUrl\":\"https:\\\/\\\/blogin.al\\\/wp-content\\\/uploads\\\/2023\\\/06\\\/SelfCompassion-SteveDebenport-lowrez.jpg\",\"datePublished\":\"2023-06-18T19:00:42+00:00\",\"dateModified\":\"2023-06-18T19:00:44+00:00\",\"breadcrumb\":{\"@id\":\"https:\\\/\\\/blogin.al\\\/?p=32881#breadcrumb\"},\"inLanguage\":\"en-US\",\"potentialAction\":[{\"@type\":\"ReadAction\",\"target\":[\"https:\\\/\\\/blogin.al\\\/?p=32881\"]}]},{\"@type\":\"ImageObject\",\"inLanguage\":\"en-US\",\"@id\":\"https:\\\/\\\/blogin.al\\\/?p=32881#primaryimage\",\"url\":\"https:\\\/\\\/blogin.al\\\/wp-content\\\/uploads\\\/2023\\\/06\\\/SelfCompassion-SteveDebenport-lowrez.jpg\",\"contentUrl\":\"https:\\\/\\\/blogin.al\\\/wp-content\\\/uploads\\\/2023\\\/06\\\/SelfCompassion-SteveDebenport-lowrez.jpg\",\"width\":300,\"height\":299},{\"@type\":\"BreadcrumbList\",\"@id\":\"https:\\\/\\\/blogin.al\\\/?p=32881#breadcrumb\",\"itemListElement\":[{\"@type\":\"ListItem\",\"position\":1,\"name\":\"Home\",\"item\":\"https:\\\/\\\/blogin.al\\\/\"},{\"@type\":\"ListItem\",\"position\":2,\"name\":\"Kur kritikojm\u00eb t\u00eb tjer\u00ebt, jemi duke kritikuar veten ton\u00eb!\"}]},{\"@type\":\"WebSite\",\"@id\":\"https:\\\/\\\/blogin.al\\\/#website\",\"url\":\"https:\\\/\\\/blogin.al\\\/\",\"name\":\"blogin.al\",\"description\":\"\",\"publisher\":{\"@id\":\"https:\\\/\\\/blogin.al\\\/#organization\"},\"potentialAction\":[{\"@type\":\"SearchAction\",\"target\":{\"@type\":\"EntryPoint\",\"urlTemplate\":\"https:\\\/\\\/blogin.al\\\/?s={search_term_string}\"},\"query-input\":{\"@type\":\"PropertyValueSpecification\",\"valueRequired\":true,\"valueName\":\"search_term_string\"}}],\"inLanguage\":\"en-US\"},{\"@type\":\"Organization\",\"@id\":\"https:\\\/\\\/blogin.al\\\/#organization\",\"name\":\"BLOGIN.al\",\"url\":\"https:\\\/\\\/blogin.al\\\/\",\"logo\":{\"@type\":\"ImageObject\",\"inLanguage\":\"en-US\",\"@id\":\"https:\\\/\\\/blogin.al\\\/#\\\/schema\\\/logo\\\/image\\\/\",\"url\":\"https:\\\/\\\/blogin.al\\\/wp-content\\\/uploads\\\/2022\\\/05\\\/Untitled-2-01-e1652084456514.png\",\"contentUrl\":\"https:\\\/\\\/blogin.al\\\/wp-content\\\/uploads\\\/2022\\\/05\\\/Untitled-2-01-e1652084456514.png\",\"width\":3723,\"height\":1698,\"caption\":\"BLOGIN.al\"},\"image\":{\"@id\":\"https:\\\/\\\/blogin.al\\\/#\\\/schema\\\/logo\\\/image\\\/\"},\"sameAs\":[\"https:\\\/\\\/instagram.com\\\/blogin.al\\\/\"]},{\"@type\":\"Person\",\"@id\":\"https:\\\/\\\/blogin.al\\\/#\\\/schema\\\/person\\\/abdd56bc912cd511db877b852b115399\",\"name\":\"Blogin al\",\"image\":{\"@type\":\"ImageObject\",\"inLanguage\":\"en-US\",\"@id\":\"https:\\\/\\\/secure.gravatar.com\\\/avatar\\\/60d5661aee6e835fb13dc75d2204cd0c1d61bef2efd137c0083e59ef831e235e?s=96&d=mm&r=g\",\"url\":\"https:\\\/\\\/secure.gravatar.com\\\/avatar\\\/60d5661aee6e835fb13dc75d2204cd0c1d61bef2efd137c0083e59ef831e235e?s=96&d=mm&r=g\",\"contentUrl\":\"https:\\\/\\\/secure.gravatar.com\\\/avatar\\\/60d5661aee6e835fb13dc75d2204cd0c1d61bef2efd137c0083e59ef831e235e?s=96&d=mm&r=g\",\"caption\":\"Blogin al\"},\"sameAs\":[\"https:\\\/\\\/blogin.al\"],\"url\":\"https:\\\/\\\/blogin.al\\\/?author=2\"}]}<\/script>\n<!-- \/ Yoast SEO plugin. -->","yoast_head_json":{"title":"Kur kritikojm\u00eb t\u00eb tjer\u00ebt, jemi duke kritikuar veten ton\u00eb! - blogin.al","robots":{"index":"index","follow":"follow","max-snippet":"max-snippet:-1","max-image-preview":"max-image-preview:large","max-video-preview":"max-video-preview:-1"},"canonical":"https:\/\/blogin.al\/?p=32881","og_locale":"en_US","og_type":"article","og_title":"Kur kritikojm\u00eb t\u00eb tjer\u00ebt, jemi duke kritikuar veten ton\u00eb! - blogin.al","og_description":"Vet\u00ebvler\u00ebsimi i ul\u00ebt e pengon nj\u00eb person t\u00eb gjykoj\u00eb objektivisht njer\u00ebzit p\u00ebrreth tij. Ky fenomen quhet projeksion negativ dhe \u00ebsht\u00eb nj\u00eb mekaniz\u00ebm mbrojt\u00ebs me t\u00eb cilin ia atribuojm\u00eb t\u00eb metat dhe dob\u00ebsit\u00eb tona njer\u00ebzve t\u00eb tjer\u00eb. N\u00eb vend q\u00eb t\u00eb pranojm\u00eb t\u00eb gjitha tiparet, emocionet dhe rrethanat tona negative, ne ia atribuojm\u00eb ato njer\u00ebzve p\u00ebrreth [&hellip;]","og_url":"https:\/\/blogin.al\/?p=32881","og_site_name":"blogin.al","article_published_time":"2023-06-18T19:00:42+00:00","article_modified_time":"2023-06-18T19:00:44+00:00","og_image":[{"width":300,"height":299,"url":"https:\/\/blogin.al\/wp-content\/uploads\/2023\/06\/SelfCompassion-SteveDebenport-lowrez.jpg","type":"image\/jpeg"}],"author":"Blogin al","twitter_card":"summary_large_image","twitter_misc":{"Written by":"Blogin al","Est. reading time":"2 minutes"},"schema":{"@context":"https:\/\/schema.org","@graph":[{"@type":"Article","@id":"https:\/\/blogin.al\/?p=32881#article","isPartOf":{"@id":"https:\/\/blogin.al\/?p=32881"},"author":{"name":"Blogin al","@id":"https:\/\/blogin.al\/#\/schema\/person\/abdd56bc912cd511db877b852b115399"},"headline":"Kur kritikojm\u00eb t\u00eb tjer\u00ebt, jemi duke kritikuar veten ton\u00eb!","datePublished":"2023-06-18T19:00:42+00:00","dateModified":"2023-06-18T19:00:44+00:00","mainEntityOfPage":{"@id":"https:\/\/blogin.al\/?p=32881"},"wordCount":360,"commentCount":0,"publisher":{"@id":"https:\/\/blogin.al\/#organization"},"image":{"@id":"https:\/\/blogin.al\/?p=32881#primaryimage"},"thumbnailUrl":"https:\/\/blogin.al\/wp-content\/uploads\/2023\/06\/SelfCompassion-SteveDebenport-lowrez.jpg","articleSection":["LIFESTYLE"],"inLanguage":"en-US","potentialAction":[{"@type":"CommentAction","name":"Comment","target":["https:\/\/blogin.al\/?p=32881#respond"]}]},{"@type":"WebPage","@id":"https:\/\/blogin.al\/?p=32881","url":"https:\/\/blogin.al\/?p=32881","name":"Kur kritikojm\u00eb t\u00eb tjer\u00ebt, jemi duke kritikuar veten ton\u00eb! - blogin.al","isPartOf":{"@id":"https:\/\/blogin.al\/#website"},"primaryImageOfPage":{"@id":"https:\/\/blogin.al\/?p=32881#primaryimage"},"image":{"@id":"https:\/\/blogin.al\/?p=32881#primaryimage"},"thumbnailUrl":"https:\/\/blogin.al\/wp-content\/uploads\/2023\/06\/SelfCompassion-SteveDebenport-lowrez.jpg","datePublished":"2023-06-18T19:00:42+00:00","dateModified":"2023-06-18T19:00:44+00:00","breadcrumb":{"@id":"https:\/\/blogin.al\/?p=32881#breadcrumb"},"inLanguage":"en-US","potentialAction":[{"@type":"ReadAction","target":["https:\/\/blogin.al\/?p=32881"]}]},{"@type":"ImageObject","inLanguage":"en-US","@id":"https:\/\/blogin.al\/?p=32881#primaryimage","url":"https:\/\/blogin.al\/wp-content\/uploads\/2023\/06\/SelfCompassion-SteveDebenport-lowrez.jpg","contentUrl":"https:\/\/blogin.al\/wp-content\/uploads\/2023\/06\/SelfCompassion-SteveDebenport-lowrez.jpg","width":300,"height":299},{"@type":"BreadcrumbList","@id":"https:\/\/blogin.al\/?p=32881#breadcrumb","itemListElement":[{"@type":"ListItem","position":1,"name":"Home","item":"https:\/\/blogin.al\/"},{"@type":"ListItem","position":2,"name":"Kur kritikojm\u00eb t\u00eb tjer\u00ebt, jemi duke kritikuar veten ton\u00eb!"}]},{"@type":"WebSite","@id":"https:\/\/blogin.al\/#website","url":"https:\/\/blogin.al\/","name":"blogin.al","description":"","publisher":{"@id":"https:\/\/blogin.al\/#organization"},"potentialAction":[{"@type":"SearchAction","target":{"@type":"EntryPoint","urlTemplate":"https:\/\/blogin.al\/?s={search_term_string}"},"query-input":{"@type":"PropertyValueSpecification","valueRequired":true,"valueName":"search_term_string"}}],"inLanguage":"en-US"},{"@type":"Organization","@id":"https:\/\/blogin.al\/#organization","name":"BLOGIN.al","url":"https:\/\/blogin.al\/","logo":{"@type":"ImageObject","inLanguage":"en-US","@id":"https:\/\/blogin.al\/#\/schema\/logo\/image\/","url":"https:\/\/blogin.al\/wp-content\/uploads\/2022\/05\/Untitled-2-01-e1652084456514.png","contentUrl":"https:\/\/blogin.al\/wp-content\/uploads\/2022\/05\/Untitled-2-01-e1652084456514.png","width":3723,"height":1698,"caption":"BLOGIN.al"},"image":{"@id":"https:\/\/blogin.al\/#\/schema\/logo\/image\/"},"sameAs":["https:\/\/instagram.com\/blogin.al\/"]},{"@type":"Person","@id":"https:\/\/blogin.al\/#\/schema\/person\/abdd56bc912cd511db877b852b115399","name":"Blogin al","image":{"@type":"ImageObject","inLanguage":"en-US","@id":"https:\/\/secure.gravatar.com\/avatar\/60d5661aee6e835fb13dc75d2204cd0c1d61bef2efd137c0083e59ef831e235e?s=96&d=mm&r=g","url":"https:\/\/secure.gravatar.com\/avatar\/60d5661aee6e835fb13dc75d2204cd0c1d61bef2efd137c0083e59ef831e235e?s=96&d=mm&r=g","contentUrl":"https:\/\/secure.gravatar.com\/avatar\/60d5661aee6e835fb13dc75d2204cd0c1d61bef2efd137c0083e59ef831e235e?s=96&d=mm&r=g","caption":"Blogin al"},"sameAs":["https:\/\/blogin.al"],"url":"https:\/\/blogin.al\/?author=2"}]}},"_links":{"self":[{"href":"https:\/\/blogin.al\/index.php?rest_route=\/wp\/v2\/posts\/32881","targetHints":{"allow":["GET"]}}],"collection":[{"href":"https:\/\/blogin.al\/index.php?rest_route=\/wp\/v2\/posts"}],"about":[{"href":"https:\/\/blogin.al\/index.php?rest_route=\/wp\/v2\/types\/post"}],"author":[{"embeddable":true,"href":"https:\/\/blogin.al\/index.php?rest_route=\/wp\/v2\/users\/2"}],"replies":[{"embeddable":true,"href":"https:\/\/blogin.al\/index.php?rest_route=%2Fwp%2Fv2%2Fcomments&post=32881"}],"version-history":[{"count":1,"href":"https:\/\/blogin.al\/index.php?rest_route=\/wp\/v2\/posts\/32881\/revisions"}],"predecessor-version":[{"id":32883,"href":"https:\/\/blogin.al\/index.php?rest_route=\/wp\/v2\/posts\/32881\/revisions\/32883"}],"wp:featuredmedia":[{"embeddable":true,"href":"https:\/\/blogin.al\/index.php?rest_route=\/wp\/v2\/media\/32882"}],"wp:attachment":[{"href":"https:\/\/blogin.al\/index.php?rest_route=%2Fwp%2Fv2%2Fmedia&parent=32881"}],"wp:term":[{"taxonomy":"category","embeddable":true,"href":"https:\/\/blogin.al\/index.php?rest_route=%2Fwp%2Fv2%2Fcategories&post=32881"},{"taxonomy":"post_tag","embeddable":true,"href":"https:\/\/blogin.al\/index.php?rest_route=%2Fwp%2Fv2%2Ftags&post=32881"}],"curies":[{"name":"wp","href":"https:\/\/api.w.org\/{rel}","templated":true}]}}