{"id":33507,"date":"2023-06-30T17:04:51","date_gmt":"2023-06-30T17:04:51","guid":{"rendered":"https:\/\/blogin.al\/?p=33507"},"modified":"2023-06-30T17:04:52","modified_gmt":"2023-06-30T17:04:52","slug":"a-duhet-ta-perdorim-kremin-e-diellit-qe-kemi-nga-vjet-pergjigjet-dermatologia","status":"publish","type":"post","link":"https:\/\/blogin.al\/?p=33507","title":{"rendered":"A duhet ta p\u00ebrdorim kremin e diellit q\u00eb kemi nga vjet? P\u00ebrgjigjet dermatologia"},"content":{"rendered":"\n<p>Menj\u00ebher\u00eb sapo nis koha e plazhit, ne vrapojm\u00eb te kremi i mbetur p\u00ebrgjysm\u00eb nga viti i kaluar p\u00ebr ta p\u00ebrdorur rishtazi. Por prisni pak! A skadon kremi i diellit pas nj\u00eb viti? A \u00ebsht\u00eb e sigurt mbrojtja nga dielli edhe p\u00ebr k\u00ebt\u00eb vit?<\/p>\n\n\n\n<p>S\u00eb pari, disa nga bazat e nj\u00eb rutine t\u00eb fort\u00eb t\u00eb mbrojtjes nga dielli jan\u00eb:<\/p>\n\n\n\n<p>1: Ju e keni p\u00ebrdorur kremin p\u00ebrgjat\u00eb gjith\u00eb vitit (supozohet).<\/p>\n\n\n\n<p>2: E aplikoni kudo \u2013 madje edhe n\u00eb qepalla.<\/p>\n\n\n\n<p>3: Keni p\u00ebrdorur nj\u00eb krem me SPF t\u00eb lart\u00eb p\u00ebr mbrojtje optimale.<\/p>\n\n\n\n<p>4: Po p\u00ebrdorni kremra q\u00eb jan\u00eb akoma t\u00eb fresk\u00ebt (pra data e skadenc\u00ebs nuk \u00ebsht\u00eb afruar).<\/p>\n\n\n\n<p>\u201cKremrat e diellit skadojn\u00eb dhe absolutisht nuk duhet t\u00eb p\u00ebrdoren kurr\u00eb pas dat\u00ebs s\u00eb skadenc\u00ebs\u201d,- thot\u00eb p\u00ebr \u201cAllure\u201d Shari Marchbein, nj\u00eb dermatologe e certifikuar n\u00eb New York City. \u201cAshtu si ushqimi, rrezet e diellit mund t\u00eb ndikojn\u00eb keq edhe te p\u00ebrb\u00ebr\u00ebsit e kremit, duke i d\u00ebmtuar dhe holluar\u201d,- shpjegon ajo. \u201cKremrat, gjithashtu, b\u00ebhen m\u00eb pak efektiv\u00eb, pra kan\u00eb m\u00eb pak potencial t\u00eb t\u00eb mbrojn\u00eb nga djegiet e diellit, d\u00ebmtimet, njollat kafe, madje edhe nga rreziku p\u00ebr zhvillimin e kancerit t\u00eb l\u00ebkur\u00ebs.\u201c<\/p>\n\n\n\n<p>Pse nuk duhet t\u00eb p\u00ebrdorni nj\u00eb krem mbrojt\u00ebs t\u00eb skaduar?<\/p>\n\n\n\n<p>Ekzistojn\u00eb dy arsye themelore p\u00ebr k\u00ebt\u00eb:<\/p>\n\n\n\n<p>1. Nuk t\u00eb mbron. Nj\u00eb krem i skaduar do t\u00eb thot\u00eb q\u00eb produkti nuk arrin mbrojtje sa SPF q\u00eb ka t\u00eb deklaruar\u201d,- thot\u00eb Perry Romanowski, kimist kozmetik. Kjo vlen si p\u00ebr kremrat kimik\u00eb, ashtu edhe p\u00ebr ato minerale.<\/p>\n\n\n\n<p>2. Kremrat mbrojt\u00ebs kimik\u00eb, q\u00eb p\u00ebrmbajn\u00eb p\u00ebrb\u00ebr\u00ebs t\u00eb till\u00eb si oksibenzoni, avobenzoni dhe homosalati \u201cmund t\u00eb oksidohen dhe t\u00eb b\u00ebhen m\u00eb pak efektiv\u00eb\u201d,- shpjegon Romanowski. Kremrat mbrojt\u00ebs mineral\u00eb \u2013 ata me oksid zinku ose dioksid titaniumi n\u00eb etiket\u00eb \u2013 nuk e kan\u00eb k\u00ebt\u00eb problem, por edhe ato e humbasin efektin mbrojt\u00ebs. Kjo p\u00ebrfshin ndarjen e emulsionit, kokrriz\u00ebn, ndryshimin e ngjyr\u00ebs dhe t\u00eb arom\u00ebs etj.\u201d,- thot\u00eb Romanowski. \u201cK\u00ebshtu q\u00eb nd\u00ebrsa kremi kund\u00ebr diellit akoma duket se funksionon, mund t\u00eb mos p\u00ebrhapet si\u00e7 duhet n\u00eb l\u00ebkur\u00eb p\u00ebr t\u2019i siguruar asaj mbrojtje maksimale.\u201d<\/p>\n\n\n\n<p>Kjo na \u00e7on tek problemi i dyt\u00eb me kremin e skaduar. Edhe n\u00ebse kremi me SPF \u00ebsht\u00eb akoma teknikisht i mir\u00eb, ndryshimet n\u00eb formul\u00eb me kalimin e koh\u00ebs mund ta b\u00ebjn\u00eb at\u00eb si joefikas dhe problematik p\u00ebr l\u00ebkur\u00ebn. \u201cTrajtimi i kremit t\u00eb diellit me duar t\u00eb ndotura, hapja dhe mbyllja e shpesht\u00eb gjithashtu mund ta ekspozoj\u00eb kremin para baktereve\u201d,\u2013 thot\u00eb Erin Gilbert, dermatologe e certifikuar nga bordi n\u00eb New York City. Nd\u00ebrsa bakteret rriten brenda ambalazhit t\u00eb kremit, mund t\u00eb shkaktojn\u00eb ndarjen copa-copa, thot\u00eb ajo.<\/p>\n\n\n\n<p>Kur duhet ta z\u00ebvend\u00ebsoni kremin e diellit?<\/p>\n\n\n\n<p>Shumica e kremrave t\u00eb diellit jan\u00eb krijuar p\u00ebr t\u00eb zgjatur tre vjet, thot\u00eb Gilbert. Pra, gj\u00ebja e par\u00eb q\u00eb duhet t\u00eb b\u00ebni \u00ebsht\u00eb t\u00eb kontrolloni dat\u00ebn e skadimit (megjith\u00ebse jo t\u00eb gjitha markat e kan\u00eb, paralajm\u00ebron Gilbert).<\/p>\n\n\n\n<p>Por edhe n\u00ebse kremi \u00ebsht\u00eb i p\u00ebrdorsh\u00ebm vet\u00ebm p\u00ebr nj\u00eb vit, ka faktor\u00eb t\u00eb tjer\u00eb q\u00eb mund ta b\u00ebjn\u00eb SPF t\u00eb prishet m\u00eb shpejt sesa data e skadenc\u00ebs e vendosur n\u00eb ambalazh. \u201cN\u00ebse e ruani kremin n\u00eb vende t\u00eb ngrohta, si n\u00eb makin\u00eb, n\u00eb pishin\u00eb ose n\u00eb \u00e7ant\u00eb, ai do t\u00eb skadoj\u00eb m\u00eb shpejt p\u00ebr shkak t\u00eb nxeht\u00ebsis\u00eb\u201d,- thot\u00eb Gilbert. \u201cN\u00ebse \u00ebsht\u00eb ekspozuar i ndaj nxeht\u00ebsis\u00eb, duhet ta z\u00ebvend\u00ebsoni at\u00eb \u00e7do disa muaj, vet\u00ebm p\u00ebr t\u00eb qen\u00eb t\u00eb sigurt se \u00ebsht\u00eb akoma efektiv\u201d.<\/p>\n\n\n\n<p>Pavar\u00ebsisht nga data, gjithmon\u00eb provoni konsistenc\u00ebn e kremit p\u00ebrpara se ta p\u00ebrdorni. \u201cKontrolloni p\u00ebr ndryshime n\u00eb cil\u00ebsi, si shp\u00ebrb\u00ebrja n\u00eb copa ose ndarja e p\u00ebrb\u00ebr\u00ebsve, zbutja m\u00eb shum\u00eb se duhet (i holluar), ose ndryshimet n\u00eb er\u00eb\u201d,- thot\u00eb Gilbert. \u201cN\u00ebse kremi ka er\u00eb t\u00eb keqe dhe t\u00eb ndryshme nga e fillimit, ka t\u00eb ngjar\u00eb t\u00eb jet\u00eb kontaminuar me baktere. \u201cKjo vlen si p\u00ebr kremrat mineral\u00eb, ashtu edhe ata kimik\u00eb\u201d. N\u00eb fund t\u00eb fundit? Ekspert\u00ebt rekomandojn\u00eb ta z\u00ebvend\u00ebsoni kremin kund\u00ebr diellit \u00e7do vit. \u201cN\u00ebse e p\u00ebrdorni kremin si duhet dhe n\u00eb m\u00ebnyr\u00eb t\u00eb duhur, nj\u00eb krem nuk duhet t\u2019ju zgjas\u00eb shum\u00eb\u201d,\u2013 thot\u00eb Marchbein.<\/p>\n","protected":false},"excerpt":{"rendered":"<p>Menj\u00ebher\u00eb sapo nis koha e plazhit, ne vrapojm\u00eb te kremi i mbetur p\u00ebrgjysm\u00eb nga viti i kaluar p\u00ebr ta p\u00ebrdorur rishtazi. Por prisni pak! A skadon kremi i diellit pas nj\u00eb viti? A \u00ebsht\u00eb e sigurt mbrojtja nga dielli edhe p\u00ebr k\u00ebt\u00eb vit? S\u00eb pari, disa nga bazat e nj\u00eb rutine t\u00eb fort\u00eb t\u00eb mbrojtjes [&hellip;]<\/p>\n","protected":false},"author":2,"featured_media":33508,"comment_status":"open","ping_status":"open","sticky":false,"template":"","format":"standard","meta":{"footnotes":""},"categories":[28],"tags":[],"class_list":{"0":"post-33507","1":"post","2":"type-post","3":"status-publish","4":"format-standard","5":"has-post-thumbnail","7":"category-lifestyle"},"yoast_head":"<!-- This site is optimized with the Yoast SEO plugin v27.4 - https:\/\/yoast.com\/product\/yoast-seo-wordpress\/ -->\n<title>A duhet ta p\u00ebrdorim kremin e diellit q\u00eb kemi nga vjet? P\u00ebrgjigjet dermatologia - blogin.al<\/title>\n<meta name=\"robots\" content=\"index, follow, max-snippet:-1, max-image-preview:large, max-video-preview:-1\" \/>\n<link rel=\"canonical\" href=\"https:\/\/blogin.al\/?p=33507\" \/>\n<meta property=\"og:locale\" content=\"en_US\" \/>\n<meta property=\"og:type\" content=\"article\" \/>\n<meta property=\"og:title\" content=\"A duhet ta p\u00ebrdorim kremin e diellit q\u00eb kemi nga vjet? P\u00ebrgjigjet dermatologia - blogin.al\" \/>\n<meta property=\"og:description\" content=\"Menj\u00ebher\u00eb sapo nis koha e plazhit, ne vrapojm\u00eb te kremi i mbetur p\u00ebrgjysm\u00eb nga viti i kaluar p\u00ebr ta p\u00ebrdorur rishtazi. Por prisni pak! A skadon kremi i diellit pas nj\u00eb viti? A \u00ebsht\u00eb e sigurt mbrojtja nga dielli edhe p\u00ebr k\u00ebt\u00eb vit? S\u00eb pari, disa nga bazat e nj\u00eb rutine t\u00eb fort\u00eb t\u00eb mbrojtjes [&hellip;]\" \/>\n<meta property=\"og:url\" content=\"https:\/\/blogin.al\/?p=33507\" \/>\n<meta property=\"og:site_name\" content=\"blogin.al\" \/>\n<meta property=\"article:published_time\" content=\"2023-06-30T17:04:51+00:00\" \/>\n<meta property=\"article:modified_time\" content=\"2023-06-30T17:04:52+00:00\" \/>\n<meta property=\"og:image\" content=\"https:\/\/blogin.al\/wp-content\/uploads\/2023\/06\/Baby-wearing-sunscreen-58cd51c.jpg\" \/>\n\t<meta property=\"og:image:width\" content=\"1100\" \/>\n\t<meta property=\"og:image:height\" content=\"740\" \/>\n\t<meta property=\"og:image:type\" content=\"image\/jpeg\" \/>\n<meta name=\"author\" content=\"Blogin al\" \/>\n<meta name=\"twitter:card\" content=\"summary_large_image\" \/>\n<meta name=\"twitter:label1\" content=\"Written by\" \/>\n\t<meta name=\"twitter:data1\" content=\"Blogin al\" \/>\n\t<meta name=\"twitter:label2\" content=\"Est. reading time\" \/>\n\t<meta name=\"twitter:data2\" content=\"3 minutes\" \/>\n<script type=\"application\/ld+json\" class=\"yoast-schema-graph\">{\"@context\":\"https:\\\/\\\/schema.org\",\"@graph\":[{\"@type\":\"Article\",\"@id\":\"https:\\\/\\\/blogin.al\\\/?p=33507#article\",\"isPartOf\":{\"@id\":\"https:\\\/\\\/blogin.al\\\/?p=33507\"},\"author\":{\"name\":\"Blogin al\",\"@id\":\"https:\\\/\\\/blogin.al\\\/#\\\/schema\\\/person\\\/abdd56bc912cd511db877b852b115399\"},\"headline\":\"A duhet ta p\u00ebrdorim kremin e diellit q\u00eb kemi nga vjet? P\u00ebrgjigjet dermatologia\",\"datePublished\":\"2023-06-30T17:04:51+00:00\",\"dateModified\":\"2023-06-30T17:04:52+00:00\",\"mainEntityOfPage\":{\"@id\":\"https:\\\/\\\/blogin.al\\\/?p=33507\"},\"wordCount\":760,\"commentCount\":0,\"publisher\":{\"@id\":\"https:\\\/\\\/blogin.al\\\/#organization\"},\"image\":{\"@id\":\"https:\\\/\\\/blogin.al\\\/?p=33507#primaryimage\"},\"thumbnailUrl\":\"https:\\\/\\\/blogin.al\\\/wp-content\\\/uploads\\\/2023\\\/06\\\/Baby-wearing-sunscreen-58cd51c.jpg\",\"articleSection\":[\"LIFESTYLE\"],\"inLanguage\":\"en-US\",\"potentialAction\":[{\"@type\":\"CommentAction\",\"name\":\"Comment\",\"target\":[\"https:\\\/\\\/blogin.al\\\/?p=33507#respond\"]}]},{\"@type\":\"WebPage\",\"@id\":\"https:\\\/\\\/blogin.al\\\/?p=33507\",\"url\":\"https:\\\/\\\/blogin.al\\\/?p=33507\",\"name\":\"A duhet ta p\u00ebrdorim kremin e diellit q\u00eb kemi nga vjet? P\u00ebrgjigjet dermatologia - blogin.al\",\"isPartOf\":{\"@id\":\"https:\\\/\\\/blogin.al\\\/#website\"},\"primaryImageOfPage\":{\"@id\":\"https:\\\/\\\/blogin.al\\\/?p=33507#primaryimage\"},\"image\":{\"@id\":\"https:\\\/\\\/blogin.al\\\/?p=33507#primaryimage\"},\"thumbnailUrl\":\"https:\\\/\\\/blogin.al\\\/wp-content\\\/uploads\\\/2023\\\/06\\\/Baby-wearing-sunscreen-58cd51c.jpg\",\"datePublished\":\"2023-06-30T17:04:51+00:00\",\"dateModified\":\"2023-06-30T17:04:52+00:00\",\"breadcrumb\":{\"@id\":\"https:\\\/\\\/blogin.al\\\/?p=33507#breadcrumb\"},\"inLanguage\":\"en-US\",\"potentialAction\":[{\"@type\":\"ReadAction\",\"target\":[\"https:\\\/\\\/blogin.al\\\/?p=33507\"]}]},{\"@type\":\"ImageObject\",\"inLanguage\":\"en-US\",\"@id\":\"https:\\\/\\\/blogin.al\\\/?p=33507#primaryimage\",\"url\":\"https:\\\/\\\/blogin.al\\\/wp-content\\\/uploads\\\/2023\\\/06\\\/Baby-wearing-sunscreen-58cd51c.jpg\",\"contentUrl\":\"https:\\\/\\\/blogin.al\\\/wp-content\\\/uploads\\\/2023\\\/06\\\/Baby-wearing-sunscreen-58cd51c.jpg\",\"width\":1100,\"height\":740},{\"@type\":\"BreadcrumbList\",\"@id\":\"https:\\\/\\\/blogin.al\\\/?p=33507#breadcrumb\",\"itemListElement\":[{\"@type\":\"ListItem\",\"position\":1,\"name\":\"Home\",\"item\":\"https:\\\/\\\/blogin.al\\\/\"},{\"@type\":\"ListItem\",\"position\":2,\"name\":\"A duhet ta p\u00ebrdorim kremin e diellit q\u00eb kemi nga vjet? P\u00ebrgjigjet dermatologia\"}]},{\"@type\":\"WebSite\",\"@id\":\"https:\\\/\\\/blogin.al\\\/#website\",\"url\":\"https:\\\/\\\/blogin.al\\\/\",\"name\":\"blogin.al\",\"description\":\"\",\"publisher\":{\"@id\":\"https:\\\/\\\/blogin.al\\\/#organization\"},\"potentialAction\":[{\"@type\":\"SearchAction\",\"target\":{\"@type\":\"EntryPoint\",\"urlTemplate\":\"https:\\\/\\\/blogin.al\\\/?s={search_term_string}\"},\"query-input\":{\"@type\":\"PropertyValueSpecification\",\"valueRequired\":true,\"valueName\":\"search_term_string\"}}],\"inLanguage\":\"en-US\"},{\"@type\":\"Organization\",\"@id\":\"https:\\\/\\\/blogin.al\\\/#organization\",\"name\":\"BLOGIN.al\",\"url\":\"https:\\\/\\\/blogin.al\\\/\",\"logo\":{\"@type\":\"ImageObject\",\"inLanguage\":\"en-US\",\"@id\":\"https:\\\/\\\/blogin.al\\\/#\\\/schema\\\/logo\\\/image\\\/\",\"url\":\"https:\\\/\\\/blogin.al\\\/wp-content\\\/uploads\\\/2022\\\/05\\\/Untitled-2-01-e1652084456514.png\",\"contentUrl\":\"https:\\\/\\\/blogin.al\\\/wp-content\\\/uploads\\\/2022\\\/05\\\/Untitled-2-01-e1652084456514.png\",\"width\":3723,\"height\":1698,\"caption\":\"BLOGIN.al\"},\"image\":{\"@id\":\"https:\\\/\\\/blogin.al\\\/#\\\/schema\\\/logo\\\/image\\\/\"},\"sameAs\":[\"https:\\\/\\\/instagram.com\\\/blogin.al\\\/\"]},{\"@type\":\"Person\",\"@id\":\"https:\\\/\\\/blogin.al\\\/#\\\/schema\\\/person\\\/abdd56bc912cd511db877b852b115399\",\"name\":\"Blogin al\",\"image\":{\"@type\":\"ImageObject\",\"inLanguage\":\"en-US\",\"@id\":\"https:\\\/\\\/secure.gravatar.com\\\/avatar\\\/60d5661aee6e835fb13dc75d2204cd0c1d61bef2efd137c0083e59ef831e235e?s=96&d=mm&r=g\",\"url\":\"https:\\\/\\\/secure.gravatar.com\\\/avatar\\\/60d5661aee6e835fb13dc75d2204cd0c1d61bef2efd137c0083e59ef831e235e?s=96&d=mm&r=g\",\"contentUrl\":\"https:\\\/\\\/secure.gravatar.com\\\/avatar\\\/60d5661aee6e835fb13dc75d2204cd0c1d61bef2efd137c0083e59ef831e235e?s=96&d=mm&r=g\",\"caption\":\"Blogin al\"},\"sameAs\":[\"https:\\\/\\\/blogin.al\"],\"url\":\"https:\\\/\\\/blogin.al\\\/?author=2\"}]}<\/script>\n<!-- \/ Yoast SEO plugin. -->","yoast_head_json":{"title":"A duhet ta p\u00ebrdorim kremin e diellit q\u00eb kemi nga vjet? P\u00ebrgjigjet dermatologia - blogin.al","robots":{"index":"index","follow":"follow","max-snippet":"max-snippet:-1","max-image-preview":"max-image-preview:large","max-video-preview":"max-video-preview:-1"},"canonical":"https:\/\/blogin.al\/?p=33507","og_locale":"en_US","og_type":"article","og_title":"A duhet ta p\u00ebrdorim kremin e diellit q\u00eb kemi nga vjet? P\u00ebrgjigjet dermatologia - blogin.al","og_description":"Menj\u00ebher\u00eb sapo nis koha e plazhit, ne vrapojm\u00eb te kremi i mbetur p\u00ebrgjysm\u00eb nga viti i kaluar p\u00ebr ta p\u00ebrdorur rishtazi. Por prisni pak! A skadon kremi i diellit pas nj\u00eb viti? A \u00ebsht\u00eb e sigurt mbrojtja nga dielli edhe p\u00ebr k\u00ebt\u00eb vit? S\u00eb pari, disa nga bazat e nj\u00eb rutine t\u00eb fort\u00eb t\u00eb mbrojtjes [&hellip;]","og_url":"https:\/\/blogin.al\/?p=33507","og_site_name":"blogin.al","article_published_time":"2023-06-30T17:04:51+00:00","article_modified_time":"2023-06-30T17:04:52+00:00","og_image":[{"width":1100,"height":740,"url":"https:\/\/blogin.al\/wp-content\/uploads\/2023\/06\/Baby-wearing-sunscreen-58cd51c.jpg","type":"image\/jpeg"}],"author":"Blogin al","twitter_card":"summary_large_image","twitter_misc":{"Written by":"Blogin al","Est. reading time":"3 minutes"},"schema":{"@context":"https:\/\/schema.org","@graph":[{"@type":"Article","@id":"https:\/\/blogin.al\/?p=33507#article","isPartOf":{"@id":"https:\/\/blogin.al\/?p=33507"},"author":{"name":"Blogin al","@id":"https:\/\/blogin.al\/#\/schema\/person\/abdd56bc912cd511db877b852b115399"},"headline":"A duhet ta p\u00ebrdorim kremin e diellit q\u00eb kemi nga vjet? P\u00ebrgjigjet dermatologia","datePublished":"2023-06-30T17:04:51+00:00","dateModified":"2023-06-30T17:04:52+00:00","mainEntityOfPage":{"@id":"https:\/\/blogin.al\/?p=33507"},"wordCount":760,"commentCount":0,"publisher":{"@id":"https:\/\/blogin.al\/#organization"},"image":{"@id":"https:\/\/blogin.al\/?p=33507#primaryimage"},"thumbnailUrl":"https:\/\/blogin.al\/wp-content\/uploads\/2023\/06\/Baby-wearing-sunscreen-58cd51c.jpg","articleSection":["LIFESTYLE"],"inLanguage":"en-US","potentialAction":[{"@type":"CommentAction","name":"Comment","target":["https:\/\/blogin.al\/?p=33507#respond"]}]},{"@type":"WebPage","@id":"https:\/\/blogin.al\/?p=33507","url":"https:\/\/blogin.al\/?p=33507","name":"A duhet ta p\u00ebrdorim kremin e diellit q\u00eb kemi nga vjet? P\u00ebrgjigjet dermatologia - blogin.al","isPartOf":{"@id":"https:\/\/blogin.al\/#website"},"primaryImageOfPage":{"@id":"https:\/\/blogin.al\/?p=33507#primaryimage"},"image":{"@id":"https:\/\/blogin.al\/?p=33507#primaryimage"},"thumbnailUrl":"https:\/\/blogin.al\/wp-content\/uploads\/2023\/06\/Baby-wearing-sunscreen-58cd51c.jpg","datePublished":"2023-06-30T17:04:51+00:00","dateModified":"2023-06-30T17:04:52+00:00","breadcrumb":{"@id":"https:\/\/blogin.al\/?p=33507#breadcrumb"},"inLanguage":"en-US","potentialAction":[{"@type":"ReadAction","target":["https:\/\/blogin.al\/?p=33507"]}]},{"@type":"ImageObject","inLanguage":"en-US","@id":"https:\/\/blogin.al\/?p=33507#primaryimage","url":"https:\/\/blogin.al\/wp-content\/uploads\/2023\/06\/Baby-wearing-sunscreen-58cd51c.jpg","contentUrl":"https:\/\/blogin.al\/wp-content\/uploads\/2023\/06\/Baby-wearing-sunscreen-58cd51c.jpg","width":1100,"height":740},{"@type":"BreadcrumbList","@id":"https:\/\/blogin.al\/?p=33507#breadcrumb","itemListElement":[{"@type":"ListItem","position":1,"name":"Home","item":"https:\/\/blogin.al\/"},{"@type":"ListItem","position":2,"name":"A duhet ta p\u00ebrdorim kremin e diellit q\u00eb kemi nga vjet? P\u00ebrgjigjet dermatologia"}]},{"@type":"WebSite","@id":"https:\/\/blogin.al\/#website","url":"https:\/\/blogin.al\/","name":"blogin.al","description":"","publisher":{"@id":"https:\/\/blogin.al\/#organization"},"potentialAction":[{"@type":"SearchAction","target":{"@type":"EntryPoint","urlTemplate":"https:\/\/blogin.al\/?s={search_term_string}"},"query-input":{"@type":"PropertyValueSpecification","valueRequired":true,"valueName":"search_term_string"}}],"inLanguage":"en-US"},{"@type":"Organization","@id":"https:\/\/blogin.al\/#organization","name":"BLOGIN.al","url":"https:\/\/blogin.al\/","logo":{"@type":"ImageObject","inLanguage":"en-US","@id":"https:\/\/blogin.al\/#\/schema\/logo\/image\/","url":"https:\/\/blogin.al\/wp-content\/uploads\/2022\/05\/Untitled-2-01-e1652084456514.png","contentUrl":"https:\/\/blogin.al\/wp-content\/uploads\/2022\/05\/Untitled-2-01-e1652084456514.png","width":3723,"height":1698,"caption":"BLOGIN.al"},"image":{"@id":"https:\/\/blogin.al\/#\/schema\/logo\/image\/"},"sameAs":["https:\/\/instagram.com\/blogin.al\/"]},{"@type":"Person","@id":"https:\/\/blogin.al\/#\/schema\/person\/abdd56bc912cd511db877b852b115399","name":"Blogin al","image":{"@type":"ImageObject","inLanguage":"en-US","@id":"https:\/\/secure.gravatar.com\/avatar\/60d5661aee6e835fb13dc75d2204cd0c1d61bef2efd137c0083e59ef831e235e?s=96&d=mm&r=g","url":"https:\/\/secure.gravatar.com\/avatar\/60d5661aee6e835fb13dc75d2204cd0c1d61bef2efd137c0083e59ef831e235e?s=96&d=mm&r=g","contentUrl":"https:\/\/secure.gravatar.com\/avatar\/60d5661aee6e835fb13dc75d2204cd0c1d61bef2efd137c0083e59ef831e235e?s=96&d=mm&r=g","caption":"Blogin al"},"sameAs":["https:\/\/blogin.al"],"url":"https:\/\/blogin.al\/?author=2"}]}},"_links":{"self":[{"href":"https:\/\/blogin.al\/index.php?rest_route=\/wp\/v2\/posts\/33507","targetHints":{"allow":["GET"]}}],"collection":[{"href":"https:\/\/blogin.al\/index.php?rest_route=\/wp\/v2\/posts"}],"about":[{"href":"https:\/\/blogin.al\/index.php?rest_route=\/wp\/v2\/types\/post"}],"author":[{"embeddable":true,"href":"https:\/\/blogin.al\/index.php?rest_route=\/wp\/v2\/users\/2"}],"replies":[{"embeddable":true,"href":"https:\/\/blogin.al\/index.php?rest_route=%2Fwp%2Fv2%2Fcomments&post=33507"}],"version-history":[{"count":1,"href":"https:\/\/blogin.al\/index.php?rest_route=\/wp\/v2\/posts\/33507\/revisions"}],"predecessor-version":[{"id":33509,"href":"https:\/\/blogin.al\/index.php?rest_route=\/wp\/v2\/posts\/33507\/revisions\/33509"}],"wp:featuredmedia":[{"embeddable":true,"href":"https:\/\/blogin.al\/index.php?rest_route=\/wp\/v2\/media\/33508"}],"wp:attachment":[{"href":"https:\/\/blogin.al\/index.php?rest_route=%2Fwp%2Fv2%2Fmedia&parent=33507"}],"wp:term":[{"taxonomy":"category","embeddable":true,"href":"https:\/\/blogin.al\/index.php?rest_route=%2Fwp%2Fv2%2Fcategories&post=33507"},{"taxonomy":"post_tag","embeddable":true,"href":"https:\/\/blogin.al\/index.php?rest_route=%2Fwp%2Fv2%2Ftags&post=33507"}],"curies":[{"name":"wp","href":"https:\/\/api.w.org\/{rel}","templated":true}]}}