{"id":36093,"date":"2023-08-20T13:42:56","date_gmt":"2023-08-20T13:42:56","guid":{"rendered":"https:\/\/blogin.al\/?p=36093"},"modified":"2023-08-20T13:43:29","modified_gmt":"2023-08-20T13:43:29","slug":"varianti-i-ri-i-covid-po-perhapet-a-duhet-te-shqetesohemi","status":"publish","type":"post","link":"https:\/\/blogin.al\/?p=36093","title":{"rendered":"Varianti i ri i Covid po p\u00ebrhapet \u2013 A duhet t\u00eb shqet\u00ebsohemi?"},"content":{"rendered":"\n<p>Nj\u00eb variant i ri Covid po shkakton shqet\u00ebsim tek shkenc\u00ebtar\u00ebt p\u00ebr shkak t\u00eb numrit t\u00eb madh t\u00eb mutacioneve. Ky variant \u00ebsht\u00eb zbuluar n\u00eb disa vende t\u00eb bot\u00ebs s\u00eb fundmi edhe n\u00eb Lond\u00ebr.<\/p>\n\n\n\n<p>Nj\u00eb variant i ri Covid po shkakton shqet\u00ebsim tek shkenc\u00ebtar\u00ebt p\u00ebr shkak t\u00eb numrit t\u00eb madh t\u00eb mutacioneve. Ky variant \u00ebsht\u00eb zbuluar n\u00eb disa vende t\u00eb bot\u00ebs s\u00eb fundmi edhe n\u00eb Lond\u00ebr.<\/p>\n\n\n\n<p>I  pari u raportua n\u00eb Izrael, me variantin Eris, q\u00eb kur u zbulua n\u00eb Danimark\u00eb dhe SHBA.<\/p>\n\n\n\n<p>Ngjashm\u00ebria e sekuencave gjenetike n\u00eb vende t\u00eb ndryshme n\u00ebnkupton nj\u00eb shfaqje relativisht t\u00eb fundit dhe rritje t\u00eb shpejt\u00eb, megjith\u00ebse kjo \u00ebsht\u00eb ende nj\u00eb analiz\u00eb n\u00eb tentativ\u00eb duke pasur parasysh numrin e vog\u00ebl t\u00eb sekuencave q\u00eb jan\u00eb shfaqur aktualisht.<br><br>Organizata Bot\u00ebrore e Sh\u00ebndet\u00ebsis\u00eb njoftoi t\u00eb enjten se BA.2.86 i quajtur BA.X tashm\u00eb \u00ebsht\u00eb nj\u00eb \u201cvariant n\u00ebn monitorim\u201d, nd\u00ebrsa Qendrat e SHBA p\u00ebr Kontrollin dhe Parandalimin e S\u00ebmundjeve (CDC) kan\u00eb raportuar n\u00eb m\u00ebnyr\u00eb t\u00eb ngjashme se po e v\u00ebzhgojn\u00eb nga af\u00ebr variantin pasi ai u zbulua n\u00eb Michigan.<br><br>P\u00ebrve\u00e7 pyetjeve t\u00eb pazgjidhura mbi ashp\u00ebrsin\u00eb e variantit, \u00ebsht\u00eb e paqart\u00eb n\u00ebse ai do t\u00eb jet\u00eb nj\u00eb form\u00eb dominuese e virusit.<br><br>\u00cbsht\u00eb gjithashtu po aq e paqart\u00eb n\u00ebse BA.2.86 shkakton s\u00ebmundje m\u00eb t\u00eb r\u00ebnda, por zbulimi i tij n\u00eb disa vende i ka v\u00ebn\u00eb tashm\u00eb shkenc\u00ebtar\u00ebt n\u00eb gatishm\u00ebri.<br><br>Prof Francois Balloux, drejtor i Institutit t\u00eb Gjenetik\u00ebs UCL, tha se BA.2.86 ishte lloji m\u00eb \u2018i mrekulluesh\u00ebm\u201d i Covid q\u00eb bota ka d\u00ebshmuar q\u00eb nga shfaqja e Omicron.<br><br>\u201cSkenari m\u00eb i besuesh\u00ebm \u00ebsht\u00eb se linja e gjakut fitoi mutacionet e saj gjat\u00eb nj\u00eb infeksioni afatgjat\u00eb n\u00eb nj\u00eb person me imunitet t\u00eb kompromentuar m\u00eb shum\u00eb se nj\u00eb vit m\u00eb par\u00eb dhe m\u00eb pas u p\u00ebrhap p\u00ebrs\u00ebri n\u00eb komunitet,\u201d tha ai.<br><br>\u201cBA.2.86 q\u00eb at\u00ebher\u00eb me siguri ka qarkulluar n\u00eb nj\u00eb rajon t\u00eb bot\u00ebs me mbik\u00ebqyrje t\u00eb dob\u00ebt virale dhe tani \u00ebsht\u00eb eksportuar n\u00eb m\u00ebnyr\u00eb t\u00eb p\u00ebrs\u00ebritur n\u00eb vende t\u00eb tjera n\u00eb bot\u00eb.\u201d<br><br>Balloux shtoi se faktor \u00ebsht\u00eb varianti i ri n\u00eb krahasim me n\u00ebn variantet e tjera t\u00eb Omicron do t\u00eb b\u00ebhej m\u00eb e qart\u00eb n\u00eb jav\u00ebt e ardhshme.<br><br>\u201cAsgj\u00eb nuk dihet n\u00eb k\u00ebt\u00eb faz\u00eb p\u00ebr transmetueshm\u00ebrin\u00eb dhe virulenc\u00ebn e saj t\u00eb brendshme. Apriori, nuk pritet t\u00eb sillet ndryshe nga shtamet aktuale t\u00eb Omicron n\u00eb qarkullim\u201c, tha ai.<br><br>Prof Tom Wenseleers, nj\u00eb biolog evolucionar n\u00eb Universitetin Katolik t\u00eb Leuven n\u00eb Belgjik\u00eb, ishte dakord.<br><br>\u201cDo t\u00eb isha shum\u00eb i befasuar n\u00ebse nivelet e larta t\u00eb imunitetit t\u00eb popullsis\u00eb nuk do t\u00eb vazhdonin t\u00eb na mbronin mir\u00eb kund\u00ebr s\u00ebmundjeve t\u00eb r\u00ebnda.<\/p>\n","protected":false},"excerpt":{"rendered":"<p>Nj\u00eb variant i ri Covid po shkakton shqet\u00ebsim tek shkenc\u00ebtar\u00ebt p\u00ebr shkak t\u00eb numrit t\u00eb madh t\u00eb mutacioneve. Ky variant \u00ebsht\u00eb zbuluar n\u00eb disa vende t\u00eb bot\u00ebs s\u00eb fundmi edhe n\u00eb Lond\u00ebr. Nj\u00eb variant i ri Covid po shkakton shqet\u00ebsim tek shkenc\u00ebtar\u00ebt p\u00ebr shkak t\u00eb numrit t\u00eb madh t\u00eb mutacioneve. Ky variant \u00ebsht\u00eb zbuluar n\u00eb [&hellip;]<\/p>\n","protected":false},"author":2,"featured_media":36092,"comment_status":"open","ping_status":"open","sticky":false,"template":"","format":"standard","meta":{"footnotes":""},"categories":[40],"tags":[],"class_list":{"0":"post-36093","1":"post","2":"type-post","3":"status-publish","4":"format-standard","5":"has-post-thumbnail","7":"category-lajmet-e-dites"},"yoast_head":"<!-- This site is optimized with the Yoast SEO plugin v27.4 - https:\/\/yoast.com\/product\/yoast-seo-wordpress\/ -->\n<title>Varianti i ri i Covid po p\u00ebrhapet \u2013 A duhet t\u00eb shqet\u00ebsohemi? - blogin.al<\/title>\n<meta name=\"robots\" content=\"index, follow, max-snippet:-1, max-image-preview:large, max-video-preview:-1\" \/>\n<link rel=\"canonical\" href=\"https:\/\/blogin.al\/?p=36093\" \/>\n<meta property=\"og:locale\" content=\"en_US\" \/>\n<meta property=\"og:type\" content=\"article\" \/>\n<meta property=\"og:title\" content=\"Varianti i ri i Covid po p\u00ebrhapet \u2013 A duhet t\u00eb shqet\u00ebsohemi? - blogin.al\" \/>\n<meta property=\"og:description\" content=\"Nj\u00eb variant i ri Covid po shkakton shqet\u00ebsim tek shkenc\u00ebtar\u00ebt p\u00ebr shkak t\u00eb numrit t\u00eb madh t\u00eb mutacioneve. Ky variant \u00ebsht\u00eb zbuluar n\u00eb disa vende t\u00eb bot\u00ebs s\u00eb fundmi edhe n\u00eb Lond\u00ebr. Nj\u00eb variant i ri Covid po shkakton shqet\u00ebsim tek shkenc\u00ebtar\u00ebt p\u00ebr shkak t\u00eb numrit t\u00eb madh t\u00eb mutacioneve. Ky variant \u00ebsht\u00eb zbuluar n\u00eb [&hellip;]\" \/>\n<meta property=\"og:url\" content=\"https:\/\/blogin.al\/?p=36093\" \/>\n<meta property=\"og:site_name\" content=\"blogin.al\" \/>\n<meta property=\"article:published_time\" content=\"2023-08-20T13:42:56+00:00\" \/>\n<meta property=\"article:modified_time\" content=\"2023-08-20T13:43:29+00:00\" \/>\n<meta property=\"og:image\" content=\"https:\/\/blogin.al\/wp-content\/uploads\/2023\/08\/coronavirus-2.tmb-479v.jpg\" \/>\n\t<meta property=\"og:image:width\" content=\"479\" \/>\n\t<meta property=\"og:image:height\" content=\"318\" \/>\n\t<meta property=\"og:image:type\" content=\"image\/jpeg\" \/>\n<meta name=\"author\" content=\"Blogin al\" \/>\n<meta name=\"twitter:card\" content=\"summary_large_image\" \/>\n<meta name=\"twitter:label1\" content=\"Written by\" \/>\n\t<meta name=\"twitter:data1\" content=\"Blogin al\" \/>\n\t<meta name=\"twitter:label2\" content=\"Est. reading time\" \/>\n\t<meta name=\"twitter:data2\" content=\"2 minutes\" \/>\n<script type=\"application\/ld+json\" class=\"yoast-schema-graph\">{\"@context\":\"https:\\\/\\\/schema.org\",\"@graph\":[{\"@type\":\"Article\",\"@id\":\"https:\\\/\\\/blogin.al\\\/?p=36093#article\",\"isPartOf\":{\"@id\":\"https:\\\/\\\/blogin.al\\\/?p=36093\"},\"author\":{\"name\":\"Blogin al\",\"@id\":\"https:\\\/\\\/blogin.al\\\/#\\\/schema\\\/person\\\/abdd56bc912cd511db877b852b115399\"},\"headline\":\"Varianti i ri i Covid po p\u00ebrhapet \u2013 A duhet t\u00eb shqet\u00ebsohemi?\",\"datePublished\":\"2023-08-20T13:42:56+00:00\",\"dateModified\":\"2023-08-20T13:43:29+00:00\",\"mainEntityOfPage\":{\"@id\":\"https:\\\/\\\/blogin.al\\\/?p=36093\"},\"wordCount\":487,\"commentCount\":0,\"publisher\":{\"@id\":\"https:\\\/\\\/blogin.al\\\/#organization\"},\"image\":{\"@id\":\"https:\\\/\\\/blogin.al\\\/?p=36093#primaryimage\"},\"thumbnailUrl\":\"https:\\\/\\\/blogin.al\\\/wp-content\\\/uploads\\\/2023\\\/08\\\/coronavirus-2.tmb-479v.jpg\",\"articleSection\":[\"LAJMET E DITES\"],\"inLanguage\":\"en-US\",\"potentialAction\":[{\"@type\":\"CommentAction\",\"name\":\"Comment\",\"target\":[\"https:\\\/\\\/blogin.al\\\/?p=36093#respond\"]}]},{\"@type\":\"WebPage\",\"@id\":\"https:\\\/\\\/blogin.al\\\/?p=36093\",\"url\":\"https:\\\/\\\/blogin.al\\\/?p=36093\",\"name\":\"Varianti i ri i Covid po p\u00ebrhapet \u2013 A duhet t\u00eb shqet\u00ebsohemi? - blogin.al\",\"isPartOf\":{\"@id\":\"https:\\\/\\\/blogin.al\\\/#website\"},\"primaryImageOfPage\":{\"@id\":\"https:\\\/\\\/blogin.al\\\/?p=36093#primaryimage\"},\"image\":{\"@id\":\"https:\\\/\\\/blogin.al\\\/?p=36093#primaryimage\"},\"thumbnailUrl\":\"https:\\\/\\\/blogin.al\\\/wp-content\\\/uploads\\\/2023\\\/08\\\/coronavirus-2.tmb-479v.jpg\",\"datePublished\":\"2023-08-20T13:42:56+00:00\",\"dateModified\":\"2023-08-20T13:43:29+00:00\",\"breadcrumb\":{\"@id\":\"https:\\\/\\\/blogin.al\\\/?p=36093#breadcrumb\"},\"inLanguage\":\"en-US\",\"potentialAction\":[{\"@type\":\"ReadAction\",\"target\":[\"https:\\\/\\\/blogin.al\\\/?p=36093\"]}]},{\"@type\":\"ImageObject\",\"inLanguage\":\"en-US\",\"@id\":\"https:\\\/\\\/blogin.al\\\/?p=36093#primaryimage\",\"url\":\"https:\\\/\\\/blogin.al\\\/wp-content\\\/uploads\\\/2023\\\/08\\\/coronavirus-2.tmb-479v.jpg\",\"contentUrl\":\"https:\\\/\\\/blogin.al\\\/wp-content\\\/uploads\\\/2023\\\/08\\\/coronavirus-2.tmb-479v.jpg\",\"width\":479,\"height\":318},{\"@type\":\"BreadcrumbList\",\"@id\":\"https:\\\/\\\/blogin.al\\\/?p=36093#breadcrumb\",\"itemListElement\":[{\"@type\":\"ListItem\",\"position\":1,\"name\":\"Home\",\"item\":\"https:\\\/\\\/blogin.al\\\/\"},{\"@type\":\"ListItem\",\"position\":2,\"name\":\"Varianti i ri i Covid po p\u00ebrhapet \u2013 A duhet t\u00eb shqet\u00ebsohemi?\"}]},{\"@type\":\"WebSite\",\"@id\":\"https:\\\/\\\/blogin.al\\\/#website\",\"url\":\"https:\\\/\\\/blogin.al\\\/\",\"name\":\"blogin.al\",\"description\":\"\",\"publisher\":{\"@id\":\"https:\\\/\\\/blogin.al\\\/#organization\"},\"potentialAction\":[{\"@type\":\"SearchAction\",\"target\":{\"@type\":\"EntryPoint\",\"urlTemplate\":\"https:\\\/\\\/blogin.al\\\/?s={search_term_string}\"},\"query-input\":{\"@type\":\"PropertyValueSpecification\",\"valueRequired\":true,\"valueName\":\"search_term_string\"}}],\"inLanguage\":\"en-US\"},{\"@type\":\"Organization\",\"@id\":\"https:\\\/\\\/blogin.al\\\/#organization\",\"name\":\"BLOGIN.al\",\"url\":\"https:\\\/\\\/blogin.al\\\/\",\"logo\":{\"@type\":\"ImageObject\",\"inLanguage\":\"en-US\",\"@id\":\"https:\\\/\\\/blogin.al\\\/#\\\/schema\\\/logo\\\/image\\\/\",\"url\":\"https:\\\/\\\/blogin.al\\\/wp-content\\\/uploads\\\/2022\\\/05\\\/Untitled-2-01-e1652084456514.png\",\"contentUrl\":\"https:\\\/\\\/blogin.al\\\/wp-content\\\/uploads\\\/2022\\\/05\\\/Untitled-2-01-e1652084456514.png\",\"width\":3723,\"height\":1698,\"caption\":\"BLOGIN.al\"},\"image\":{\"@id\":\"https:\\\/\\\/blogin.al\\\/#\\\/schema\\\/logo\\\/image\\\/\"},\"sameAs\":[\"https:\\\/\\\/instagram.com\\\/blogin.al\\\/\"]},{\"@type\":\"Person\",\"@id\":\"https:\\\/\\\/blogin.al\\\/#\\\/schema\\\/person\\\/abdd56bc912cd511db877b852b115399\",\"name\":\"Blogin al\",\"image\":{\"@type\":\"ImageObject\",\"inLanguage\":\"en-US\",\"@id\":\"https:\\\/\\\/secure.gravatar.com\\\/avatar\\\/60d5661aee6e835fb13dc75d2204cd0c1d61bef2efd137c0083e59ef831e235e?s=96&d=mm&r=g\",\"url\":\"https:\\\/\\\/secure.gravatar.com\\\/avatar\\\/60d5661aee6e835fb13dc75d2204cd0c1d61bef2efd137c0083e59ef831e235e?s=96&d=mm&r=g\",\"contentUrl\":\"https:\\\/\\\/secure.gravatar.com\\\/avatar\\\/60d5661aee6e835fb13dc75d2204cd0c1d61bef2efd137c0083e59ef831e235e?s=96&d=mm&r=g\",\"caption\":\"Blogin al\"},\"sameAs\":[\"https:\\\/\\\/blogin.al\"],\"url\":\"https:\\\/\\\/blogin.al\\\/?author=2\"}]}<\/script>\n<!-- \/ Yoast SEO plugin. -->","yoast_head_json":{"title":"Varianti i ri i Covid po p\u00ebrhapet \u2013 A duhet t\u00eb shqet\u00ebsohemi? - blogin.al","robots":{"index":"index","follow":"follow","max-snippet":"max-snippet:-1","max-image-preview":"max-image-preview:large","max-video-preview":"max-video-preview:-1"},"canonical":"https:\/\/blogin.al\/?p=36093","og_locale":"en_US","og_type":"article","og_title":"Varianti i ri i Covid po p\u00ebrhapet \u2013 A duhet t\u00eb shqet\u00ebsohemi? - blogin.al","og_description":"Nj\u00eb variant i ri Covid po shkakton shqet\u00ebsim tek shkenc\u00ebtar\u00ebt p\u00ebr shkak t\u00eb numrit t\u00eb madh t\u00eb mutacioneve. Ky variant \u00ebsht\u00eb zbuluar n\u00eb disa vende t\u00eb bot\u00ebs s\u00eb fundmi edhe n\u00eb Lond\u00ebr. Nj\u00eb variant i ri Covid po shkakton shqet\u00ebsim tek shkenc\u00ebtar\u00ebt p\u00ebr shkak t\u00eb numrit t\u00eb madh t\u00eb mutacioneve. Ky variant \u00ebsht\u00eb zbuluar n\u00eb [&hellip;]","og_url":"https:\/\/blogin.al\/?p=36093","og_site_name":"blogin.al","article_published_time":"2023-08-20T13:42:56+00:00","article_modified_time":"2023-08-20T13:43:29+00:00","og_image":[{"width":479,"height":318,"url":"https:\/\/blogin.al\/wp-content\/uploads\/2023\/08\/coronavirus-2.tmb-479v.jpg","type":"image\/jpeg"}],"author":"Blogin al","twitter_card":"summary_large_image","twitter_misc":{"Written by":"Blogin al","Est. reading time":"2 minutes"},"schema":{"@context":"https:\/\/schema.org","@graph":[{"@type":"Article","@id":"https:\/\/blogin.al\/?p=36093#article","isPartOf":{"@id":"https:\/\/blogin.al\/?p=36093"},"author":{"name":"Blogin al","@id":"https:\/\/blogin.al\/#\/schema\/person\/abdd56bc912cd511db877b852b115399"},"headline":"Varianti i ri i Covid po p\u00ebrhapet \u2013 A duhet t\u00eb shqet\u00ebsohemi?","datePublished":"2023-08-20T13:42:56+00:00","dateModified":"2023-08-20T13:43:29+00:00","mainEntityOfPage":{"@id":"https:\/\/blogin.al\/?p=36093"},"wordCount":487,"commentCount":0,"publisher":{"@id":"https:\/\/blogin.al\/#organization"},"image":{"@id":"https:\/\/blogin.al\/?p=36093#primaryimage"},"thumbnailUrl":"https:\/\/blogin.al\/wp-content\/uploads\/2023\/08\/coronavirus-2.tmb-479v.jpg","articleSection":["LAJMET E DITES"],"inLanguage":"en-US","potentialAction":[{"@type":"CommentAction","name":"Comment","target":["https:\/\/blogin.al\/?p=36093#respond"]}]},{"@type":"WebPage","@id":"https:\/\/blogin.al\/?p=36093","url":"https:\/\/blogin.al\/?p=36093","name":"Varianti i ri i Covid po p\u00ebrhapet \u2013 A duhet t\u00eb shqet\u00ebsohemi? - blogin.al","isPartOf":{"@id":"https:\/\/blogin.al\/#website"},"primaryImageOfPage":{"@id":"https:\/\/blogin.al\/?p=36093#primaryimage"},"image":{"@id":"https:\/\/blogin.al\/?p=36093#primaryimage"},"thumbnailUrl":"https:\/\/blogin.al\/wp-content\/uploads\/2023\/08\/coronavirus-2.tmb-479v.jpg","datePublished":"2023-08-20T13:42:56+00:00","dateModified":"2023-08-20T13:43:29+00:00","breadcrumb":{"@id":"https:\/\/blogin.al\/?p=36093#breadcrumb"},"inLanguage":"en-US","potentialAction":[{"@type":"ReadAction","target":["https:\/\/blogin.al\/?p=36093"]}]},{"@type":"ImageObject","inLanguage":"en-US","@id":"https:\/\/blogin.al\/?p=36093#primaryimage","url":"https:\/\/blogin.al\/wp-content\/uploads\/2023\/08\/coronavirus-2.tmb-479v.jpg","contentUrl":"https:\/\/blogin.al\/wp-content\/uploads\/2023\/08\/coronavirus-2.tmb-479v.jpg","width":479,"height":318},{"@type":"BreadcrumbList","@id":"https:\/\/blogin.al\/?p=36093#breadcrumb","itemListElement":[{"@type":"ListItem","position":1,"name":"Home","item":"https:\/\/blogin.al\/"},{"@type":"ListItem","position":2,"name":"Varianti i ri i Covid po p\u00ebrhapet \u2013 A duhet t\u00eb shqet\u00ebsohemi?"}]},{"@type":"WebSite","@id":"https:\/\/blogin.al\/#website","url":"https:\/\/blogin.al\/","name":"blogin.al","description":"","publisher":{"@id":"https:\/\/blogin.al\/#organization"},"potentialAction":[{"@type":"SearchAction","target":{"@type":"EntryPoint","urlTemplate":"https:\/\/blogin.al\/?s={search_term_string}"},"query-input":{"@type":"PropertyValueSpecification","valueRequired":true,"valueName":"search_term_string"}}],"inLanguage":"en-US"},{"@type":"Organization","@id":"https:\/\/blogin.al\/#organization","name":"BLOGIN.al","url":"https:\/\/blogin.al\/","logo":{"@type":"ImageObject","inLanguage":"en-US","@id":"https:\/\/blogin.al\/#\/schema\/logo\/image\/","url":"https:\/\/blogin.al\/wp-content\/uploads\/2022\/05\/Untitled-2-01-e1652084456514.png","contentUrl":"https:\/\/blogin.al\/wp-content\/uploads\/2022\/05\/Untitled-2-01-e1652084456514.png","width":3723,"height":1698,"caption":"BLOGIN.al"},"image":{"@id":"https:\/\/blogin.al\/#\/schema\/logo\/image\/"},"sameAs":["https:\/\/instagram.com\/blogin.al\/"]},{"@type":"Person","@id":"https:\/\/blogin.al\/#\/schema\/person\/abdd56bc912cd511db877b852b115399","name":"Blogin al","image":{"@type":"ImageObject","inLanguage":"en-US","@id":"https:\/\/secure.gravatar.com\/avatar\/60d5661aee6e835fb13dc75d2204cd0c1d61bef2efd137c0083e59ef831e235e?s=96&d=mm&r=g","url":"https:\/\/secure.gravatar.com\/avatar\/60d5661aee6e835fb13dc75d2204cd0c1d61bef2efd137c0083e59ef831e235e?s=96&d=mm&r=g","contentUrl":"https:\/\/secure.gravatar.com\/avatar\/60d5661aee6e835fb13dc75d2204cd0c1d61bef2efd137c0083e59ef831e235e?s=96&d=mm&r=g","caption":"Blogin al"},"sameAs":["https:\/\/blogin.al"],"url":"https:\/\/blogin.al\/?author=2"}]}},"_links":{"self":[{"href":"https:\/\/blogin.al\/index.php?rest_route=\/wp\/v2\/posts\/36093","targetHints":{"allow":["GET"]}}],"collection":[{"href":"https:\/\/blogin.al\/index.php?rest_route=\/wp\/v2\/posts"}],"about":[{"href":"https:\/\/blogin.al\/index.php?rest_route=\/wp\/v2\/types\/post"}],"author":[{"embeddable":true,"href":"https:\/\/blogin.al\/index.php?rest_route=\/wp\/v2\/users\/2"}],"replies":[{"embeddable":true,"href":"https:\/\/blogin.al\/index.php?rest_route=%2Fwp%2Fv2%2Fcomments&post=36093"}],"version-history":[{"count":1,"href":"https:\/\/blogin.al\/index.php?rest_route=\/wp\/v2\/posts\/36093\/revisions"}],"predecessor-version":[{"id":36094,"href":"https:\/\/blogin.al\/index.php?rest_route=\/wp\/v2\/posts\/36093\/revisions\/36094"}],"wp:featuredmedia":[{"embeddable":true,"href":"https:\/\/blogin.al\/index.php?rest_route=\/wp\/v2\/media\/36092"}],"wp:attachment":[{"href":"https:\/\/blogin.al\/index.php?rest_route=%2Fwp%2Fv2%2Fmedia&parent=36093"}],"wp:term":[{"taxonomy":"category","embeddable":true,"href":"https:\/\/blogin.al\/index.php?rest_route=%2Fwp%2Fv2%2Fcategories&post=36093"},{"taxonomy":"post_tag","embeddable":true,"href":"https:\/\/blogin.al\/index.php?rest_route=%2Fwp%2Fv2%2Ftags&post=36093"}],"curies":[{"name":"wp","href":"https:\/\/api.w.org\/{rel}","templated":true}]}}