{"id":37222,"date":"2023-09-12T12:27:44","date_gmt":"2023-09-12T12:27:44","guid":{"rendered":"https:\/\/blogin.al\/?p=37222"},"modified":"2023-09-12T16:47:42","modified_gmt":"2023-09-12T16:47:42","slug":"apple-lancon-sot-iphone-15-ja-te-rejat-dhe-perditesimet-qe-do-te-sjelle-kompania-me-e-njohur-teknologjike","status":"publish","type":"post","link":"https:\/\/blogin.al\/?p=37222","title":{"rendered":"\u2018Apple\u2019 lan\u00e7on sot iphone 15\/ Ja t\u00eb rejat dhe p\u00ebrdit\u00ebsimet q\u00eb do t\u00eb sjell\u00eb kompania m\u00eb e njohur teknologjike"},"content":{"rendered":"\n<p>Kompania e njohur \u2018Apple\u2019 do t\u00eb lan\u00e7oj\u00eb iPhone 15 dit\u00ebn e sotme (12 shtator) n\u00eb or\u00ebn 7 t\u00eb pasdites. N\u00eb t\u00eb nj\u00ebjt\u00ebn koh\u00eb, ka t\u00eb ngjar\u00eb t\u00eb shohim nj\u00eb Apple Watch t\u00eb ri dhe ndoshta edhe disa nga prodhimet e tjera t\u00eb kompanis\u00eb teknologjike.<\/p>\n\n\n\n<p>Apple nuk ka mbajtur nj\u00eb event t\u00eb drejtp\u00ebrdrejt\u00eb q\u00eb nga shtatori i vitit 2019. Thuhet se kjo gj\u00eb do t\u00eb ndodh\u00eb s\u00ebrish, me njer\u00ebzit q\u00eb mblidhen n\u00eb Apple Park p\u00ebr t\u00eb par\u00eb t\u00eb nj\u00ebjt\u00ebn video q\u00eb Apple do t\u2019i tregoj\u00eb pjes\u00ebs tjet\u00ebr t\u00eb bot\u00ebs.<\/p>\n\n\n\n<p>Pritet q\u00eb iPhone 15 Pro i ri dhe iPhone 15 Pro Max t\u00eb jen\u00eb kryesor\u00ebt e ngjarjes, ku gjithashtu do t\u00eb jet\u00eb dhe lan\u00e7imi i iPhone 15 dhe 15 Plus, por ka t\u00eb ngjar\u00eb q\u00eb produkte t\u00eb tjera t\u00eb reja t\u00eb lan\u00e7ohen si: Apple Watch Series 9 dhe Apple Watch Ultra 2.<\/p>\n\n\n\n<p>Mund t\u00eb shohim gjithashtu nj\u00eb iPad mini t\u00eb ri dhe AirPods Lite t\u00eb p\u00ebrfolur prej koh\u00ebsh.<\/p>\n\n\n\n<p>N\u00eb eventin e iPhone, Apple ka t\u00eb ngjar\u00eb t\u00eb njoftoj\u00eb gjithashtu dat\u00ebn kur do t\u00eb l\u00ebshoj\u00eb sistemet e reja operative iOS 17 dhe WatchOS 10, me shum\u00eb gjasa disa dit\u00eb pas lan\u00e7imit. Mund t\u00eb marrim gjithashtu nj\u00eb dat\u00eb shkarkimi p\u00ebr iPadOS 17, i cili zakonisht l\u00ebshohet n\u00eb t\u00eb nj\u00ebjt\u00ebn koh\u00eb me iOS, por ndonj\u00ebher\u00eb iPadOS nis pak m\u00eb von\u00eb. Apple gjithashtu ka t\u00eb ngjar\u00eb t\u00eb zbuloj\u00eb se kur do t\u00eb jen\u00eb t\u00eb disponueshme p\u00ebrdit\u00ebsimet e radh\u00ebs p\u00ebr softuerin tvOS dhe HomePod.<\/p>\n\n\n\n<p><strong>K\u00ebtu \u00ebsht\u00eb gjith\u00e7ka q\u00eb pritet nga ngjarja e Apple:<\/strong><\/p>\n\n\n\n<p><em>iPhone 15, Plus, Pro dhe Max (ose ndoshta Ultra)<\/em><\/p>\n\n\n\n<p>Duket se do t\u00eb marrim kat\u00ebr iPhone t\u00eb rinj k\u00ebt\u00eb vit, nj\u00eb linj\u00eb t\u00eb ngjashme me vitin 2022, me nj\u00eb iPhone standard 15 dhe nj\u00eb model m\u00eb t\u00eb madh Plus dhe nj\u00eb iPhone 15 Pro m\u00eb t\u00eb avancuar dhe Max m\u00eb t\u00eb madh. Ka z\u00ebra se Max mund t\u00eb b\u00ebhet Ultra. Thuhet se modelet Pro jan\u00eb ato q\u00eb marrin shumic\u00ebn e ve\u00e7orive t\u00eb reja, si zakonisht, edhe pse mund t\u00eb ndodh\u00eb q\u00eb modeli i madh\u00ebsis\u00eb Max t\u00eb marr\u00eb ve\u00e7ori t\u00eb reja q\u00eb Pro humbasin.<\/p>\n\n\n\n<p><em>Apple Watch Series 9, Apple Watch Ultra<\/em><\/p>\n\n\n\n<p>Me sa duket, ka m\u00eb shum\u00eb se nj\u00eb Apple \u00cbatch n\u00eb gatishm\u00ebri. Nj\u00eb Apple Watch 9 dhe nj\u00eb Apple Watch Ultra e re do t\u00eb vijn\u00eb me nj\u00eb \u00e7ip t\u00eb ri, por jo shum\u00eb m\u00eb tep\u00ebr.<\/p>\n\n\n\n<p><em>iPad mini<\/em><\/p>\n\n\n\n<p>Kjo nuk \u00ebsht\u00eb aq e sigurt sa iPhone dhe Or\u00ebt, por ne mund t\u00eb shohim nj\u00eb lan\u00e7im t\u00eb ri iPad mini n\u00eb ngjarjen e shtatorit.<\/p>\n\n\n\n<p><em>AirPods<\/em><\/p>\n\n\n\n<p>AirPods Max ka nevoj\u00eb p\u00ebr nj\u00eb p\u00ebrdit\u00ebsim.<\/p>\n\n\n\n<p>Thuhet se p\u00ebr AirPods Lite, jan\u00eb kufje q\u00eb do t\u00eb kushtojn\u00eb 99 dollar\u00eb. Thjesht mund t\u00eb shohim nj\u00eb p\u00ebrdit\u00ebsim t\u00eb vog\u00ebl t\u00eb lidhur me USB-C.<\/p>\n","protected":false},"excerpt":{"rendered":"<p>Kompania e njohur \u2018Apple\u2019 do t\u00eb lan\u00e7oj\u00eb iPhone 15 dit\u00ebn e sotme (12 shtator) n\u00eb or\u00ebn 7 t\u00eb pasdites. N\u00eb t\u00eb nj\u00ebjt\u00ebn koh\u00eb, ka t\u00eb ngjar\u00eb t\u00eb shohim nj\u00eb Apple Watch t\u00eb ri dhe ndoshta edhe disa nga prodhimet e tjera t\u00eb kompanis\u00eb teknologjike. Apple nuk ka mbajtur nj\u00eb event t\u00eb drejtp\u00ebrdrejt\u00eb q\u00eb nga shtatori [&hellip;]<\/p>\n","protected":false},"author":2,"featured_media":37228,"comment_status":"open","ping_status":"open","sticky":false,"template":"","format":"standard","meta":{"footnotes":""},"categories":[28,33],"tags":[],"class_list":{"0":"post-37222","1":"post","2":"type-post","3":"status-publish","4":"format-standard","5":"has-post-thumbnail","7":"category-lifestyle","8":"category-showbiz"},"yoast_head":"<!-- This site is optimized with the Yoast SEO plugin v27.4 - https:\/\/yoast.com\/product\/yoast-seo-wordpress\/ -->\n<title>\u2018Apple\u2019 lan\u00e7on sot iphone 15\/ Ja t\u00eb rejat dhe p\u00ebrdit\u00ebsimet q\u00eb do t\u00eb sjell\u00eb kompania m\u00eb e njohur teknologjike - blogin.al<\/title>\n<meta name=\"robots\" content=\"index, follow, max-snippet:-1, max-image-preview:large, max-video-preview:-1\" \/>\n<link rel=\"canonical\" href=\"https:\/\/blogin.al\/?p=37222\" \/>\n<meta property=\"og:locale\" content=\"en_US\" \/>\n<meta property=\"og:type\" content=\"article\" \/>\n<meta property=\"og:title\" content=\"\u2018Apple\u2019 lan\u00e7on sot iphone 15\/ Ja t\u00eb rejat dhe p\u00ebrdit\u00ebsimet q\u00eb do t\u00eb sjell\u00eb kompania m\u00eb e njohur teknologjike - blogin.al\" \/>\n<meta property=\"og:description\" content=\"Kompania e njohur \u2018Apple\u2019 do t\u00eb lan\u00e7oj\u00eb iPhone 15 dit\u00ebn e sotme (12 shtator) n\u00eb or\u00ebn 7 t\u00eb pasdites. N\u00eb t\u00eb nj\u00ebjt\u00ebn koh\u00eb, ka t\u00eb ngjar\u00eb t\u00eb shohim nj\u00eb Apple Watch t\u00eb ri dhe ndoshta edhe disa nga prodhimet e tjera t\u00eb kompanis\u00eb teknologjike. Apple nuk ka mbajtur nj\u00eb event t\u00eb drejtp\u00ebrdrejt\u00eb q\u00eb nga shtatori [&hellip;]\" \/>\n<meta property=\"og:url\" content=\"https:\/\/blogin.al\/?p=37222\" \/>\n<meta property=\"og:site_name\" content=\"blogin.al\" \/>\n<meta property=\"article:published_time\" content=\"2023-09-12T12:27:44+00:00\" \/>\n<meta property=\"article:modified_time\" content=\"2023-09-12T16:47:42+00:00\" \/>\n<meta property=\"og:image\" content=\"https:\/\/blogin.al\/wp-content\/uploads\/2023\/09\/0x0.jpg\" \/>\n\t<meta property=\"og:image:width\" content=\"924\" \/>\n\t<meta property=\"og:image:height\" content=\"693\" \/>\n\t<meta property=\"og:image:type\" content=\"image\/jpeg\" \/>\n<meta name=\"author\" content=\"Blogin al\" \/>\n<meta name=\"twitter:card\" content=\"summary_large_image\" \/>\n<meta name=\"twitter:label1\" content=\"Written by\" \/>\n\t<meta name=\"twitter:data1\" content=\"Blogin al\" \/>\n\t<meta name=\"twitter:label2\" content=\"Est. reading time\" \/>\n\t<meta name=\"twitter:data2\" content=\"2 minutes\" \/>\n<script type=\"application\/ld+json\" class=\"yoast-schema-graph\">{\"@context\":\"https:\\\/\\\/schema.org\",\"@graph\":[{\"@type\":\"Article\",\"@id\":\"https:\\\/\\\/blogin.al\\\/?p=37222#article\",\"isPartOf\":{\"@id\":\"https:\\\/\\\/blogin.al\\\/?p=37222\"},\"author\":{\"name\":\"Blogin al\",\"@id\":\"https:\\\/\\\/blogin.al\\\/#\\\/schema\\\/person\\\/abdd56bc912cd511db877b852b115399\"},\"headline\":\"\u2018Apple\u2019 lan\u00e7on sot iphone 15\\\/ Ja t\u00eb rejat dhe p\u00ebrdit\u00ebsimet q\u00eb do t\u00eb sjell\u00eb kompania m\u00eb e njohur teknologjike\",\"datePublished\":\"2023-09-12T12:27:44+00:00\",\"dateModified\":\"2023-09-12T16:47:42+00:00\",\"mainEntityOfPage\":{\"@id\":\"https:\\\/\\\/blogin.al\\\/?p=37222\"},\"wordCount\":496,\"commentCount\":0,\"publisher\":{\"@id\":\"https:\\\/\\\/blogin.al\\\/#organization\"},\"image\":{\"@id\":\"https:\\\/\\\/blogin.al\\\/?p=37222#primaryimage\"},\"thumbnailUrl\":\"https:\\\/\\\/blogin.al\\\/wp-content\\\/uploads\\\/2023\\\/09\\\/0x0.jpg\",\"articleSection\":[\"LIFESTYLE\",\"SHOWBIZ\"],\"inLanguage\":\"en-US\",\"potentialAction\":[{\"@type\":\"CommentAction\",\"name\":\"Comment\",\"target\":[\"https:\\\/\\\/blogin.al\\\/?p=37222#respond\"]}]},{\"@type\":\"WebPage\",\"@id\":\"https:\\\/\\\/blogin.al\\\/?p=37222\",\"url\":\"https:\\\/\\\/blogin.al\\\/?p=37222\",\"name\":\"\u2018Apple\u2019 lan\u00e7on sot iphone 15\\\/ Ja t\u00eb rejat dhe p\u00ebrdit\u00ebsimet q\u00eb do t\u00eb sjell\u00eb kompania m\u00eb e njohur teknologjike - blogin.al\",\"isPartOf\":{\"@id\":\"https:\\\/\\\/blogin.al\\\/#website\"},\"primaryImageOfPage\":{\"@id\":\"https:\\\/\\\/blogin.al\\\/?p=37222#primaryimage\"},\"image\":{\"@id\":\"https:\\\/\\\/blogin.al\\\/?p=37222#primaryimage\"},\"thumbnailUrl\":\"https:\\\/\\\/blogin.al\\\/wp-content\\\/uploads\\\/2023\\\/09\\\/0x0.jpg\",\"datePublished\":\"2023-09-12T12:27:44+00:00\",\"dateModified\":\"2023-09-12T16:47:42+00:00\",\"breadcrumb\":{\"@id\":\"https:\\\/\\\/blogin.al\\\/?p=37222#breadcrumb\"},\"inLanguage\":\"en-US\",\"potentialAction\":[{\"@type\":\"ReadAction\",\"target\":[\"https:\\\/\\\/blogin.al\\\/?p=37222\"]}]},{\"@type\":\"ImageObject\",\"inLanguage\":\"en-US\",\"@id\":\"https:\\\/\\\/blogin.al\\\/?p=37222#primaryimage\",\"url\":\"https:\\\/\\\/blogin.al\\\/wp-content\\\/uploads\\\/2023\\\/09\\\/0x0.jpg\",\"contentUrl\":\"https:\\\/\\\/blogin.al\\\/wp-content\\\/uploads\\\/2023\\\/09\\\/0x0.jpg\",\"width\":924,\"height\":693},{\"@type\":\"BreadcrumbList\",\"@id\":\"https:\\\/\\\/blogin.al\\\/?p=37222#breadcrumb\",\"itemListElement\":[{\"@type\":\"ListItem\",\"position\":1,\"name\":\"Home\",\"item\":\"https:\\\/\\\/blogin.al\\\/\"},{\"@type\":\"ListItem\",\"position\":2,\"name\":\"\u2018Apple\u2019 lan\u00e7on sot iphone 15\\\/ Ja t\u00eb rejat dhe p\u00ebrdit\u00ebsimet q\u00eb do t\u00eb sjell\u00eb kompania m\u00eb e njohur teknologjike\"}]},{\"@type\":\"WebSite\",\"@id\":\"https:\\\/\\\/blogin.al\\\/#website\",\"url\":\"https:\\\/\\\/blogin.al\\\/\",\"name\":\"blogin.al\",\"description\":\"\",\"publisher\":{\"@id\":\"https:\\\/\\\/blogin.al\\\/#organization\"},\"potentialAction\":[{\"@type\":\"SearchAction\",\"target\":{\"@type\":\"EntryPoint\",\"urlTemplate\":\"https:\\\/\\\/blogin.al\\\/?s={search_term_string}\"},\"query-input\":{\"@type\":\"PropertyValueSpecification\",\"valueRequired\":true,\"valueName\":\"search_term_string\"}}],\"inLanguage\":\"en-US\"},{\"@type\":\"Organization\",\"@id\":\"https:\\\/\\\/blogin.al\\\/#organization\",\"name\":\"BLOGIN.al\",\"url\":\"https:\\\/\\\/blogin.al\\\/\",\"logo\":{\"@type\":\"ImageObject\",\"inLanguage\":\"en-US\",\"@id\":\"https:\\\/\\\/blogin.al\\\/#\\\/schema\\\/logo\\\/image\\\/\",\"url\":\"https:\\\/\\\/blogin.al\\\/wp-content\\\/uploads\\\/2022\\\/05\\\/Untitled-2-01-e1652084456514.png\",\"contentUrl\":\"https:\\\/\\\/blogin.al\\\/wp-content\\\/uploads\\\/2022\\\/05\\\/Untitled-2-01-e1652084456514.png\",\"width\":3723,\"height\":1698,\"caption\":\"BLOGIN.al\"},\"image\":{\"@id\":\"https:\\\/\\\/blogin.al\\\/#\\\/schema\\\/logo\\\/image\\\/\"},\"sameAs\":[\"https:\\\/\\\/instagram.com\\\/blogin.al\\\/\"]},{\"@type\":\"Person\",\"@id\":\"https:\\\/\\\/blogin.al\\\/#\\\/schema\\\/person\\\/abdd56bc912cd511db877b852b115399\",\"name\":\"Blogin al\",\"image\":{\"@type\":\"ImageObject\",\"inLanguage\":\"en-US\",\"@id\":\"https:\\\/\\\/secure.gravatar.com\\\/avatar\\\/60d5661aee6e835fb13dc75d2204cd0c1d61bef2efd137c0083e59ef831e235e?s=96&d=mm&r=g\",\"url\":\"https:\\\/\\\/secure.gravatar.com\\\/avatar\\\/60d5661aee6e835fb13dc75d2204cd0c1d61bef2efd137c0083e59ef831e235e?s=96&d=mm&r=g\",\"contentUrl\":\"https:\\\/\\\/secure.gravatar.com\\\/avatar\\\/60d5661aee6e835fb13dc75d2204cd0c1d61bef2efd137c0083e59ef831e235e?s=96&d=mm&r=g\",\"caption\":\"Blogin al\"},\"sameAs\":[\"https:\\\/\\\/blogin.al\"],\"url\":\"https:\\\/\\\/blogin.al\\\/?author=2\"}]}<\/script>\n<!-- \/ Yoast SEO plugin. -->","yoast_head_json":{"title":"\u2018Apple\u2019 lan\u00e7on sot iphone 15\/ Ja t\u00eb rejat dhe p\u00ebrdit\u00ebsimet q\u00eb do t\u00eb sjell\u00eb kompania m\u00eb e njohur teknologjike - blogin.al","robots":{"index":"index","follow":"follow","max-snippet":"max-snippet:-1","max-image-preview":"max-image-preview:large","max-video-preview":"max-video-preview:-1"},"canonical":"https:\/\/blogin.al\/?p=37222","og_locale":"en_US","og_type":"article","og_title":"\u2018Apple\u2019 lan\u00e7on sot iphone 15\/ Ja t\u00eb rejat dhe p\u00ebrdit\u00ebsimet q\u00eb do t\u00eb sjell\u00eb kompania m\u00eb e njohur teknologjike - blogin.al","og_description":"Kompania e njohur \u2018Apple\u2019 do t\u00eb lan\u00e7oj\u00eb iPhone 15 dit\u00ebn e sotme (12 shtator) n\u00eb or\u00ebn 7 t\u00eb pasdites. N\u00eb t\u00eb nj\u00ebjt\u00ebn koh\u00eb, ka t\u00eb ngjar\u00eb t\u00eb shohim nj\u00eb Apple Watch t\u00eb ri dhe ndoshta edhe disa nga prodhimet e tjera t\u00eb kompanis\u00eb teknologjike. Apple nuk ka mbajtur nj\u00eb event t\u00eb drejtp\u00ebrdrejt\u00eb q\u00eb nga shtatori [&hellip;]","og_url":"https:\/\/blogin.al\/?p=37222","og_site_name":"blogin.al","article_published_time":"2023-09-12T12:27:44+00:00","article_modified_time":"2023-09-12T16:47:42+00:00","og_image":[{"width":924,"height":693,"url":"https:\/\/blogin.al\/wp-content\/uploads\/2023\/09\/0x0.jpg","type":"image\/jpeg"}],"author":"Blogin al","twitter_card":"summary_large_image","twitter_misc":{"Written by":"Blogin al","Est. reading time":"2 minutes"},"schema":{"@context":"https:\/\/schema.org","@graph":[{"@type":"Article","@id":"https:\/\/blogin.al\/?p=37222#article","isPartOf":{"@id":"https:\/\/blogin.al\/?p=37222"},"author":{"name":"Blogin al","@id":"https:\/\/blogin.al\/#\/schema\/person\/abdd56bc912cd511db877b852b115399"},"headline":"\u2018Apple\u2019 lan\u00e7on sot iphone 15\/ Ja t\u00eb rejat dhe p\u00ebrdit\u00ebsimet q\u00eb do t\u00eb sjell\u00eb kompania m\u00eb e njohur teknologjike","datePublished":"2023-09-12T12:27:44+00:00","dateModified":"2023-09-12T16:47:42+00:00","mainEntityOfPage":{"@id":"https:\/\/blogin.al\/?p=37222"},"wordCount":496,"commentCount":0,"publisher":{"@id":"https:\/\/blogin.al\/#organization"},"image":{"@id":"https:\/\/blogin.al\/?p=37222#primaryimage"},"thumbnailUrl":"https:\/\/blogin.al\/wp-content\/uploads\/2023\/09\/0x0.jpg","articleSection":["LIFESTYLE","SHOWBIZ"],"inLanguage":"en-US","potentialAction":[{"@type":"CommentAction","name":"Comment","target":["https:\/\/blogin.al\/?p=37222#respond"]}]},{"@type":"WebPage","@id":"https:\/\/blogin.al\/?p=37222","url":"https:\/\/blogin.al\/?p=37222","name":"\u2018Apple\u2019 lan\u00e7on sot iphone 15\/ Ja t\u00eb rejat dhe p\u00ebrdit\u00ebsimet q\u00eb do t\u00eb sjell\u00eb kompania m\u00eb e njohur teknologjike - blogin.al","isPartOf":{"@id":"https:\/\/blogin.al\/#website"},"primaryImageOfPage":{"@id":"https:\/\/blogin.al\/?p=37222#primaryimage"},"image":{"@id":"https:\/\/blogin.al\/?p=37222#primaryimage"},"thumbnailUrl":"https:\/\/blogin.al\/wp-content\/uploads\/2023\/09\/0x0.jpg","datePublished":"2023-09-12T12:27:44+00:00","dateModified":"2023-09-12T16:47:42+00:00","breadcrumb":{"@id":"https:\/\/blogin.al\/?p=37222#breadcrumb"},"inLanguage":"en-US","potentialAction":[{"@type":"ReadAction","target":["https:\/\/blogin.al\/?p=37222"]}]},{"@type":"ImageObject","inLanguage":"en-US","@id":"https:\/\/blogin.al\/?p=37222#primaryimage","url":"https:\/\/blogin.al\/wp-content\/uploads\/2023\/09\/0x0.jpg","contentUrl":"https:\/\/blogin.al\/wp-content\/uploads\/2023\/09\/0x0.jpg","width":924,"height":693},{"@type":"BreadcrumbList","@id":"https:\/\/blogin.al\/?p=37222#breadcrumb","itemListElement":[{"@type":"ListItem","position":1,"name":"Home","item":"https:\/\/blogin.al\/"},{"@type":"ListItem","position":2,"name":"\u2018Apple\u2019 lan\u00e7on sot iphone 15\/ Ja t\u00eb rejat dhe p\u00ebrdit\u00ebsimet q\u00eb do t\u00eb sjell\u00eb kompania m\u00eb e njohur teknologjike"}]},{"@type":"WebSite","@id":"https:\/\/blogin.al\/#website","url":"https:\/\/blogin.al\/","name":"blogin.al","description":"","publisher":{"@id":"https:\/\/blogin.al\/#organization"},"potentialAction":[{"@type":"SearchAction","target":{"@type":"EntryPoint","urlTemplate":"https:\/\/blogin.al\/?s={search_term_string}"},"query-input":{"@type":"PropertyValueSpecification","valueRequired":true,"valueName":"search_term_string"}}],"inLanguage":"en-US"},{"@type":"Organization","@id":"https:\/\/blogin.al\/#organization","name":"BLOGIN.al","url":"https:\/\/blogin.al\/","logo":{"@type":"ImageObject","inLanguage":"en-US","@id":"https:\/\/blogin.al\/#\/schema\/logo\/image\/","url":"https:\/\/blogin.al\/wp-content\/uploads\/2022\/05\/Untitled-2-01-e1652084456514.png","contentUrl":"https:\/\/blogin.al\/wp-content\/uploads\/2022\/05\/Untitled-2-01-e1652084456514.png","width":3723,"height":1698,"caption":"BLOGIN.al"},"image":{"@id":"https:\/\/blogin.al\/#\/schema\/logo\/image\/"},"sameAs":["https:\/\/instagram.com\/blogin.al\/"]},{"@type":"Person","@id":"https:\/\/blogin.al\/#\/schema\/person\/abdd56bc912cd511db877b852b115399","name":"Blogin al","image":{"@type":"ImageObject","inLanguage":"en-US","@id":"https:\/\/secure.gravatar.com\/avatar\/60d5661aee6e835fb13dc75d2204cd0c1d61bef2efd137c0083e59ef831e235e?s=96&d=mm&r=g","url":"https:\/\/secure.gravatar.com\/avatar\/60d5661aee6e835fb13dc75d2204cd0c1d61bef2efd137c0083e59ef831e235e?s=96&d=mm&r=g","contentUrl":"https:\/\/secure.gravatar.com\/avatar\/60d5661aee6e835fb13dc75d2204cd0c1d61bef2efd137c0083e59ef831e235e?s=96&d=mm&r=g","caption":"Blogin al"},"sameAs":["https:\/\/blogin.al"],"url":"https:\/\/blogin.al\/?author=2"}]}},"_links":{"self":[{"href":"https:\/\/blogin.al\/index.php?rest_route=\/wp\/v2\/posts\/37222","targetHints":{"allow":["GET"]}}],"collection":[{"href":"https:\/\/blogin.al\/index.php?rest_route=\/wp\/v2\/posts"}],"about":[{"href":"https:\/\/blogin.al\/index.php?rest_route=\/wp\/v2\/types\/post"}],"author":[{"embeddable":true,"href":"https:\/\/blogin.al\/index.php?rest_route=\/wp\/v2\/users\/2"}],"replies":[{"embeddable":true,"href":"https:\/\/blogin.al\/index.php?rest_route=%2Fwp%2Fv2%2Fcomments&post=37222"}],"version-history":[{"count":1,"href":"https:\/\/blogin.al\/index.php?rest_route=\/wp\/v2\/posts\/37222\/revisions"}],"predecessor-version":[{"id":37224,"href":"https:\/\/blogin.al\/index.php?rest_route=\/wp\/v2\/posts\/37222\/revisions\/37224"}],"wp:featuredmedia":[{"embeddable":true,"href":"https:\/\/blogin.al\/index.php?rest_route=\/wp\/v2\/media\/37228"}],"wp:attachment":[{"href":"https:\/\/blogin.al\/index.php?rest_route=%2Fwp%2Fv2%2Fmedia&parent=37222"}],"wp:term":[{"taxonomy":"category","embeddable":true,"href":"https:\/\/blogin.al\/index.php?rest_route=%2Fwp%2Fv2%2Fcategories&post=37222"},{"taxonomy":"post_tag","embeddable":true,"href":"https:\/\/blogin.al\/index.php?rest_route=%2Fwp%2Fv2%2Ftags&post=37222"}],"curies":[{"name":"wp","href":"https:\/\/api.w.org\/{rel}","templated":true}]}}