{"id":38317,"date":"2023-10-08T16:08:03","date_gmt":"2023-10-08T16:08:03","guid":{"rendered":"https:\/\/blogin.al\/?p=38317"},"modified":"2023-10-08T16:08:45","modified_gmt":"2023-10-08T16:08:45","slug":"u-rrembye-nga-terroristet-e-hamasit-flet-babi-i-25-vjecares-ishte-kaq-e-frikesuar","status":"publish","type":"post","link":"https:\/\/blogin.al\/?p=38317","title":{"rendered":"U rr\u00ebmbye nga terrorist\u00ebt e Hamasit, flet babi i 25-vje\u00e7ares: \u2018Ishte kaq e frik\u00ebsuar\u2019"},"content":{"rendered":"\n<p>Babai i Noa Argamanit, 25-vje\u00e7ares q\u00eb u rr\u00ebmbye dit\u00ebn e djeshme nga terrorist\u00ebt e Hamasit, ka shprehur hidh\u00ebrimin e tij n\u00eb nj\u00eb intervist\u00eb p\u00ebr mediat vendase.<br><br>Me lot n\u00eb sy, ai faj\u00ebson veten q\u00eb nuk arriti dot ta shp\u00ebtonte t\u00eb bij\u00ebn.<\/p>\n\n\n\n<p>\u201cE pash\u00eb teksa rr\u00ebmbehej me dhun\u00eb n\u00eb nj\u00eb moto\u00e7iklet\u00eb. Ishte ajo, isha i sigurt. Ishte aq e frik\u00ebsuar. E kam mbrojtur gjithmon\u00eb dhe p\u00ebr momentin nuk mundem. Un\u00eb lutem q\u00eb t\u00eb kthehen t\u00eb gjith\u00eb\u201d, shprehet ai.<br><br>Argani po merrte pjes\u00eb n\u00eb nj\u00eb koncert pran\u00eb Rripit t\u00eb Gaz\u00ebs dit\u00ebn e djeshme ku u rr\u00ebmbye nga nj\u00eb prej terrorist\u00ebve t\u00eb Hamasit.<br><br>Videoja e ngjarjes s\u00eb r\u00ebnd\u00eb u b\u00eb virale n\u00eb rrjet, teksa 25-vje\u00e7arja shihet e ulur n\u00eb pjes\u00ebn e pasme t\u00eb moto\u00e7iklet\u00ebs, nd\u00ebrkoh\u00eb q\u00eb lutet p\u00ebr jet\u00ebn e saj.<\/p>\n","protected":false},"excerpt":{"rendered":"<p>Babai i Noa Argamanit, 25-vje\u00e7ares q\u00eb u rr\u00ebmbye dit\u00ebn e djeshme nga terrorist\u00ebt e Hamasit, ka shprehur hidh\u00ebrimin e tij n\u00eb nj\u00eb intervist\u00eb p\u00ebr mediat vendase. Me lot n\u00eb sy, ai faj\u00ebson veten q\u00eb nuk arriti dot ta shp\u00ebtonte t\u00eb bij\u00ebn. \u201cE pash\u00eb teksa rr\u00ebmbehej me dhun\u00eb n\u00eb nj\u00eb moto\u00e7iklet\u00eb. Ishte ajo, isha i sigurt. [&hellip;]<\/p>\n","protected":false},"author":2,"featured_media":38316,"comment_status":"open","ping_status":"open","sticky":false,"template":"","format":"standard","meta":{"footnotes":""},"categories":[39],"tags":[],"class_list":{"0":"post-38317","1":"post","2":"type-post","3":"status-publish","4":"format-standard","5":"has-post-thumbnail","7":"category-aktualitet"},"yoast_head":"<!-- This site is optimized with the Yoast SEO plugin v27.4 - https:\/\/yoast.com\/product\/yoast-seo-wordpress\/ -->\n<title>U rr\u00ebmbye nga terrorist\u00ebt e Hamasit, flet babi i 25-vje\u00e7ares: \u2018Ishte kaq e frik\u00ebsuar\u2019 - blogin.al<\/title>\n<meta name=\"robots\" content=\"index, follow, max-snippet:-1, max-image-preview:large, max-video-preview:-1\" \/>\n<link rel=\"canonical\" href=\"https:\/\/blogin.al\/?p=38317\" \/>\n<meta property=\"og:locale\" content=\"en_US\" \/>\n<meta property=\"og:type\" content=\"article\" \/>\n<meta property=\"og:title\" content=\"U rr\u00ebmbye nga terrorist\u00ebt e Hamasit, flet babi i 25-vje\u00e7ares: \u2018Ishte kaq e frik\u00ebsuar\u2019 - blogin.al\" \/>\n<meta property=\"og:description\" content=\"Babai i Noa Argamanit, 25-vje\u00e7ares q\u00eb u rr\u00ebmbye dit\u00ebn e djeshme nga terrorist\u00ebt e Hamasit, ka shprehur hidh\u00ebrimin e tij n\u00eb nj\u00eb intervist\u00eb p\u00ebr mediat vendase. Me lot n\u00eb sy, ai faj\u00ebson veten q\u00eb nuk arriti dot ta shp\u00ebtonte t\u00eb bij\u00ebn. \u201cE pash\u00eb teksa rr\u00ebmbehej me dhun\u00eb n\u00eb nj\u00eb moto\u00e7iklet\u00eb. Ishte ajo, isha i sigurt. [&hellip;]\" \/>\n<meta property=\"og:url\" content=\"https:\/\/blogin.al\/?p=38317\" \/>\n<meta property=\"og:site_name\" content=\"blogin.al\" \/>\n<meta property=\"article:published_time\" content=\"2023-10-08T16:08:03+00:00\" \/>\n<meta property=\"article:modified_time\" content=\"2023-10-08T16:08:45+00:00\" \/>\n<meta property=\"og:image\" content=\"https:\/\/blogin.al\/wp-content\/uploads\/2023\/10\/Screenshot_20231008-180820_Instagram.jpg\" \/>\n\t<meta property=\"og:image:width\" content=\"1079\" \/>\n\t<meta property=\"og:image:height\" content=\"599\" \/>\n\t<meta property=\"og:image:type\" content=\"image\/jpeg\" \/>\n<meta name=\"author\" content=\"Blogin al\" \/>\n<meta name=\"twitter:card\" content=\"summary_large_image\" \/>\n<meta name=\"twitter:label1\" content=\"Written by\" \/>\n\t<meta name=\"twitter:data1\" content=\"Blogin al\" \/>\n\t<meta name=\"twitter:label2\" content=\"Est. reading time\" \/>\n\t<meta name=\"twitter:data2\" content=\"1 minute\" \/>\n<script type=\"application\/ld+json\" class=\"yoast-schema-graph\">{\"@context\":\"https:\\\/\\\/schema.org\",\"@graph\":[{\"@type\":\"Article\",\"@id\":\"https:\\\/\\\/blogin.al\\\/?p=38317#article\",\"isPartOf\":{\"@id\":\"https:\\\/\\\/blogin.al\\\/?p=38317\"},\"author\":{\"name\":\"Blogin al\",\"@id\":\"https:\\\/\\\/blogin.al\\\/#\\\/schema\\\/person\\\/abdd56bc912cd511db877b852b115399\"},\"headline\":\"U rr\u00ebmbye nga terrorist\u00ebt e Hamasit, flet babi i 25-vje\u00e7ares: \u2018Ishte kaq e frik\u00ebsuar\u2019\",\"datePublished\":\"2023-10-08T16:08:03+00:00\",\"dateModified\":\"2023-10-08T16:08:45+00:00\",\"mainEntityOfPage\":{\"@id\":\"https:\\\/\\\/blogin.al\\\/?p=38317\"},\"wordCount\":171,\"commentCount\":0,\"publisher\":{\"@id\":\"https:\\\/\\\/blogin.al\\\/#organization\"},\"image\":{\"@id\":\"https:\\\/\\\/blogin.al\\\/?p=38317#primaryimage\"},\"thumbnailUrl\":\"https:\\\/\\\/blogin.al\\\/wp-content\\\/uploads\\\/2023\\\/10\\\/Screenshot_20231008-180820_Instagram.jpg\",\"articleSection\":[\"AKTUALITET\"],\"inLanguage\":\"en-US\",\"potentialAction\":[{\"@type\":\"CommentAction\",\"name\":\"Comment\",\"target\":[\"https:\\\/\\\/blogin.al\\\/?p=38317#respond\"]}]},{\"@type\":\"WebPage\",\"@id\":\"https:\\\/\\\/blogin.al\\\/?p=38317\",\"url\":\"https:\\\/\\\/blogin.al\\\/?p=38317\",\"name\":\"U rr\u00ebmbye nga terrorist\u00ebt e Hamasit, flet babi i 25-vje\u00e7ares: \u2018Ishte kaq e frik\u00ebsuar\u2019 - blogin.al\",\"isPartOf\":{\"@id\":\"https:\\\/\\\/blogin.al\\\/#website\"},\"primaryImageOfPage\":{\"@id\":\"https:\\\/\\\/blogin.al\\\/?p=38317#primaryimage\"},\"image\":{\"@id\":\"https:\\\/\\\/blogin.al\\\/?p=38317#primaryimage\"},\"thumbnailUrl\":\"https:\\\/\\\/blogin.al\\\/wp-content\\\/uploads\\\/2023\\\/10\\\/Screenshot_20231008-180820_Instagram.jpg\",\"datePublished\":\"2023-10-08T16:08:03+00:00\",\"dateModified\":\"2023-10-08T16:08:45+00:00\",\"breadcrumb\":{\"@id\":\"https:\\\/\\\/blogin.al\\\/?p=38317#breadcrumb\"},\"inLanguage\":\"en-US\",\"potentialAction\":[{\"@type\":\"ReadAction\",\"target\":[\"https:\\\/\\\/blogin.al\\\/?p=38317\"]}]},{\"@type\":\"ImageObject\",\"inLanguage\":\"en-US\",\"@id\":\"https:\\\/\\\/blogin.al\\\/?p=38317#primaryimage\",\"url\":\"https:\\\/\\\/blogin.al\\\/wp-content\\\/uploads\\\/2023\\\/10\\\/Screenshot_20231008-180820_Instagram.jpg\",\"contentUrl\":\"https:\\\/\\\/blogin.al\\\/wp-content\\\/uploads\\\/2023\\\/10\\\/Screenshot_20231008-180820_Instagram.jpg\",\"width\":1079,\"height\":599},{\"@type\":\"BreadcrumbList\",\"@id\":\"https:\\\/\\\/blogin.al\\\/?p=38317#breadcrumb\",\"itemListElement\":[{\"@type\":\"ListItem\",\"position\":1,\"name\":\"Home\",\"item\":\"https:\\\/\\\/blogin.al\\\/\"},{\"@type\":\"ListItem\",\"position\":2,\"name\":\"U rr\u00ebmbye nga terrorist\u00ebt e Hamasit, flet babi i 25-vje\u00e7ares: \u2018Ishte kaq e frik\u00ebsuar\u2019\"}]},{\"@type\":\"WebSite\",\"@id\":\"https:\\\/\\\/blogin.al\\\/#website\",\"url\":\"https:\\\/\\\/blogin.al\\\/\",\"name\":\"blogin.al\",\"description\":\"\",\"publisher\":{\"@id\":\"https:\\\/\\\/blogin.al\\\/#organization\"},\"potentialAction\":[{\"@type\":\"SearchAction\",\"target\":{\"@type\":\"EntryPoint\",\"urlTemplate\":\"https:\\\/\\\/blogin.al\\\/?s={search_term_string}\"},\"query-input\":{\"@type\":\"PropertyValueSpecification\",\"valueRequired\":true,\"valueName\":\"search_term_string\"}}],\"inLanguage\":\"en-US\"},{\"@type\":\"Organization\",\"@id\":\"https:\\\/\\\/blogin.al\\\/#organization\",\"name\":\"BLOGIN.al\",\"url\":\"https:\\\/\\\/blogin.al\\\/\",\"logo\":{\"@type\":\"ImageObject\",\"inLanguage\":\"en-US\",\"@id\":\"https:\\\/\\\/blogin.al\\\/#\\\/schema\\\/logo\\\/image\\\/\",\"url\":\"https:\\\/\\\/blogin.al\\\/wp-content\\\/uploads\\\/2022\\\/05\\\/Untitled-2-01-e1652084456514.png\",\"contentUrl\":\"https:\\\/\\\/blogin.al\\\/wp-content\\\/uploads\\\/2022\\\/05\\\/Untitled-2-01-e1652084456514.png\",\"width\":3723,\"height\":1698,\"caption\":\"BLOGIN.al\"},\"image\":{\"@id\":\"https:\\\/\\\/blogin.al\\\/#\\\/schema\\\/logo\\\/image\\\/\"},\"sameAs\":[\"https:\\\/\\\/instagram.com\\\/blogin.al\\\/\"]},{\"@type\":\"Person\",\"@id\":\"https:\\\/\\\/blogin.al\\\/#\\\/schema\\\/person\\\/abdd56bc912cd511db877b852b115399\",\"name\":\"Blogin al\",\"image\":{\"@type\":\"ImageObject\",\"inLanguage\":\"en-US\",\"@id\":\"https:\\\/\\\/secure.gravatar.com\\\/avatar\\\/60d5661aee6e835fb13dc75d2204cd0c1d61bef2efd137c0083e59ef831e235e?s=96&d=mm&r=g\",\"url\":\"https:\\\/\\\/secure.gravatar.com\\\/avatar\\\/60d5661aee6e835fb13dc75d2204cd0c1d61bef2efd137c0083e59ef831e235e?s=96&d=mm&r=g\",\"contentUrl\":\"https:\\\/\\\/secure.gravatar.com\\\/avatar\\\/60d5661aee6e835fb13dc75d2204cd0c1d61bef2efd137c0083e59ef831e235e?s=96&d=mm&r=g\",\"caption\":\"Blogin al\"},\"sameAs\":[\"https:\\\/\\\/blogin.al\"],\"url\":\"https:\\\/\\\/blogin.al\\\/?author=2\"}]}<\/script>\n<!-- \/ Yoast SEO plugin. -->","yoast_head_json":{"title":"U rr\u00ebmbye nga terrorist\u00ebt e Hamasit, flet babi i 25-vje\u00e7ares: \u2018Ishte kaq e frik\u00ebsuar\u2019 - blogin.al","robots":{"index":"index","follow":"follow","max-snippet":"max-snippet:-1","max-image-preview":"max-image-preview:large","max-video-preview":"max-video-preview:-1"},"canonical":"https:\/\/blogin.al\/?p=38317","og_locale":"en_US","og_type":"article","og_title":"U rr\u00ebmbye nga terrorist\u00ebt e Hamasit, flet babi i 25-vje\u00e7ares: \u2018Ishte kaq e frik\u00ebsuar\u2019 - blogin.al","og_description":"Babai i Noa Argamanit, 25-vje\u00e7ares q\u00eb u rr\u00ebmbye dit\u00ebn e djeshme nga terrorist\u00ebt e Hamasit, ka shprehur hidh\u00ebrimin e tij n\u00eb nj\u00eb intervist\u00eb p\u00ebr mediat vendase. Me lot n\u00eb sy, ai faj\u00ebson veten q\u00eb nuk arriti dot ta shp\u00ebtonte t\u00eb bij\u00ebn. \u201cE pash\u00eb teksa rr\u00ebmbehej me dhun\u00eb n\u00eb nj\u00eb moto\u00e7iklet\u00eb. Ishte ajo, isha i sigurt. [&hellip;]","og_url":"https:\/\/blogin.al\/?p=38317","og_site_name":"blogin.al","article_published_time":"2023-10-08T16:08:03+00:00","article_modified_time":"2023-10-08T16:08:45+00:00","og_image":[{"width":1079,"height":599,"url":"https:\/\/blogin.al\/wp-content\/uploads\/2023\/10\/Screenshot_20231008-180820_Instagram.jpg","type":"image\/jpeg"}],"author":"Blogin al","twitter_card":"summary_large_image","twitter_misc":{"Written by":"Blogin al","Est. reading time":"1 minute"},"schema":{"@context":"https:\/\/schema.org","@graph":[{"@type":"Article","@id":"https:\/\/blogin.al\/?p=38317#article","isPartOf":{"@id":"https:\/\/blogin.al\/?p=38317"},"author":{"name":"Blogin al","@id":"https:\/\/blogin.al\/#\/schema\/person\/abdd56bc912cd511db877b852b115399"},"headline":"U rr\u00ebmbye nga terrorist\u00ebt e Hamasit, flet babi i 25-vje\u00e7ares: \u2018Ishte kaq e frik\u00ebsuar\u2019","datePublished":"2023-10-08T16:08:03+00:00","dateModified":"2023-10-08T16:08:45+00:00","mainEntityOfPage":{"@id":"https:\/\/blogin.al\/?p=38317"},"wordCount":171,"commentCount":0,"publisher":{"@id":"https:\/\/blogin.al\/#organization"},"image":{"@id":"https:\/\/blogin.al\/?p=38317#primaryimage"},"thumbnailUrl":"https:\/\/blogin.al\/wp-content\/uploads\/2023\/10\/Screenshot_20231008-180820_Instagram.jpg","articleSection":["AKTUALITET"],"inLanguage":"en-US","potentialAction":[{"@type":"CommentAction","name":"Comment","target":["https:\/\/blogin.al\/?p=38317#respond"]}]},{"@type":"WebPage","@id":"https:\/\/blogin.al\/?p=38317","url":"https:\/\/blogin.al\/?p=38317","name":"U rr\u00ebmbye nga terrorist\u00ebt e Hamasit, flet babi i 25-vje\u00e7ares: \u2018Ishte kaq e frik\u00ebsuar\u2019 - blogin.al","isPartOf":{"@id":"https:\/\/blogin.al\/#website"},"primaryImageOfPage":{"@id":"https:\/\/blogin.al\/?p=38317#primaryimage"},"image":{"@id":"https:\/\/blogin.al\/?p=38317#primaryimage"},"thumbnailUrl":"https:\/\/blogin.al\/wp-content\/uploads\/2023\/10\/Screenshot_20231008-180820_Instagram.jpg","datePublished":"2023-10-08T16:08:03+00:00","dateModified":"2023-10-08T16:08:45+00:00","breadcrumb":{"@id":"https:\/\/blogin.al\/?p=38317#breadcrumb"},"inLanguage":"en-US","potentialAction":[{"@type":"ReadAction","target":["https:\/\/blogin.al\/?p=38317"]}]},{"@type":"ImageObject","inLanguage":"en-US","@id":"https:\/\/blogin.al\/?p=38317#primaryimage","url":"https:\/\/blogin.al\/wp-content\/uploads\/2023\/10\/Screenshot_20231008-180820_Instagram.jpg","contentUrl":"https:\/\/blogin.al\/wp-content\/uploads\/2023\/10\/Screenshot_20231008-180820_Instagram.jpg","width":1079,"height":599},{"@type":"BreadcrumbList","@id":"https:\/\/blogin.al\/?p=38317#breadcrumb","itemListElement":[{"@type":"ListItem","position":1,"name":"Home","item":"https:\/\/blogin.al\/"},{"@type":"ListItem","position":2,"name":"U rr\u00ebmbye nga terrorist\u00ebt e Hamasit, flet babi i 25-vje\u00e7ares: \u2018Ishte kaq e frik\u00ebsuar\u2019"}]},{"@type":"WebSite","@id":"https:\/\/blogin.al\/#website","url":"https:\/\/blogin.al\/","name":"blogin.al","description":"","publisher":{"@id":"https:\/\/blogin.al\/#organization"},"potentialAction":[{"@type":"SearchAction","target":{"@type":"EntryPoint","urlTemplate":"https:\/\/blogin.al\/?s={search_term_string}"},"query-input":{"@type":"PropertyValueSpecification","valueRequired":true,"valueName":"search_term_string"}}],"inLanguage":"en-US"},{"@type":"Organization","@id":"https:\/\/blogin.al\/#organization","name":"BLOGIN.al","url":"https:\/\/blogin.al\/","logo":{"@type":"ImageObject","inLanguage":"en-US","@id":"https:\/\/blogin.al\/#\/schema\/logo\/image\/","url":"https:\/\/blogin.al\/wp-content\/uploads\/2022\/05\/Untitled-2-01-e1652084456514.png","contentUrl":"https:\/\/blogin.al\/wp-content\/uploads\/2022\/05\/Untitled-2-01-e1652084456514.png","width":3723,"height":1698,"caption":"BLOGIN.al"},"image":{"@id":"https:\/\/blogin.al\/#\/schema\/logo\/image\/"},"sameAs":["https:\/\/instagram.com\/blogin.al\/"]},{"@type":"Person","@id":"https:\/\/blogin.al\/#\/schema\/person\/abdd56bc912cd511db877b852b115399","name":"Blogin al","image":{"@type":"ImageObject","inLanguage":"en-US","@id":"https:\/\/secure.gravatar.com\/avatar\/60d5661aee6e835fb13dc75d2204cd0c1d61bef2efd137c0083e59ef831e235e?s=96&d=mm&r=g","url":"https:\/\/secure.gravatar.com\/avatar\/60d5661aee6e835fb13dc75d2204cd0c1d61bef2efd137c0083e59ef831e235e?s=96&d=mm&r=g","contentUrl":"https:\/\/secure.gravatar.com\/avatar\/60d5661aee6e835fb13dc75d2204cd0c1d61bef2efd137c0083e59ef831e235e?s=96&d=mm&r=g","caption":"Blogin al"},"sameAs":["https:\/\/blogin.al"],"url":"https:\/\/blogin.al\/?author=2"}]}},"_links":{"self":[{"href":"https:\/\/blogin.al\/index.php?rest_route=\/wp\/v2\/posts\/38317","targetHints":{"allow":["GET"]}}],"collection":[{"href":"https:\/\/blogin.al\/index.php?rest_route=\/wp\/v2\/posts"}],"about":[{"href":"https:\/\/blogin.al\/index.php?rest_route=\/wp\/v2\/types\/post"}],"author":[{"embeddable":true,"href":"https:\/\/blogin.al\/index.php?rest_route=\/wp\/v2\/users\/2"}],"replies":[{"embeddable":true,"href":"https:\/\/blogin.al\/index.php?rest_route=%2Fwp%2Fv2%2Fcomments&post=38317"}],"version-history":[{"count":1,"href":"https:\/\/blogin.al\/index.php?rest_route=\/wp\/v2\/posts\/38317\/revisions"}],"predecessor-version":[{"id":38318,"href":"https:\/\/blogin.al\/index.php?rest_route=\/wp\/v2\/posts\/38317\/revisions\/38318"}],"wp:featuredmedia":[{"embeddable":true,"href":"https:\/\/blogin.al\/index.php?rest_route=\/wp\/v2\/media\/38316"}],"wp:attachment":[{"href":"https:\/\/blogin.al\/index.php?rest_route=%2Fwp%2Fv2%2Fmedia&parent=38317"}],"wp:term":[{"taxonomy":"category","embeddable":true,"href":"https:\/\/blogin.al\/index.php?rest_route=%2Fwp%2Fv2%2Fcategories&post=38317"},{"taxonomy":"post_tag","embeddable":true,"href":"https:\/\/blogin.al\/index.php?rest_route=%2Fwp%2Fv2%2Ftags&post=38317"}],"curies":[{"name":"wp","href":"https:\/\/api.w.org\/{rel}","templated":true}]}}