{"id":39980,"date":"2023-11-14T14:37:34","date_gmt":"2023-11-14T14:37:34","guid":{"rendered":"https:\/\/blogin.al\/?p=39980"},"modified":"2023-11-14T14:37:36","modified_gmt":"2023-11-14T14:37:36","slug":"i-dashuri-tha-se-nuk-e-dinte-se-ishte-shtatzene-reagon-30-vjecarja-do-te-dale-i-lare-e-dinte","status":"publish","type":"post","link":"https:\/\/blogin.al\/?p=39980","title":{"rendered":"I dashuri tha se nuk e dinte se ishte shtatz\u00ebn\u00eb, reagon 30-vje\u00e7arja: Do t\u00eb dal\u00eb i lar\u00eb, e dinte!"},"content":{"rendered":"\n<p>Ish i dashuri i 30-vje\u00e7ares q\u00eb lindi foshnj\u00ebn n\u00eb bodrumin e nj\u00eb pallati n\u00eb Tiran\u00eb m\u00eb 8 n\u00ebntor dhe e braktisi aty, ka rr\u00ebfyer se ajo nuk i ka treguar se ka qen\u00eb shtatz\u00ebn\u00eb.<\/p>\n\n\n\n<p>Ai rr\u00ebfeu n\u00eb emisionin&nbsp;\u201cMe Zem\u00ebr t\u00eb Hapur\u201d, n\u00eb News24, se lidhja e tyre ka zgjatur m\u00eb shum\u00eb se dy muaj, por theksoi se edhe pse i ka k\u00ebrkuar vajz\u00ebs t\u00eb jen\u00eb s\u00eb bashku kjo e fundit e ka refuzuar p\u00ebr shkak se ishte xheloz.<\/p>\n\n\n\n<p>Ish i dashuri i 30-vje\u00e7ares deklaroi se \u00ebsht\u00eb i gatsh\u00ebm t\u00eb kryej\u00eb testin e ADN-s\u00eb s\u00eb f\u00ebmij\u00ebs, i cili nd\u00ebrroi jet\u00eb nj\u00eb dit\u00eb pasi u gjet n\u00eb bodrum, dhe n\u00ebse rezulton q\u00eb djali \u00ebsht\u00eb i tiji, u shpreh se \u201cs\u2019do ia fal kurr\u00eb\u201d.<\/p>\n\n\n\n<blockquote class=\"wp-block-quote is-layout-flow wp-block-quote-is-layout-flow\">\n<p><em>\u201cLidhja jon\u00eb gati 2 muaj e ca ka zgjatur. T\u00eb kryhet testi i AND-s\u00eb. Jemi takuar vet\u00ebm nj\u00ebher\u00eb. Isha pak xheloz, k\u00ebrkova avancimin e lidhjes por nuk pranoi. Se kam mbajtur mbyllur, ajo ishte n\u00eb Tiran\u00eb un\u00eb n\u00eb Kor\u00e7\u00eb. Mamaja ishte dakord, por vajza jo. Un\u00eb me vajz\u00ebn flisja edhe si shok\u00eb. Por nuk e kam ditur q\u00eb ishte shtatz\u00ebn\u00eb. Kemi folur edhe n\u00eb kamera, por se kam dalluar q\u00eb ishte shtatz\u00ebn\u00eb. Gati 1 muaj kam folur me t\u00eb dhe nuk kuptohej q\u00eb ishte shtatz\u00ebn\u00eb\u201d,<\/em>&nbsp;tha ai.<\/p>\n<\/blockquote>\n\n\n\n<p>Po n\u00eb nj\u00eb lidhje me emisionin, p\u00ebrmes celularit, e reja iu p\u00ebrgjigj deklaratave t\u00eb ish-t\u00eb dashurit, duke th\u00ebn\u00eb se ai ishte n\u00eb dijeni p\u00ebr shtatz\u00ebnin\u00eb, duke shtruar se ai d\u00ebshiron t\u00eb dal\u00eb i lar\u00eb nga kjo situat\u00eb.<\/p>\n\n\n\n<blockquote class=\"wp-block-quote is-layout-flow wp-block-quote-is-layout-flow\">\n<p><em>\u201cDisa gj\u00ebra nuk jan\u00eb t\u00eb v\u00ebrteta. I kam treguar q\u00eb kam qen\u00eb shtatz\u00ebn\u00eb. Nuk kam komunikime sepse kam nd\u00ebrruar num\u00ebr. Nuk pranova sepse nuk dua q\u00eb dikush t\u00eb m\u00eb komandoj\u00eb. Ai do q\u00eb t\u00eb dal\u00eb i lar\u00eb vet\u00eb. Tani u kujtua p\u00ebr foshnj\u00ebn q\u00eb e linda un\u00eb\u201d<\/em>,&nbsp; u shpreh e reja.<\/p>\n<\/blockquote>\n","protected":false},"excerpt":{"rendered":"<p>Ish i dashuri i 30-vje\u00e7ares q\u00eb lindi foshnj\u00ebn n\u00eb bodrumin e nj\u00eb pallati n\u00eb Tiran\u00eb m\u00eb 8 n\u00ebntor dhe e braktisi aty, ka rr\u00ebfyer se ajo nuk i ka treguar se ka qen\u00eb shtatz\u00ebn\u00eb. Ai rr\u00ebfeu n\u00eb emisionin&nbsp;\u201cMe Zem\u00ebr t\u00eb Hapur\u201d, n\u00eb News24, se lidhja e tyre ka zgjatur m\u00eb shum\u00eb se dy muaj, por [&hellip;]<\/p>\n","protected":false},"author":2,"featured_media":39707,"comment_status":"open","ping_status":"open","sticky":false,"template":"","format":"standard","meta":{"footnotes":""},"categories":[39],"tags":[],"class_list":{"0":"post-39980","1":"post","2":"type-post","3":"status-publish","4":"format-standard","5":"has-post-thumbnail","7":"category-aktualitet"},"yoast_head":"<!-- This site is optimized with the Yoast SEO plugin v27.4 - https:\/\/yoast.com\/product\/yoast-seo-wordpress\/ -->\n<title>I dashuri tha se nuk e dinte se ishte shtatz\u00ebn\u00eb, reagon 30-vje\u00e7arja: Do t\u00eb dal\u00eb i lar\u00eb, e dinte! - blogin.al<\/title>\n<meta name=\"robots\" content=\"index, follow, max-snippet:-1, max-image-preview:large, max-video-preview:-1\" \/>\n<link rel=\"canonical\" href=\"https:\/\/blogin.al\/?p=39980\" \/>\n<meta property=\"og:locale\" content=\"en_US\" \/>\n<meta property=\"og:type\" content=\"article\" \/>\n<meta property=\"og:title\" content=\"I dashuri tha se nuk e dinte se ishte shtatz\u00ebn\u00eb, reagon 30-vje\u00e7arja: Do t\u00eb dal\u00eb i lar\u00eb, e dinte! - blogin.al\" \/>\n<meta property=\"og:description\" content=\"Ish i dashuri i 30-vje\u00e7ares q\u00eb lindi foshnj\u00ebn n\u00eb bodrumin e nj\u00eb pallati n\u00eb Tiran\u00eb m\u00eb 8 n\u00ebntor dhe e braktisi aty, ka rr\u00ebfyer se ajo nuk i ka treguar se ka qen\u00eb shtatz\u00ebn\u00eb. Ai rr\u00ebfeu n\u00eb emisionin&nbsp;\u201cMe Zem\u00ebr t\u00eb Hapur\u201d, n\u00eb News24, se lidhja e tyre ka zgjatur m\u00eb shum\u00eb se dy muaj, por [&hellip;]\" \/>\n<meta property=\"og:url\" content=\"https:\/\/blogin.al\/?p=39980\" \/>\n<meta property=\"og:site_name\" content=\"blogin.al\" \/>\n<meta property=\"article:published_time\" content=\"2023-11-14T14:37:34+00:00\" \/>\n<meta property=\"article:modified_time\" content=\"2023-11-14T14:37:36+00:00\" \/>\n<meta property=\"og:image\" content=\"https:\/\/blogin.al\/wp-content\/uploads\/2023\/11\/image-44.png\" \/>\n\t<meta property=\"og:image:width\" content=\"380\" \/>\n\t<meta property=\"og:image:height\" content=\"233\" \/>\n\t<meta property=\"og:image:type\" content=\"image\/png\" \/>\n<meta name=\"author\" content=\"Blogin al\" \/>\n<meta name=\"twitter:card\" content=\"summary_large_image\" \/>\n<meta name=\"twitter:label1\" content=\"Written by\" \/>\n\t<meta name=\"twitter:data1\" content=\"Blogin al\" \/>\n\t<meta name=\"twitter:label2\" content=\"Est. reading time\" \/>\n\t<meta name=\"twitter:data2\" content=\"1 minute\" \/>\n<script type=\"application\/ld+json\" class=\"yoast-schema-graph\">{\"@context\":\"https:\\\/\\\/schema.org\",\"@graph\":[{\"@type\":\"Article\",\"@id\":\"https:\\\/\\\/blogin.al\\\/?p=39980#article\",\"isPartOf\":{\"@id\":\"https:\\\/\\\/blogin.al\\\/?p=39980\"},\"author\":{\"name\":\"Blogin al\",\"@id\":\"https:\\\/\\\/blogin.al\\\/#\\\/schema\\\/person\\\/abdd56bc912cd511db877b852b115399\"},\"headline\":\"I dashuri tha se nuk e dinte se ishte shtatz\u00ebn\u00eb, reagon 30-vje\u00e7arja: Do t\u00eb dal\u00eb i lar\u00eb, e dinte!\",\"datePublished\":\"2023-11-14T14:37:34+00:00\",\"dateModified\":\"2023-11-14T14:37:36+00:00\",\"mainEntityOfPage\":{\"@id\":\"https:\\\/\\\/blogin.al\\\/?p=39980\"},\"wordCount\":355,\"commentCount\":0,\"publisher\":{\"@id\":\"https:\\\/\\\/blogin.al\\\/#organization\"},\"image\":{\"@id\":\"https:\\\/\\\/blogin.al\\\/?p=39980#primaryimage\"},\"thumbnailUrl\":\"https:\\\/\\\/blogin.al\\\/wp-content\\\/uploads\\\/2023\\\/11\\\/image-44.png\",\"articleSection\":[\"AKTUALITET\"],\"inLanguage\":\"en-US\",\"potentialAction\":[{\"@type\":\"CommentAction\",\"name\":\"Comment\",\"target\":[\"https:\\\/\\\/blogin.al\\\/?p=39980#respond\"]}]},{\"@type\":\"WebPage\",\"@id\":\"https:\\\/\\\/blogin.al\\\/?p=39980\",\"url\":\"https:\\\/\\\/blogin.al\\\/?p=39980\",\"name\":\"I dashuri tha se nuk e dinte se ishte shtatz\u00ebn\u00eb, reagon 30-vje\u00e7arja: Do t\u00eb dal\u00eb i lar\u00eb, e dinte! - blogin.al\",\"isPartOf\":{\"@id\":\"https:\\\/\\\/blogin.al\\\/#website\"},\"primaryImageOfPage\":{\"@id\":\"https:\\\/\\\/blogin.al\\\/?p=39980#primaryimage\"},\"image\":{\"@id\":\"https:\\\/\\\/blogin.al\\\/?p=39980#primaryimage\"},\"thumbnailUrl\":\"https:\\\/\\\/blogin.al\\\/wp-content\\\/uploads\\\/2023\\\/11\\\/image-44.png\",\"datePublished\":\"2023-11-14T14:37:34+00:00\",\"dateModified\":\"2023-11-14T14:37:36+00:00\",\"breadcrumb\":{\"@id\":\"https:\\\/\\\/blogin.al\\\/?p=39980#breadcrumb\"},\"inLanguage\":\"en-US\",\"potentialAction\":[{\"@type\":\"ReadAction\",\"target\":[\"https:\\\/\\\/blogin.al\\\/?p=39980\"]}]},{\"@type\":\"ImageObject\",\"inLanguage\":\"en-US\",\"@id\":\"https:\\\/\\\/blogin.al\\\/?p=39980#primaryimage\",\"url\":\"https:\\\/\\\/blogin.al\\\/wp-content\\\/uploads\\\/2023\\\/11\\\/image-44.png\",\"contentUrl\":\"https:\\\/\\\/blogin.al\\\/wp-content\\\/uploads\\\/2023\\\/11\\\/image-44.png\",\"width\":380,\"height\":233},{\"@type\":\"BreadcrumbList\",\"@id\":\"https:\\\/\\\/blogin.al\\\/?p=39980#breadcrumb\",\"itemListElement\":[{\"@type\":\"ListItem\",\"position\":1,\"name\":\"Home\",\"item\":\"https:\\\/\\\/blogin.al\\\/\"},{\"@type\":\"ListItem\",\"position\":2,\"name\":\"I dashuri tha se nuk e dinte se ishte shtatz\u00ebn\u00eb, reagon 30-vje\u00e7arja: Do t\u00eb dal\u00eb i lar\u00eb, e dinte!\"}]},{\"@type\":\"WebSite\",\"@id\":\"https:\\\/\\\/blogin.al\\\/#website\",\"url\":\"https:\\\/\\\/blogin.al\\\/\",\"name\":\"blogin.al\",\"description\":\"\",\"publisher\":{\"@id\":\"https:\\\/\\\/blogin.al\\\/#organization\"},\"potentialAction\":[{\"@type\":\"SearchAction\",\"target\":{\"@type\":\"EntryPoint\",\"urlTemplate\":\"https:\\\/\\\/blogin.al\\\/?s={search_term_string}\"},\"query-input\":{\"@type\":\"PropertyValueSpecification\",\"valueRequired\":true,\"valueName\":\"search_term_string\"}}],\"inLanguage\":\"en-US\"},{\"@type\":\"Organization\",\"@id\":\"https:\\\/\\\/blogin.al\\\/#organization\",\"name\":\"BLOGIN.al\",\"url\":\"https:\\\/\\\/blogin.al\\\/\",\"logo\":{\"@type\":\"ImageObject\",\"inLanguage\":\"en-US\",\"@id\":\"https:\\\/\\\/blogin.al\\\/#\\\/schema\\\/logo\\\/image\\\/\",\"url\":\"https:\\\/\\\/blogin.al\\\/wp-content\\\/uploads\\\/2022\\\/05\\\/Untitled-2-01-e1652084456514.png\",\"contentUrl\":\"https:\\\/\\\/blogin.al\\\/wp-content\\\/uploads\\\/2022\\\/05\\\/Untitled-2-01-e1652084456514.png\",\"width\":3723,\"height\":1698,\"caption\":\"BLOGIN.al\"},\"image\":{\"@id\":\"https:\\\/\\\/blogin.al\\\/#\\\/schema\\\/logo\\\/image\\\/\"},\"sameAs\":[\"https:\\\/\\\/instagram.com\\\/blogin.al\\\/\"]},{\"@type\":\"Person\",\"@id\":\"https:\\\/\\\/blogin.al\\\/#\\\/schema\\\/person\\\/abdd56bc912cd511db877b852b115399\",\"name\":\"Blogin al\",\"image\":{\"@type\":\"ImageObject\",\"inLanguage\":\"en-US\",\"@id\":\"https:\\\/\\\/secure.gravatar.com\\\/avatar\\\/60d5661aee6e835fb13dc75d2204cd0c1d61bef2efd137c0083e59ef831e235e?s=96&d=mm&r=g\",\"url\":\"https:\\\/\\\/secure.gravatar.com\\\/avatar\\\/60d5661aee6e835fb13dc75d2204cd0c1d61bef2efd137c0083e59ef831e235e?s=96&d=mm&r=g\",\"contentUrl\":\"https:\\\/\\\/secure.gravatar.com\\\/avatar\\\/60d5661aee6e835fb13dc75d2204cd0c1d61bef2efd137c0083e59ef831e235e?s=96&d=mm&r=g\",\"caption\":\"Blogin al\"},\"sameAs\":[\"https:\\\/\\\/blogin.al\"],\"url\":\"https:\\\/\\\/blogin.al\\\/?author=2\"}]}<\/script>\n<!-- \/ Yoast SEO plugin. -->","yoast_head_json":{"title":"I dashuri tha se nuk e dinte se ishte shtatz\u00ebn\u00eb, reagon 30-vje\u00e7arja: Do t\u00eb dal\u00eb i lar\u00eb, e dinte! - blogin.al","robots":{"index":"index","follow":"follow","max-snippet":"max-snippet:-1","max-image-preview":"max-image-preview:large","max-video-preview":"max-video-preview:-1"},"canonical":"https:\/\/blogin.al\/?p=39980","og_locale":"en_US","og_type":"article","og_title":"I dashuri tha se nuk e dinte se ishte shtatz\u00ebn\u00eb, reagon 30-vje\u00e7arja: Do t\u00eb dal\u00eb i lar\u00eb, e dinte! - blogin.al","og_description":"Ish i dashuri i 30-vje\u00e7ares q\u00eb lindi foshnj\u00ebn n\u00eb bodrumin e nj\u00eb pallati n\u00eb Tiran\u00eb m\u00eb 8 n\u00ebntor dhe e braktisi aty, ka rr\u00ebfyer se ajo nuk i ka treguar se ka qen\u00eb shtatz\u00ebn\u00eb. Ai rr\u00ebfeu n\u00eb emisionin&nbsp;\u201cMe Zem\u00ebr t\u00eb Hapur\u201d, n\u00eb News24, se lidhja e tyre ka zgjatur m\u00eb shum\u00eb se dy muaj, por [&hellip;]","og_url":"https:\/\/blogin.al\/?p=39980","og_site_name":"blogin.al","article_published_time":"2023-11-14T14:37:34+00:00","article_modified_time":"2023-11-14T14:37:36+00:00","og_image":[{"width":380,"height":233,"url":"https:\/\/blogin.al\/wp-content\/uploads\/2023\/11\/image-44.png","type":"image\/png"}],"author":"Blogin al","twitter_card":"summary_large_image","twitter_misc":{"Written by":"Blogin al","Est. reading time":"1 minute"},"schema":{"@context":"https:\/\/schema.org","@graph":[{"@type":"Article","@id":"https:\/\/blogin.al\/?p=39980#article","isPartOf":{"@id":"https:\/\/blogin.al\/?p=39980"},"author":{"name":"Blogin al","@id":"https:\/\/blogin.al\/#\/schema\/person\/abdd56bc912cd511db877b852b115399"},"headline":"I dashuri tha se nuk e dinte se ishte shtatz\u00ebn\u00eb, reagon 30-vje\u00e7arja: Do t\u00eb dal\u00eb i lar\u00eb, e dinte!","datePublished":"2023-11-14T14:37:34+00:00","dateModified":"2023-11-14T14:37:36+00:00","mainEntityOfPage":{"@id":"https:\/\/blogin.al\/?p=39980"},"wordCount":355,"commentCount":0,"publisher":{"@id":"https:\/\/blogin.al\/#organization"},"image":{"@id":"https:\/\/blogin.al\/?p=39980#primaryimage"},"thumbnailUrl":"https:\/\/blogin.al\/wp-content\/uploads\/2023\/11\/image-44.png","articleSection":["AKTUALITET"],"inLanguage":"en-US","potentialAction":[{"@type":"CommentAction","name":"Comment","target":["https:\/\/blogin.al\/?p=39980#respond"]}]},{"@type":"WebPage","@id":"https:\/\/blogin.al\/?p=39980","url":"https:\/\/blogin.al\/?p=39980","name":"I dashuri tha se nuk e dinte se ishte shtatz\u00ebn\u00eb, reagon 30-vje\u00e7arja: Do t\u00eb dal\u00eb i lar\u00eb, e dinte! - blogin.al","isPartOf":{"@id":"https:\/\/blogin.al\/#website"},"primaryImageOfPage":{"@id":"https:\/\/blogin.al\/?p=39980#primaryimage"},"image":{"@id":"https:\/\/blogin.al\/?p=39980#primaryimage"},"thumbnailUrl":"https:\/\/blogin.al\/wp-content\/uploads\/2023\/11\/image-44.png","datePublished":"2023-11-14T14:37:34+00:00","dateModified":"2023-11-14T14:37:36+00:00","breadcrumb":{"@id":"https:\/\/blogin.al\/?p=39980#breadcrumb"},"inLanguage":"en-US","potentialAction":[{"@type":"ReadAction","target":["https:\/\/blogin.al\/?p=39980"]}]},{"@type":"ImageObject","inLanguage":"en-US","@id":"https:\/\/blogin.al\/?p=39980#primaryimage","url":"https:\/\/blogin.al\/wp-content\/uploads\/2023\/11\/image-44.png","contentUrl":"https:\/\/blogin.al\/wp-content\/uploads\/2023\/11\/image-44.png","width":380,"height":233},{"@type":"BreadcrumbList","@id":"https:\/\/blogin.al\/?p=39980#breadcrumb","itemListElement":[{"@type":"ListItem","position":1,"name":"Home","item":"https:\/\/blogin.al\/"},{"@type":"ListItem","position":2,"name":"I dashuri tha se nuk e dinte se ishte shtatz\u00ebn\u00eb, reagon 30-vje\u00e7arja: Do t\u00eb dal\u00eb i lar\u00eb, e dinte!"}]},{"@type":"WebSite","@id":"https:\/\/blogin.al\/#website","url":"https:\/\/blogin.al\/","name":"blogin.al","description":"","publisher":{"@id":"https:\/\/blogin.al\/#organization"},"potentialAction":[{"@type":"SearchAction","target":{"@type":"EntryPoint","urlTemplate":"https:\/\/blogin.al\/?s={search_term_string}"},"query-input":{"@type":"PropertyValueSpecification","valueRequired":true,"valueName":"search_term_string"}}],"inLanguage":"en-US"},{"@type":"Organization","@id":"https:\/\/blogin.al\/#organization","name":"BLOGIN.al","url":"https:\/\/blogin.al\/","logo":{"@type":"ImageObject","inLanguage":"en-US","@id":"https:\/\/blogin.al\/#\/schema\/logo\/image\/","url":"https:\/\/blogin.al\/wp-content\/uploads\/2022\/05\/Untitled-2-01-e1652084456514.png","contentUrl":"https:\/\/blogin.al\/wp-content\/uploads\/2022\/05\/Untitled-2-01-e1652084456514.png","width":3723,"height":1698,"caption":"BLOGIN.al"},"image":{"@id":"https:\/\/blogin.al\/#\/schema\/logo\/image\/"},"sameAs":["https:\/\/instagram.com\/blogin.al\/"]},{"@type":"Person","@id":"https:\/\/blogin.al\/#\/schema\/person\/abdd56bc912cd511db877b852b115399","name":"Blogin al","image":{"@type":"ImageObject","inLanguage":"en-US","@id":"https:\/\/secure.gravatar.com\/avatar\/60d5661aee6e835fb13dc75d2204cd0c1d61bef2efd137c0083e59ef831e235e?s=96&d=mm&r=g","url":"https:\/\/secure.gravatar.com\/avatar\/60d5661aee6e835fb13dc75d2204cd0c1d61bef2efd137c0083e59ef831e235e?s=96&d=mm&r=g","contentUrl":"https:\/\/secure.gravatar.com\/avatar\/60d5661aee6e835fb13dc75d2204cd0c1d61bef2efd137c0083e59ef831e235e?s=96&d=mm&r=g","caption":"Blogin al"},"sameAs":["https:\/\/blogin.al"],"url":"https:\/\/blogin.al\/?author=2"}]}},"_links":{"self":[{"href":"https:\/\/blogin.al\/index.php?rest_route=\/wp\/v2\/posts\/39980","targetHints":{"allow":["GET"]}}],"collection":[{"href":"https:\/\/blogin.al\/index.php?rest_route=\/wp\/v2\/posts"}],"about":[{"href":"https:\/\/blogin.al\/index.php?rest_route=\/wp\/v2\/types\/post"}],"author":[{"embeddable":true,"href":"https:\/\/blogin.al\/index.php?rest_route=\/wp\/v2\/users\/2"}],"replies":[{"embeddable":true,"href":"https:\/\/blogin.al\/index.php?rest_route=%2Fwp%2Fv2%2Fcomments&post=39980"}],"version-history":[{"count":1,"href":"https:\/\/blogin.al\/index.php?rest_route=\/wp\/v2\/posts\/39980\/revisions"}],"predecessor-version":[{"id":39981,"href":"https:\/\/blogin.al\/index.php?rest_route=\/wp\/v2\/posts\/39980\/revisions\/39981"}],"wp:featuredmedia":[{"embeddable":true,"href":"https:\/\/blogin.al\/index.php?rest_route=\/wp\/v2\/media\/39707"}],"wp:attachment":[{"href":"https:\/\/blogin.al\/index.php?rest_route=%2Fwp%2Fv2%2Fmedia&parent=39980"}],"wp:term":[{"taxonomy":"category","embeddable":true,"href":"https:\/\/blogin.al\/index.php?rest_route=%2Fwp%2Fv2%2Fcategories&post=39980"},{"taxonomy":"post_tag","embeddable":true,"href":"https:\/\/blogin.al\/index.php?rest_route=%2Fwp%2Fv2%2Ftags&post=39980"}],"curies":[{"name":"wp","href":"https:\/\/api.w.org\/{rel}","templated":true}]}}