{"id":40206,"date":"2023-11-20T08:30:14","date_gmt":"2023-11-20T08:30:14","guid":{"rendered":"https:\/\/blogin.al\/?p=40206"},"modified":"2023-11-20T09:25:56","modified_gmt":"2023-11-20T09:25:56","slug":"intervistoi-luiz-ejllin-ne-amerike-meriton-mjekiqi-tregon-prapaskenat","status":"publish","type":"post","link":"https:\/\/blogin.al\/?p=40206","title":{"rendered":"Intervistoi Luiz Ejllin n\u00eb Amerik\u00eb, Meriton Mjekiqi tregon prapaskenat"},"content":{"rendered":"\n<p>Meriton Mjekiqi n\u00eb nj\u00eb intervist\u00eb me Ronaldo Shark\u00ebn n\u00eb rubrik\u00ebn \u201cMos i bjer me top\u201d t\u00eb \u201cE diell\u201d, tregoi p\u00ebr prapaskenat e intervist\u00ebs s\u00eb Luiz Ejllit n\u00eb Amerik\u00eb.\u00a0<\/p>\n\n\n\n<p>Intervista me k\u00ebng\u00ebtarin b\u00ebri buj\u00eb n\u00eb at\u00eb koh\u00eb, pasi ishte periudha kur Luizini nuk kishte dal\u00eb n\u00eb asnj\u00eb intervist\u00eb tjet\u00ebr n\u00eb Top Channel, pas daljes s\u00eb tij si fitues i Big Brother Vip 2.<\/p>\n\n\n\n<p>Moderatori tha se n\u00eb fakt ishte stafi i TCH, t\u00eb cil\u00ebt e ndihmuan t\u00eb realizoj\u00eb intervist\u00ebn, nd\u00ebrsa u shpreh me fjal\u00eb t\u00eb mira p\u00ebr Luizin, duke e falenderuar p\u00ebr bised\u00ebn.<\/p>\n\n\n\n<p><em>\u201cE falenderoj sepse me Top Channel kam raporte shum\u00eb t\u00eb mira si me gazetar\u00ebt si me stafin. Ju vler\u00ebsoj shum\u00eb edhe p\u00ebr profesionalizmin. Nuk kam pasur kontakt direkt me Luizin. Pata folur me Petrin\u00ebn (menaxheren), m\u00eb ka th\u00ebn\u00eb pa merak, diskuto kur t\u00eb shkosh n\u00eb turne me Luizin. Kemi biseduar, kemi r\u00ebn\u00eb dakord. Luizi \u00ebsht\u00eb nj\u00eb dal\u00eb i mrekulluesh\u00ebm, e uroj p\u00ebr filmin. Shum\u00eb djal\u00eb i hapur, intervista shum\u00eb e mir\u00eb, e falenderoj p\u00ebr qasjen e tij gjat\u00eb intervist\u00ebs\u201d,\u00a0<\/em>tha k\u00ebng\u00ebtari.<\/p>\n\n\n\n<p>Mjekiqi tregoi se pas k\u00ebsaj interviste t\u00eb realizuar, mosha e tret\u00eb kan\u00eb filluar ta duan edhe m\u00eb shum\u00eb p\u00ebr shkak t\u00eb Luizit, pasi Meritoni \u00ebsht\u00eb m\u00eb shum\u00eb i p\u00eblqyer nga t\u00eb rinjt\u00eb p\u00ebr shkak t\u00eb muzik\u00ebs q\u00eb b\u00ebn, dhe intervistat, kryesisht me rreper\u00eb.<\/p>\n\n\n\n<p><em>\u201cKam pasur komente jasht\u00ebzakonisht t\u00eb mira t\u00eb zonjave dhe zot\u00ebrinjve t\u00eb vjet\u00ebr, q\u00eb jan\u00eb m\u00eb n\u00eb mosh\u00eb se sa gjenerata jon\u00eb. Gjithmon\u00eb jam m\u00ebsuar t\u00eb m\u00eb duan mosha rreth 35 vje\u00e7. Prej intervist\u00ebs s\u00eb Luizit, m\u00eb ka ndodhur n\u00eb dyqane, m\u00eb kan\u00eb ndaluar ndonj\u00eb zot\u00ebri ose zonj\u00eb e vjet\u00ebr dhe m\u00eb ka p\u00ebrsh\u00ebndetur edhe m\u00eb ka dh\u00ebn\u00eb nj\u00eb respekt pasi e ka par\u00eb intervist\u00ebn dhe m\u00eb ka dh\u00ebn\u00eb nj\u00eb kompliment p\u00ebr m\u00ebnyr\u00ebn se si e kemi realizuar\u201d<\/em>, tregon Meritoni.<\/p>\n","protected":false},"excerpt":{"rendered":"<p>Meriton Mjekiqi n\u00eb nj\u00eb intervist\u00eb me Ronaldo Shark\u00ebn n\u00eb rubrik\u00ebn \u201cMos i bjer me top\u201d t\u00eb \u201cE diell\u201d, tregoi p\u00ebr prapaskenat e intervist\u00ebs s\u00eb Luiz Ejllit n\u00eb Amerik\u00eb.\u00a0 Intervista me k\u00ebng\u00ebtarin b\u00ebri buj\u00eb n\u00eb at\u00eb koh\u00eb, pasi ishte periudha kur Luizini nuk kishte dal\u00eb n\u00eb asnj\u00eb intervist\u00eb tjet\u00ebr n\u00eb Top Channel, pas daljes s\u00eb tij [&hellip;]<\/p>\n","protected":false},"author":2,"featured_media":40205,"comment_status":"open","ping_status":"open","sticky":false,"template":"","format":"standard","meta":{"footnotes":""},"categories":[33],"tags":[],"class_list":{"0":"post-40206","1":"post","2":"type-post","3":"status-publish","4":"format-standard","5":"has-post-thumbnail","7":"category-showbiz"},"yoast_head":"<!-- This site is optimized with the Yoast SEO plugin v27.5 - https:\/\/yoast.com\/product\/yoast-seo-wordpress\/ -->\n<title>Intervistoi Luiz Ejllin n\u00eb Amerik\u00eb, Meriton Mjekiqi tregon prapaskenat - blogin.al<\/title>\n<meta name=\"robots\" content=\"index, follow, max-snippet:-1, max-image-preview:large, max-video-preview:-1\" \/>\n<link rel=\"canonical\" href=\"https:\/\/blogin.al\/?p=40206\" \/>\n<meta property=\"og:locale\" content=\"en_US\" \/>\n<meta property=\"og:type\" content=\"article\" \/>\n<meta property=\"og:title\" content=\"Intervistoi Luiz Ejllin n\u00eb Amerik\u00eb, Meriton Mjekiqi tregon prapaskenat - blogin.al\" \/>\n<meta property=\"og:description\" content=\"Meriton Mjekiqi n\u00eb nj\u00eb intervist\u00eb me Ronaldo Shark\u00ebn n\u00eb rubrik\u00ebn \u201cMos i bjer me top\u201d t\u00eb \u201cE diell\u201d, tregoi p\u00ebr prapaskenat e intervist\u00ebs s\u00eb Luiz Ejllit n\u00eb Amerik\u00eb.\u00a0 Intervista me k\u00ebng\u00ebtarin b\u00ebri buj\u00eb n\u00eb at\u00eb koh\u00eb, pasi ishte periudha kur Luizini nuk kishte dal\u00eb n\u00eb asnj\u00eb intervist\u00eb tjet\u00ebr n\u00eb Top Channel, pas daljes s\u00eb tij [&hellip;]\" \/>\n<meta property=\"og:url\" content=\"https:\/\/blogin.al\/?p=40206\" \/>\n<meta property=\"og:site_name\" content=\"blogin.al\" \/>\n<meta property=\"article:published_time\" content=\"2023-11-20T08:30:14+00:00\" \/>\n<meta property=\"article:modified_time\" content=\"2023-11-20T09:25:56+00:00\" \/>\n<meta property=\"og:image\" content=\"https:\/\/blogin.al\/wp-content\/uploads\/2023\/11\/meriton-1280x710-1.jpg\" \/>\n\t<meta property=\"og:image:width\" content=\"1280\" \/>\n\t<meta property=\"og:image:height\" content=\"710\" \/>\n\t<meta property=\"og:image:type\" content=\"image\/jpeg\" \/>\n<meta name=\"author\" content=\"Blogin al\" \/>\n<meta name=\"twitter:card\" content=\"summary_large_image\" \/>\n<meta name=\"twitter:label1\" content=\"Written by\" \/>\n\t<meta name=\"twitter:data1\" content=\"Blogin al\" \/>\n\t<meta name=\"twitter:label2\" content=\"Est. reading time\" \/>\n\t<meta name=\"twitter:data2\" content=\"2 minutes\" \/>\n<script type=\"application\/ld+json\" class=\"yoast-schema-graph\">{\"@context\":\"https:\\\/\\\/schema.org\",\"@graph\":[{\"@type\":\"Article\",\"@id\":\"https:\\\/\\\/blogin.al\\\/?p=40206#article\",\"isPartOf\":{\"@id\":\"https:\\\/\\\/blogin.al\\\/?p=40206\"},\"author\":{\"name\":\"Blogin al\",\"@id\":\"https:\\\/\\\/blogin.al\\\/#\\\/schema\\\/person\\\/abdd56bc912cd511db877b852b115399\"},\"headline\":\"Intervistoi Luiz Ejllin n\u00eb Amerik\u00eb, Meriton Mjekiqi tregon prapaskenat\",\"datePublished\":\"2023-11-20T08:30:14+00:00\",\"dateModified\":\"2023-11-20T09:25:56+00:00\",\"mainEntityOfPage\":{\"@id\":\"https:\\\/\\\/blogin.al\\\/?p=40206\"},\"wordCount\":349,\"commentCount\":0,\"publisher\":{\"@id\":\"https:\\\/\\\/blogin.al\\\/#organization\"},\"image\":{\"@id\":\"https:\\\/\\\/blogin.al\\\/?p=40206#primaryimage\"},\"thumbnailUrl\":\"https:\\\/\\\/blogin.al\\\/wp-content\\\/uploads\\\/2023\\\/11\\\/meriton-1280x710-1.jpg\",\"articleSection\":[\"SHOWBIZ\"],\"inLanguage\":\"en-US\",\"potentialAction\":[{\"@type\":\"CommentAction\",\"name\":\"Comment\",\"target\":[\"https:\\\/\\\/blogin.al\\\/?p=40206#respond\"]}]},{\"@type\":\"WebPage\",\"@id\":\"https:\\\/\\\/blogin.al\\\/?p=40206\",\"url\":\"https:\\\/\\\/blogin.al\\\/?p=40206\",\"name\":\"Intervistoi Luiz Ejllin n\u00eb Amerik\u00eb, Meriton Mjekiqi tregon prapaskenat - blogin.al\",\"isPartOf\":{\"@id\":\"https:\\\/\\\/blogin.al\\\/#website\"},\"primaryImageOfPage\":{\"@id\":\"https:\\\/\\\/blogin.al\\\/?p=40206#primaryimage\"},\"image\":{\"@id\":\"https:\\\/\\\/blogin.al\\\/?p=40206#primaryimage\"},\"thumbnailUrl\":\"https:\\\/\\\/blogin.al\\\/wp-content\\\/uploads\\\/2023\\\/11\\\/meriton-1280x710-1.jpg\",\"datePublished\":\"2023-11-20T08:30:14+00:00\",\"dateModified\":\"2023-11-20T09:25:56+00:00\",\"breadcrumb\":{\"@id\":\"https:\\\/\\\/blogin.al\\\/?p=40206#breadcrumb\"},\"inLanguage\":\"en-US\",\"potentialAction\":[{\"@type\":\"ReadAction\",\"target\":[\"https:\\\/\\\/blogin.al\\\/?p=40206\"]}]},{\"@type\":\"ImageObject\",\"inLanguage\":\"en-US\",\"@id\":\"https:\\\/\\\/blogin.al\\\/?p=40206#primaryimage\",\"url\":\"https:\\\/\\\/blogin.al\\\/wp-content\\\/uploads\\\/2023\\\/11\\\/meriton-1280x710-1.jpg\",\"contentUrl\":\"https:\\\/\\\/blogin.al\\\/wp-content\\\/uploads\\\/2023\\\/11\\\/meriton-1280x710-1.jpg\",\"width\":1280,\"height\":710},{\"@type\":\"BreadcrumbList\",\"@id\":\"https:\\\/\\\/blogin.al\\\/?p=40206#breadcrumb\",\"itemListElement\":[{\"@type\":\"ListItem\",\"position\":1,\"name\":\"Home\",\"item\":\"https:\\\/\\\/blogin.al\\\/\"},{\"@type\":\"ListItem\",\"position\":2,\"name\":\"Intervistoi Luiz Ejllin n\u00eb Amerik\u00eb, Meriton Mjekiqi tregon prapaskenat\"}]},{\"@type\":\"WebSite\",\"@id\":\"https:\\\/\\\/blogin.al\\\/#website\",\"url\":\"https:\\\/\\\/blogin.al\\\/\",\"name\":\"blogin.al\",\"description\":\"\",\"publisher\":{\"@id\":\"https:\\\/\\\/blogin.al\\\/#organization\"},\"potentialAction\":[{\"@type\":\"SearchAction\",\"target\":{\"@type\":\"EntryPoint\",\"urlTemplate\":\"https:\\\/\\\/blogin.al\\\/?s={search_term_string}\"},\"query-input\":{\"@type\":\"PropertyValueSpecification\",\"valueRequired\":true,\"valueName\":\"search_term_string\"}}],\"inLanguage\":\"en-US\"},{\"@type\":\"Organization\",\"@id\":\"https:\\\/\\\/blogin.al\\\/#organization\",\"name\":\"BLOGIN.al\",\"url\":\"https:\\\/\\\/blogin.al\\\/\",\"logo\":{\"@type\":\"ImageObject\",\"inLanguage\":\"en-US\",\"@id\":\"https:\\\/\\\/blogin.al\\\/#\\\/schema\\\/logo\\\/image\\\/\",\"url\":\"https:\\\/\\\/blogin.al\\\/wp-content\\\/uploads\\\/2022\\\/05\\\/Untitled-2-01-e1652084456514.png\",\"contentUrl\":\"https:\\\/\\\/blogin.al\\\/wp-content\\\/uploads\\\/2022\\\/05\\\/Untitled-2-01-e1652084456514.png\",\"width\":3723,\"height\":1698,\"caption\":\"BLOGIN.al\"},\"image\":{\"@id\":\"https:\\\/\\\/blogin.al\\\/#\\\/schema\\\/logo\\\/image\\\/\"},\"sameAs\":[\"https:\\\/\\\/instagram.com\\\/blogin.al\\\/\"]},{\"@type\":\"Person\",\"@id\":\"https:\\\/\\\/blogin.al\\\/#\\\/schema\\\/person\\\/abdd56bc912cd511db877b852b115399\",\"name\":\"Blogin al\",\"image\":{\"@type\":\"ImageObject\",\"inLanguage\":\"en-US\",\"@id\":\"https:\\\/\\\/secure.gravatar.com\\\/avatar\\\/60d5661aee6e835fb13dc75d2204cd0c1d61bef2efd137c0083e59ef831e235e?s=96&d=mm&r=g\",\"url\":\"https:\\\/\\\/secure.gravatar.com\\\/avatar\\\/60d5661aee6e835fb13dc75d2204cd0c1d61bef2efd137c0083e59ef831e235e?s=96&d=mm&r=g\",\"contentUrl\":\"https:\\\/\\\/secure.gravatar.com\\\/avatar\\\/60d5661aee6e835fb13dc75d2204cd0c1d61bef2efd137c0083e59ef831e235e?s=96&d=mm&r=g\",\"caption\":\"Blogin al\"},\"sameAs\":[\"https:\\\/\\\/blogin.al\"],\"url\":\"https:\\\/\\\/blogin.al\\\/?author=2\"}]}<\/script>\n<!-- \/ Yoast SEO plugin. -->","yoast_head_json":{"title":"Intervistoi Luiz Ejllin n\u00eb Amerik\u00eb, Meriton Mjekiqi tregon prapaskenat - blogin.al","robots":{"index":"index","follow":"follow","max-snippet":"max-snippet:-1","max-image-preview":"max-image-preview:large","max-video-preview":"max-video-preview:-1"},"canonical":"https:\/\/blogin.al\/?p=40206","og_locale":"en_US","og_type":"article","og_title":"Intervistoi Luiz Ejllin n\u00eb Amerik\u00eb, Meriton Mjekiqi tregon prapaskenat - blogin.al","og_description":"Meriton Mjekiqi n\u00eb nj\u00eb intervist\u00eb me Ronaldo Shark\u00ebn n\u00eb rubrik\u00ebn \u201cMos i bjer me top\u201d t\u00eb \u201cE diell\u201d, tregoi p\u00ebr prapaskenat e intervist\u00ebs s\u00eb Luiz Ejllit n\u00eb Amerik\u00eb.\u00a0 Intervista me k\u00ebng\u00ebtarin b\u00ebri buj\u00eb n\u00eb at\u00eb koh\u00eb, pasi ishte periudha kur Luizini nuk kishte dal\u00eb n\u00eb asnj\u00eb intervist\u00eb tjet\u00ebr n\u00eb Top Channel, pas daljes s\u00eb tij [&hellip;]","og_url":"https:\/\/blogin.al\/?p=40206","og_site_name":"blogin.al","article_published_time":"2023-11-20T08:30:14+00:00","article_modified_time":"2023-11-20T09:25:56+00:00","og_image":[{"width":1280,"height":710,"url":"https:\/\/blogin.al\/wp-content\/uploads\/2023\/11\/meriton-1280x710-1.jpg","type":"image\/jpeg"}],"author":"Blogin al","twitter_card":"summary_large_image","twitter_misc":{"Written by":"Blogin al","Est. reading time":"2 minutes"},"schema":{"@context":"https:\/\/schema.org","@graph":[{"@type":"Article","@id":"https:\/\/blogin.al\/?p=40206#article","isPartOf":{"@id":"https:\/\/blogin.al\/?p=40206"},"author":{"name":"Blogin al","@id":"https:\/\/blogin.al\/#\/schema\/person\/abdd56bc912cd511db877b852b115399"},"headline":"Intervistoi Luiz Ejllin n\u00eb Amerik\u00eb, Meriton Mjekiqi tregon prapaskenat","datePublished":"2023-11-20T08:30:14+00:00","dateModified":"2023-11-20T09:25:56+00:00","mainEntityOfPage":{"@id":"https:\/\/blogin.al\/?p=40206"},"wordCount":349,"commentCount":0,"publisher":{"@id":"https:\/\/blogin.al\/#organization"},"image":{"@id":"https:\/\/blogin.al\/?p=40206#primaryimage"},"thumbnailUrl":"https:\/\/blogin.al\/wp-content\/uploads\/2023\/11\/meriton-1280x710-1.jpg","articleSection":["SHOWBIZ"],"inLanguage":"en-US","potentialAction":[{"@type":"CommentAction","name":"Comment","target":["https:\/\/blogin.al\/?p=40206#respond"]}]},{"@type":"WebPage","@id":"https:\/\/blogin.al\/?p=40206","url":"https:\/\/blogin.al\/?p=40206","name":"Intervistoi Luiz Ejllin n\u00eb Amerik\u00eb, Meriton Mjekiqi tregon prapaskenat - blogin.al","isPartOf":{"@id":"https:\/\/blogin.al\/#website"},"primaryImageOfPage":{"@id":"https:\/\/blogin.al\/?p=40206#primaryimage"},"image":{"@id":"https:\/\/blogin.al\/?p=40206#primaryimage"},"thumbnailUrl":"https:\/\/blogin.al\/wp-content\/uploads\/2023\/11\/meriton-1280x710-1.jpg","datePublished":"2023-11-20T08:30:14+00:00","dateModified":"2023-11-20T09:25:56+00:00","breadcrumb":{"@id":"https:\/\/blogin.al\/?p=40206#breadcrumb"},"inLanguage":"en-US","potentialAction":[{"@type":"ReadAction","target":["https:\/\/blogin.al\/?p=40206"]}]},{"@type":"ImageObject","inLanguage":"en-US","@id":"https:\/\/blogin.al\/?p=40206#primaryimage","url":"https:\/\/blogin.al\/wp-content\/uploads\/2023\/11\/meriton-1280x710-1.jpg","contentUrl":"https:\/\/blogin.al\/wp-content\/uploads\/2023\/11\/meriton-1280x710-1.jpg","width":1280,"height":710},{"@type":"BreadcrumbList","@id":"https:\/\/blogin.al\/?p=40206#breadcrumb","itemListElement":[{"@type":"ListItem","position":1,"name":"Home","item":"https:\/\/blogin.al\/"},{"@type":"ListItem","position":2,"name":"Intervistoi Luiz Ejllin n\u00eb Amerik\u00eb, Meriton Mjekiqi tregon prapaskenat"}]},{"@type":"WebSite","@id":"https:\/\/blogin.al\/#website","url":"https:\/\/blogin.al\/","name":"blogin.al","description":"","publisher":{"@id":"https:\/\/blogin.al\/#organization"},"potentialAction":[{"@type":"SearchAction","target":{"@type":"EntryPoint","urlTemplate":"https:\/\/blogin.al\/?s={search_term_string}"},"query-input":{"@type":"PropertyValueSpecification","valueRequired":true,"valueName":"search_term_string"}}],"inLanguage":"en-US"},{"@type":"Organization","@id":"https:\/\/blogin.al\/#organization","name":"BLOGIN.al","url":"https:\/\/blogin.al\/","logo":{"@type":"ImageObject","inLanguage":"en-US","@id":"https:\/\/blogin.al\/#\/schema\/logo\/image\/","url":"https:\/\/blogin.al\/wp-content\/uploads\/2022\/05\/Untitled-2-01-e1652084456514.png","contentUrl":"https:\/\/blogin.al\/wp-content\/uploads\/2022\/05\/Untitled-2-01-e1652084456514.png","width":3723,"height":1698,"caption":"BLOGIN.al"},"image":{"@id":"https:\/\/blogin.al\/#\/schema\/logo\/image\/"},"sameAs":["https:\/\/instagram.com\/blogin.al\/"]},{"@type":"Person","@id":"https:\/\/blogin.al\/#\/schema\/person\/abdd56bc912cd511db877b852b115399","name":"Blogin al","image":{"@type":"ImageObject","inLanguage":"en-US","@id":"https:\/\/secure.gravatar.com\/avatar\/60d5661aee6e835fb13dc75d2204cd0c1d61bef2efd137c0083e59ef831e235e?s=96&d=mm&r=g","url":"https:\/\/secure.gravatar.com\/avatar\/60d5661aee6e835fb13dc75d2204cd0c1d61bef2efd137c0083e59ef831e235e?s=96&d=mm&r=g","contentUrl":"https:\/\/secure.gravatar.com\/avatar\/60d5661aee6e835fb13dc75d2204cd0c1d61bef2efd137c0083e59ef831e235e?s=96&d=mm&r=g","caption":"Blogin al"},"sameAs":["https:\/\/blogin.al"],"url":"https:\/\/blogin.al\/?author=2"}]}},"_links":{"self":[{"href":"https:\/\/blogin.al\/index.php?rest_route=\/wp\/v2\/posts\/40206","targetHints":{"allow":["GET"]}}],"collection":[{"href":"https:\/\/blogin.al\/index.php?rest_route=\/wp\/v2\/posts"}],"about":[{"href":"https:\/\/blogin.al\/index.php?rest_route=\/wp\/v2\/types\/post"}],"author":[{"embeddable":true,"href":"https:\/\/blogin.al\/index.php?rest_route=\/wp\/v2\/users\/2"}],"replies":[{"embeddable":true,"href":"https:\/\/blogin.al\/index.php?rest_route=%2Fwp%2Fv2%2Fcomments&post=40206"}],"version-history":[{"count":1,"href":"https:\/\/blogin.al\/index.php?rest_route=\/wp\/v2\/posts\/40206\/revisions"}],"predecessor-version":[{"id":40207,"href":"https:\/\/blogin.al\/index.php?rest_route=\/wp\/v2\/posts\/40206\/revisions\/40207"}],"wp:featuredmedia":[{"embeddable":true,"href":"https:\/\/blogin.al\/index.php?rest_route=\/wp\/v2\/media\/40205"}],"wp:attachment":[{"href":"https:\/\/blogin.al\/index.php?rest_route=%2Fwp%2Fv2%2Fmedia&parent=40206"}],"wp:term":[{"taxonomy":"category","embeddable":true,"href":"https:\/\/blogin.al\/index.php?rest_route=%2Fwp%2Fv2%2Fcategories&post=40206"},{"taxonomy":"post_tag","embeddable":true,"href":"https:\/\/blogin.al\/index.php?rest_route=%2Fwp%2Fv2%2Ftags&post=40206"}],"curies":[{"name":"wp","href":"https:\/\/api.w.org\/{rel}","templated":true}]}}