{"id":40347,"date":"2023-11-23T10:52:23","date_gmt":"2023-11-23T10:52:23","guid":{"rendered":"https:\/\/blogin.al\/?p=40347"},"modified":"2023-11-23T10:52:26","modified_gmt":"2023-11-23T10:52:26","slug":"iu-shfaq-pas-covid-19-gazetari-flet-per-here-te-pare-per-semundjen-beteje-e-forte-te-vetja-ime","status":"publish","type":"post","link":"https:\/\/blogin.al\/?p=40347","title":{"rendered":"Iu shfaq pas Covid-19, gazetari flet p\u00ebr her\u00eb t\u00eb par\u00eb p\u00ebr s\u00ebmundjen: Beteje e fort\u00eb te vetja ime"},"content":{"rendered":"\n<p>Osman Stafa \u00ebsht\u00eb vler\u00ebsuar me \u00e7mimin Reporteri i Vitit 2023 dhe vendin e dyt\u00eb si gazetar investigativ nga Bashkimi Europian. Ai \u00ebsht\u00eb nism\u00ebtar i disa prej projekteve si \u201cNj\u00eb gjest q\u00eb b\u00ebhet shpres\u00eb\u201d apo \u201cPo t\u2019vjen nj\u00eb kartolin\u00eb\u201d q\u00eb kan\u00eb marr\u00eb mb\u00ebshtetje t\u00eb madhe nga publiku.<\/p>\n\n\n\n<p>P\u00ebrtej pun\u00ebs si gazetar dhe arritjeve, n\u00eb intervist\u00ebn e tij p\u00ebr \u201cRudina\u201d n\u00eb Tv Klan Osman Stafa ndan p\u00ebr her\u00eb t\u00eb par\u00eb betej\u00ebn e tij me alopecin\u00eb. Alopecia \u00ebsht\u00eb nj\u00eb s\u00ebmundje autoimunitare, pasoja e vetme e s\u00eb cil\u00ebs lidhet me paraqitjen estetike sepse shkakton r\u00ebnie lokale ose totale t\u00eb qimeve t\u00eb trupit.<\/p>\n\n\n\n<p>Gazetari \u00ebsht\u00eb prekur prej saj pas infektimit nga Covid-19 n\u00ebntorin e shkuar dhe n\u00eb nj\u00eb koh\u00eb t\u00eb shkurt\u00ebr, alopecia avancoi duke sjell\u00eb nj\u00eb sfid\u00eb t\u00eb re n\u00eb jet\u00ebn e tij.<\/p>\n\n\n\n<figure class=\"wp-block-image size-full is-style-default\"><img fetchpriority=\"high\" decoding=\"async\" width=\"282\" height=\"179\" src=\"https:\/\/blogin.al\/wp-content\/uploads\/2023\/11\/image-141.png\" alt=\"\" class=\"wp-image-40349\" srcset=\"https:\/\/blogin.al\/wp-content\/uploads\/2023\/11\/image-141.png 282w, https:\/\/blogin.al\/wp-content\/uploads\/2023\/11\/image-141-150x95.png 150w\" sizes=\"(max-width: 282px) 100vw, 282px\" \/><\/figure>\n\n\n\n<p>Osman Stafa: Un\u00eb jam 31 vje\u00e7 dhe\u2026<\/p>\n\n\n\n<p><strong>Rudina Magjistari:<\/strong>&nbsp;Ti s\u2019ke folur asnj\u00ebher\u00eb, p\u00ebrve\u00e7 nj\u00eb postimi q\u00eb ke b\u00ebr\u00eb n\u00eb Instagram.<\/p>\n\n\n\n<p><strong>Osman Stafa:<\/strong>&nbsp;Nuk kam folur sepse gjithmon\u00eb \u00ebsht\u00eb ajo, kam dashur q\u00eb un\u00eb t\u00eb njihem p\u00ebr nismat e mia, p\u00ebr ato protestat sado t\u00eb vogla q\u00eb un\u00eb mund t\u00eb b\u00ebj n\u00eb rrjetet e mia sociale dhe nuk kam folur sepse kam menduar se kjo \u00e7far\u00eb pata un\u00eb \u00ebsht\u00eb nj\u00eb gj\u00eb shum\u00eb e vog\u00ebl n\u00eb krahasim me \u00e7far\u00eb ndodh atje jasht\u00eb. Por pastaj me kalimin e k\u00ebtyre muajve, tashm\u00eb b\u00ebhet nj\u00eb vit, n\u00ebntori \u00ebsht\u00eb nj\u00eb vit q\u00eb un\u00eb jam prekur nga alopecia universalis tani se n\u00eb fillim fare ka qen\u00eb areata, tani \u00ebsht\u00eb universalis dhe kam kuptuar q\u00eb ndonj\u00ebher\u00eb nj\u00eb fjal\u00eb sado e vog\u00ebl nga dikush, q\u00eb \u00ebsht\u00eb nj\u00eb fjal\u00eb motivuese, t\u00eb ndikon n\u00eb shpirt sepse ne jemi qenie njer\u00ebzore me ndjenja dhe p\u00ebr k\u00ebt\u00eb arsye kam vendosur q\u00eb ta pranoj me k\u00ebnaq\u00ebsi ftes\u00ebn q\u00eb m\u00eb ke b\u00ebr\u00eb, t\u00eb jem i sinqert\u00eb kam pasur shum\u00eb ftesa n\u00eb emisione t\u00eb ndryshme por kam vendosur t\u00eb flas k\u00ebtu edhe p\u00ebr komoditetin q\u00eb m\u00eb ofron.<\/p>\n\n\n\n<p><strong>Rudina Magjistari:<\/strong>&nbsp;T\u00eb falenderoj!<\/p>\n\n\n\n<p><strong>Osman Stafa:<\/strong>&nbsp;Ajo se \u00e7far\u00eb ndodhi \u00ebsht\u00eb nj\u00eb nga sfidat e radh\u00ebs q\u00eb un\u00eb kam pasur p\u00ebrgjat\u00eb gjith\u00eb jet\u00ebs time. 31 vje\u00e7 thash\u00eb jam, kam pasur dhe jam p\u00ebrballur me shum\u00eb sfida t\u00eb forta p\u00ebrgjat\u00eb gjith\u00eb rritjes time, an\u00ebs profesionale, pun\u00ebs q\u00eb b\u00ebj dhe k\u00ebt\u00eb e kam si nj\u00eb lloj sfide t\u00eb radh\u00ebs q\u00eb m\u00eb duhet t\u00eb p\u00ebrballem q\u00eb s\u2019duhet t\u00eb m\u00eb mposht\u00eb por duhet ta mposht.<\/p>\n\n\n\n<p><strong>Rudina Magjistari:<\/strong>&nbsp;Si u shfaq tek ty?<\/p>\n\n\n\n<p><strong>Osman Stafa:<\/strong>&nbsp;Un\u00eb n\u00ebntorin e vitit t\u00eb kaluar u diagnostikova me Covid-19. Ishte e \u00e7uditshme sepse un\u00eb p\u00ebrgjat\u00eb gjith\u00eb koh\u00ebs kam raportuar nga vende nga m\u00eb t\u00eb ndryshme gjat\u00eb koh\u00ebs s\u00eb pandemis\u00eb. Jo vet\u00ebm kaq, kam qen\u00eb n\u00eb kontakt me shum\u00eb njer\u00ebz q\u00eb kan\u00eb qen\u00eb t\u00eb infektuar dhe un\u00eb u diagnostikova vet\u00ebm n\u00eb fund, p\u00ebr 3-4 muaj u p\u00ebrhap e gjitha. N\u00eb dit\u00ebn e gjasht\u00eb q\u00eb un\u00eb isha me Covid u shfaq pulla e par\u00eb e r\u00ebnies s\u00eb qimeve te mjekra. Nuk i dhash\u00eb fort r\u00ebnd\u00ebsi at\u00ebher\u00eb sepse thash\u00eb q\u00eb kjo \u00ebsht\u00eb nj\u00eb \u00e7\u00ebshtje q\u00eb un\u00eb duhet t\u00eb merrem m\u00eb von\u00eb dhe do duhet q\u00eb t\u00eb merrem fillimisht me Covid-in, koronavirusin. Nuk \u00ebsht\u00eb se e kalova keq, nuk pata asnj\u00eb lloj problemi q\u00eb t\u00eb shkoj n\u00eb spital apo, por thjesht e mora pak me ankth dhe ndoshta ndikoi edhe koha q\u00eb un\u00eb vet\u00ebm raportoja p\u00ebr njer\u00ebz q\u00eb kan\u00eb humbur jet\u00ebn, p\u00ebr njer\u00ebz q\u00eb jan\u00eb n\u00eb gjendje t\u00eb r\u00ebnd\u00eb dhe ndoshta kjo ka ndikuar automatikisht tek un\u00eb.<\/p>\n\n\n\n<p>E kalova Covid-in dhe fillova t\u00eb k\u00ebrkoj edhe kurim p\u00ebr k\u00ebt\u00eb pull\u00ebn q\u00eb m\u00eb ishte krijuar. Fillova t\u00eb merrja nj\u00eb lloj mjekimi q\u00eb ishte nj\u00eb tip gjilp\u00ebre q\u00eb b\u00ebhej n\u00eb m\u00ebnyr\u00eb lokale te pjesa e lokalizuar, e r\u00ebnies s\u00eb qimeve dhe filloi t\u00eb mbushej. N\u00eb fillim t\u00eb vitit 2023 filloi q\u00eb k\u00ebto pulla t\u00eb krijoheshin n\u00eb vende t\u00eb ndryshme t\u00eb kok\u00ebs, pas kok\u00ebs, t\u00eb shtoheshin dhe rreth 8-9 muaj, un\u00eb merrja mjekim, ato mbylleshin kur un\u00eb merrja mjekim, hapeshin diku tjet\u00ebr. Ka q\u00eblluar gjat\u00eb gjith\u00eb koh\u00ebs n\u00eb k\u00ebt\u00eb lloj forme, kisha te mjekra dhe te pjesa prapa kok\u00ebs.<\/p>\n\n\n\n<p>Deri pastaj, ka qen\u00eb si ky muaj nj\u00eb vit m\u00eb par\u00eb kur pash\u00eb q\u00eb k\u00ebto pullat po shtoheshin m\u00eb shum\u00eb, filloi te pjesa e mjekr\u00ebs. Un\u00eb fillimisht kam hequr mjekr\u00ebn, pastaj ishte te pjesa e kok\u00ebs q\u00eb po shtoheshin goxha m\u00eb shum\u00eb dhe deri n\u00eb momentin q\u00eb un\u00eb po kuptoja dhe mjek\u00ebt m\u00eb than\u00eb q\u00eb kjo po kalon n\u00eb universalis, r\u00ebnie totale e qimeve t\u00eb trupit q\u00eb ti ke. Vendosa q\u00eb t\u00eb shkoj te berberi, t\u00eb qethem zero. Nuk e kisha menduar ndonj\u00ebher\u00eb se do qethesha zero sepse un\u00eb kisha nj\u00eb lloj kujdesi t\u00eb ve\u00e7ant\u00eb p\u00ebr mjekr\u00ebn, p\u00ebr flok\u00ebt, nuk lija nj\u00eb qime t\u00eb ikte.<\/p>\n\n\n\n<p><strong>Rudina Magjistari:<\/strong>&nbsp;T\u00eb mbaj mend mir\u00eb.<\/p>\n\n\n\n<p><strong>Osman Stafa:<\/strong>&nbsp;Vendosa t\u2019i qeth zero dhe nd\u00ebrkoh\u00eb p\u00ebrplasja e par\u00eb brenda vetes time ka qen\u00eb dit\u00ebn tjet\u00ebr q\u00eb un\u00eb zgjohem sepse normalisht mendja e harron at\u00eb \u00e7far\u00eb ka ndodhur dhe thjesht kur dola p\u00ebrpara pasqyr\u00ebs po p\u00ebrballesha me imazhin e ri q\u00eb un\u00eb isha. Ishte nj\u00eb lloj beteje e fort\u00eb te vetja ime sepse un\u00eb nuk \u00ebsht\u00eb se kisha nj\u00eb pun\u00eb jurist apo ekonomist, nuk e di q\u00eb un\u00eb kisha at\u00eb rrethin tim, mund t\u00eb qethesha zero dhe ishte okej \u00e7do gj\u00eb. Kisha nj\u00eb pun\u00eb q\u00eb duhej t\u00eb dilja \u00e7do dit\u00eb n\u00eb ekran dhe n\u00eb qoft\u00eb se dit\u00ebn e par\u00eb isha me flok\u00eb, me mjek\u00ebr, mjekra n\u00eb fakt ishte shum\u00eb pak por dukej, dit\u00ebn tjet\u00ebr un\u00eb isha\u2026<\/p>\n","protected":false},"excerpt":{"rendered":"<p>Osman Stafa \u00ebsht\u00eb vler\u00ebsuar me \u00e7mimin Reporteri i Vitit 2023 dhe vendin e dyt\u00eb si gazetar investigativ nga Bashkimi Europian. Ai \u00ebsht\u00eb nism\u00ebtar i disa prej projekteve si \u201cNj\u00eb gjest q\u00eb b\u00ebhet shpres\u00eb\u201d apo \u201cPo t\u2019vjen nj\u00eb kartolin\u00eb\u201d q\u00eb kan\u00eb marr\u00eb mb\u00ebshtetje t\u00eb madhe nga publiku. P\u00ebrtej pun\u00ebs si gazetar dhe arritjeve, n\u00eb intervist\u00ebn e [&hellip;]<\/p>\n","protected":false},"author":2,"featured_media":40348,"comment_status":"open","ping_status":"open","sticky":false,"template":"","format":"standard","meta":{"footnotes":""},"categories":[33],"tags":[],"class_list":{"0":"post-40347","1":"post","2":"type-post","3":"status-publish","4":"format-standard","5":"has-post-thumbnail","7":"category-showbiz"},"yoast_head":"<!-- This site is optimized with the Yoast SEO plugin v27.5 - https:\/\/yoast.com\/product\/yoast-seo-wordpress\/ -->\n<title>Iu shfaq pas Covid-19, gazetari flet p\u00ebr her\u00eb t\u00eb par\u00eb p\u00ebr s\u00ebmundjen: Beteje e fort\u00eb te vetja ime - blogin.al<\/title>\n<meta name=\"robots\" content=\"index, follow, max-snippet:-1, max-image-preview:large, max-video-preview:-1\" \/>\n<link rel=\"canonical\" href=\"https:\/\/blogin.al\/?p=40347\" \/>\n<meta property=\"og:locale\" content=\"en_US\" \/>\n<meta property=\"og:type\" content=\"article\" \/>\n<meta property=\"og:title\" content=\"Iu shfaq pas Covid-19, gazetari flet p\u00ebr her\u00eb t\u00eb par\u00eb p\u00ebr s\u00ebmundjen: Beteje e fort\u00eb te vetja ime - blogin.al\" \/>\n<meta property=\"og:description\" content=\"Osman Stafa \u00ebsht\u00eb vler\u00ebsuar me \u00e7mimin Reporteri i Vitit 2023 dhe vendin e dyt\u00eb si gazetar investigativ nga Bashkimi Europian. Ai \u00ebsht\u00eb nism\u00ebtar i disa prej projekteve si \u201cNj\u00eb gjest q\u00eb b\u00ebhet shpres\u00eb\u201d apo \u201cPo t\u2019vjen nj\u00eb kartolin\u00eb\u201d q\u00eb kan\u00eb marr\u00eb mb\u00ebshtetje t\u00eb madhe nga publiku. P\u00ebrtej pun\u00ebs si gazetar dhe arritjeve, n\u00eb intervist\u00ebn e [&hellip;]\" \/>\n<meta property=\"og:url\" content=\"https:\/\/blogin.al\/?p=40347\" \/>\n<meta property=\"og:site_name\" content=\"blogin.al\" \/>\n<meta property=\"article:published_time\" content=\"2023-11-23T10:52:23+00:00\" \/>\n<meta property=\"article:modified_time\" content=\"2023-11-23T10:52:26+00:00\" \/>\n<meta property=\"og:image\" content=\"https:\/\/blogin.al\/wp-content\/uploads\/2023\/11\/image-140.png\" \/>\n\t<meta property=\"og:image:width\" content=\"930\" \/>\n\t<meta property=\"og:image:height\" content=\"530\" \/>\n\t<meta property=\"og:image:type\" content=\"image\/png\" \/>\n<meta name=\"author\" content=\"Blogin al\" \/>\n<meta name=\"twitter:card\" content=\"summary_large_image\" \/>\n<meta name=\"twitter:label1\" content=\"Written by\" \/>\n\t<meta name=\"twitter:data1\" content=\"Blogin al\" \/>\n\t<meta name=\"twitter:label2\" content=\"Est. reading time\" \/>\n\t<meta name=\"twitter:data2\" content=\"5 minutes\" \/>\n<script type=\"application\/ld+json\" class=\"yoast-schema-graph\">{\"@context\":\"https:\\\/\\\/schema.org\",\"@graph\":[{\"@type\":\"Article\",\"@id\":\"https:\\\/\\\/blogin.al\\\/?p=40347#article\",\"isPartOf\":{\"@id\":\"https:\\\/\\\/blogin.al\\\/?p=40347\"},\"author\":{\"name\":\"Blogin al\",\"@id\":\"https:\\\/\\\/blogin.al\\\/#\\\/schema\\\/person\\\/abdd56bc912cd511db877b852b115399\"},\"headline\":\"Iu shfaq pas Covid-19, gazetari flet p\u00ebr her\u00eb t\u00eb par\u00eb p\u00ebr s\u00ebmundjen: Beteje e fort\u00eb te vetja ime\",\"datePublished\":\"2023-11-23T10:52:23+00:00\",\"dateModified\":\"2023-11-23T10:52:26+00:00\",\"mainEntityOfPage\":{\"@id\":\"https:\\\/\\\/blogin.al\\\/?p=40347\"},\"wordCount\":1018,\"commentCount\":0,\"publisher\":{\"@id\":\"https:\\\/\\\/blogin.al\\\/#organization\"},\"image\":{\"@id\":\"https:\\\/\\\/blogin.al\\\/?p=40347#primaryimage\"},\"thumbnailUrl\":\"https:\\\/\\\/blogin.al\\\/wp-content\\\/uploads\\\/2023\\\/11\\\/image-140.png\",\"articleSection\":[\"SHOWBIZ\"],\"inLanguage\":\"en-US\",\"potentialAction\":[{\"@type\":\"CommentAction\",\"name\":\"Comment\",\"target\":[\"https:\\\/\\\/blogin.al\\\/?p=40347#respond\"]}]},{\"@type\":\"WebPage\",\"@id\":\"https:\\\/\\\/blogin.al\\\/?p=40347\",\"url\":\"https:\\\/\\\/blogin.al\\\/?p=40347\",\"name\":\"Iu shfaq pas Covid-19, gazetari flet p\u00ebr her\u00eb t\u00eb par\u00eb p\u00ebr s\u00ebmundjen: Beteje e fort\u00eb te vetja ime - blogin.al\",\"isPartOf\":{\"@id\":\"https:\\\/\\\/blogin.al\\\/#website\"},\"primaryImageOfPage\":{\"@id\":\"https:\\\/\\\/blogin.al\\\/?p=40347#primaryimage\"},\"image\":{\"@id\":\"https:\\\/\\\/blogin.al\\\/?p=40347#primaryimage\"},\"thumbnailUrl\":\"https:\\\/\\\/blogin.al\\\/wp-content\\\/uploads\\\/2023\\\/11\\\/image-140.png\",\"datePublished\":\"2023-11-23T10:52:23+00:00\",\"dateModified\":\"2023-11-23T10:52:26+00:00\",\"breadcrumb\":{\"@id\":\"https:\\\/\\\/blogin.al\\\/?p=40347#breadcrumb\"},\"inLanguage\":\"en-US\",\"potentialAction\":[{\"@type\":\"ReadAction\",\"target\":[\"https:\\\/\\\/blogin.al\\\/?p=40347\"]}]},{\"@type\":\"ImageObject\",\"inLanguage\":\"en-US\",\"@id\":\"https:\\\/\\\/blogin.al\\\/?p=40347#primaryimage\",\"url\":\"https:\\\/\\\/blogin.al\\\/wp-content\\\/uploads\\\/2023\\\/11\\\/image-140.png\",\"contentUrl\":\"https:\\\/\\\/blogin.al\\\/wp-content\\\/uploads\\\/2023\\\/11\\\/image-140.png\",\"width\":930,\"height\":530},{\"@type\":\"BreadcrumbList\",\"@id\":\"https:\\\/\\\/blogin.al\\\/?p=40347#breadcrumb\",\"itemListElement\":[{\"@type\":\"ListItem\",\"position\":1,\"name\":\"Home\",\"item\":\"https:\\\/\\\/blogin.al\\\/\"},{\"@type\":\"ListItem\",\"position\":2,\"name\":\"Iu shfaq pas Covid-19, gazetari flet p\u00ebr her\u00eb t\u00eb par\u00eb p\u00ebr s\u00ebmundjen: Beteje e fort\u00eb te vetja ime\"}]},{\"@type\":\"WebSite\",\"@id\":\"https:\\\/\\\/blogin.al\\\/#website\",\"url\":\"https:\\\/\\\/blogin.al\\\/\",\"name\":\"blogin.al\",\"description\":\"\",\"publisher\":{\"@id\":\"https:\\\/\\\/blogin.al\\\/#organization\"},\"potentialAction\":[{\"@type\":\"SearchAction\",\"target\":{\"@type\":\"EntryPoint\",\"urlTemplate\":\"https:\\\/\\\/blogin.al\\\/?s={search_term_string}\"},\"query-input\":{\"@type\":\"PropertyValueSpecification\",\"valueRequired\":true,\"valueName\":\"search_term_string\"}}],\"inLanguage\":\"en-US\"},{\"@type\":\"Organization\",\"@id\":\"https:\\\/\\\/blogin.al\\\/#organization\",\"name\":\"BLOGIN.al\",\"url\":\"https:\\\/\\\/blogin.al\\\/\",\"logo\":{\"@type\":\"ImageObject\",\"inLanguage\":\"en-US\",\"@id\":\"https:\\\/\\\/blogin.al\\\/#\\\/schema\\\/logo\\\/image\\\/\",\"url\":\"https:\\\/\\\/blogin.al\\\/wp-content\\\/uploads\\\/2022\\\/05\\\/Untitled-2-01-e1652084456514.png\",\"contentUrl\":\"https:\\\/\\\/blogin.al\\\/wp-content\\\/uploads\\\/2022\\\/05\\\/Untitled-2-01-e1652084456514.png\",\"width\":3723,\"height\":1698,\"caption\":\"BLOGIN.al\"},\"image\":{\"@id\":\"https:\\\/\\\/blogin.al\\\/#\\\/schema\\\/logo\\\/image\\\/\"},\"sameAs\":[\"https:\\\/\\\/instagram.com\\\/blogin.al\\\/\"]},{\"@type\":\"Person\",\"@id\":\"https:\\\/\\\/blogin.al\\\/#\\\/schema\\\/person\\\/abdd56bc912cd511db877b852b115399\",\"name\":\"Blogin al\",\"image\":{\"@type\":\"ImageObject\",\"inLanguage\":\"en-US\",\"@id\":\"https:\\\/\\\/secure.gravatar.com\\\/avatar\\\/60d5661aee6e835fb13dc75d2204cd0c1d61bef2efd137c0083e59ef831e235e?s=96&d=mm&r=g\",\"url\":\"https:\\\/\\\/secure.gravatar.com\\\/avatar\\\/60d5661aee6e835fb13dc75d2204cd0c1d61bef2efd137c0083e59ef831e235e?s=96&d=mm&r=g\",\"contentUrl\":\"https:\\\/\\\/secure.gravatar.com\\\/avatar\\\/60d5661aee6e835fb13dc75d2204cd0c1d61bef2efd137c0083e59ef831e235e?s=96&d=mm&r=g\",\"caption\":\"Blogin al\"},\"sameAs\":[\"https:\\\/\\\/blogin.al\"],\"url\":\"https:\\\/\\\/blogin.al\\\/?author=2\"}]}<\/script>\n<!-- \/ Yoast SEO plugin. -->","yoast_head_json":{"title":"Iu shfaq pas Covid-19, gazetari flet p\u00ebr her\u00eb t\u00eb par\u00eb p\u00ebr s\u00ebmundjen: Beteje e fort\u00eb te vetja ime - blogin.al","robots":{"index":"index","follow":"follow","max-snippet":"max-snippet:-1","max-image-preview":"max-image-preview:large","max-video-preview":"max-video-preview:-1"},"canonical":"https:\/\/blogin.al\/?p=40347","og_locale":"en_US","og_type":"article","og_title":"Iu shfaq pas Covid-19, gazetari flet p\u00ebr her\u00eb t\u00eb par\u00eb p\u00ebr s\u00ebmundjen: Beteje e fort\u00eb te vetja ime - blogin.al","og_description":"Osman Stafa \u00ebsht\u00eb vler\u00ebsuar me \u00e7mimin Reporteri i Vitit 2023 dhe vendin e dyt\u00eb si gazetar investigativ nga Bashkimi Europian. Ai \u00ebsht\u00eb nism\u00ebtar i disa prej projekteve si \u201cNj\u00eb gjest q\u00eb b\u00ebhet shpres\u00eb\u201d apo \u201cPo t\u2019vjen nj\u00eb kartolin\u00eb\u201d q\u00eb kan\u00eb marr\u00eb mb\u00ebshtetje t\u00eb madhe nga publiku. P\u00ebrtej pun\u00ebs si gazetar dhe arritjeve, n\u00eb intervist\u00ebn e [&hellip;]","og_url":"https:\/\/blogin.al\/?p=40347","og_site_name":"blogin.al","article_published_time":"2023-11-23T10:52:23+00:00","article_modified_time":"2023-11-23T10:52:26+00:00","og_image":[{"width":930,"height":530,"url":"https:\/\/blogin.al\/wp-content\/uploads\/2023\/11\/image-140.png","type":"image\/png"}],"author":"Blogin al","twitter_card":"summary_large_image","twitter_misc":{"Written by":"Blogin al","Est. reading time":"5 minutes"},"schema":{"@context":"https:\/\/schema.org","@graph":[{"@type":"Article","@id":"https:\/\/blogin.al\/?p=40347#article","isPartOf":{"@id":"https:\/\/blogin.al\/?p=40347"},"author":{"name":"Blogin al","@id":"https:\/\/blogin.al\/#\/schema\/person\/abdd56bc912cd511db877b852b115399"},"headline":"Iu shfaq pas Covid-19, gazetari flet p\u00ebr her\u00eb t\u00eb par\u00eb p\u00ebr s\u00ebmundjen: Beteje e fort\u00eb te vetja ime","datePublished":"2023-11-23T10:52:23+00:00","dateModified":"2023-11-23T10:52:26+00:00","mainEntityOfPage":{"@id":"https:\/\/blogin.al\/?p=40347"},"wordCount":1018,"commentCount":0,"publisher":{"@id":"https:\/\/blogin.al\/#organization"},"image":{"@id":"https:\/\/blogin.al\/?p=40347#primaryimage"},"thumbnailUrl":"https:\/\/blogin.al\/wp-content\/uploads\/2023\/11\/image-140.png","articleSection":["SHOWBIZ"],"inLanguage":"en-US","potentialAction":[{"@type":"CommentAction","name":"Comment","target":["https:\/\/blogin.al\/?p=40347#respond"]}]},{"@type":"WebPage","@id":"https:\/\/blogin.al\/?p=40347","url":"https:\/\/blogin.al\/?p=40347","name":"Iu shfaq pas Covid-19, gazetari flet p\u00ebr her\u00eb t\u00eb par\u00eb p\u00ebr s\u00ebmundjen: Beteje e fort\u00eb te vetja ime - blogin.al","isPartOf":{"@id":"https:\/\/blogin.al\/#website"},"primaryImageOfPage":{"@id":"https:\/\/blogin.al\/?p=40347#primaryimage"},"image":{"@id":"https:\/\/blogin.al\/?p=40347#primaryimage"},"thumbnailUrl":"https:\/\/blogin.al\/wp-content\/uploads\/2023\/11\/image-140.png","datePublished":"2023-11-23T10:52:23+00:00","dateModified":"2023-11-23T10:52:26+00:00","breadcrumb":{"@id":"https:\/\/blogin.al\/?p=40347#breadcrumb"},"inLanguage":"en-US","potentialAction":[{"@type":"ReadAction","target":["https:\/\/blogin.al\/?p=40347"]}]},{"@type":"ImageObject","inLanguage":"en-US","@id":"https:\/\/blogin.al\/?p=40347#primaryimage","url":"https:\/\/blogin.al\/wp-content\/uploads\/2023\/11\/image-140.png","contentUrl":"https:\/\/blogin.al\/wp-content\/uploads\/2023\/11\/image-140.png","width":930,"height":530},{"@type":"BreadcrumbList","@id":"https:\/\/blogin.al\/?p=40347#breadcrumb","itemListElement":[{"@type":"ListItem","position":1,"name":"Home","item":"https:\/\/blogin.al\/"},{"@type":"ListItem","position":2,"name":"Iu shfaq pas Covid-19, gazetari flet p\u00ebr her\u00eb t\u00eb par\u00eb p\u00ebr s\u00ebmundjen: Beteje e fort\u00eb te vetja ime"}]},{"@type":"WebSite","@id":"https:\/\/blogin.al\/#website","url":"https:\/\/blogin.al\/","name":"blogin.al","description":"","publisher":{"@id":"https:\/\/blogin.al\/#organization"},"potentialAction":[{"@type":"SearchAction","target":{"@type":"EntryPoint","urlTemplate":"https:\/\/blogin.al\/?s={search_term_string}"},"query-input":{"@type":"PropertyValueSpecification","valueRequired":true,"valueName":"search_term_string"}}],"inLanguage":"en-US"},{"@type":"Organization","@id":"https:\/\/blogin.al\/#organization","name":"BLOGIN.al","url":"https:\/\/blogin.al\/","logo":{"@type":"ImageObject","inLanguage":"en-US","@id":"https:\/\/blogin.al\/#\/schema\/logo\/image\/","url":"https:\/\/blogin.al\/wp-content\/uploads\/2022\/05\/Untitled-2-01-e1652084456514.png","contentUrl":"https:\/\/blogin.al\/wp-content\/uploads\/2022\/05\/Untitled-2-01-e1652084456514.png","width":3723,"height":1698,"caption":"BLOGIN.al"},"image":{"@id":"https:\/\/blogin.al\/#\/schema\/logo\/image\/"},"sameAs":["https:\/\/instagram.com\/blogin.al\/"]},{"@type":"Person","@id":"https:\/\/blogin.al\/#\/schema\/person\/abdd56bc912cd511db877b852b115399","name":"Blogin al","image":{"@type":"ImageObject","inLanguage":"en-US","@id":"https:\/\/secure.gravatar.com\/avatar\/60d5661aee6e835fb13dc75d2204cd0c1d61bef2efd137c0083e59ef831e235e?s=96&d=mm&r=g","url":"https:\/\/secure.gravatar.com\/avatar\/60d5661aee6e835fb13dc75d2204cd0c1d61bef2efd137c0083e59ef831e235e?s=96&d=mm&r=g","contentUrl":"https:\/\/secure.gravatar.com\/avatar\/60d5661aee6e835fb13dc75d2204cd0c1d61bef2efd137c0083e59ef831e235e?s=96&d=mm&r=g","caption":"Blogin al"},"sameAs":["https:\/\/blogin.al"],"url":"https:\/\/blogin.al\/?author=2"}]}},"_links":{"self":[{"href":"https:\/\/blogin.al\/index.php?rest_route=\/wp\/v2\/posts\/40347","targetHints":{"allow":["GET"]}}],"collection":[{"href":"https:\/\/blogin.al\/index.php?rest_route=\/wp\/v2\/posts"}],"about":[{"href":"https:\/\/blogin.al\/index.php?rest_route=\/wp\/v2\/types\/post"}],"author":[{"embeddable":true,"href":"https:\/\/blogin.al\/index.php?rest_route=\/wp\/v2\/users\/2"}],"replies":[{"embeddable":true,"href":"https:\/\/blogin.al\/index.php?rest_route=%2Fwp%2Fv2%2Fcomments&post=40347"}],"version-history":[{"count":1,"href":"https:\/\/blogin.al\/index.php?rest_route=\/wp\/v2\/posts\/40347\/revisions"}],"predecessor-version":[{"id":40350,"href":"https:\/\/blogin.al\/index.php?rest_route=\/wp\/v2\/posts\/40347\/revisions\/40350"}],"wp:featuredmedia":[{"embeddable":true,"href":"https:\/\/blogin.al\/index.php?rest_route=\/wp\/v2\/media\/40348"}],"wp:attachment":[{"href":"https:\/\/blogin.al\/index.php?rest_route=%2Fwp%2Fv2%2Fmedia&parent=40347"}],"wp:term":[{"taxonomy":"category","embeddable":true,"href":"https:\/\/blogin.al\/index.php?rest_route=%2Fwp%2Fv2%2Fcategories&post=40347"},{"taxonomy":"post_tag","embeddable":true,"href":"https:\/\/blogin.al\/index.php?rest_route=%2Fwp%2Fv2%2Ftags&post=40347"}],"curies":[{"name":"wp","href":"https:\/\/api.w.org\/{rel}","templated":true}]}}