{"id":40374,"date":"2023-11-24T09:35:39","date_gmt":"2023-11-24T09:35:39","guid":{"rendered":"https:\/\/blogin.al\/?p=40374"},"modified":"2023-11-24T10:38:34","modified_gmt":"2023-11-24T10:38:34","slug":"zhaklin-lekatari-i-thumboi-por-duket-se-luiz-ejlli-ia-paska-kthyer","status":"publish","type":"post","link":"https:\/\/blogin.al\/?p=40374","title":{"rendered":"Zhaklin Lekatari &#8216;i thumboi&#8217;, por duket se Luiz Ejlli ia paska kthyer!"},"content":{"rendered":"\n<p>Prej jav\u00ebsh kan\u00eb qarkulluar lajme n\u00eb media t\u00eb ndryshme se \u00e7ifti i njohur Kiara Tito dhe Luiz Ejlli po b\u00ebhen prind\u00ebr p\u00ebr her\u00eb t\u00eb par\u00eb. Por nuk kishte ende nj\u00eb konfirmim apo hedhje posht\u00eb t\u00eb k\u00ebtyre z\u00ebrave nga \u00e7ifti, t\u00eb pakt\u00ebn deri m\u00eb tani. Luiz Ejlli sapo ka publikuar projektin e tij m\u00eb t\u00eb ri muzikor q\u00eb mban titullin \u201cFrym\u00eb\u201d. K\u00ebng\u00eb erdhi si surpriz\u00eb p\u00ebr t\u00eb gjith\u00eb fansat e artistit.&nbsp;Luizi dhe Kiara kan\u00eb konfirmuar me videoklipin mjaft t\u00eb \u00ebmb\u00ebl se jan\u00eb n\u00eb pritje t\u00eb f\u00ebmij\u00ebs s\u00eb tyre t\u00eb par\u00eb. \u00c7ifti do t\u00eb sjell\u00eb n\u00eb jet\u00eb nj\u00eb vajz\u00eb dhe nuk mund t\u00eb ishin m\u00eb t\u00eb lumtur se kaq.<\/p>\n\n\n\n<p>Dit\u00ebn e djeshme konfirmimi i shtatzanis\u00eb s\u00eb Kiar\u00ebs ka qen\u00eb tema kryesore n\u00eb showbizin shqiptar, ku shum\u00eb ndjek\u00ebs, perspnazhe Vip madje dhe personazhe q\u00eb nuk na e merrte mendja kan\u00eb shprehur urimin e tyre ndaj \u00e7iftit p\u00ebr k\u00ebt\u00eb lajm t\u00eb bukur. Ama vet\u00ebm pak m\u00eb par\u00eb nj\u00eb postim i&nbsp; Zhaklin Lakatarit, e cila ka qen\u00eb opinioniste n\u00eb \u201cBBV2\u201d dhe \u00ebsht\u00eb shprehur se nuk i ka besuar dashuris\u00eb s\u00eb Luizit dhe Kiar\u00ebs, ka b\u00ebr\u00eb nj\u00eb shkrim, ku ndjek\u00ebsit e kan\u00eb marr\u00eb si nj\u00eb \u2018thumbim\u2019 p\u00ebr \u00e7iftin dhe faktin se do t\u00eb b\u00ebhen me nj\u00eb f\u00ebmij\u00eb. Me shkrimin&nbsp;Zhaklina \u00ebsht\u00eb shprehur se f\u00ebmij\u00ebt nuk jan\u00eb m\u00eb fryti i nj\u00eb dashurie, por i interesit.<\/p>\n\n\n\n<p>Pas urimeve t\u00eb shumta Luizi dhe Kiara kan\u00eb qen\u00eb live n\u00eb Instagram, ku kan\u00eb biseduar me ndjek\u00ebsit e tyre dhe duke kan\u00eb treguar m\u00eb shum\u00eb rreth ndryshimeve q\u00eb kan\u00eb ndodhur n\u00eb p\u00ebrditshm\u00ebri me shtatzanin\u00eb e Kiar\u00ebs. Luizi \u00ebsht\u00eb shprehur gjithashtu duke p\u00ebrdorur ironin\u00eb, se ka dhe nga ato q\u00eb nuk duan t\u00eb ken\u00eb f\u00ebmij\u00eb dhe ndjek\u00ebsit e kan\u00eb marr\u00eb si nj\u00eb \u2018thumb\u2019 p\u00ebr Zhaklin\u00ebn.<\/p>\n\n\n\n<blockquote class=\"wp-block-quote is-layout-flow wp-block-quote-is-layout-flow\">\n<p><em>S\u2019je e para q\u00eb po b\u00ebhesh n\u00ebn\u00eb, as e fundit. Ka dhe nga ato q\u00eb s\u2019kan\u00eb qejf, po s\u2019ka gj\u00eb. Ata po m\u00ebsohen<\/em><\/p>\n<\/blockquote>\n","protected":false},"excerpt":{"rendered":"<p>Prej jav\u00ebsh kan\u00eb qarkulluar lajme n\u00eb media t\u00eb ndryshme se \u00e7ifti i njohur Kiara Tito dhe Luiz Ejlli po b\u00ebhen prind\u00ebr p\u00ebr her\u00eb t\u00eb par\u00eb. Por nuk kishte ende nj\u00eb konfirmim apo hedhje posht\u00eb t\u00eb k\u00ebtyre z\u00ebrave nga \u00e7ifti, t\u00eb pakt\u00ebn deri m\u00eb tani. Luiz Ejlli sapo ka publikuar projektin e tij m\u00eb t\u00eb ri [&hellip;]<\/p>\n","protected":false},"author":2,"featured_media":37353,"comment_status":"open","ping_status":"open","sticky":false,"template":"","format":"standard","meta":{"footnotes":""},"categories":[33],"tags":[],"class_list":{"0":"post-40374","1":"post","2":"type-post","3":"status-publish","4":"format-standard","5":"has-post-thumbnail","7":"category-showbiz"},"yoast_head":"<!-- This site is optimized with the Yoast SEO plugin v27.5 - https:\/\/yoast.com\/product\/yoast-seo-wordpress\/ -->\n<title>Zhaklin Lekatari &#039;i thumboi&#039;, por duket se Luiz Ejlli ia paska kthyer! - blogin.al<\/title>\n<meta name=\"robots\" content=\"index, follow, max-snippet:-1, max-image-preview:large, max-video-preview:-1\" \/>\n<link rel=\"canonical\" href=\"https:\/\/blogin.al\/?p=40374\" \/>\n<meta property=\"og:locale\" content=\"en_US\" \/>\n<meta property=\"og:type\" content=\"article\" \/>\n<meta property=\"og:title\" content=\"Zhaklin Lekatari &#039;i thumboi&#039;, por duket se Luiz Ejlli ia paska kthyer! - blogin.al\" \/>\n<meta property=\"og:description\" content=\"Prej jav\u00ebsh kan\u00eb qarkulluar lajme n\u00eb media t\u00eb ndryshme se \u00e7ifti i njohur Kiara Tito dhe Luiz Ejlli po b\u00ebhen prind\u00ebr p\u00ebr her\u00eb t\u00eb par\u00eb. Por nuk kishte ende nj\u00eb konfirmim apo hedhje posht\u00eb t\u00eb k\u00ebtyre z\u00ebrave nga \u00e7ifti, t\u00eb pakt\u00ebn deri m\u00eb tani. Luiz Ejlli sapo ka publikuar projektin e tij m\u00eb t\u00eb ri [&hellip;]\" \/>\n<meta property=\"og:url\" content=\"https:\/\/blogin.al\/?p=40374\" \/>\n<meta property=\"og:site_name\" content=\"blogin.al\" \/>\n<meta property=\"article:published_time\" content=\"2023-11-24T09:35:39+00:00\" \/>\n<meta property=\"article:modified_time\" content=\"2023-11-24T10:38:34+00:00\" \/>\n<meta property=\"og:image\" content=\"https:\/\/blogin.al\/wp-content\/uploads\/2023\/09\/luiz-10.jpg\" \/>\n\t<meta property=\"og:image:width\" content=\"1600\" \/>\n\t<meta property=\"og:image:height\" content=\"960\" \/>\n\t<meta property=\"og:image:type\" content=\"image\/jpeg\" \/>\n<meta name=\"author\" content=\"Blogin al\" \/>\n<meta name=\"twitter:card\" content=\"summary_large_image\" \/>\n<meta name=\"twitter:label1\" content=\"Written by\" \/>\n\t<meta name=\"twitter:data1\" content=\"Blogin al\" \/>\n\t<meta name=\"twitter:label2\" content=\"Est. reading time\" \/>\n\t<meta name=\"twitter:data2\" content=\"2 minutes\" \/>\n<script type=\"application\/ld+json\" class=\"yoast-schema-graph\">{\"@context\":\"https:\\\/\\\/schema.org\",\"@graph\":[{\"@type\":\"Article\",\"@id\":\"https:\\\/\\\/blogin.al\\\/?p=40374#article\",\"isPartOf\":{\"@id\":\"https:\\\/\\\/blogin.al\\\/?p=40374\"},\"author\":{\"name\":\"Blogin al\",\"@id\":\"https:\\\/\\\/blogin.al\\\/#\\\/schema\\\/person\\\/abdd56bc912cd511db877b852b115399\"},\"headline\":\"Zhaklin Lekatari &#8216;i thumboi&#8217;, por duket se Luiz Ejlli ia paska kthyer!\",\"datePublished\":\"2023-11-24T09:35:39+00:00\",\"dateModified\":\"2023-11-24T10:38:34+00:00\",\"mainEntityOfPage\":{\"@id\":\"https:\\\/\\\/blogin.al\\\/?p=40374\"},\"wordCount\":362,\"commentCount\":0,\"publisher\":{\"@id\":\"https:\\\/\\\/blogin.al\\\/#organization\"},\"image\":{\"@id\":\"https:\\\/\\\/blogin.al\\\/?p=40374#primaryimage\"},\"thumbnailUrl\":\"https:\\\/\\\/blogin.al\\\/wp-content\\\/uploads\\\/2023\\\/09\\\/luiz-10.jpg\",\"articleSection\":[\"SHOWBIZ\"],\"inLanguage\":\"en-US\",\"potentialAction\":[{\"@type\":\"CommentAction\",\"name\":\"Comment\",\"target\":[\"https:\\\/\\\/blogin.al\\\/?p=40374#respond\"]}]},{\"@type\":\"WebPage\",\"@id\":\"https:\\\/\\\/blogin.al\\\/?p=40374\",\"url\":\"https:\\\/\\\/blogin.al\\\/?p=40374\",\"name\":\"Zhaklin Lekatari 'i thumboi', por duket se Luiz Ejlli ia paska kthyer! - blogin.al\",\"isPartOf\":{\"@id\":\"https:\\\/\\\/blogin.al\\\/#website\"},\"primaryImageOfPage\":{\"@id\":\"https:\\\/\\\/blogin.al\\\/?p=40374#primaryimage\"},\"image\":{\"@id\":\"https:\\\/\\\/blogin.al\\\/?p=40374#primaryimage\"},\"thumbnailUrl\":\"https:\\\/\\\/blogin.al\\\/wp-content\\\/uploads\\\/2023\\\/09\\\/luiz-10.jpg\",\"datePublished\":\"2023-11-24T09:35:39+00:00\",\"dateModified\":\"2023-11-24T10:38:34+00:00\",\"breadcrumb\":{\"@id\":\"https:\\\/\\\/blogin.al\\\/?p=40374#breadcrumb\"},\"inLanguage\":\"en-US\",\"potentialAction\":[{\"@type\":\"ReadAction\",\"target\":[\"https:\\\/\\\/blogin.al\\\/?p=40374\"]}]},{\"@type\":\"ImageObject\",\"inLanguage\":\"en-US\",\"@id\":\"https:\\\/\\\/blogin.al\\\/?p=40374#primaryimage\",\"url\":\"https:\\\/\\\/blogin.al\\\/wp-content\\\/uploads\\\/2023\\\/09\\\/luiz-10.jpg\",\"contentUrl\":\"https:\\\/\\\/blogin.al\\\/wp-content\\\/uploads\\\/2023\\\/09\\\/luiz-10.jpg\",\"width\":1600,\"height\":960},{\"@type\":\"BreadcrumbList\",\"@id\":\"https:\\\/\\\/blogin.al\\\/?p=40374#breadcrumb\",\"itemListElement\":[{\"@type\":\"ListItem\",\"position\":1,\"name\":\"Home\",\"item\":\"https:\\\/\\\/blogin.al\\\/\"},{\"@type\":\"ListItem\",\"position\":2,\"name\":\"Zhaklin Lekatari &#8216;i thumboi&#8217;, por duket se Luiz Ejlli ia paska kthyer!\"}]},{\"@type\":\"WebSite\",\"@id\":\"https:\\\/\\\/blogin.al\\\/#website\",\"url\":\"https:\\\/\\\/blogin.al\\\/\",\"name\":\"blogin.al\",\"description\":\"\",\"publisher\":{\"@id\":\"https:\\\/\\\/blogin.al\\\/#organization\"},\"potentialAction\":[{\"@type\":\"SearchAction\",\"target\":{\"@type\":\"EntryPoint\",\"urlTemplate\":\"https:\\\/\\\/blogin.al\\\/?s={search_term_string}\"},\"query-input\":{\"@type\":\"PropertyValueSpecification\",\"valueRequired\":true,\"valueName\":\"search_term_string\"}}],\"inLanguage\":\"en-US\"},{\"@type\":\"Organization\",\"@id\":\"https:\\\/\\\/blogin.al\\\/#organization\",\"name\":\"BLOGIN.al\",\"url\":\"https:\\\/\\\/blogin.al\\\/\",\"logo\":{\"@type\":\"ImageObject\",\"inLanguage\":\"en-US\",\"@id\":\"https:\\\/\\\/blogin.al\\\/#\\\/schema\\\/logo\\\/image\\\/\",\"url\":\"https:\\\/\\\/blogin.al\\\/wp-content\\\/uploads\\\/2022\\\/05\\\/Untitled-2-01-e1652084456514.png\",\"contentUrl\":\"https:\\\/\\\/blogin.al\\\/wp-content\\\/uploads\\\/2022\\\/05\\\/Untitled-2-01-e1652084456514.png\",\"width\":3723,\"height\":1698,\"caption\":\"BLOGIN.al\"},\"image\":{\"@id\":\"https:\\\/\\\/blogin.al\\\/#\\\/schema\\\/logo\\\/image\\\/\"},\"sameAs\":[\"https:\\\/\\\/instagram.com\\\/blogin.al\\\/\"]},{\"@type\":\"Person\",\"@id\":\"https:\\\/\\\/blogin.al\\\/#\\\/schema\\\/person\\\/abdd56bc912cd511db877b852b115399\",\"name\":\"Blogin al\",\"image\":{\"@type\":\"ImageObject\",\"inLanguage\":\"en-US\",\"@id\":\"https:\\\/\\\/secure.gravatar.com\\\/avatar\\\/60d5661aee6e835fb13dc75d2204cd0c1d61bef2efd137c0083e59ef831e235e?s=96&d=mm&r=g\",\"url\":\"https:\\\/\\\/secure.gravatar.com\\\/avatar\\\/60d5661aee6e835fb13dc75d2204cd0c1d61bef2efd137c0083e59ef831e235e?s=96&d=mm&r=g\",\"contentUrl\":\"https:\\\/\\\/secure.gravatar.com\\\/avatar\\\/60d5661aee6e835fb13dc75d2204cd0c1d61bef2efd137c0083e59ef831e235e?s=96&d=mm&r=g\",\"caption\":\"Blogin al\"},\"sameAs\":[\"https:\\\/\\\/blogin.al\"],\"url\":\"https:\\\/\\\/blogin.al\\\/?author=2\"}]}<\/script>\n<!-- \/ Yoast SEO plugin. -->","yoast_head_json":{"title":"Zhaklin Lekatari 'i thumboi', por duket se Luiz Ejlli ia paska kthyer! - blogin.al","robots":{"index":"index","follow":"follow","max-snippet":"max-snippet:-1","max-image-preview":"max-image-preview:large","max-video-preview":"max-video-preview:-1"},"canonical":"https:\/\/blogin.al\/?p=40374","og_locale":"en_US","og_type":"article","og_title":"Zhaklin Lekatari 'i thumboi', por duket se Luiz Ejlli ia paska kthyer! - blogin.al","og_description":"Prej jav\u00ebsh kan\u00eb qarkulluar lajme n\u00eb media t\u00eb ndryshme se \u00e7ifti i njohur Kiara Tito dhe Luiz Ejlli po b\u00ebhen prind\u00ebr p\u00ebr her\u00eb t\u00eb par\u00eb. Por nuk kishte ende nj\u00eb konfirmim apo hedhje posht\u00eb t\u00eb k\u00ebtyre z\u00ebrave nga \u00e7ifti, t\u00eb pakt\u00ebn deri m\u00eb tani. Luiz Ejlli sapo ka publikuar projektin e tij m\u00eb t\u00eb ri [&hellip;]","og_url":"https:\/\/blogin.al\/?p=40374","og_site_name":"blogin.al","article_published_time":"2023-11-24T09:35:39+00:00","article_modified_time":"2023-11-24T10:38:34+00:00","og_image":[{"width":1600,"height":960,"url":"https:\/\/blogin.al\/wp-content\/uploads\/2023\/09\/luiz-10.jpg","type":"image\/jpeg"}],"author":"Blogin al","twitter_card":"summary_large_image","twitter_misc":{"Written by":"Blogin al","Est. reading time":"2 minutes"},"schema":{"@context":"https:\/\/schema.org","@graph":[{"@type":"Article","@id":"https:\/\/blogin.al\/?p=40374#article","isPartOf":{"@id":"https:\/\/blogin.al\/?p=40374"},"author":{"name":"Blogin al","@id":"https:\/\/blogin.al\/#\/schema\/person\/abdd56bc912cd511db877b852b115399"},"headline":"Zhaklin Lekatari &#8216;i thumboi&#8217;, por duket se Luiz Ejlli ia paska kthyer!","datePublished":"2023-11-24T09:35:39+00:00","dateModified":"2023-11-24T10:38:34+00:00","mainEntityOfPage":{"@id":"https:\/\/blogin.al\/?p=40374"},"wordCount":362,"commentCount":0,"publisher":{"@id":"https:\/\/blogin.al\/#organization"},"image":{"@id":"https:\/\/blogin.al\/?p=40374#primaryimage"},"thumbnailUrl":"https:\/\/blogin.al\/wp-content\/uploads\/2023\/09\/luiz-10.jpg","articleSection":["SHOWBIZ"],"inLanguage":"en-US","potentialAction":[{"@type":"CommentAction","name":"Comment","target":["https:\/\/blogin.al\/?p=40374#respond"]}]},{"@type":"WebPage","@id":"https:\/\/blogin.al\/?p=40374","url":"https:\/\/blogin.al\/?p=40374","name":"Zhaklin Lekatari 'i thumboi', por duket se Luiz Ejlli ia paska kthyer! - blogin.al","isPartOf":{"@id":"https:\/\/blogin.al\/#website"},"primaryImageOfPage":{"@id":"https:\/\/blogin.al\/?p=40374#primaryimage"},"image":{"@id":"https:\/\/blogin.al\/?p=40374#primaryimage"},"thumbnailUrl":"https:\/\/blogin.al\/wp-content\/uploads\/2023\/09\/luiz-10.jpg","datePublished":"2023-11-24T09:35:39+00:00","dateModified":"2023-11-24T10:38:34+00:00","breadcrumb":{"@id":"https:\/\/blogin.al\/?p=40374#breadcrumb"},"inLanguage":"en-US","potentialAction":[{"@type":"ReadAction","target":["https:\/\/blogin.al\/?p=40374"]}]},{"@type":"ImageObject","inLanguage":"en-US","@id":"https:\/\/blogin.al\/?p=40374#primaryimage","url":"https:\/\/blogin.al\/wp-content\/uploads\/2023\/09\/luiz-10.jpg","contentUrl":"https:\/\/blogin.al\/wp-content\/uploads\/2023\/09\/luiz-10.jpg","width":1600,"height":960},{"@type":"BreadcrumbList","@id":"https:\/\/blogin.al\/?p=40374#breadcrumb","itemListElement":[{"@type":"ListItem","position":1,"name":"Home","item":"https:\/\/blogin.al\/"},{"@type":"ListItem","position":2,"name":"Zhaklin Lekatari &#8216;i thumboi&#8217;, por duket se Luiz Ejlli ia paska kthyer!"}]},{"@type":"WebSite","@id":"https:\/\/blogin.al\/#website","url":"https:\/\/blogin.al\/","name":"blogin.al","description":"","publisher":{"@id":"https:\/\/blogin.al\/#organization"},"potentialAction":[{"@type":"SearchAction","target":{"@type":"EntryPoint","urlTemplate":"https:\/\/blogin.al\/?s={search_term_string}"},"query-input":{"@type":"PropertyValueSpecification","valueRequired":true,"valueName":"search_term_string"}}],"inLanguage":"en-US"},{"@type":"Organization","@id":"https:\/\/blogin.al\/#organization","name":"BLOGIN.al","url":"https:\/\/blogin.al\/","logo":{"@type":"ImageObject","inLanguage":"en-US","@id":"https:\/\/blogin.al\/#\/schema\/logo\/image\/","url":"https:\/\/blogin.al\/wp-content\/uploads\/2022\/05\/Untitled-2-01-e1652084456514.png","contentUrl":"https:\/\/blogin.al\/wp-content\/uploads\/2022\/05\/Untitled-2-01-e1652084456514.png","width":3723,"height":1698,"caption":"BLOGIN.al"},"image":{"@id":"https:\/\/blogin.al\/#\/schema\/logo\/image\/"},"sameAs":["https:\/\/instagram.com\/blogin.al\/"]},{"@type":"Person","@id":"https:\/\/blogin.al\/#\/schema\/person\/abdd56bc912cd511db877b852b115399","name":"Blogin al","image":{"@type":"ImageObject","inLanguage":"en-US","@id":"https:\/\/secure.gravatar.com\/avatar\/60d5661aee6e835fb13dc75d2204cd0c1d61bef2efd137c0083e59ef831e235e?s=96&d=mm&r=g","url":"https:\/\/secure.gravatar.com\/avatar\/60d5661aee6e835fb13dc75d2204cd0c1d61bef2efd137c0083e59ef831e235e?s=96&d=mm&r=g","contentUrl":"https:\/\/secure.gravatar.com\/avatar\/60d5661aee6e835fb13dc75d2204cd0c1d61bef2efd137c0083e59ef831e235e?s=96&d=mm&r=g","caption":"Blogin al"},"sameAs":["https:\/\/blogin.al"],"url":"https:\/\/blogin.al\/?author=2"}]}},"_links":{"self":[{"href":"https:\/\/blogin.al\/index.php?rest_route=\/wp\/v2\/posts\/40374","targetHints":{"allow":["GET"]}}],"collection":[{"href":"https:\/\/blogin.al\/index.php?rest_route=\/wp\/v2\/posts"}],"about":[{"href":"https:\/\/blogin.al\/index.php?rest_route=\/wp\/v2\/types\/post"}],"author":[{"embeddable":true,"href":"https:\/\/blogin.al\/index.php?rest_route=\/wp\/v2\/users\/2"}],"replies":[{"embeddable":true,"href":"https:\/\/blogin.al\/index.php?rest_route=%2Fwp%2Fv2%2Fcomments&post=40374"}],"version-history":[{"count":2,"href":"https:\/\/blogin.al\/index.php?rest_route=\/wp\/v2\/posts\/40374\/revisions"}],"predecessor-version":[{"id":40386,"href":"https:\/\/blogin.al\/index.php?rest_route=\/wp\/v2\/posts\/40374\/revisions\/40386"}],"wp:featuredmedia":[{"embeddable":true,"href":"https:\/\/blogin.al\/index.php?rest_route=\/wp\/v2\/media\/37353"}],"wp:attachment":[{"href":"https:\/\/blogin.al\/index.php?rest_route=%2Fwp%2Fv2%2Fmedia&parent=40374"}],"wp:term":[{"taxonomy":"category","embeddable":true,"href":"https:\/\/blogin.al\/index.php?rest_route=%2Fwp%2Fv2%2Fcategories&post=40374"},{"taxonomy":"post_tag","embeddable":true,"href":"https:\/\/blogin.al\/index.php?rest_route=%2Fwp%2Fv2%2Ftags&post=40374"}],"curies":[{"name":"wp","href":"https:\/\/api.w.org\/{rel}","templated":true}]}}