{"id":40535,"date":"2023-11-27T13:21:55","date_gmt":"2023-11-27T13:21:55","guid":{"rendered":"https:\/\/blogin.al\/?p=40535"},"modified":"2023-11-27T13:21:58","modified_gmt":"2023-11-27T13:21:58","slug":"reperi-shqiptar-kam-vuajtur-nga-depresioni-nje-vit-nuk-kam-dale-nga-shtepia","status":"publish","type":"post","link":"https:\/\/blogin.al\/?p=40535","title":{"rendered":"Reperi shqiptar: Kam vuajtur nga depresioni, nj\u00eb vit nuk kam dal\u00eb nga sht\u00ebpia\u2026"},"content":{"rendered":"\n<p>Getnjo \u00ebsht\u00eb nj\u00eb personazh publik q\u00eb edhe pse \u00ebsht\u00eb p\u00ebrpjekur q\u00eb jet\u00ebn e tij personale ta mbaj\u00eb sa m\u00eb larg syrit t\u00eb publikut, s\u00eb fundmi ai ka b\u00ebr\u00eb nj\u00eb rr\u00ebfim mjaft prek\u00ebs n\u00eb rrjetet sociale rreth depresionit q\u00eb ka kaluar.<\/p>\n\n\n\n<p>Fillimisht, reperi ka nisur nj\u00eb bised\u00eb me disa miq n\u00eb \u201cTikTok\u201d, duke treguar historin\u00eb trondit\u00ebse t\u00eb daj\u00ebs s\u00eb tij, i cili ka nd\u00ebrruar jet\u00eb rreth nj\u00eb vit m\u00eb par\u00eb, duke mbytur veten p\u00ebr shkak t\u00eb depresionit.<\/p>\n\n\n\n<p>Lidhur me k\u00ebt\u00eb, Getinjo ka zbuluar gjithashtu se edhe vet ai ka vuajtur nga depresioni dhe p\u00ebr shkak t\u00eb tij, nuk ka dal\u00eb nga sht\u00ebpia p\u00ebr nj\u00eb vit rresht.<\/p>\n\n\n\n<p>Ai ka rr\u00ebfyer gjithashtu se n\u00ebna e tij i sillte buk\u00eb p\u00ebr t\u00eb ngr\u00ebn\u00eb edhe ai nuk e konsumonte aspak ushqimin. Nd\u00ebr t\u00eb tjera ai ka treguar se nuk ia kishte aspak iden\u00eb se \u00e7far\u00eb ishte depresioni dhe s\u00eb \u00e7far\u00eb po kalonte at\u00eb periudh\u00eb.<\/p>\n\n\n\n<p><em>\u201cP\u00ebr Zotin edhe un\u00eb kam qen\u00eb keq. Un\u00eb p\u00ebr nj\u00eb vit nuk kam dal\u00eb nga sht\u00ebpia fare, fare. Ma ka sjell\u00eb n\u00ebna buk\u00ebn n\u00eb sht\u00ebpi dhe nukkam ngr\u00ebn\u00eb asnj\u00eb kafshat\u00eb, vet\u00ebm prej depresionit. Sepse un\u00eb as nuk e diaj se cfar\u00eb \u00ebsht\u00eb depresioni. Nuk kisha njohuri aspak. Isha i m\u00ebrzitur pa patur asgj\u00eb, nuk e kuptoja se \u00e7far\u00eb ishte\u201d<\/em>, zbulon Getinjo.<video controls=\"\" src=\"https:\/\/gsh.top-media.al\/media10\/WhatsApp-Video-2023-11-26-at-17.02.46.mp4#t=0.2\"><\/video><\/p>\n","protected":false},"excerpt":{"rendered":"<p>Getnjo \u00ebsht\u00eb nj\u00eb personazh publik q\u00eb edhe pse \u00ebsht\u00eb p\u00ebrpjekur q\u00eb jet\u00ebn e tij personale ta mbaj\u00eb sa m\u00eb larg syrit t\u00eb publikut, s\u00eb fundmi ai ka b\u00ebr\u00eb nj\u00eb rr\u00ebfim mjaft prek\u00ebs n\u00eb rrjetet sociale rreth depresionit q\u00eb ka kaluar. Fillimisht, reperi ka nisur nj\u00eb bised\u00eb me disa miq n\u00eb \u201cTikTok\u201d, duke treguar historin\u00eb trondit\u00ebse [&hellip;]<\/p>\n","protected":false},"author":2,"featured_media":13867,"comment_status":"open","ping_status":"open","sticky":false,"template":"","format":"standard","meta":{"footnotes":""},"categories":[33],"tags":[],"class_list":{"0":"post-40535","1":"post","2":"type-post","3":"status-publish","4":"format-standard","5":"has-post-thumbnail","7":"category-showbiz"},"yoast_head":"<!-- This site is optimized with the Yoast SEO plugin v27.5 - https:\/\/yoast.com\/product\/yoast-seo-wordpress\/ -->\n<title>Reperi shqiptar: Kam vuajtur nga depresioni, nj\u00eb vit nuk kam dal\u00eb nga sht\u00ebpia\u2026 - blogin.al<\/title>\n<meta name=\"robots\" content=\"index, follow, max-snippet:-1, max-image-preview:large, max-video-preview:-1\" \/>\n<link rel=\"canonical\" href=\"https:\/\/blogin.al\/?p=40535\" \/>\n<meta property=\"og:locale\" content=\"en_US\" \/>\n<meta property=\"og:type\" content=\"article\" \/>\n<meta property=\"og:title\" content=\"Reperi shqiptar: Kam vuajtur nga depresioni, nj\u00eb vit nuk kam dal\u00eb nga sht\u00ebpia\u2026 - blogin.al\" \/>\n<meta property=\"og:description\" content=\"Getnjo \u00ebsht\u00eb nj\u00eb personazh publik q\u00eb edhe pse \u00ebsht\u00eb p\u00ebrpjekur q\u00eb jet\u00ebn e tij personale ta mbaj\u00eb sa m\u00eb larg syrit t\u00eb publikut, s\u00eb fundmi ai ka b\u00ebr\u00eb nj\u00eb rr\u00ebfim mjaft prek\u00ebs n\u00eb rrjetet sociale rreth depresionit q\u00eb ka kaluar. Fillimisht, reperi ka nisur nj\u00eb bised\u00eb me disa miq n\u00eb \u201cTikTok\u201d, duke treguar historin\u00eb trondit\u00ebse [&hellip;]\" \/>\n<meta property=\"og:url\" content=\"https:\/\/blogin.al\/?p=40535\" \/>\n<meta property=\"og:site_name\" content=\"blogin.al\" \/>\n<meta property=\"article:published_time\" content=\"2023-11-27T13:21:55+00:00\" \/>\n<meta property=\"article:modified_time\" content=\"2023-11-27T13:21:58+00:00\" \/>\n<meta property=\"og:image\" content=\"https:\/\/blogin.al\/wp-content\/uploads\/2022\/09\/gentinjo-1.jpg\" \/>\n\t<meta property=\"og:image:width\" content=\"737\" \/>\n\t<meta property=\"og:image:height\" content=\"570\" \/>\n\t<meta property=\"og:image:type\" content=\"image\/jpeg\" \/>\n<meta name=\"author\" content=\"Blogin al\" \/>\n<meta name=\"twitter:card\" content=\"summary_large_image\" \/>\n<meta name=\"twitter:label1\" content=\"Written by\" \/>\n\t<meta name=\"twitter:data1\" content=\"Blogin al\" \/>\n\t<meta name=\"twitter:label2\" content=\"Est. reading time\" \/>\n\t<meta name=\"twitter:data2\" content=\"1 minute\" \/>\n<script type=\"application\/ld+json\" class=\"yoast-schema-graph\">{\"@context\":\"https:\\\/\\\/schema.org\",\"@graph\":[{\"@type\":\"Article\",\"@id\":\"https:\\\/\\\/blogin.al\\\/?p=40535#article\",\"isPartOf\":{\"@id\":\"https:\\\/\\\/blogin.al\\\/?p=40535\"},\"author\":{\"name\":\"Blogin al\",\"@id\":\"https:\\\/\\\/blogin.al\\\/#\\\/schema\\\/person\\\/abdd56bc912cd511db877b852b115399\"},\"headline\":\"Reperi shqiptar: Kam vuajtur nga depresioni, nj\u00eb vit nuk kam dal\u00eb nga sht\u00ebpia\u2026\",\"datePublished\":\"2023-11-27T13:21:55+00:00\",\"dateModified\":\"2023-11-27T13:21:58+00:00\",\"mainEntityOfPage\":{\"@id\":\"https:\\\/\\\/blogin.al\\\/?p=40535\"},\"wordCount\":251,\"commentCount\":0,\"publisher\":{\"@id\":\"https:\\\/\\\/blogin.al\\\/#organization\"},\"image\":{\"@id\":\"https:\\\/\\\/blogin.al\\\/?p=40535#primaryimage\"},\"thumbnailUrl\":\"https:\\\/\\\/blogin.al\\\/wp-content\\\/uploads\\\/2022\\\/09\\\/gentinjo-1.jpg\",\"articleSection\":[\"SHOWBIZ\"],\"inLanguage\":\"en-US\",\"potentialAction\":[{\"@type\":\"CommentAction\",\"name\":\"Comment\",\"target\":[\"https:\\\/\\\/blogin.al\\\/?p=40535#respond\"]}]},{\"@type\":\"WebPage\",\"@id\":\"https:\\\/\\\/blogin.al\\\/?p=40535\",\"url\":\"https:\\\/\\\/blogin.al\\\/?p=40535\",\"name\":\"Reperi shqiptar: Kam vuajtur nga depresioni, nj\u00eb vit nuk kam dal\u00eb nga sht\u00ebpia\u2026 - blogin.al\",\"isPartOf\":{\"@id\":\"https:\\\/\\\/blogin.al\\\/#website\"},\"primaryImageOfPage\":{\"@id\":\"https:\\\/\\\/blogin.al\\\/?p=40535#primaryimage\"},\"image\":{\"@id\":\"https:\\\/\\\/blogin.al\\\/?p=40535#primaryimage\"},\"thumbnailUrl\":\"https:\\\/\\\/blogin.al\\\/wp-content\\\/uploads\\\/2022\\\/09\\\/gentinjo-1.jpg\",\"datePublished\":\"2023-11-27T13:21:55+00:00\",\"dateModified\":\"2023-11-27T13:21:58+00:00\",\"breadcrumb\":{\"@id\":\"https:\\\/\\\/blogin.al\\\/?p=40535#breadcrumb\"},\"inLanguage\":\"en-US\",\"potentialAction\":[{\"@type\":\"ReadAction\",\"target\":[\"https:\\\/\\\/blogin.al\\\/?p=40535\"]}]},{\"@type\":\"ImageObject\",\"inLanguage\":\"en-US\",\"@id\":\"https:\\\/\\\/blogin.al\\\/?p=40535#primaryimage\",\"url\":\"https:\\\/\\\/blogin.al\\\/wp-content\\\/uploads\\\/2022\\\/09\\\/gentinjo-1.jpg\",\"contentUrl\":\"https:\\\/\\\/blogin.al\\\/wp-content\\\/uploads\\\/2022\\\/09\\\/gentinjo-1.jpg\",\"width\":737,\"height\":570},{\"@type\":\"BreadcrumbList\",\"@id\":\"https:\\\/\\\/blogin.al\\\/?p=40535#breadcrumb\",\"itemListElement\":[{\"@type\":\"ListItem\",\"position\":1,\"name\":\"Home\",\"item\":\"https:\\\/\\\/blogin.al\\\/\"},{\"@type\":\"ListItem\",\"position\":2,\"name\":\"Reperi shqiptar: Kam vuajtur nga depresioni, nj\u00eb vit nuk kam dal\u00eb nga sht\u00ebpia\u2026\"}]},{\"@type\":\"WebSite\",\"@id\":\"https:\\\/\\\/blogin.al\\\/#website\",\"url\":\"https:\\\/\\\/blogin.al\\\/\",\"name\":\"blogin.al\",\"description\":\"\",\"publisher\":{\"@id\":\"https:\\\/\\\/blogin.al\\\/#organization\"},\"potentialAction\":[{\"@type\":\"SearchAction\",\"target\":{\"@type\":\"EntryPoint\",\"urlTemplate\":\"https:\\\/\\\/blogin.al\\\/?s={search_term_string}\"},\"query-input\":{\"@type\":\"PropertyValueSpecification\",\"valueRequired\":true,\"valueName\":\"search_term_string\"}}],\"inLanguage\":\"en-US\"},{\"@type\":\"Organization\",\"@id\":\"https:\\\/\\\/blogin.al\\\/#organization\",\"name\":\"BLOGIN.al\",\"url\":\"https:\\\/\\\/blogin.al\\\/\",\"logo\":{\"@type\":\"ImageObject\",\"inLanguage\":\"en-US\",\"@id\":\"https:\\\/\\\/blogin.al\\\/#\\\/schema\\\/logo\\\/image\\\/\",\"url\":\"https:\\\/\\\/blogin.al\\\/wp-content\\\/uploads\\\/2022\\\/05\\\/Untitled-2-01-e1652084456514.png\",\"contentUrl\":\"https:\\\/\\\/blogin.al\\\/wp-content\\\/uploads\\\/2022\\\/05\\\/Untitled-2-01-e1652084456514.png\",\"width\":3723,\"height\":1698,\"caption\":\"BLOGIN.al\"},\"image\":{\"@id\":\"https:\\\/\\\/blogin.al\\\/#\\\/schema\\\/logo\\\/image\\\/\"},\"sameAs\":[\"https:\\\/\\\/instagram.com\\\/blogin.al\\\/\"]},{\"@type\":\"Person\",\"@id\":\"https:\\\/\\\/blogin.al\\\/#\\\/schema\\\/person\\\/abdd56bc912cd511db877b852b115399\",\"name\":\"Blogin al\",\"image\":{\"@type\":\"ImageObject\",\"inLanguage\":\"en-US\",\"@id\":\"https:\\\/\\\/secure.gravatar.com\\\/avatar\\\/60d5661aee6e835fb13dc75d2204cd0c1d61bef2efd137c0083e59ef831e235e?s=96&d=mm&r=g\",\"url\":\"https:\\\/\\\/secure.gravatar.com\\\/avatar\\\/60d5661aee6e835fb13dc75d2204cd0c1d61bef2efd137c0083e59ef831e235e?s=96&d=mm&r=g\",\"contentUrl\":\"https:\\\/\\\/secure.gravatar.com\\\/avatar\\\/60d5661aee6e835fb13dc75d2204cd0c1d61bef2efd137c0083e59ef831e235e?s=96&d=mm&r=g\",\"caption\":\"Blogin al\"},\"sameAs\":[\"https:\\\/\\\/blogin.al\"],\"url\":\"https:\\\/\\\/blogin.al\\\/?author=2\"}]}<\/script>\n<!-- \/ Yoast SEO plugin. -->","yoast_head_json":{"title":"Reperi shqiptar: Kam vuajtur nga depresioni, nj\u00eb vit nuk kam dal\u00eb nga sht\u00ebpia\u2026 - blogin.al","robots":{"index":"index","follow":"follow","max-snippet":"max-snippet:-1","max-image-preview":"max-image-preview:large","max-video-preview":"max-video-preview:-1"},"canonical":"https:\/\/blogin.al\/?p=40535","og_locale":"en_US","og_type":"article","og_title":"Reperi shqiptar: Kam vuajtur nga depresioni, nj\u00eb vit nuk kam dal\u00eb nga sht\u00ebpia\u2026 - blogin.al","og_description":"Getnjo \u00ebsht\u00eb nj\u00eb personazh publik q\u00eb edhe pse \u00ebsht\u00eb p\u00ebrpjekur q\u00eb jet\u00ebn e tij personale ta mbaj\u00eb sa m\u00eb larg syrit t\u00eb publikut, s\u00eb fundmi ai ka b\u00ebr\u00eb nj\u00eb rr\u00ebfim mjaft prek\u00ebs n\u00eb rrjetet sociale rreth depresionit q\u00eb ka kaluar. Fillimisht, reperi ka nisur nj\u00eb bised\u00eb me disa miq n\u00eb \u201cTikTok\u201d, duke treguar historin\u00eb trondit\u00ebse [&hellip;]","og_url":"https:\/\/blogin.al\/?p=40535","og_site_name":"blogin.al","article_published_time":"2023-11-27T13:21:55+00:00","article_modified_time":"2023-11-27T13:21:58+00:00","og_image":[{"width":737,"height":570,"url":"https:\/\/blogin.al\/wp-content\/uploads\/2022\/09\/gentinjo-1.jpg","type":"image\/jpeg"}],"author":"Blogin al","twitter_card":"summary_large_image","twitter_misc":{"Written by":"Blogin al","Est. reading time":"1 minute"},"schema":{"@context":"https:\/\/schema.org","@graph":[{"@type":"Article","@id":"https:\/\/blogin.al\/?p=40535#article","isPartOf":{"@id":"https:\/\/blogin.al\/?p=40535"},"author":{"name":"Blogin al","@id":"https:\/\/blogin.al\/#\/schema\/person\/abdd56bc912cd511db877b852b115399"},"headline":"Reperi shqiptar: Kam vuajtur nga depresioni, nj\u00eb vit nuk kam dal\u00eb nga sht\u00ebpia\u2026","datePublished":"2023-11-27T13:21:55+00:00","dateModified":"2023-11-27T13:21:58+00:00","mainEntityOfPage":{"@id":"https:\/\/blogin.al\/?p=40535"},"wordCount":251,"commentCount":0,"publisher":{"@id":"https:\/\/blogin.al\/#organization"},"image":{"@id":"https:\/\/blogin.al\/?p=40535#primaryimage"},"thumbnailUrl":"https:\/\/blogin.al\/wp-content\/uploads\/2022\/09\/gentinjo-1.jpg","articleSection":["SHOWBIZ"],"inLanguage":"en-US","potentialAction":[{"@type":"CommentAction","name":"Comment","target":["https:\/\/blogin.al\/?p=40535#respond"]}]},{"@type":"WebPage","@id":"https:\/\/blogin.al\/?p=40535","url":"https:\/\/blogin.al\/?p=40535","name":"Reperi shqiptar: Kam vuajtur nga depresioni, nj\u00eb vit nuk kam dal\u00eb nga sht\u00ebpia\u2026 - blogin.al","isPartOf":{"@id":"https:\/\/blogin.al\/#website"},"primaryImageOfPage":{"@id":"https:\/\/blogin.al\/?p=40535#primaryimage"},"image":{"@id":"https:\/\/blogin.al\/?p=40535#primaryimage"},"thumbnailUrl":"https:\/\/blogin.al\/wp-content\/uploads\/2022\/09\/gentinjo-1.jpg","datePublished":"2023-11-27T13:21:55+00:00","dateModified":"2023-11-27T13:21:58+00:00","breadcrumb":{"@id":"https:\/\/blogin.al\/?p=40535#breadcrumb"},"inLanguage":"en-US","potentialAction":[{"@type":"ReadAction","target":["https:\/\/blogin.al\/?p=40535"]}]},{"@type":"ImageObject","inLanguage":"en-US","@id":"https:\/\/blogin.al\/?p=40535#primaryimage","url":"https:\/\/blogin.al\/wp-content\/uploads\/2022\/09\/gentinjo-1.jpg","contentUrl":"https:\/\/blogin.al\/wp-content\/uploads\/2022\/09\/gentinjo-1.jpg","width":737,"height":570},{"@type":"BreadcrumbList","@id":"https:\/\/blogin.al\/?p=40535#breadcrumb","itemListElement":[{"@type":"ListItem","position":1,"name":"Home","item":"https:\/\/blogin.al\/"},{"@type":"ListItem","position":2,"name":"Reperi shqiptar: Kam vuajtur nga depresioni, nj\u00eb vit nuk kam dal\u00eb nga sht\u00ebpia\u2026"}]},{"@type":"WebSite","@id":"https:\/\/blogin.al\/#website","url":"https:\/\/blogin.al\/","name":"blogin.al","description":"","publisher":{"@id":"https:\/\/blogin.al\/#organization"},"potentialAction":[{"@type":"SearchAction","target":{"@type":"EntryPoint","urlTemplate":"https:\/\/blogin.al\/?s={search_term_string}"},"query-input":{"@type":"PropertyValueSpecification","valueRequired":true,"valueName":"search_term_string"}}],"inLanguage":"en-US"},{"@type":"Organization","@id":"https:\/\/blogin.al\/#organization","name":"BLOGIN.al","url":"https:\/\/blogin.al\/","logo":{"@type":"ImageObject","inLanguage":"en-US","@id":"https:\/\/blogin.al\/#\/schema\/logo\/image\/","url":"https:\/\/blogin.al\/wp-content\/uploads\/2022\/05\/Untitled-2-01-e1652084456514.png","contentUrl":"https:\/\/blogin.al\/wp-content\/uploads\/2022\/05\/Untitled-2-01-e1652084456514.png","width":3723,"height":1698,"caption":"BLOGIN.al"},"image":{"@id":"https:\/\/blogin.al\/#\/schema\/logo\/image\/"},"sameAs":["https:\/\/instagram.com\/blogin.al\/"]},{"@type":"Person","@id":"https:\/\/blogin.al\/#\/schema\/person\/abdd56bc912cd511db877b852b115399","name":"Blogin al","image":{"@type":"ImageObject","inLanguage":"en-US","@id":"https:\/\/secure.gravatar.com\/avatar\/60d5661aee6e835fb13dc75d2204cd0c1d61bef2efd137c0083e59ef831e235e?s=96&d=mm&r=g","url":"https:\/\/secure.gravatar.com\/avatar\/60d5661aee6e835fb13dc75d2204cd0c1d61bef2efd137c0083e59ef831e235e?s=96&d=mm&r=g","contentUrl":"https:\/\/secure.gravatar.com\/avatar\/60d5661aee6e835fb13dc75d2204cd0c1d61bef2efd137c0083e59ef831e235e?s=96&d=mm&r=g","caption":"Blogin al"},"sameAs":["https:\/\/blogin.al"],"url":"https:\/\/blogin.al\/?author=2"}]}},"_links":{"self":[{"href":"https:\/\/blogin.al\/index.php?rest_route=\/wp\/v2\/posts\/40535","targetHints":{"allow":["GET"]}}],"collection":[{"href":"https:\/\/blogin.al\/index.php?rest_route=\/wp\/v2\/posts"}],"about":[{"href":"https:\/\/blogin.al\/index.php?rest_route=\/wp\/v2\/types\/post"}],"author":[{"embeddable":true,"href":"https:\/\/blogin.al\/index.php?rest_route=\/wp\/v2\/users\/2"}],"replies":[{"embeddable":true,"href":"https:\/\/blogin.al\/index.php?rest_route=%2Fwp%2Fv2%2Fcomments&post=40535"}],"version-history":[{"count":1,"href":"https:\/\/blogin.al\/index.php?rest_route=\/wp\/v2\/posts\/40535\/revisions"}],"predecessor-version":[{"id":40536,"href":"https:\/\/blogin.al\/index.php?rest_route=\/wp\/v2\/posts\/40535\/revisions\/40536"}],"wp:featuredmedia":[{"embeddable":true,"href":"https:\/\/blogin.al\/index.php?rest_route=\/wp\/v2\/media\/13867"}],"wp:attachment":[{"href":"https:\/\/blogin.al\/index.php?rest_route=%2Fwp%2Fv2%2Fmedia&parent=40535"}],"wp:term":[{"taxonomy":"category","embeddable":true,"href":"https:\/\/blogin.al\/index.php?rest_route=%2Fwp%2Fv2%2Fcategories&post=40535"},{"taxonomy":"post_tag","embeddable":true,"href":"https:\/\/blogin.al\/index.php?rest_route=%2Fwp%2Fv2%2Ftags&post=40535"}],"curies":[{"name":"wp","href":"https:\/\/api.w.org\/{rel}","templated":true}]}}