{"id":40557,"date":"2023-11-28T08:36:21","date_gmt":"2023-11-28T08:36:21","guid":{"rendered":"https:\/\/blogin.al\/?p=40557"},"modified":"2023-11-28T08:36:23","modified_gmt":"2023-11-28T08:36:23","slug":"tentova-te-kryej-vetevrasje-i-perlotur-konkurenti-i-bbv-rrefen-dhunen-fizike-nga-babai-qe-kur-ishte-femije","status":"publish","type":"post","link":"https:\/\/blogin.al\/?p=40557","title":{"rendered":"\u201cTentova t\u00eb kryej vet\u00ebvrasje\u201d- I p\u00ebrlotur konkurenti i \u201cBBV\u201d rr\u00ebfen dhun\u00ebn fizike nga babai q\u00eb kur ishte f\u00ebmij\u00eb"},"content":{"rendered":"\n<p>Gjat\u00eb primet t\u00eb mbr\u00ebmjes s\u00eb djeshme konkurenti i \u201cBig Brother Vip Kosova\u201d, Azem Gagica \u00ebsht\u00eb rikthyer pas n\u00eb koh\u00eb duke b\u00ebr\u00eb nj\u00eb rr\u00ebfim trondit\u00ebs mbi f\u00ebmij\u00ebrin\u00eb e tij.<\/p>\n\n\n\n<p>Mes lot\u00ebsh ai ka treguar se n\u00ebna dhe ai dhunoheshin fizikisht nga babai i tij, i cili ia shfrynte familjes s\u00eb tij nervat e luft\u00ebs s\u00eb Kosov\u00ebs.<\/p>\n\n\n\n<p><em>\u201cShum\u00eb e kam urryer babain p\u00ebr nj\u00eb koh\u00eb t\u00eb gjat\u00eb. Un\u00eb f\u00ebmij\u00ebt e mij\u00eb do ti l\u00eb q\u00eb t\u00eb shijojn\u00eb f\u00ebmij\u00ebrin\u00eb n\u00ebse d\u00ebshirojn\u00eb t\u00eb prekin di\u00e7ka t\u00eb prekin. Babai dhe xhaxhallar\u00ebt e mi kan\u00eb dh\u00ebn\u00eb shum\u00eb p\u00ebr Kosov\u00ebn, edhe kur me u shfry, shfryju n\u00eb familje te gruaja jote e f\u00ebmij\u00ebt e tu, se i kam th\u00ebn\u00eb me zor atij t\u2019m\u00eb b\u00ebjn\u00eb. Nj\u00eb p\u00ebrqafim jo nj\u00eb shuplak\u00eb, i kam th\u00ebn\u00eb baba pse nuk po m\u00eb p\u00ebrqafon nj\u00eb her\u00eb n\u00eb jet\u00eb, a nuk m\u00eb do a. Ka ardhur babai nga puna edhe \u00ebsht\u00eb z\u00ebn\u00eb di\u00e7ka me mamin, edhe ia ka kap dor\u00ebn e ka thy dhe e ka rr\u00ebzuar n\u00eb tok\u00eb, un\u00eb i kam hip n\u00eb shpin\u00eb i kam th\u00ebn\u00eb l\u00ebshoje, sepse kam menduar q\u00eb p\u00ebr shkak timin e ka dhunuar mamin, jam fajtor un\u00eb\u201d<\/em>, u shpreh ai.<\/p>\n\n\n\n<p>Azemi tha se nj\u00eb dit\u00eb pas k\u00ebsaj ngjarje ka tentuar t\u00eb b\u00ebj\u00eb vet\u00ebrasje duke u hedhur nga nj\u00eb mur 3 metra, por ka shp\u00ebtuar shum\u00eb mir\u00eb.<\/p>\n\n\n\n<p><em>\u201cNj\u00eb dit\u00eb pas k\u00ebsaj ngjarjes, n\u00eb shkoll\u00eb kam qen\u00eb n\u00eb klas\u00ebn e dyt\u00eb dhe as arsimtar\u00ebt nuk e kan\u00eb ditur. Ka qen\u00eb nj\u00eb mur 3 metra dhe kam k\u00ebrcyer nga muri posht\u00eb por kam ra mir\u00eb, por nga frika nuk i kam treguar askujt kurr dhe nga ai moment i kam th\u00ebn\u00eb vetes je burr dhe nuk b\u00ebn t\u00eb qash.\u201d-<\/em>&nbsp;tha konkurenti.<\/p>\n\n\n\n<figure class=\"wp-block-image is-style-default\"><img decoding=\"async\" src=\"https:\/\/telegrafi.com\/wp-content\/uploads\/2023\/11\/fgggh.png\" alt=\"\"\/><\/figure>\n\n\n\n<p>Mes lot\u00ebsh ai tha se kur ka qen\u00eb f\u00ebmij\u00eb gjithmon\u00eb \u00ebsht\u00eb distancuar nga shok\u00ebt dhe shoqet e kla\u00ebs, pasi n\u00eb aktivitete q\u00eb shkolla organizonte Azemi nuk ka shkuar kurr\u00eb.<\/p>\n\n\n\n<p><em>&nbsp;\u201cKam pasur rastin q\u00eb shkonim me shkoll\u00ebn dikund, dhe un\u00eb nuk kam guxuar t\u00eb shkoj, jam frik\u00ebsuar q\u00eb ti flas daj\u00ebs e tezes. I thosha vetes \u00e7far\u00eb iu kam b\u00ebr\u00eb un\u00eb k\u00ebtyre, a sm\u00eb kan\u00eb familje. Prap\u00eb se prap\u00eb, ky \u00ebsht\u00eb babai im, m\u00eb ka rritur, m\u00eb ka ofruar mund\u00ebsit\u00eb edhe duhesh me dh\u00ebn\u00eb dashuri gjithmon\u00eb. 21 vjet i kam th\u00ebn\u00eb boll m\u00eb nuk shkon k\u00ebshtu dhe nga ajo dite ka nisur q\u00eb t\u00eb p\u00ebrmir\u00ebsohet gjendja. Babai e ka zemr\u00ebn shum\u00eb t\u00eb mir\u00eb, po ajo pjes\u00eb ka qen\u00eb\u2026, por un\u00eb jam m\u00ebsuar q\u00eb t\u00eb mos dor\u00ebzohem, edhe kurr\u00eb m\u00eb nuk do lejoj dik\u00ebnd q\u00eb t\u00eb m\u00eb marr\u00eb g\u00ebzimin. Vet\u00ebm nj\u00eb her\u00eb t\u00eb jet\u00eb t\u00eb g\u00ebzohem dhe asgj\u00eb m\u00eb shum\u00eb nuk do t\u00eb kisha d\u00ebshir\u00eb\u201d,<\/em>&nbsp;shtoi mes tjerash Gagica.<\/p>\n\n\n\n<p>Pasi Azemi rr\u00ebfeu k\u00ebt\u00eb histori t\u00eb trisht\u00eb t\u00eb jet\u00ebs s\u00eb tij, t\u00eb gjith\u00eb konkurent\u00ebt t\u00eb prekur shp\u00ebrthyen n\u00eb lot.<\/p>\n","protected":false},"excerpt":{"rendered":"<p>Gjat\u00eb primet t\u00eb mbr\u00ebmjes s\u00eb djeshme konkurenti i \u201cBig Brother Vip Kosova\u201d, Azem Gagica \u00ebsht\u00eb rikthyer pas n\u00eb koh\u00eb duke b\u00ebr\u00eb nj\u00eb rr\u00ebfim trondit\u00ebs mbi f\u00ebmij\u00ebrin\u00eb e tij. Mes lot\u00ebsh ai ka treguar se n\u00ebna dhe ai dhunoheshin fizikisht nga babai i tij, i cili ia shfrynte familjes s\u00eb tij nervat e luft\u00ebs s\u00eb Kosov\u00ebs. [&hellip;]<\/p>\n","protected":false},"author":2,"featured_media":40558,"comment_status":"open","ping_status":"open","sticky":false,"template":"","format":"standard","meta":{"footnotes":""},"categories":[33],"tags":[],"class_list":{"0":"post-40557","1":"post","2":"type-post","3":"status-publish","4":"format-standard","5":"has-post-thumbnail","7":"category-showbiz"},"yoast_head":"<!-- This site is optimized with the Yoast SEO plugin v27.5 - https:\/\/yoast.com\/product\/yoast-seo-wordpress\/ -->\n<title>\u201cTentova t\u00eb kryej vet\u00ebvrasje\u201d- I p\u00ebrlotur konkurenti i \u201cBBV\u201d rr\u00ebfen dhun\u00ebn fizike nga babai q\u00eb kur ishte f\u00ebmij\u00eb - blogin.al<\/title>\n<meta name=\"robots\" content=\"index, follow, max-snippet:-1, max-image-preview:large, max-video-preview:-1\" \/>\n<link rel=\"canonical\" href=\"https:\/\/blogin.al\/?p=40557\" \/>\n<meta property=\"og:locale\" content=\"en_US\" \/>\n<meta property=\"og:type\" content=\"article\" \/>\n<meta property=\"og:title\" content=\"\u201cTentova t\u00eb kryej vet\u00ebvrasje\u201d- I p\u00ebrlotur konkurenti i \u201cBBV\u201d rr\u00ebfen dhun\u00ebn fizike nga babai q\u00eb kur ishte f\u00ebmij\u00eb - blogin.al\" \/>\n<meta property=\"og:description\" content=\"Gjat\u00eb primet t\u00eb mbr\u00ebmjes s\u00eb djeshme konkurenti i \u201cBig Brother Vip Kosova\u201d, Azem Gagica \u00ebsht\u00eb rikthyer pas n\u00eb koh\u00eb duke b\u00ebr\u00eb nj\u00eb rr\u00ebfim trondit\u00ebs mbi f\u00ebmij\u00ebrin\u00eb e tij. Mes lot\u00ebsh ai ka treguar se n\u00ebna dhe ai dhunoheshin fizikisht nga babai i tij, i cili ia shfrynte familjes s\u00eb tij nervat e luft\u00ebs s\u00eb Kosov\u00ebs. [&hellip;]\" \/>\n<meta property=\"og:url\" content=\"https:\/\/blogin.al\/?p=40557\" \/>\n<meta property=\"og:site_name\" content=\"blogin.al\" \/>\n<meta property=\"article:published_time\" content=\"2023-11-28T08:36:21+00:00\" \/>\n<meta property=\"article:modified_time\" content=\"2023-11-28T08:36:23+00:00\" \/>\n<meta property=\"og:image\" content=\"https:\/\/blogin.al\/wp-content\/uploads\/2023\/11\/image-161.png\" \/>\n\t<meta property=\"og:image:width\" content=\"717\" \/>\n\t<meta property=\"og:image:height\" content=\"580\" \/>\n\t<meta property=\"og:image:type\" content=\"image\/png\" \/>\n<meta name=\"author\" content=\"Blogin al\" \/>\n<meta name=\"twitter:card\" content=\"summary_large_image\" \/>\n<meta name=\"twitter:label1\" content=\"Written by\" \/>\n\t<meta name=\"twitter:data1\" content=\"Blogin al\" \/>\n\t<meta name=\"twitter:label2\" content=\"Est. reading time\" \/>\n\t<meta name=\"twitter:data2\" content=\"3 minutes\" \/>\n<script type=\"application\/ld+json\" class=\"yoast-schema-graph\">{\"@context\":\"https:\\\/\\\/schema.org\",\"@graph\":[{\"@type\":\"Article\",\"@id\":\"https:\\\/\\\/blogin.al\\\/?p=40557#article\",\"isPartOf\":{\"@id\":\"https:\\\/\\\/blogin.al\\\/?p=40557\"},\"author\":{\"name\":\"Blogin al\",\"@id\":\"https:\\\/\\\/blogin.al\\\/#\\\/schema\\\/person\\\/abdd56bc912cd511db877b852b115399\"},\"headline\":\"\u201cTentova t\u00eb kryej vet\u00ebvrasje\u201d- I p\u00ebrlotur konkurenti i \u201cBBV\u201d rr\u00ebfen dhun\u00ebn fizike nga babai q\u00eb kur ishte f\u00ebmij\u00eb\",\"datePublished\":\"2023-11-28T08:36:21+00:00\",\"dateModified\":\"2023-11-28T08:36:23+00:00\",\"mainEntityOfPage\":{\"@id\":\"https:\\\/\\\/blogin.al\\\/?p=40557\"},\"wordCount\":556,\"commentCount\":0,\"publisher\":{\"@id\":\"https:\\\/\\\/blogin.al\\\/#organization\"},\"image\":{\"@id\":\"https:\\\/\\\/blogin.al\\\/?p=40557#primaryimage\"},\"thumbnailUrl\":\"https:\\\/\\\/blogin.al\\\/wp-content\\\/uploads\\\/2023\\\/11\\\/image-161.png\",\"articleSection\":[\"SHOWBIZ\"],\"inLanguage\":\"en-US\",\"potentialAction\":[{\"@type\":\"CommentAction\",\"name\":\"Comment\",\"target\":[\"https:\\\/\\\/blogin.al\\\/?p=40557#respond\"]}]},{\"@type\":\"WebPage\",\"@id\":\"https:\\\/\\\/blogin.al\\\/?p=40557\",\"url\":\"https:\\\/\\\/blogin.al\\\/?p=40557\",\"name\":\"\u201cTentova t\u00eb kryej vet\u00ebvrasje\u201d- I p\u00ebrlotur konkurenti i \u201cBBV\u201d rr\u00ebfen dhun\u00ebn fizike nga babai q\u00eb kur ishte f\u00ebmij\u00eb - blogin.al\",\"isPartOf\":{\"@id\":\"https:\\\/\\\/blogin.al\\\/#website\"},\"primaryImageOfPage\":{\"@id\":\"https:\\\/\\\/blogin.al\\\/?p=40557#primaryimage\"},\"image\":{\"@id\":\"https:\\\/\\\/blogin.al\\\/?p=40557#primaryimage\"},\"thumbnailUrl\":\"https:\\\/\\\/blogin.al\\\/wp-content\\\/uploads\\\/2023\\\/11\\\/image-161.png\",\"datePublished\":\"2023-11-28T08:36:21+00:00\",\"dateModified\":\"2023-11-28T08:36:23+00:00\",\"breadcrumb\":{\"@id\":\"https:\\\/\\\/blogin.al\\\/?p=40557#breadcrumb\"},\"inLanguage\":\"en-US\",\"potentialAction\":[{\"@type\":\"ReadAction\",\"target\":[\"https:\\\/\\\/blogin.al\\\/?p=40557\"]}]},{\"@type\":\"ImageObject\",\"inLanguage\":\"en-US\",\"@id\":\"https:\\\/\\\/blogin.al\\\/?p=40557#primaryimage\",\"url\":\"https:\\\/\\\/blogin.al\\\/wp-content\\\/uploads\\\/2023\\\/11\\\/image-161.png\",\"contentUrl\":\"https:\\\/\\\/blogin.al\\\/wp-content\\\/uploads\\\/2023\\\/11\\\/image-161.png\",\"width\":717,\"height\":580},{\"@type\":\"BreadcrumbList\",\"@id\":\"https:\\\/\\\/blogin.al\\\/?p=40557#breadcrumb\",\"itemListElement\":[{\"@type\":\"ListItem\",\"position\":1,\"name\":\"Home\",\"item\":\"https:\\\/\\\/blogin.al\\\/\"},{\"@type\":\"ListItem\",\"position\":2,\"name\":\"\u201cTentova t\u00eb kryej vet\u00ebvrasje\u201d- I p\u00ebrlotur konkurenti i \u201cBBV\u201d rr\u00ebfen dhun\u00ebn fizike nga babai q\u00eb kur ishte f\u00ebmij\u00eb\"}]},{\"@type\":\"WebSite\",\"@id\":\"https:\\\/\\\/blogin.al\\\/#website\",\"url\":\"https:\\\/\\\/blogin.al\\\/\",\"name\":\"blogin.al\",\"description\":\"\",\"publisher\":{\"@id\":\"https:\\\/\\\/blogin.al\\\/#organization\"},\"potentialAction\":[{\"@type\":\"SearchAction\",\"target\":{\"@type\":\"EntryPoint\",\"urlTemplate\":\"https:\\\/\\\/blogin.al\\\/?s={search_term_string}\"},\"query-input\":{\"@type\":\"PropertyValueSpecification\",\"valueRequired\":true,\"valueName\":\"search_term_string\"}}],\"inLanguage\":\"en-US\"},{\"@type\":\"Organization\",\"@id\":\"https:\\\/\\\/blogin.al\\\/#organization\",\"name\":\"BLOGIN.al\",\"url\":\"https:\\\/\\\/blogin.al\\\/\",\"logo\":{\"@type\":\"ImageObject\",\"inLanguage\":\"en-US\",\"@id\":\"https:\\\/\\\/blogin.al\\\/#\\\/schema\\\/logo\\\/image\\\/\",\"url\":\"https:\\\/\\\/blogin.al\\\/wp-content\\\/uploads\\\/2022\\\/05\\\/Untitled-2-01-e1652084456514.png\",\"contentUrl\":\"https:\\\/\\\/blogin.al\\\/wp-content\\\/uploads\\\/2022\\\/05\\\/Untitled-2-01-e1652084456514.png\",\"width\":3723,\"height\":1698,\"caption\":\"BLOGIN.al\"},\"image\":{\"@id\":\"https:\\\/\\\/blogin.al\\\/#\\\/schema\\\/logo\\\/image\\\/\"},\"sameAs\":[\"https:\\\/\\\/instagram.com\\\/blogin.al\\\/\"]},{\"@type\":\"Person\",\"@id\":\"https:\\\/\\\/blogin.al\\\/#\\\/schema\\\/person\\\/abdd56bc912cd511db877b852b115399\",\"name\":\"Blogin al\",\"image\":{\"@type\":\"ImageObject\",\"inLanguage\":\"en-US\",\"@id\":\"https:\\\/\\\/secure.gravatar.com\\\/avatar\\\/60d5661aee6e835fb13dc75d2204cd0c1d61bef2efd137c0083e59ef831e235e?s=96&d=mm&r=g\",\"url\":\"https:\\\/\\\/secure.gravatar.com\\\/avatar\\\/60d5661aee6e835fb13dc75d2204cd0c1d61bef2efd137c0083e59ef831e235e?s=96&d=mm&r=g\",\"contentUrl\":\"https:\\\/\\\/secure.gravatar.com\\\/avatar\\\/60d5661aee6e835fb13dc75d2204cd0c1d61bef2efd137c0083e59ef831e235e?s=96&d=mm&r=g\",\"caption\":\"Blogin al\"},\"sameAs\":[\"https:\\\/\\\/blogin.al\"],\"url\":\"https:\\\/\\\/blogin.al\\\/?author=2\"}]}<\/script>\n<!-- \/ Yoast SEO plugin. -->","yoast_head_json":{"title":"\u201cTentova t\u00eb kryej vet\u00ebvrasje\u201d- I p\u00ebrlotur konkurenti i \u201cBBV\u201d rr\u00ebfen dhun\u00ebn fizike nga babai q\u00eb kur ishte f\u00ebmij\u00eb - blogin.al","robots":{"index":"index","follow":"follow","max-snippet":"max-snippet:-1","max-image-preview":"max-image-preview:large","max-video-preview":"max-video-preview:-1"},"canonical":"https:\/\/blogin.al\/?p=40557","og_locale":"en_US","og_type":"article","og_title":"\u201cTentova t\u00eb kryej vet\u00ebvrasje\u201d- I p\u00ebrlotur konkurenti i \u201cBBV\u201d rr\u00ebfen dhun\u00ebn fizike nga babai q\u00eb kur ishte f\u00ebmij\u00eb - blogin.al","og_description":"Gjat\u00eb primet t\u00eb mbr\u00ebmjes s\u00eb djeshme konkurenti i \u201cBig Brother Vip Kosova\u201d, Azem Gagica \u00ebsht\u00eb rikthyer pas n\u00eb koh\u00eb duke b\u00ebr\u00eb nj\u00eb rr\u00ebfim trondit\u00ebs mbi f\u00ebmij\u00ebrin\u00eb e tij. Mes lot\u00ebsh ai ka treguar se n\u00ebna dhe ai dhunoheshin fizikisht nga babai i tij, i cili ia shfrynte familjes s\u00eb tij nervat e luft\u00ebs s\u00eb Kosov\u00ebs. [&hellip;]","og_url":"https:\/\/blogin.al\/?p=40557","og_site_name":"blogin.al","article_published_time":"2023-11-28T08:36:21+00:00","article_modified_time":"2023-11-28T08:36:23+00:00","og_image":[{"width":717,"height":580,"url":"https:\/\/blogin.al\/wp-content\/uploads\/2023\/11\/image-161.png","type":"image\/png"}],"author":"Blogin al","twitter_card":"summary_large_image","twitter_misc":{"Written by":"Blogin al","Est. reading time":"3 minutes"},"schema":{"@context":"https:\/\/schema.org","@graph":[{"@type":"Article","@id":"https:\/\/blogin.al\/?p=40557#article","isPartOf":{"@id":"https:\/\/blogin.al\/?p=40557"},"author":{"name":"Blogin al","@id":"https:\/\/blogin.al\/#\/schema\/person\/abdd56bc912cd511db877b852b115399"},"headline":"\u201cTentova t\u00eb kryej vet\u00ebvrasje\u201d- I p\u00ebrlotur konkurenti i \u201cBBV\u201d rr\u00ebfen dhun\u00ebn fizike nga babai q\u00eb kur ishte f\u00ebmij\u00eb","datePublished":"2023-11-28T08:36:21+00:00","dateModified":"2023-11-28T08:36:23+00:00","mainEntityOfPage":{"@id":"https:\/\/blogin.al\/?p=40557"},"wordCount":556,"commentCount":0,"publisher":{"@id":"https:\/\/blogin.al\/#organization"},"image":{"@id":"https:\/\/blogin.al\/?p=40557#primaryimage"},"thumbnailUrl":"https:\/\/blogin.al\/wp-content\/uploads\/2023\/11\/image-161.png","articleSection":["SHOWBIZ"],"inLanguage":"en-US","potentialAction":[{"@type":"CommentAction","name":"Comment","target":["https:\/\/blogin.al\/?p=40557#respond"]}]},{"@type":"WebPage","@id":"https:\/\/blogin.al\/?p=40557","url":"https:\/\/blogin.al\/?p=40557","name":"\u201cTentova t\u00eb kryej vet\u00ebvrasje\u201d- I p\u00ebrlotur konkurenti i \u201cBBV\u201d rr\u00ebfen dhun\u00ebn fizike nga babai q\u00eb kur ishte f\u00ebmij\u00eb - blogin.al","isPartOf":{"@id":"https:\/\/blogin.al\/#website"},"primaryImageOfPage":{"@id":"https:\/\/blogin.al\/?p=40557#primaryimage"},"image":{"@id":"https:\/\/blogin.al\/?p=40557#primaryimage"},"thumbnailUrl":"https:\/\/blogin.al\/wp-content\/uploads\/2023\/11\/image-161.png","datePublished":"2023-11-28T08:36:21+00:00","dateModified":"2023-11-28T08:36:23+00:00","breadcrumb":{"@id":"https:\/\/blogin.al\/?p=40557#breadcrumb"},"inLanguage":"en-US","potentialAction":[{"@type":"ReadAction","target":["https:\/\/blogin.al\/?p=40557"]}]},{"@type":"ImageObject","inLanguage":"en-US","@id":"https:\/\/blogin.al\/?p=40557#primaryimage","url":"https:\/\/blogin.al\/wp-content\/uploads\/2023\/11\/image-161.png","contentUrl":"https:\/\/blogin.al\/wp-content\/uploads\/2023\/11\/image-161.png","width":717,"height":580},{"@type":"BreadcrumbList","@id":"https:\/\/blogin.al\/?p=40557#breadcrumb","itemListElement":[{"@type":"ListItem","position":1,"name":"Home","item":"https:\/\/blogin.al\/"},{"@type":"ListItem","position":2,"name":"\u201cTentova t\u00eb kryej vet\u00ebvrasje\u201d- I p\u00ebrlotur konkurenti i \u201cBBV\u201d rr\u00ebfen dhun\u00ebn fizike nga babai q\u00eb kur ishte f\u00ebmij\u00eb"}]},{"@type":"WebSite","@id":"https:\/\/blogin.al\/#website","url":"https:\/\/blogin.al\/","name":"blogin.al","description":"","publisher":{"@id":"https:\/\/blogin.al\/#organization"},"potentialAction":[{"@type":"SearchAction","target":{"@type":"EntryPoint","urlTemplate":"https:\/\/blogin.al\/?s={search_term_string}"},"query-input":{"@type":"PropertyValueSpecification","valueRequired":true,"valueName":"search_term_string"}}],"inLanguage":"en-US"},{"@type":"Organization","@id":"https:\/\/blogin.al\/#organization","name":"BLOGIN.al","url":"https:\/\/blogin.al\/","logo":{"@type":"ImageObject","inLanguage":"en-US","@id":"https:\/\/blogin.al\/#\/schema\/logo\/image\/","url":"https:\/\/blogin.al\/wp-content\/uploads\/2022\/05\/Untitled-2-01-e1652084456514.png","contentUrl":"https:\/\/blogin.al\/wp-content\/uploads\/2022\/05\/Untitled-2-01-e1652084456514.png","width":3723,"height":1698,"caption":"BLOGIN.al"},"image":{"@id":"https:\/\/blogin.al\/#\/schema\/logo\/image\/"},"sameAs":["https:\/\/instagram.com\/blogin.al\/"]},{"@type":"Person","@id":"https:\/\/blogin.al\/#\/schema\/person\/abdd56bc912cd511db877b852b115399","name":"Blogin al","image":{"@type":"ImageObject","inLanguage":"en-US","@id":"https:\/\/secure.gravatar.com\/avatar\/60d5661aee6e835fb13dc75d2204cd0c1d61bef2efd137c0083e59ef831e235e?s=96&d=mm&r=g","url":"https:\/\/secure.gravatar.com\/avatar\/60d5661aee6e835fb13dc75d2204cd0c1d61bef2efd137c0083e59ef831e235e?s=96&d=mm&r=g","contentUrl":"https:\/\/secure.gravatar.com\/avatar\/60d5661aee6e835fb13dc75d2204cd0c1d61bef2efd137c0083e59ef831e235e?s=96&d=mm&r=g","caption":"Blogin al"},"sameAs":["https:\/\/blogin.al"],"url":"https:\/\/blogin.al\/?author=2"}]}},"_links":{"self":[{"href":"https:\/\/blogin.al\/index.php?rest_route=\/wp\/v2\/posts\/40557","targetHints":{"allow":["GET"]}}],"collection":[{"href":"https:\/\/blogin.al\/index.php?rest_route=\/wp\/v2\/posts"}],"about":[{"href":"https:\/\/blogin.al\/index.php?rest_route=\/wp\/v2\/types\/post"}],"author":[{"embeddable":true,"href":"https:\/\/blogin.al\/index.php?rest_route=\/wp\/v2\/users\/2"}],"replies":[{"embeddable":true,"href":"https:\/\/blogin.al\/index.php?rest_route=%2Fwp%2Fv2%2Fcomments&post=40557"}],"version-history":[{"count":1,"href":"https:\/\/blogin.al\/index.php?rest_route=\/wp\/v2\/posts\/40557\/revisions"}],"predecessor-version":[{"id":40559,"href":"https:\/\/blogin.al\/index.php?rest_route=\/wp\/v2\/posts\/40557\/revisions\/40559"}],"wp:featuredmedia":[{"embeddable":true,"href":"https:\/\/blogin.al\/index.php?rest_route=\/wp\/v2\/media\/40558"}],"wp:attachment":[{"href":"https:\/\/blogin.al\/index.php?rest_route=%2Fwp%2Fv2%2Fmedia&parent=40557"}],"wp:term":[{"taxonomy":"category","embeddable":true,"href":"https:\/\/blogin.al\/index.php?rest_route=%2Fwp%2Fv2%2Fcategories&post=40557"},{"taxonomy":"post_tag","embeddable":true,"href":"https:\/\/blogin.al\/index.php?rest_route=%2Fwp%2Fv2%2Ftags&post=40557"}],"curies":[{"name":"wp","href":"https:\/\/api.w.org\/{rel}","templated":true}]}}