{"id":40571,"date":"2023-11-28T12:35:23","date_gmt":"2023-11-28T12:35:23","guid":{"rendered":"https:\/\/blogin.al\/?p=40571"},"modified":"2023-11-28T12:35:25","modified_gmt":"2023-11-28T12:35:25","slug":"e-njoha-ne-bankat-e-shkolles-ra-ne-dashuri-me-studenten-e-tij-timo-flloko-rrefen-si-rastesia-e-beri-bashke-me-vera-grabocken","status":"publish","type":"post","link":"https:\/\/blogin.al\/?p=40571","title":{"rendered":"\u201cE njoha n\u00eb bankat e shkoll\u00ebs\u201d- Ra n\u00eb dashuri me studenten e tij, Timo Flloko rr\u00ebfen si rast\u00ebsia e b\u00ebri bashk\u00eb me Vera Grabock\u00ebn"},"content":{"rendered":"\n<p>Aktori i njohur Timo Flloko ka rr\u00ebfyer se si \u00ebsht\u00eb njohur me bashk\u00ebshorten e tij, producenten dhe regjisoren, Vera Grabocka.<\/p>\n\n\n\n<p><em>\u201cRast\u00ebsia\u201d,<\/em>&nbsp;tregoi ai, teksa rr\u00ebfeu se ishin fare t\u00eb rinj kur fati i b\u00ebri s\u00eb bashku n\u00eb nj\u00eb shkoll\u00eb. Timo Flloko ishte profesori, nd\u00ebrsa Vera Grabocka studentja e tij.<\/p>\n\n\n\n<p><em>\u201cN\u00ebse s\u2019do t\u00eb isha em\u00ebruar n\u00eb Tiran\u00eb, se mund t\u00eb ndodhte q\u00eb t\u00eb em\u00ebrohesha n\u00eb Vlor\u00eb, nuk do ta kisha njohur k\u00ebt\u00eb vajz\u00eb t\u00eb re, apo zonj\u00eb sot. Se e njoha e bankat e shkoll\u00ebs, ishte studentja ime\u201d,<\/em>&nbsp;rr\u00ebfeu aktori, i ftuar n\u00eb emisionin \u201cOpinion\u201d.<\/p>\n\n\n\n<p>Ai tregon se bashk\u00ebshortja e tij ishte e ve\u00e7ant\u00eb, edhe n\u00eb at\u00eb koh\u00eb, n\u00eb sjellje, energji dhe biseda.<\/p>\n\n\n\n<p><em>\u201cVera ishte dashuri q\u00eb aty ngeca, sepse un\u00eb besoj q\u00eb nuk kam qen\u00eb djal\u00eb jo simpatik\u2026\u201d,<\/em>&nbsp;u shpreh Timo Flloko, duke shtuar se t\u00ebrheqja mes tyre ishte e dyanshme.<\/p>\n\n\n\n<p><em>\u201cNdonj\u00ebher\u00eb m\u00eb dukej m\u00eb shp\u00ebrfill\u00ebse Vera, sesa un\u00eb. Ngeca. Dhe sa mir\u00eb, sepse n\u00eb jet\u00eb njeriu ka nevoj\u00eb p\u00ebr nj\u00eb mb\u00ebshtetje. Vera ka qen\u00eb mb\u00ebshtetje si\u00e7 mb\u00ebshtetet nj\u00eb trup tek nj\u00eb lis kur \u00ebsht\u00eb i lodhur, ashtu jam mb\u00ebshtetur gjith\u00eb jet\u00ebn\u201d,<\/em>&nbsp;thekson aktori.<\/p>\n\n\n\n<p>Ai rr\u00ebfeu se Vera \u00ebsht\u00eb kritikja e tij, e cila nuk gabon kurr\u00eb dhe gjithmon\u00eb ka t\u00eb drejt\u00eb, duke shtuar se&nbsp;ka prirjen q\u00eb t\u00eb t\u00eb \u00e7oj\u00eb aty ku duhet.<\/p>\n\n\n\n<p><em>\u201cPR i saj n\u00eb t\u00eb folur \u00ebsht\u00eb, n\u00eb t\u00eb folur nuk ia del, n\u00eb t\u00eb shkruar mund t\u2019ia kaloj\u201d<\/em>, tregon Timo Flloko.<\/p>\n\n\n\n<p><strong>Pjes\u00eb nga intervista:&nbsp;<\/strong><\/p>\n\n\n\n<p><strong>Blendi Fevziu:<\/strong>&nbsp;Si u njohe me Ver\u00ebn?<\/p>\n\n\n\n<p><strong>Timo Flloko:<\/strong>&nbsp;Fati\u2026 Ishim fare t\u00eb rinj, un\u00eb e njoha n\u00eb shkoll\u00eb. Rast\u00ebsia. Kjo duhet kuptuar q\u00eb n\u00ebse un\u00eb nuk do t\u00eb isha em\u00ebruar n\u00eb Tiran\u00eb, se mund t\u00eb ndodhte q\u00eb t\u00eb em\u00ebrohesha n\u00eb Vlor\u00eb, nuk do ta kisha njohur k\u00ebt\u00eb vajz\u00eb t\u00eb re, apo zonj\u00eb sot. Se e njoha e bankat e shkoll\u00ebs, ishte studentja ime. Ishte e ve\u00e7ant\u00eb edhe n\u00eb at\u00eb koh\u00eb.<\/p>\n\n\n\n<p><strong>Blendi Fevziu:<\/strong>&nbsp;E ve\u00e7ant\u00eb n\u00eb \u00e7far\u00eb kuptimi?<\/p>\n\n\n\n<p><strong>Timo Flloko:<\/strong>&nbsp;E ve\u00e7ant\u00eb n\u00eb dinamik\u00eb, n\u00eb sjellje, n\u00eb energji, n\u00eb natyr\u00eb, n\u00eb biseda.<\/p>\n\n\n\n<p><strong>Blendi Fevziu:<\/strong>&nbsp;Un\u00eb i kam th\u00ebn\u00eb nj\u00ebher\u00eb q\u00eb me energjin\u00eb q\u00eb ka mund t\u00eb konkurronte 3 hidrocentralet q\u00eb ka Shqip\u00ebria bashk\u00eb. Realisht. Po t\u00eb ishte mund\u00ebsi t\u00eb tre hidrocentralet e m\u00ebdhenj q\u00eb kemi..<\/p>\n\n\n\n<p><strong>Timo Flloko:<\/strong>&nbsp;Si\u00e7 thot\u00eb dhe dh\u00ebndri im, n\u00ebse nuk do t\u00eb ishte shpikur motori i Ferrarit, do ishte Vera. Vera ishte dashuri q\u00eb aty ngeca, sepse un\u00eb besoj q\u00eb nuk kam qen\u00eb djal\u00eb jo simpatik\u2026<\/p>\n\n\n\n<p><strong>Blendi Fevziu:<\/strong>&nbsp;Ngece, apo s\u2019t\u00eb l\u00ebshoi Vera?<\/p>\n\n\n\n<p><strong>Timo Flloko:<\/strong>&nbsp;Jo, ishte e dyanshme t\u00ebrheqja. Biles do t\u00eb thoja q\u00eb ndonj\u00ebher\u00eb m\u00eb dukej m\u00eb shp\u00ebrfill\u00ebse Vera, sesa un\u00eb. Ngeca. Dhe sa mir\u00eb, sepse n\u00eb jet\u00eb njeriu ka nevoj\u00eb p\u00ebr nj\u00eb mb\u00ebshtetje. Vera ka qen\u00eb mb\u00ebshtetje si\u00e7 mb\u00ebshtetet nj\u00eb trup tek nj\u00eb lis kur \u00ebsht\u00eb i lodhur, ashtu jam mb\u00ebshtetur gjith\u00eb jet\u00ebn.<\/p>\n","protected":false},"excerpt":{"rendered":"<p>Aktori i njohur Timo Flloko ka rr\u00ebfyer se si \u00ebsht\u00eb njohur me bashk\u00ebshorten e tij, producenten dhe regjisoren, Vera Grabocka. \u201cRast\u00ebsia\u201d,&nbsp;tregoi ai, teksa rr\u00ebfeu se ishin fare t\u00eb rinj kur fati i b\u00ebri s\u00eb bashku n\u00eb nj\u00eb shkoll\u00eb. Timo Flloko ishte profesori, nd\u00ebrsa Vera Grabocka studentja e tij. \u201cN\u00ebse s\u2019do t\u00eb isha em\u00ebruar n\u00eb Tiran\u00eb, [&hellip;]<\/p>\n","protected":false},"author":2,"featured_media":40572,"comment_status":"open","ping_status":"open","sticky":false,"template":"","format":"standard","meta":{"footnotes":""},"categories":[33],"tags":[],"class_list":{"0":"post-40571","1":"post","2":"type-post","3":"status-publish","4":"format-standard","5":"has-post-thumbnail","7":"category-showbiz"},"yoast_head":"<!-- This site is optimized with the Yoast SEO plugin v27.5 - https:\/\/yoast.com\/product\/yoast-seo-wordpress\/ -->\n<title>\u201cE njoha n\u00eb bankat e shkoll\u00ebs\u201d- Ra n\u00eb dashuri me studenten e tij, Timo Flloko rr\u00ebfen si rast\u00ebsia e b\u00ebri bashk\u00eb me Vera Grabock\u00ebn - blogin.al<\/title>\n<meta name=\"robots\" content=\"index, follow, max-snippet:-1, max-image-preview:large, max-video-preview:-1\" \/>\n<link rel=\"canonical\" href=\"https:\/\/blogin.al\/?p=40571\" \/>\n<meta property=\"og:locale\" content=\"en_US\" \/>\n<meta property=\"og:type\" content=\"article\" \/>\n<meta property=\"og:title\" content=\"\u201cE njoha n\u00eb bankat e shkoll\u00ebs\u201d- Ra n\u00eb dashuri me studenten e tij, Timo Flloko rr\u00ebfen si rast\u00ebsia e b\u00ebri bashk\u00eb me Vera Grabock\u00ebn - blogin.al\" \/>\n<meta property=\"og:description\" content=\"Aktori i njohur Timo Flloko ka rr\u00ebfyer se si \u00ebsht\u00eb njohur me bashk\u00ebshorten e tij, producenten dhe regjisoren, Vera Grabocka. \u201cRast\u00ebsia\u201d,&nbsp;tregoi ai, teksa rr\u00ebfeu se ishin fare t\u00eb rinj kur fati i b\u00ebri s\u00eb bashku n\u00eb nj\u00eb shkoll\u00eb. Timo Flloko ishte profesori, nd\u00ebrsa Vera Grabocka studentja e tij. \u201cN\u00ebse s\u2019do t\u00eb isha em\u00ebruar n\u00eb Tiran\u00eb, [&hellip;]\" \/>\n<meta property=\"og:url\" content=\"https:\/\/blogin.al\/?p=40571\" \/>\n<meta property=\"og:site_name\" content=\"blogin.al\" \/>\n<meta property=\"article:published_time\" content=\"2023-11-28T12:35:23+00:00\" \/>\n<meta property=\"article:modified_time\" content=\"2023-11-28T12:35:25+00:00\" \/>\n<meta property=\"og:image\" content=\"https:\/\/blogin.al\/wp-content\/uploads\/2023\/11\/image-165.png\" \/>\n\t<meta property=\"og:image:width\" content=\"1242\" \/>\n\t<meta property=\"og:image:height\" content=\"865\" \/>\n\t<meta property=\"og:image:type\" content=\"image\/png\" \/>\n<meta name=\"author\" content=\"Blogin al\" \/>\n<meta name=\"twitter:card\" content=\"summary_large_image\" \/>\n<meta name=\"twitter:label1\" content=\"Written by\" \/>\n\t<meta name=\"twitter:data1\" content=\"Blogin al\" \/>\n\t<meta name=\"twitter:label2\" content=\"Est. reading time\" \/>\n\t<meta name=\"twitter:data2\" content=\"3 minutes\" \/>\n<script type=\"application\/ld+json\" class=\"yoast-schema-graph\">{\"@context\":\"https:\\\/\\\/schema.org\",\"@graph\":[{\"@type\":\"Article\",\"@id\":\"https:\\\/\\\/blogin.al\\\/?p=40571#article\",\"isPartOf\":{\"@id\":\"https:\\\/\\\/blogin.al\\\/?p=40571\"},\"author\":{\"name\":\"Blogin al\",\"@id\":\"https:\\\/\\\/blogin.al\\\/#\\\/schema\\\/person\\\/abdd56bc912cd511db877b852b115399\"},\"headline\":\"\u201cE njoha n\u00eb bankat e shkoll\u00ebs\u201d- Ra n\u00eb dashuri me studenten e tij, Timo Flloko rr\u00ebfen si rast\u00ebsia e b\u00ebri bashk\u00eb me Vera Grabock\u00ebn\",\"datePublished\":\"2023-11-28T12:35:23+00:00\",\"dateModified\":\"2023-11-28T12:35:25+00:00\",\"mainEntityOfPage\":{\"@id\":\"https:\\\/\\\/blogin.al\\\/?p=40571\"},\"wordCount\":558,\"commentCount\":0,\"publisher\":{\"@id\":\"https:\\\/\\\/blogin.al\\\/#organization\"},\"image\":{\"@id\":\"https:\\\/\\\/blogin.al\\\/?p=40571#primaryimage\"},\"thumbnailUrl\":\"https:\\\/\\\/blogin.al\\\/wp-content\\\/uploads\\\/2023\\\/11\\\/image-165.png\",\"articleSection\":[\"SHOWBIZ\"],\"inLanguage\":\"en-US\",\"potentialAction\":[{\"@type\":\"CommentAction\",\"name\":\"Comment\",\"target\":[\"https:\\\/\\\/blogin.al\\\/?p=40571#respond\"]}]},{\"@type\":\"WebPage\",\"@id\":\"https:\\\/\\\/blogin.al\\\/?p=40571\",\"url\":\"https:\\\/\\\/blogin.al\\\/?p=40571\",\"name\":\"\u201cE njoha n\u00eb bankat e shkoll\u00ebs\u201d- Ra n\u00eb dashuri me studenten e tij, Timo Flloko rr\u00ebfen si rast\u00ebsia e b\u00ebri bashk\u00eb me Vera Grabock\u00ebn - blogin.al\",\"isPartOf\":{\"@id\":\"https:\\\/\\\/blogin.al\\\/#website\"},\"primaryImageOfPage\":{\"@id\":\"https:\\\/\\\/blogin.al\\\/?p=40571#primaryimage\"},\"image\":{\"@id\":\"https:\\\/\\\/blogin.al\\\/?p=40571#primaryimage\"},\"thumbnailUrl\":\"https:\\\/\\\/blogin.al\\\/wp-content\\\/uploads\\\/2023\\\/11\\\/image-165.png\",\"datePublished\":\"2023-11-28T12:35:23+00:00\",\"dateModified\":\"2023-11-28T12:35:25+00:00\",\"breadcrumb\":{\"@id\":\"https:\\\/\\\/blogin.al\\\/?p=40571#breadcrumb\"},\"inLanguage\":\"en-US\",\"potentialAction\":[{\"@type\":\"ReadAction\",\"target\":[\"https:\\\/\\\/blogin.al\\\/?p=40571\"]}]},{\"@type\":\"ImageObject\",\"inLanguage\":\"en-US\",\"@id\":\"https:\\\/\\\/blogin.al\\\/?p=40571#primaryimage\",\"url\":\"https:\\\/\\\/blogin.al\\\/wp-content\\\/uploads\\\/2023\\\/11\\\/image-165.png\",\"contentUrl\":\"https:\\\/\\\/blogin.al\\\/wp-content\\\/uploads\\\/2023\\\/11\\\/image-165.png\",\"width\":1242,\"height\":865},{\"@type\":\"BreadcrumbList\",\"@id\":\"https:\\\/\\\/blogin.al\\\/?p=40571#breadcrumb\",\"itemListElement\":[{\"@type\":\"ListItem\",\"position\":1,\"name\":\"Home\",\"item\":\"https:\\\/\\\/blogin.al\\\/\"},{\"@type\":\"ListItem\",\"position\":2,\"name\":\"\u201cE njoha n\u00eb bankat e shkoll\u00ebs\u201d- Ra n\u00eb dashuri me studenten e tij, Timo Flloko rr\u00ebfen si rast\u00ebsia e b\u00ebri bashk\u00eb me Vera Grabock\u00ebn\"}]},{\"@type\":\"WebSite\",\"@id\":\"https:\\\/\\\/blogin.al\\\/#website\",\"url\":\"https:\\\/\\\/blogin.al\\\/\",\"name\":\"blogin.al\",\"description\":\"\",\"publisher\":{\"@id\":\"https:\\\/\\\/blogin.al\\\/#organization\"},\"potentialAction\":[{\"@type\":\"SearchAction\",\"target\":{\"@type\":\"EntryPoint\",\"urlTemplate\":\"https:\\\/\\\/blogin.al\\\/?s={search_term_string}\"},\"query-input\":{\"@type\":\"PropertyValueSpecification\",\"valueRequired\":true,\"valueName\":\"search_term_string\"}}],\"inLanguage\":\"en-US\"},{\"@type\":\"Organization\",\"@id\":\"https:\\\/\\\/blogin.al\\\/#organization\",\"name\":\"BLOGIN.al\",\"url\":\"https:\\\/\\\/blogin.al\\\/\",\"logo\":{\"@type\":\"ImageObject\",\"inLanguage\":\"en-US\",\"@id\":\"https:\\\/\\\/blogin.al\\\/#\\\/schema\\\/logo\\\/image\\\/\",\"url\":\"https:\\\/\\\/blogin.al\\\/wp-content\\\/uploads\\\/2022\\\/05\\\/Untitled-2-01-e1652084456514.png\",\"contentUrl\":\"https:\\\/\\\/blogin.al\\\/wp-content\\\/uploads\\\/2022\\\/05\\\/Untitled-2-01-e1652084456514.png\",\"width\":3723,\"height\":1698,\"caption\":\"BLOGIN.al\"},\"image\":{\"@id\":\"https:\\\/\\\/blogin.al\\\/#\\\/schema\\\/logo\\\/image\\\/\"},\"sameAs\":[\"https:\\\/\\\/instagram.com\\\/blogin.al\\\/\"]},{\"@type\":\"Person\",\"@id\":\"https:\\\/\\\/blogin.al\\\/#\\\/schema\\\/person\\\/abdd56bc912cd511db877b852b115399\",\"name\":\"Blogin al\",\"image\":{\"@type\":\"ImageObject\",\"inLanguage\":\"en-US\",\"@id\":\"https:\\\/\\\/secure.gravatar.com\\\/avatar\\\/60d5661aee6e835fb13dc75d2204cd0c1d61bef2efd137c0083e59ef831e235e?s=96&d=mm&r=g\",\"url\":\"https:\\\/\\\/secure.gravatar.com\\\/avatar\\\/60d5661aee6e835fb13dc75d2204cd0c1d61bef2efd137c0083e59ef831e235e?s=96&d=mm&r=g\",\"contentUrl\":\"https:\\\/\\\/secure.gravatar.com\\\/avatar\\\/60d5661aee6e835fb13dc75d2204cd0c1d61bef2efd137c0083e59ef831e235e?s=96&d=mm&r=g\",\"caption\":\"Blogin al\"},\"sameAs\":[\"https:\\\/\\\/blogin.al\"],\"url\":\"https:\\\/\\\/blogin.al\\\/?author=2\"}]}<\/script>\n<!-- \/ Yoast SEO plugin. -->","yoast_head_json":{"title":"\u201cE njoha n\u00eb bankat e shkoll\u00ebs\u201d- Ra n\u00eb dashuri me studenten e tij, Timo Flloko rr\u00ebfen si rast\u00ebsia e b\u00ebri bashk\u00eb me Vera Grabock\u00ebn - blogin.al","robots":{"index":"index","follow":"follow","max-snippet":"max-snippet:-1","max-image-preview":"max-image-preview:large","max-video-preview":"max-video-preview:-1"},"canonical":"https:\/\/blogin.al\/?p=40571","og_locale":"en_US","og_type":"article","og_title":"\u201cE njoha n\u00eb bankat e shkoll\u00ebs\u201d- Ra n\u00eb dashuri me studenten e tij, Timo Flloko rr\u00ebfen si rast\u00ebsia e b\u00ebri bashk\u00eb me Vera Grabock\u00ebn - blogin.al","og_description":"Aktori i njohur Timo Flloko ka rr\u00ebfyer se si \u00ebsht\u00eb njohur me bashk\u00ebshorten e tij, producenten dhe regjisoren, Vera Grabocka. \u201cRast\u00ebsia\u201d,&nbsp;tregoi ai, teksa rr\u00ebfeu se ishin fare t\u00eb rinj kur fati i b\u00ebri s\u00eb bashku n\u00eb nj\u00eb shkoll\u00eb. Timo Flloko ishte profesori, nd\u00ebrsa Vera Grabocka studentja e tij. \u201cN\u00ebse s\u2019do t\u00eb isha em\u00ebruar n\u00eb Tiran\u00eb, [&hellip;]","og_url":"https:\/\/blogin.al\/?p=40571","og_site_name":"blogin.al","article_published_time":"2023-11-28T12:35:23+00:00","article_modified_time":"2023-11-28T12:35:25+00:00","og_image":[{"width":1242,"height":865,"url":"https:\/\/blogin.al\/wp-content\/uploads\/2023\/11\/image-165.png","type":"image\/png"}],"author":"Blogin al","twitter_card":"summary_large_image","twitter_misc":{"Written by":"Blogin al","Est. reading time":"3 minutes"},"schema":{"@context":"https:\/\/schema.org","@graph":[{"@type":"Article","@id":"https:\/\/blogin.al\/?p=40571#article","isPartOf":{"@id":"https:\/\/blogin.al\/?p=40571"},"author":{"name":"Blogin al","@id":"https:\/\/blogin.al\/#\/schema\/person\/abdd56bc912cd511db877b852b115399"},"headline":"\u201cE njoha n\u00eb bankat e shkoll\u00ebs\u201d- Ra n\u00eb dashuri me studenten e tij, Timo Flloko rr\u00ebfen si rast\u00ebsia e b\u00ebri bashk\u00eb me Vera Grabock\u00ebn","datePublished":"2023-11-28T12:35:23+00:00","dateModified":"2023-11-28T12:35:25+00:00","mainEntityOfPage":{"@id":"https:\/\/blogin.al\/?p=40571"},"wordCount":558,"commentCount":0,"publisher":{"@id":"https:\/\/blogin.al\/#organization"},"image":{"@id":"https:\/\/blogin.al\/?p=40571#primaryimage"},"thumbnailUrl":"https:\/\/blogin.al\/wp-content\/uploads\/2023\/11\/image-165.png","articleSection":["SHOWBIZ"],"inLanguage":"en-US","potentialAction":[{"@type":"CommentAction","name":"Comment","target":["https:\/\/blogin.al\/?p=40571#respond"]}]},{"@type":"WebPage","@id":"https:\/\/blogin.al\/?p=40571","url":"https:\/\/blogin.al\/?p=40571","name":"\u201cE njoha n\u00eb bankat e shkoll\u00ebs\u201d- Ra n\u00eb dashuri me studenten e tij, Timo Flloko rr\u00ebfen si rast\u00ebsia e b\u00ebri bashk\u00eb me Vera Grabock\u00ebn - blogin.al","isPartOf":{"@id":"https:\/\/blogin.al\/#website"},"primaryImageOfPage":{"@id":"https:\/\/blogin.al\/?p=40571#primaryimage"},"image":{"@id":"https:\/\/blogin.al\/?p=40571#primaryimage"},"thumbnailUrl":"https:\/\/blogin.al\/wp-content\/uploads\/2023\/11\/image-165.png","datePublished":"2023-11-28T12:35:23+00:00","dateModified":"2023-11-28T12:35:25+00:00","breadcrumb":{"@id":"https:\/\/blogin.al\/?p=40571#breadcrumb"},"inLanguage":"en-US","potentialAction":[{"@type":"ReadAction","target":["https:\/\/blogin.al\/?p=40571"]}]},{"@type":"ImageObject","inLanguage":"en-US","@id":"https:\/\/blogin.al\/?p=40571#primaryimage","url":"https:\/\/blogin.al\/wp-content\/uploads\/2023\/11\/image-165.png","contentUrl":"https:\/\/blogin.al\/wp-content\/uploads\/2023\/11\/image-165.png","width":1242,"height":865},{"@type":"BreadcrumbList","@id":"https:\/\/blogin.al\/?p=40571#breadcrumb","itemListElement":[{"@type":"ListItem","position":1,"name":"Home","item":"https:\/\/blogin.al\/"},{"@type":"ListItem","position":2,"name":"\u201cE njoha n\u00eb bankat e shkoll\u00ebs\u201d- Ra n\u00eb dashuri me studenten e tij, Timo Flloko rr\u00ebfen si rast\u00ebsia e b\u00ebri bashk\u00eb me Vera Grabock\u00ebn"}]},{"@type":"WebSite","@id":"https:\/\/blogin.al\/#website","url":"https:\/\/blogin.al\/","name":"blogin.al","description":"","publisher":{"@id":"https:\/\/blogin.al\/#organization"},"potentialAction":[{"@type":"SearchAction","target":{"@type":"EntryPoint","urlTemplate":"https:\/\/blogin.al\/?s={search_term_string}"},"query-input":{"@type":"PropertyValueSpecification","valueRequired":true,"valueName":"search_term_string"}}],"inLanguage":"en-US"},{"@type":"Organization","@id":"https:\/\/blogin.al\/#organization","name":"BLOGIN.al","url":"https:\/\/blogin.al\/","logo":{"@type":"ImageObject","inLanguage":"en-US","@id":"https:\/\/blogin.al\/#\/schema\/logo\/image\/","url":"https:\/\/blogin.al\/wp-content\/uploads\/2022\/05\/Untitled-2-01-e1652084456514.png","contentUrl":"https:\/\/blogin.al\/wp-content\/uploads\/2022\/05\/Untitled-2-01-e1652084456514.png","width":3723,"height":1698,"caption":"BLOGIN.al"},"image":{"@id":"https:\/\/blogin.al\/#\/schema\/logo\/image\/"},"sameAs":["https:\/\/instagram.com\/blogin.al\/"]},{"@type":"Person","@id":"https:\/\/blogin.al\/#\/schema\/person\/abdd56bc912cd511db877b852b115399","name":"Blogin al","image":{"@type":"ImageObject","inLanguage":"en-US","@id":"https:\/\/secure.gravatar.com\/avatar\/60d5661aee6e835fb13dc75d2204cd0c1d61bef2efd137c0083e59ef831e235e?s=96&d=mm&r=g","url":"https:\/\/secure.gravatar.com\/avatar\/60d5661aee6e835fb13dc75d2204cd0c1d61bef2efd137c0083e59ef831e235e?s=96&d=mm&r=g","contentUrl":"https:\/\/secure.gravatar.com\/avatar\/60d5661aee6e835fb13dc75d2204cd0c1d61bef2efd137c0083e59ef831e235e?s=96&d=mm&r=g","caption":"Blogin al"},"sameAs":["https:\/\/blogin.al"],"url":"https:\/\/blogin.al\/?author=2"}]}},"_links":{"self":[{"href":"https:\/\/blogin.al\/index.php?rest_route=\/wp\/v2\/posts\/40571","targetHints":{"allow":["GET"]}}],"collection":[{"href":"https:\/\/blogin.al\/index.php?rest_route=\/wp\/v2\/posts"}],"about":[{"href":"https:\/\/blogin.al\/index.php?rest_route=\/wp\/v2\/types\/post"}],"author":[{"embeddable":true,"href":"https:\/\/blogin.al\/index.php?rest_route=\/wp\/v2\/users\/2"}],"replies":[{"embeddable":true,"href":"https:\/\/blogin.al\/index.php?rest_route=%2Fwp%2Fv2%2Fcomments&post=40571"}],"version-history":[{"count":1,"href":"https:\/\/blogin.al\/index.php?rest_route=\/wp\/v2\/posts\/40571\/revisions"}],"predecessor-version":[{"id":40573,"href":"https:\/\/blogin.al\/index.php?rest_route=\/wp\/v2\/posts\/40571\/revisions\/40573"}],"wp:featuredmedia":[{"embeddable":true,"href":"https:\/\/blogin.al\/index.php?rest_route=\/wp\/v2\/media\/40572"}],"wp:attachment":[{"href":"https:\/\/blogin.al\/index.php?rest_route=%2Fwp%2Fv2%2Fmedia&parent=40571"}],"wp:term":[{"taxonomy":"category","embeddable":true,"href":"https:\/\/blogin.al\/index.php?rest_route=%2Fwp%2Fv2%2Fcategories&post=40571"},{"taxonomy":"post_tag","embeddable":true,"href":"https:\/\/blogin.al\/index.php?rest_route=%2Fwp%2Fv2%2Ftags&post=40571"}],"curies":[{"name":"wp","href":"https:\/\/api.w.org\/{rel}","templated":true}]}}