{"id":40609,"date":"2023-11-29T12:28:03","date_gmt":"2023-11-29T12:28:03","guid":{"rendered":"https:\/\/blogin.al\/?p=40609"},"modified":"2023-11-29T12:28:05","modified_gmt":"2023-11-29T12:28:05","slug":"problemet-me-ligjin-nuk-kane-te-mbaruar-per-shakiren-ja-per-cfare-akuzohet-kengetarja-kete-here","status":"publish","type":"post","link":"https:\/\/blogin.al\/?p=40609","title":{"rendered":"Problemet me ligjin nuk kan\u00eb t\u00eb mbaruar p\u00ebr Shakir\u00ebn, ja p\u00ebr \u00e7far\u00eb akuzohet k\u00ebng\u00ebtarja k\u00ebt\u00eb her\u00eb"},"content":{"rendered":"\n<p>K\u00ebng\u00ebtarja e njohur kolumbiane, Shakira thuhet se do t\u00eb paguaj\u00eb miliona, pasi Spanja ka hapur nj\u00eb hetim p\u00ebr artisten.<\/p>\n\n\n\n<p>Sipas gazet\u00ebs spanjolle \u201cEl Periodico\u201d, \u00ebsht\u00eb ngritur nj\u00eb akuz\u00eb ndaj k\u00ebng\u00ebtares p\u00ebr mashtrim tatimor n\u00eb vitin 2018.<\/p>\n\n\n\n<p>Artistja tani po hetohet p\u00ebr k\u00ebt\u00eb akuz\u00eb q\u00eb \u00ebsht\u00eb krejt\u00ebsisht e ndryshme nga ai q\u00eb u trajtua vet\u00ebm disa dit\u00eb m\u00eb par\u00eb, e cila pagoi mbi 25 milion\u00eb euro p\u00ebr t\u00eb marr\u00eb nj\u00eb d\u00ebnim t\u00eb leht\u00eb mes akuzave p\u00ebr tatime t\u00eb pashlyera midis 2012-2014.<\/p>\n\n\n\n<p>Thuhet se Shakira i ka paguar gjykat\u00ebs shtat\u00eb milion\u00eb euro p\u00ebr t\u00eb ndalur k\u00ebt\u00eb hetim t\u00eb ri, edhe pse \u00ebsht\u00eb e paqart\u00eb n\u00ebse kjo \u00ebsht\u00eb vet\u00ebm nj\u00eb lidhje, n\u00eb far\u00eb m\u00ebnyre, ajo \u00ebsht\u00eb duke i falur p\u00ebr t\u00eb q\u00ebndruar jasht\u00eb telasheve ose n\u00ebse \u00ebsht\u00eb e drejt\u00eb.<\/p>\n\n\n\n<p>Sipas \u201cEl Periodico\u201d, pagesa e fundit me para n\u00eb dor\u00eb \u00ebsht\u00eb nj\u00eb gjest nga Shakira p\u00ebr t\u00eb zbutur m\u00eb shum\u00eb \u00e7\u00ebshtjen.<\/p>\n\n\n\n<p>Megjitht\u00eb akoma nuk dihet se \u00e7far\u00eb do t\u00eb ndodh\u00eb me Shakir\u00eb, n\u00ebse ajo do t\u00eb shpallet e pafajshme apo jo.<\/p>\n","protected":false},"excerpt":{"rendered":"<p>K\u00ebng\u00ebtarja e njohur kolumbiane, Shakira thuhet se do t\u00eb paguaj\u00eb miliona, pasi Spanja ka hapur nj\u00eb hetim p\u00ebr artisten. Sipas gazet\u00ebs spanjolle \u201cEl Periodico\u201d, \u00ebsht\u00eb ngritur nj\u00eb akuz\u00eb ndaj k\u00ebng\u00ebtares p\u00ebr mashtrim tatimor n\u00eb vitin 2018. Artistja tani po hetohet p\u00ebr k\u00ebt\u00eb akuz\u00eb q\u00eb \u00ebsht\u00eb krejt\u00ebsisht e ndryshme nga ai q\u00eb u trajtua vet\u00ebm disa [&hellip;]<\/p>\n","protected":false},"author":2,"featured_media":34643,"comment_status":"open","ping_status":"open","sticky":false,"template":"","format":"standard","meta":{"footnotes":""},"categories":[33],"tags":[],"class_list":{"0":"post-40609","1":"post","2":"type-post","3":"status-publish","4":"format-standard","5":"has-post-thumbnail","7":"category-showbiz"},"yoast_head":"<!-- This site is optimized with the Yoast SEO plugin v27.5 - https:\/\/yoast.com\/product\/yoast-seo-wordpress\/ -->\n<title>Problemet me ligjin nuk kan\u00eb t\u00eb mbaruar p\u00ebr Shakir\u00ebn, ja p\u00ebr \u00e7far\u00eb akuzohet k\u00ebng\u00ebtarja k\u00ebt\u00eb her\u00eb - blogin.al<\/title>\n<meta name=\"robots\" content=\"index, follow, max-snippet:-1, max-image-preview:large, max-video-preview:-1\" \/>\n<link rel=\"canonical\" href=\"https:\/\/blogin.al\/?p=40609\" \/>\n<meta property=\"og:locale\" content=\"en_US\" \/>\n<meta property=\"og:type\" content=\"article\" \/>\n<meta property=\"og:title\" content=\"Problemet me ligjin nuk kan\u00eb t\u00eb mbaruar p\u00ebr Shakir\u00ebn, ja p\u00ebr \u00e7far\u00eb akuzohet k\u00ebng\u00ebtarja k\u00ebt\u00eb her\u00eb - blogin.al\" \/>\n<meta property=\"og:description\" content=\"K\u00ebng\u00ebtarja e njohur kolumbiane, Shakira thuhet se do t\u00eb paguaj\u00eb miliona, pasi Spanja ka hapur nj\u00eb hetim p\u00ebr artisten. Sipas gazet\u00ebs spanjolle \u201cEl Periodico\u201d, \u00ebsht\u00eb ngritur nj\u00eb akuz\u00eb ndaj k\u00ebng\u00ebtares p\u00ebr mashtrim tatimor n\u00eb vitin 2018. Artistja tani po hetohet p\u00ebr k\u00ebt\u00eb akuz\u00eb q\u00eb \u00ebsht\u00eb krejt\u00ebsisht e ndryshme nga ai q\u00eb u trajtua vet\u00ebm disa [&hellip;]\" \/>\n<meta property=\"og:url\" content=\"https:\/\/blogin.al\/?p=40609\" \/>\n<meta property=\"og:site_name\" content=\"blogin.al\" \/>\n<meta property=\"article:published_time\" content=\"2023-11-29T12:28:03+00:00\" \/>\n<meta property=\"article:modified_time\" content=\"2023-11-29T12:28:05+00:00\" \/>\n<meta property=\"og:image\" content=\"https:\/\/blogin.al\/wp-content\/uploads\/2023\/07\/230720091024-shakira-0706-restricted.jpg\" \/>\n\t<meta property=\"og:image:width\" content=\"1280\" \/>\n\t<meta property=\"og:image:height\" content=\"720\" \/>\n\t<meta property=\"og:image:type\" content=\"image\/jpeg\" \/>\n<meta name=\"author\" content=\"Blogin al\" \/>\n<meta name=\"twitter:card\" content=\"summary_large_image\" \/>\n<meta name=\"twitter:label1\" content=\"Written by\" \/>\n\t<meta name=\"twitter:data1\" content=\"Blogin al\" \/>\n\t<meta name=\"twitter:label2\" content=\"Est. reading time\" \/>\n\t<meta name=\"twitter:data2\" content=\"1 minute\" \/>\n<script type=\"application\/ld+json\" class=\"yoast-schema-graph\">{\"@context\":\"https:\\\/\\\/schema.org\",\"@graph\":[{\"@type\":\"Article\",\"@id\":\"https:\\\/\\\/blogin.al\\\/?p=40609#article\",\"isPartOf\":{\"@id\":\"https:\\\/\\\/blogin.al\\\/?p=40609\"},\"author\":{\"name\":\"Blogin al\",\"@id\":\"https:\\\/\\\/blogin.al\\\/#\\\/schema\\\/person\\\/abdd56bc912cd511db877b852b115399\"},\"headline\":\"Problemet me ligjin nuk kan\u00eb t\u00eb mbaruar p\u00ebr Shakir\u00ebn, ja p\u00ebr \u00e7far\u00eb akuzohet k\u00ebng\u00ebtarja k\u00ebt\u00eb her\u00eb\",\"datePublished\":\"2023-11-29T12:28:03+00:00\",\"dateModified\":\"2023-11-29T12:28:05+00:00\",\"mainEntityOfPage\":{\"@id\":\"https:\\\/\\\/blogin.al\\\/?p=40609\"},\"wordCount\":212,\"commentCount\":0,\"publisher\":{\"@id\":\"https:\\\/\\\/blogin.al\\\/#organization\"},\"image\":{\"@id\":\"https:\\\/\\\/blogin.al\\\/?p=40609#primaryimage\"},\"thumbnailUrl\":\"https:\\\/\\\/blogin.al\\\/wp-content\\\/uploads\\\/2023\\\/07\\\/230720091024-shakira-0706-restricted.jpg\",\"articleSection\":[\"SHOWBIZ\"],\"inLanguage\":\"en-US\",\"potentialAction\":[{\"@type\":\"CommentAction\",\"name\":\"Comment\",\"target\":[\"https:\\\/\\\/blogin.al\\\/?p=40609#respond\"]}]},{\"@type\":\"WebPage\",\"@id\":\"https:\\\/\\\/blogin.al\\\/?p=40609\",\"url\":\"https:\\\/\\\/blogin.al\\\/?p=40609\",\"name\":\"Problemet me ligjin nuk kan\u00eb t\u00eb mbaruar p\u00ebr Shakir\u00ebn, ja p\u00ebr \u00e7far\u00eb akuzohet k\u00ebng\u00ebtarja k\u00ebt\u00eb her\u00eb - blogin.al\",\"isPartOf\":{\"@id\":\"https:\\\/\\\/blogin.al\\\/#website\"},\"primaryImageOfPage\":{\"@id\":\"https:\\\/\\\/blogin.al\\\/?p=40609#primaryimage\"},\"image\":{\"@id\":\"https:\\\/\\\/blogin.al\\\/?p=40609#primaryimage\"},\"thumbnailUrl\":\"https:\\\/\\\/blogin.al\\\/wp-content\\\/uploads\\\/2023\\\/07\\\/230720091024-shakira-0706-restricted.jpg\",\"datePublished\":\"2023-11-29T12:28:03+00:00\",\"dateModified\":\"2023-11-29T12:28:05+00:00\",\"breadcrumb\":{\"@id\":\"https:\\\/\\\/blogin.al\\\/?p=40609#breadcrumb\"},\"inLanguage\":\"en-US\",\"potentialAction\":[{\"@type\":\"ReadAction\",\"target\":[\"https:\\\/\\\/blogin.al\\\/?p=40609\"]}]},{\"@type\":\"ImageObject\",\"inLanguage\":\"en-US\",\"@id\":\"https:\\\/\\\/blogin.al\\\/?p=40609#primaryimage\",\"url\":\"https:\\\/\\\/blogin.al\\\/wp-content\\\/uploads\\\/2023\\\/07\\\/230720091024-shakira-0706-restricted.jpg\",\"contentUrl\":\"https:\\\/\\\/blogin.al\\\/wp-content\\\/uploads\\\/2023\\\/07\\\/230720091024-shakira-0706-restricted.jpg\",\"width\":1280,\"height\":720},{\"@type\":\"BreadcrumbList\",\"@id\":\"https:\\\/\\\/blogin.al\\\/?p=40609#breadcrumb\",\"itemListElement\":[{\"@type\":\"ListItem\",\"position\":1,\"name\":\"Home\",\"item\":\"https:\\\/\\\/blogin.al\\\/\"},{\"@type\":\"ListItem\",\"position\":2,\"name\":\"Problemet me ligjin nuk kan\u00eb t\u00eb mbaruar p\u00ebr Shakir\u00ebn, ja p\u00ebr \u00e7far\u00eb akuzohet k\u00ebng\u00ebtarja k\u00ebt\u00eb her\u00eb\"}]},{\"@type\":\"WebSite\",\"@id\":\"https:\\\/\\\/blogin.al\\\/#website\",\"url\":\"https:\\\/\\\/blogin.al\\\/\",\"name\":\"blogin.al\",\"description\":\"\",\"publisher\":{\"@id\":\"https:\\\/\\\/blogin.al\\\/#organization\"},\"potentialAction\":[{\"@type\":\"SearchAction\",\"target\":{\"@type\":\"EntryPoint\",\"urlTemplate\":\"https:\\\/\\\/blogin.al\\\/?s={search_term_string}\"},\"query-input\":{\"@type\":\"PropertyValueSpecification\",\"valueRequired\":true,\"valueName\":\"search_term_string\"}}],\"inLanguage\":\"en-US\"},{\"@type\":\"Organization\",\"@id\":\"https:\\\/\\\/blogin.al\\\/#organization\",\"name\":\"BLOGIN.al\",\"url\":\"https:\\\/\\\/blogin.al\\\/\",\"logo\":{\"@type\":\"ImageObject\",\"inLanguage\":\"en-US\",\"@id\":\"https:\\\/\\\/blogin.al\\\/#\\\/schema\\\/logo\\\/image\\\/\",\"url\":\"https:\\\/\\\/blogin.al\\\/wp-content\\\/uploads\\\/2022\\\/05\\\/Untitled-2-01-e1652084456514.png\",\"contentUrl\":\"https:\\\/\\\/blogin.al\\\/wp-content\\\/uploads\\\/2022\\\/05\\\/Untitled-2-01-e1652084456514.png\",\"width\":3723,\"height\":1698,\"caption\":\"BLOGIN.al\"},\"image\":{\"@id\":\"https:\\\/\\\/blogin.al\\\/#\\\/schema\\\/logo\\\/image\\\/\"},\"sameAs\":[\"https:\\\/\\\/instagram.com\\\/blogin.al\\\/\"]},{\"@type\":\"Person\",\"@id\":\"https:\\\/\\\/blogin.al\\\/#\\\/schema\\\/person\\\/abdd56bc912cd511db877b852b115399\",\"name\":\"Blogin al\",\"image\":{\"@type\":\"ImageObject\",\"inLanguage\":\"en-US\",\"@id\":\"https:\\\/\\\/secure.gravatar.com\\\/avatar\\\/60d5661aee6e835fb13dc75d2204cd0c1d61bef2efd137c0083e59ef831e235e?s=96&d=mm&r=g\",\"url\":\"https:\\\/\\\/secure.gravatar.com\\\/avatar\\\/60d5661aee6e835fb13dc75d2204cd0c1d61bef2efd137c0083e59ef831e235e?s=96&d=mm&r=g\",\"contentUrl\":\"https:\\\/\\\/secure.gravatar.com\\\/avatar\\\/60d5661aee6e835fb13dc75d2204cd0c1d61bef2efd137c0083e59ef831e235e?s=96&d=mm&r=g\",\"caption\":\"Blogin al\"},\"sameAs\":[\"https:\\\/\\\/blogin.al\"],\"url\":\"https:\\\/\\\/blogin.al\\\/?author=2\"}]}<\/script>\n<!-- \/ Yoast SEO plugin. -->","yoast_head_json":{"title":"Problemet me ligjin nuk kan\u00eb t\u00eb mbaruar p\u00ebr Shakir\u00ebn, ja p\u00ebr \u00e7far\u00eb akuzohet k\u00ebng\u00ebtarja k\u00ebt\u00eb her\u00eb - blogin.al","robots":{"index":"index","follow":"follow","max-snippet":"max-snippet:-1","max-image-preview":"max-image-preview:large","max-video-preview":"max-video-preview:-1"},"canonical":"https:\/\/blogin.al\/?p=40609","og_locale":"en_US","og_type":"article","og_title":"Problemet me ligjin nuk kan\u00eb t\u00eb mbaruar p\u00ebr Shakir\u00ebn, ja p\u00ebr \u00e7far\u00eb akuzohet k\u00ebng\u00ebtarja k\u00ebt\u00eb her\u00eb - blogin.al","og_description":"K\u00ebng\u00ebtarja e njohur kolumbiane, Shakira thuhet se do t\u00eb paguaj\u00eb miliona, pasi Spanja ka hapur nj\u00eb hetim p\u00ebr artisten. Sipas gazet\u00ebs spanjolle \u201cEl Periodico\u201d, \u00ebsht\u00eb ngritur nj\u00eb akuz\u00eb ndaj k\u00ebng\u00ebtares p\u00ebr mashtrim tatimor n\u00eb vitin 2018. Artistja tani po hetohet p\u00ebr k\u00ebt\u00eb akuz\u00eb q\u00eb \u00ebsht\u00eb krejt\u00ebsisht e ndryshme nga ai q\u00eb u trajtua vet\u00ebm disa [&hellip;]","og_url":"https:\/\/blogin.al\/?p=40609","og_site_name":"blogin.al","article_published_time":"2023-11-29T12:28:03+00:00","article_modified_time":"2023-11-29T12:28:05+00:00","og_image":[{"width":1280,"height":720,"url":"https:\/\/blogin.al\/wp-content\/uploads\/2023\/07\/230720091024-shakira-0706-restricted.jpg","type":"image\/jpeg"}],"author":"Blogin al","twitter_card":"summary_large_image","twitter_misc":{"Written by":"Blogin al","Est. reading time":"1 minute"},"schema":{"@context":"https:\/\/schema.org","@graph":[{"@type":"Article","@id":"https:\/\/blogin.al\/?p=40609#article","isPartOf":{"@id":"https:\/\/blogin.al\/?p=40609"},"author":{"name":"Blogin al","@id":"https:\/\/blogin.al\/#\/schema\/person\/abdd56bc912cd511db877b852b115399"},"headline":"Problemet me ligjin nuk kan\u00eb t\u00eb mbaruar p\u00ebr Shakir\u00ebn, ja p\u00ebr \u00e7far\u00eb akuzohet k\u00ebng\u00ebtarja k\u00ebt\u00eb her\u00eb","datePublished":"2023-11-29T12:28:03+00:00","dateModified":"2023-11-29T12:28:05+00:00","mainEntityOfPage":{"@id":"https:\/\/blogin.al\/?p=40609"},"wordCount":212,"commentCount":0,"publisher":{"@id":"https:\/\/blogin.al\/#organization"},"image":{"@id":"https:\/\/blogin.al\/?p=40609#primaryimage"},"thumbnailUrl":"https:\/\/blogin.al\/wp-content\/uploads\/2023\/07\/230720091024-shakira-0706-restricted.jpg","articleSection":["SHOWBIZ"],"inLanguage":"en-US","potentialAction":[{"@type":"CommentAction","name":"Comment","target":["https:\/\/blogin.al\/?p=40609#respond"]}]},{"@type":"WebPage","@id":"https:\/\/blogin.al\/?p=40609","url":"https:\/\/blogin.al\/?p=40609","name":"Problemet me ligjin nuk kan\u00eb t\u00eb mbaruar p\u00ebr Shakir\u00ebn, ja p\u00ebr \u00e7far\u00eb akuzohet k\u00ebng\u00ebtarja k\u00ebt\u00eb her\u00eb - blogin.al","isPartOf":{"@id":"https:\/\/blogin.al\/#website"},"primaryImageOfPage":{"@id":"https:\/\/blogin.al\/?p=40609#primaryimage"},"image":{"@id":"https:\/\/blogin.al\/?p=40609#primaryimage"},"thumbnailUrl":"https:\/\/blogin.al\/wp-content\/uploads\/2023\/07\/230720091024-shakira-0706-restricted.jpg","datePublished":"2023-11-29T12:28:03+00:00","dateModified":"2023-11-29T12:28:05+00:00","breadcrumb":{"@id":"https:\/\/blogin.al\/?p=40609#breadcrumb"},"inLanguage":"en-US","potentialAction":[{"@type":"ReadAction","target":["https:\/\/blogin.al\/?p=40609"]}]},{"@type":"ImageObject","inLanguage":"en-US","@id":"https:\/\/blogin.al\/?p=40609#primaryimage","url":"https:\/\/blogin.al\/wp-content\/uploads\/2023\/07\/230720091024-shakira-0706-restricted.jpg","contentUrl":"https:\/\/blogin.al\/wp-content\/uploads\/2023\/07\/230720091024-shakira-0706-restricted.jpg","width":1280,"height":720},{"@type":"BreadcrumbList","@id":"https:\/\/blogin.al\/?p=40609#breadcrumb","itemListElement":[{"@type":"ListItem","position":1,"name":"Home","item":"https:\/\/blogin.al\/"},{"@type":"ListItem","position":2,"name":"Problemet me ligjin nuk kan\u00eb t\u00eb mbaruar p\u00ebr Shakir\u00ebn, ja p\u00ebr \u00e7far\u00eb akuzohet k\u00ebng\u00ebtarja k\u00ebt\u00eb her\u00eb"}]},{"@type":"WebSite","@id":"https:\/\/blogin.al\/#website","url":"https:\/\/blogin.al\/","name":"blogin.al","description":"","publisher":{"@id":"https:\/\/blogin.al\/#organization"},"potentialAction":[{"@type":"SearchAction","target":{"@type":"EntryPoint","urlTemplate":"https:\/\/blogin.al\/?s={search_term_string}"},"query-input":{"@type":"PropertyValueSpecification","valueRequired":true,"valueName":"search_term_string"}}],"inLanguage":"en-US"},{"@type":"Organization","@id":"https:\/\/blogin.al\/#organization","name":"BLOGIN.al","url":"https:\/\/blogin.al\/","logo":{"@type":"ImageObject","inLanguage":"en-US","@id":"https:\/\/blogin.al\/#\/schema\/logo\/image\/","url":"https:\/\/blogin.al\/wp-content\/uploads\/2022\/05\/Untitled-2-01-e1652084456514.png","contentUrl":"https:\/\/blogin.al\/wp-content\/uploads\/2022\/05\/Untitled-2-01-e1652084456514.png","width":3723,"height":1698,"caption":"BLOGIN.al"},"image":{"@id":"https:\/\/blogin.al\/#\/schema\/logo\/image\/"},"sameAs":["https:\/\/instagram.com\/blogin.al\/"]},{"@type":"Person","@id":"https:\/\/blogin.al\/#\/schema\/person\/abdd56bc912cd511db877b852b115399","name":"Blogin al","image":{"@type":"ImageObject","inLanguage":"en-US","@id":"https:\/\/secure.gravatar.com\/avatar\/60d5661aee6e835fb13dc75d2204cd0c1d61bef2efd137c0083e59ef831e235e?s=96&d=mm&r=g","url":"https:\/\/secure.gravatar.com\/avatar\/60d5661aee6e835fb13dc75d2204cd0c1d61bef2efd137c0083e59ef831e235e?s=96&d=mm&r=g","contentUrl":"https:\/\/secure.gravatar.com\/avatar\/60d5661aee6e835fb13dc75d2204cd0c1d61bef2efd137c0083e59ef831e235e?s=96&d=mm&r=g","caption":"Blogin al"},"sameAs":["https:\/\/blogin.al"],"url":"https:\/\/blogin.al\/?author=2"}]}},"_links":{"self":[{"href":"https:\/\/blogin.al\/index.php?rest_route=\/wp\/v2\/posts\/40609","targetHints":{"allow":["GET"]}}],"collection":[{"href":"https:\/\/blogin.al\/index.php?rest_route=\/wp\/v2\/posts"}],"about":[{"href":"https:\/\/blogin.al\/index.php?rest_route=\/wp\/v2\/types\/post"}],"author":[{"embeddable":true,"href":"https:\/\/blogin.al\/index.php?rest_route=\/wp\/v2\/users\/2"}],"replies":[{"embeddable":true,"href":"https:\/\/blogin.al\/index.php?rest_route=%2Fwp%2Fv2%2Fcomments&post=40609"}],"version-history":[{"count":1,"href":"https:\/\/blogin.al\/index.php?rest_route=\/wp\/v2\/posts\/40609\/revisions"}],"predecessor-version":[{"id":40610,"href":"https:\/\/blogin.al\/index.php?rest_route=\/wp\/v2\/posts\/40609\/revisions\/40610"}],"wp:featuredmedia":[{"embeddable":true,"href":"https:\/\/blogin.al\/index.php?rest_route=\/wp\/v2\/media\/34643"}],"wp:attachment":[{"href":"https:\/\/blogin.al\/index.php?rest_route=%2Fwp%2Fv2%2Fmedia&parent=40609"}],"wp:term":[{"taxonomy":"category","embeddable":true,"href":"https:\/\/blogin.al\/index.php?rest_route=%2Fwp%2Fv2%2Fcategories&post=40609"},{"taxonomy":"post_tag","embeddable":true,"href":"https:\/\/blogin.al\/index.php?rest_route=%2Fwp%2Fv2%2Ftags&post=40609"}],"curies":[{"name":"wp","href":"https:\/\/api.w.org\/{rel}","templated":true}]}}