{"id":40617,"date":"2023-11-29T15:05:34","date_gmt":"2023-11-29T15:05:34","guid":{"rendered":"https:\/\/blogin.al\/?p=40617"},"modified":"2023-11-29T18:04:34","modified_gmt":"2023-11-29T18:04:34","slug":"truprojat-e-berishes-me-masakruan-ish-banorja-e-bbv-tregon-sherrin-me-ramen","status":"publish","type":"post","link":"https:\/\/blogin.al\/?p=40617","title":{"rendered":"\u201cTruprojat e Berish\u00ebs m\u00eb masakruan\u201d\/ Ish-banorja e BBV tregon sherrin me Ram\u00ebn"},"content":{"rendered":"\n<p>Gazetarja dhe ish-banorja e Big Brother Vip, Rudina Demneri, \u00ebsht\u00eb e njohur p\u00ebr publikun si Paloma dhe p\u00ebr karakteri ne saj t\u00eb fort\u00eb.<\/p>\n\n\n\n<p>S\u00eb fundmi, e ftuar n\u00eb nj\u00eb emision, ajo ka rr\u00ebfyer konfliktet q\u00eb ka pasur n\u00eb t\u00eb kaluar\u00ebn me politikan\u00eb t\u00eb r\u00ebnd\u00ebsish\u00ebm t\u00eb vendit ton\u00eb si ish-kryeministri Sali Berisha dhe kryeministrin aktual Edi Rama.<\/p>\n\n\n\n<p>Paloma ka treguar se nd\u00ebrsa p\u00ebrpiqej t\u00eb merrte nj\u00eb deklarat\u00eb nga Sali Berisha, kryeminist\u00ebr aso kohe, truprojat e tij e kan\u00eb shtyr\u00eb dhe e kan\u00eb hedhur nga shkall\u00ebt.<\/p>\n\n\n\n<blockquote class=\"wp-block-quote is-layout-flow wp-block-quote-is-layout-flow\">\n<p><em>\u201cNe jemi familje demokrat\u00ebsh. Babi im dhe sot e k\u00ebsaj dite t\u00eb mbyt p\u00ebr Berish\u00ebn, k\u00ebshtu q\u00eb e kishin nj\u00eb \u00e7ik\u00eb me merak Sali Berish\u00ebn. Nuk \u00ebsht\u00eb se u bindesha shum\u00eb dhe pyetjeve kur ne e gjurmonim. Mua bodyguard\u00ebt e Sali Berish\u00ebs m\u00eb kan\u00eb masakruar. M\u00eb kan\u00eb hedhur nga 7-8 shkall\u00eb. Mesin e kam akoma fraktur\u00eb, por kan\u00eb kaluar sepse jan\u00eb dhimbje t\u00eb bukura dhe nuk b\u00ebhem pishman\u201d,<\/em>&nbsp;ka treguar ajo.<\/p>\n<\/blockquote>\n\n\n\n<p>Nd\u00ebrsa p\u00ebr sherrin me kryeministrin Edi Rama, aso kohe kandidat p\u00ebr t\u2019u zgjedhur kryebashkiak p\u00ebr her\u00eb t\u00eb dyt\u00eb, Paloma tha se kishte insistuar aq shum\u00eb te pyetja e saj sa ai i kishte th\u00ebn\u00eb se do t\u2019ia k\u00ebpuste kok\u00ebn me s\u00ebpat\u00eb.<\/p>\n\n\n\n<blockquote class=\"wp-block-quote is-layout-flow wp-block-quote-is-layout-flow\">\n<p><em>\u201cE kam th\u00ebn\u00eb me s\u00ebpat\u00ebn e famshme te Myslym Shyri. I nd\u00ebrpreva sho\u00ebn ku po priste shtyll\u00ebn dhe un\u00eb i shkova dhe e pyeta p\u00ebr parqet e f\u00ebmij\u00ebve. Kandidonte p\u00ebr her\u00eb t\u00eb dyt\u00eb si kandidat p\u00ebr kryebashkiak t\u00eb Tiran\u00eb. M\u00eb tha \u2018kush t\u00eb ka sjell\u00eb ty k\u00ebtu mi\u2019. I thash\u00eb un\u00eb p\u00ebr parqet, keni premtuar. \u2018Shko moj budallaqe\u2019 m\u00eb tha. Kujt i thua budallaqe i thash\u00eb. Nuk t\u00eb shaj se dua t\u00eb ruaj formatin. Shaj ai shaj un\u00eb, e kam ilustruar dhe m\u00eb pamje n\u00eb rrjete sociale.<\/em><\/p>\n\n\n\n<p><em>Nd\u00ebrkoh\u00eb pati dhe nj\u00eb sherr tjet\u00ebr q\u00eb nuk u transmetua dhe pasi mori leje p\u00ebr t\u2019ia kthyer n\u00eb t\u00eb nj\u00ebjt\u00ebn monedh\u00eb dhe i shkoj duke i th\u00ebn\u00eb \u2018urdh\u00ebro, \u00e7far\u00eb kishe\u2019. Mora zjarr, i karikova dhe doja vet\u00ebm sherr. M\u00eb tha \u2018ik se do ta k\u00ebpus kok\u00ebn me s\u00ebpat\u00eb\u2019, se iu shpif, nuk i ndahesha nj\u00eb second. Ose do ta \u00e7oja deri n\u00eb fund, ose plasa\u201d<\/em>\u2013 tha Rudina.<\/p>\n<\/blockquote>\n","protected":false},"excerpt":{"rendered":"<p>Gazetarja dhe ish-banorja e Big Brother Vip, Rudina Demneri, \u00ebsht\u00eb e njohur p\u00ebr publikun si Paloma dhe p\u00ebr karakteri ne saj t\u00eb fort\u00eb. S\u00eb fundmi, e ftuar n\u00eb nj\u00eb emision, ajo ka rr\u00ebfyer konfliktet q\u00eb ka pasur n\u00eb t\u00eb kaluar\u00ebn me politikan\u00eb t\u00eb r\u00ebnd\u00ebsish\u00ebm t\u00eb vendit ton\u00eb si ish-kryeministri Sali Berisha dhe kryeministrin aktual Edi [&hellip;]<\/p>\n","protected":false},"author":2,"featured_media":40621,"comment_status":"open","ping_status":"open","sticky":false,"template":"","format":"standard","meta":{"footnotes":""},"categories":[33],"tags":[],"class_list":{"0":"post-40617","1":"post","2":"type-post","3":"status-publish","4":"format-standard","5":"has-post-thumbnail","7":"category-showbiz"},"yoast_head":"<!-- This site is optimized with the Yoast SEO plugin v27.5 - https:\/\/yoast.com\/product\/yoast-seo-wordpress\/ -->\n<title>\u201cTruprojat e Berish\u00ebs m\u00eb masakruan\u201d\/ Ish-banorja e BBV tregon sherrin me Ram\u00ebn - blogin.al<\/title>\n<meta name=\"robots\" content=\"index, follow, max-snippet:-1, max-image-preview:large, max-video-preview:-1\" \/>\n<link rel=\"canonical\" href=\"https:\/\/blogin.al\/?p=40617\" \/>\n<meta property=\"og:locale\" content=\"en_US\" \/>\n<meta property=\"og:type\" content=\"article\" \/>\n<meta property=\"og:title\" content=\"\u201cTruprojat e Berish\u00ebs m\u00eb masakruan\u201d\/ Ish-banorja e BBV tregon sherrin me Ram\u00ebn - blogin.al\" \/>\n<meta property=\"og:description\" content=\"Gazetarja dhe ish-banorja e Big Brother Vip, Rudina Demneri, \u00ebsht\u00eb e njohur p\u00ebr publikun si Paloma dhe p\u00ebr karakteri ne saj t\u00eb fort\u00eb. S\u00eb fundmi, e ftuar n\u00eb nj\u00eb emision, ajo ka rr\u00ebfyer konfliktet q\u00eb ka pasur n\u00eb t\u00eb kaluar\u00ebn me politikan\u00eb t\u00eb r\u00ebnd\u00ebsish\u00ebm t\u00eb vendit ton\u00eb si ish-kryeministri Sali Berisha dhe kryeministrin aktual Edi [&hellip;]\" \/>\n<meta property=\"og:url\" content=\"https:\/\/blogin.al\/?p=40617\" \/>\n<meta property=\"og:site_name\" content=\"blogin.al\" \/>\n<meta property=\"article:published_time\" content=\"2023-11-29T15:05:34+00:00\" \/>\n<meta property=\"article:modified_time\" content=\"2023-11-29T18:04:34+00:00\" \/>\n<meta property=\"og:image\" content=\"https:\/\/blogin.al\/wp-content\/uploads\/2023\/11\/800-0-81efde45e76e3d12b7145e31297bb273.jpeg\" \/>\n\t<meta property=\"og:image:width\" content=\"800\" \/>\n\t<meta property=\"og:image:height\" content=\"549\" \/>\n\t<meta property=\"og:image:type\" content=\"image\/jpeg\" \/>\n<meta name=\"author\" content=\"Blogin al\" \/>\n<meta name=\"twitter:card\" content=\"summary_large_image\" \/>\n<meta name=\"twitter:label1\" content=\"Written by\" \/>\n\t<meta name=\"twitter:data1\" content=\"Blogin al\" \/>\n\t<meta name=\"twitter:label2\" content=\"Est. reading time\" \/>\n\t<meta name=\"twitter:data2\" content=\"1 minute\" \/>\n<script type=\"application\/ld+json\" class=\"yoast-schema-graph\">{\"@context\":\"https:\\\/\\\/schema.org\",\"@graph\":[{\"@type\":\"Article\",\"@id\":\"https:\\\/\\\/blogin.al\\\/?p=40617#article\",\"isPartOf\":{\"@id\":\"https:\\\/\\\/blogin.al\\\/?p=40617\"},\"author\":{\"name\":\"Blogin al\",\"@id\":\"https:\\\/\\\/blogin.al\\\/#\\\/schema\\\/person\\\/abdd56bc912cd511db877b852b115399\"},\"headline\":\"\u201cTruprojat e Berish\u00ebs m\u00eb masakruan\u201d\\\/ Ish-banorja e BBV tregon sherrin me Ram\u00ebn\",\"datePublished\":\"2023-11-29T15:05:34+00:00\",\"dateModified\":\"2023-11-29T18:04:34+00:00\",\"mainEntityOfPage\":{\"@id\":\"https:\\\/\\\/blogin.al\\\/?p=40617\"},\"wordCount\":420,\"commentCount\":0,\"publisher\":{\"@id\":\"https:\\\/\\\/blogin.al\\\/#organization\"},\"image\":{\"@id\":\"https:\\\/\\\/blogin.al\\\/?p=40617#primaryimage\"},\"thumbnailUrl\":\"https:\\\/\\\/blogin.al\\\/wp-content\\\/uploads\\\/2023\\\/11\\\/800-0-81efde45e76e3d12b7145e31297bb273.jpeg\",\"articleSection\":[\"SHOWBIZ\"],\"inLanguage\":\"en-US\",\"potentialAction\":[{\"@type\":\"CommentAction\",\"name\":\"Comment\",\"target\":[\"https:\\\/\\\/blogin.al\\\/?p=40617#respond\"]}]},{\"@type\":\"WebPage\",\"@id\":\"https:\\\/\\\/blogin.al\\\/?p=40617\",\"url\":\"https:\\\/\\\/blogin.al\\\/?p=40617\",\"name\":\"\u201cTruprojat e Berish\u00ebs m\u00eb masakruan\u201d\\\/ Ish-banorja e BBV tregon sherrin me Ram\u00ebn - blogin.al\",\"isPartOf\":{\"@id\":\"https:\\\/\\\/blogin.al\\\/#website\"},\"primaryImageOfPage\":{\"@id\":\"https:\\\/\\\/blogin.al\\\/?p=40617#primaryimage\"},\"image\":{\"@id\":\"https:\\\/\\\/blogin.al\\\/?p=40617#primaryimage\"},\"thumbnailUrl\":\"https:\\\/\\\/blogin.al\\\/wp-content\\\/uploads\\\/2023\\\/11\\\/800-0-81efde45e76e3d12b7145e31297bb273.jpeg\",\"datePublished\":\"2023-11-29T15:05:34+00:00\",\"dateModified\":\"2023-11-29T18:04:34+00:00\",\"breadcrumb\":{\"@id\":\"https:\\\/\\\/blogin.al\\\/?p=40617#breadcrumb\"},\"inLanguage\":\"en-US\",\"potentialAction\":[{\"@type\":\"ReadAction\",\"target\":[\"https:\\\/\\\/blogin.al\\\/?p=40617\"]}]},{\"@type\":\"ImageObject\",\"inLanguage\":\"en-US\",\"@id\":\"https:\\\/\\\/blogin.al\\\/?p=40617#primaryimage\",\"url\":\"https:\\\/\\\/blogin.al\\\/wp-content\\\/uploads\\\/2023\\\/11\\\/800-0-81efde45e76e3d12b7145e31297bb273.jpeg\",\"contentUrl\":\"https:\\\/\\\/blogin.al\\\/wp-content\\\/uploads\\\/2023\\\/11\\\/800-0-81efde45e76e3d12b7145e31297bb273.jpeg\",\"width\":800,\"height\":549},{\"@type\":\"BreadcrumbList\",\"@id\":\"https:\\\/\\\/blogin.al\\\/?p=40617#breadcrumb\",\"itemListElement\":[{\"@type\":\"ListItem\",\"position\":1,\"name\":\"Home\",\"item\":\"https:\\\/\\\/blogin.al\\\/\"},{\"@type\":\"ListItem\",\"position\":2,\"name\":\"\u201cTruprojat e Berish\u00ebs m\u00eb masakruan\u201d\\\/ Ish-banorja e BBV tregon sherrin me Ram\u00ebn\"}]},{\"@type\":\"WebSite\",\"@id\":\"https:\\\/\\\/blogin.al\\\/#website\",\"url\":\"https:\\\/\\\/blogin.al\\\/\",\"name\":\"blogin.al\",\"description\":\"\",\"publisher\":{\"@id\":\"https:\\\/\\\/blogin.al\\\/#organization\"},\"potentialAction\":[{\"@type\":\"SearchAction\",\"target\":{\"@type\":\"EntryPoint\",\"urlTemplate\":\"https:\\\/\\\/blogin.al\\\/?s={search_term_string}\"},\"query-input\":{\"@type\":\"PropertyValueSpecification\",\"valueRequired\":true,\"valueName\":\"search_term_string\"}}],\"inLanguage\":\"en-US\"},{\"@type\":\"Organization\",\"@id\":\"https:\\\/\\\/blogin.al\\\/#organization\",\"name\":\"BLOGIN.al\",\"url\":\"https:\\\/\\\/blogin.al\\\/\",\"logo\":{\"@type\":\"ImageObject\",\"inLanguage\":\"en-US\",\"@id\":\"https:\\\/\\\/blogin.al\\\/#\\\/schema\\\/logo\\\/image\\\/\",\"url\":\"https:\\\/\\\/blogin.al\\\/wp-content\\\/uploads\\\/2022\\\/05\\\/Untitled-2-01-e1652084456514.png\",\"contentUrl\":\"https:\\\/\\\/blogin.al\\\/wp-content\\\/uploads\\\/2022\\\/05\\\/Untitled-2-01-e1652084456514.png\",\"width\":3723,\"height\":1698,\"caption\":\"BLOGIN.al\"},\"image\":{\"@id\":\"https:\\\/\\\/blogin.al\\\/#\\\/schema\\\/logo\\\/image\\\/\"},\"sameAs\":[\"https:\\\/\\\/instagram.com\\\/blogin.al\\\/\"]},{\"@type\":\"Person\",\"@id\":\"https:\\\/\\\/blogin.al\\\/#\\\/schema\\\/person\\\/abdd56bc912cd511db877b852b115399\",\"name\":\"Blogin al\",\"image\":{\"@type\":\"ImageObject\",\"inLanguage\":\"en-US\",\"@id\":\"https:\\\/\\\/secure.gravatar.com\\\/avatar\\\/60d5661aee6e835fb13dc75d2204cd0c1d61bef2efd137c0083e59ef831e235e?s=96&d=mm&r=g\",\"url\":\"https:\\\/\\\/secure.gravatar.com\\\/avatar\\\/60d5661aee6e835fb13dc75d2204cd0c1d61bef2efd137c0083e59ef831e235e?s=96&d=mm&r=g\",\"contentUrl\":\"https:\\\/\\\/secure.gravatar.com\\\/avatar\\\/60d5661aee6e835fb13dc75d2204cd0c1d61bef2efd137c0083e59ef831e235e?s=96&d=mm&r=g\",\"caption\":\"Blogin al\"},\"sameAs\":[\"https:\\\/\\\/blogin.al\"],\"url\":\"https:\\\/\\\/blogin.al\\\/?author=2\"}]}<\/script>\n<!-- \/ Yoast SEO plugin. -->","yoast_head_json":{"title":"\u201cTruprojat e Berish\u00ebs m\u00eb masakruan\u201d\/ Ish-banorja e BBV tregon sherrin me Ram\u00ebn - blogin.al","robots":{"index":"index","follow":"follow","max-snippet":"max-snippet:-1","max-image-preview":"max-image-preview:large","max-video-preview":"max-video-preview:-1"},"canonical":"https:\/\/blogin.al\/?p=40617","og_locale":"en_US","og_type":"article","og_title":"\u201cTruprojat e Berish\u00ebs m\u00eb masakruan\u201d\/ Ish-banorja e BBV tregon sherrin me Ram\u00ebn - blogin.al","og_description":"Gazetarja dhe ish-banorja e Big Brother Vip, Rudina Demneri, \u00ebsht\u00eb e njohur p\u00ebr publikun si Paloma dhe p\u00ebr karakteri ne saj t\u00eb fort\u00eb. S\u00eb fundmi, e ftuar n\u00eb nj\u00eb emision, ajo ka rr\u00ebfyer konfliktet q\u00eb ka pasur n\u00eb t\u00eb kaluar\u00ebn me politikan\u00eb t\u00eb r\u00ebnd\u00ebsish\u00ebm t\u00eb vendit ton\u00eb si ish-kryeministri Sali Berisha dhe kryeministrin aktual Edi [&hellip;]","og_url":"https:\/\/blogin.al\/?p=40617","og_site_name":"blogin.al","article_published_time":"2023-11-29T15:05:34+00:00","article_modified_time":"2023-11-29T18:04:34+00:00","og_image":[{"width":800,"height":549,"url":"https:\/\/blogin.al\/wp-content\/uploads\/2023\/11\/800-0-81efde45e76e3d12b7145e31297bb273.jpeg","type":"image\/jpeg"}],"author":"Blogin al","twitter_card":"summary_large_image","twitter_misc":{"Written by":"Blogin al","Est. reading time":"1 minute"},"schema":{"@context":"https:\/\/schema.org","@graph":[{"@type":"Article","@id":"https:\/\/blogin.al\/?p=40617#article","isPartOf":{"@id":"https:\/\/blogin.al\/?p=40617"},"author":{"name":"Blogin al","@id":"https:\/\/blogin.al\/#\/schema\/person\/abdd56bc912cd511db877b852b115399"},"headline":"\u201cTruprojat e Berish\u00ebs m\u00eb masakruan\u201d\/ Ish-banorja e BBV tregon sherrin me Ram\u00ebn","datePublished":"2023-11-29T15:05:34+00:00","dateModified":"2023-11-29T18:04:34+00:00","mainEntityOfPage":{"@id":"https:\/\/blogin.al\/?p=40617"},"wordCount":420,"commentCount":0,"publisher":{"@id":"https:\/\/blogin.al\/#organization"},"image":{"@id":"https:\/\/blogin.al\/?p=40617#primaryimage"},"thumbnailUrl":"https:\/\/blogin.al\/wp-content\/uploads\/2023\/11\/800-0-81efde45e76e3d12b7145e31297bb273.jpeg","articleSection":["SHOWBIZ"],"inLanguage":"en-US","potentialAction":[{"@type":"CommentAction","name":"Comment","target":["https:\/\/blogin.al\/?p=40617#respond"]}]},{"@type":"WebPage","@id":"https:\/\/blogin.al\/?p=40617","url":"https:\/\/blogin.al\/?p=40617","name":"\u201cTruprojat e Berish\u00ebs m\u00eb masakruan\u201d\/ Ish-banorja e BBV tregon sherrin me Ram\u00ebn - blogin.al","isPartOf":{"@id":"https:\/\/blogin.al\/#website"},"primaryImageOfPage":{"@id":"https:\/\/blogin.al\/?p=40617#primaryimage"},"image":{"@id":"https:\/\/blogin.al\/?p=40617#primaryimage"},"thumbnailUrl":"https:\/\/blogin.al\/wp-content\/uploads\/2023\/11\/800-0-81efde45e76e3d12b7145e31297bb273.jpeg","datePublished":"2023-11-29T15:05:34+00:00","dateModified":"2023-11-29T18:04:34+00:00","breadcrumb":{"@id":"https:\/\/blogin.al\/?p=40617#breadcrumb"},"inLanguage":"en-US","potentialAction":[{"@type":"ReadAction","target":["https:\/\/blogin.al\/?p=40617"]}]},{"@type":"ImageObject","inLanguage":"en-US","@id":"https:\/\/blogin.al\/?p=40617#primaryimage","url":"https:\/\/blogin.al\/wp-content\/uploads\/2023\/11\/800-0-81efde45e76e3d12b7145e31297bb273.jpeg","contentUrl":"https:\/\/blogin.al\/wp-content\/uploads\/2023\/11\/800-0-81efde45e76e3d12b7145e31297bb273.jpeg","width":800,"height":549},{"@type":"BreadcrumbList","@id":"https:\/\/blogin.al\/?p=40617#breadcrumb","itemListElement":[{"@type":"ListItem","position":1,"name":"Home","item":"https:\/\/blogin.al\/"},{"@type":"ListItem","position":2,"name":"\u201cTruprojat e Berish\u00ebs m\u00eb masakruan\u201d\/ Ish-banorja e BBV tregon sherrin me Ram\u00ebn"}]},{"@type":"WebSite","@id":"https:\/\/blogin.al\/#website","url":"https:\/\/blogin.al\/","name":"blogin.al","description":"","publisher":{"@id":"https:\/\/blogin.al\/#organization"},"potentialAction":[{"@type":"SearchAction","target":{"@type":"EntryPoint","urlTemplate":"https:\/\/blogin.al\/?s={search_term_string}"},"query-input":{"@type":"PropertyValueSpecification","valueRequired":true,"valueName":"search_term_string"}}],"inLanguage":"en-US"},{"@type":"Organization","@id":"https:\/\/blogin.al\/#organization","name":"BLOGIN.al","url":"https:\/\/blogin.al\/","logo":{"@type":"ImageObject","inLanguage":"en-US","@id":"https:\/\/blogin.al\/#\/schema\/logo\/image\/","url":"https:\/\/blogin.al\/wp-content\/uploads\/2022\/05\/Untitled-2-01-e1652084456514.png","contentUrl":"https:\/\/blogin.al\/wp-content\/uploads\/2022\/05\/Untitled-2-01-e1652084456514.png","width":3723,"height":1698,"caption":"BLOGIN.al"},"image":{"@id":"https:\/\/blogin.al\/#\/schema\/logo\/image\/"},"sameAs":["https:\/\/instagram.com\/blogin.al\/"]},{"@type":"Person","@id":"https:\/\/blogin.al\/#\/schema\/person\/abdd56bc912cd511db877b852b115399","name":"Blogin al","image":{"@type":"ImageObject","inLanguage":"en-US","@id":"https:\/\/secure.gravatar.com\/avatar\/60d5661aee6e835fb13dc75d2204cd0c1d61bef2efd137c0083e59ef831e235e?s=96&d=mm&r=g","url":"https:\/\/secure.gravatar.com\/avatar\/60d5661aee6e835fb13dc75d2204cd0c1d61bef2efd137c0083e59ef831e235e?s=96&d=mm&r=g","contentUrl":"https:\/\/secure.gravatar.com\/avatar\/60d5661aee6e835fb13dc75d2204cd0c1d61bef2efd137c0083e59ef831e235e?s=96&d=mm&r=g","caption":"Blogin al"},"sameAs":["https:\/\/blogin.al"],"url":"https:\/\/blogin.al\/?author=2"}]}},"_links":{"self":[{"href":"https:\/\/blogin.al\/index.php?rest_route=\/wp\/v2\/posts\/40617","targetHints":{"allow":["GET"]}}],"collection":[{"href":"https:\/\/blogin.al\/index.php?rest_route=\/wp\/v2\/posts"}],"about":[{"href":"https:\/\/blogin.al\/index.php?rest_route=\/wp\/v2\/types\/post"}],"author":[{"embeddable":true,"href":"https:\/\/blogin.al\/index.php?rest_route=\/wp\/v2\/users\/2"}],"replies":[{"embeddable":true,"href":"https:\/\/blogin.al\/index.php?rest_route=%2Fwp%2Fv2%2Fcomments&post=40617"}],"version-history":[{"count":1,"href":"https:\/\/blogin.al\/index.php?rest_route=\/wp\/v2\/posts\/40617\/revisions"}],"predecessor-version":[{"id":40618,"href":"https:\/\/blogin.al\/index.php?rest_route=\/wp\/v2\/posts\/40617\/revisions\/40618"}],"wp:featuredmedia":[{"embeddable":true,"href":"https:\/\/blogin.al\/index.php?rest_route=\/wp\/v2\/media\/40621"}],"wp:attachment":[{"href":"https:\/\/blogin.al\/index.php?rest_route=%2Fwp%2Fv2%2Fmedia&parent=40617"}],"wp:term":[{"taxonomy":"category","embeddable":true,"href":"https:\/\/blogin.al\/index.php?rest_route=%2Fwp%2Fv2%2Fcategories&post=40617"},{"taxonomy":"post_tag","embeddable":true,"href":"https:\/\/blogin.al\/index.php?rest_route=%2Fwp%2Fv2%2Ftags&post=40617"}],"curies":[{"name":"wp","href":"https:\/\/api.w.org\/{rel}","templated":true}]}}