{"id":40637,"date":"2023-11-30T11:14:27","date_gmt":"2023-11-30T11:14:27","guid":{"rendered":"https:\/\/blogin.al\/?p=40637"},"modified":"2023-11-30T11:14:29","modified_gmt":"2023-11-30T11:14:29","slug":"konfirmuan-se-do-behen-me-vajze-luizi-i-kerkon-kiares-te-bejne-nje-djale-si-i-pergjigjet-moderatorja","status":"publish","type":"post","link":"https:\/\/blogin.al\/?p=40637","title":{"rendered":"Konfirmuan se do b\u00ebhen me vajz\u00eb\/ Luizi i k\u00ebrkon Kiar\u00ebs t\u00eb b\u00ebjn\u00eb nj\u00eb djal\u00eb, si i p\u00ebrgjigjet moderatorja?"},"content":{"rendered":"\n<p>Pak dit\u00eb m\u00eb par\u00eb, Kiara Tito dhe Luiz Ejlli zbuluan n\u00eb m\u00ebnyr\u00ebn m\u00eb t\u00eb bukur dhe t\u00eb ve\u00e7ant\u00eb se do t\u00eb b\u00ebheshin prind\u00ebr p\u00ebr her\u00eb t\u00eb par\u00eb.<\/p>\n\n\n\n<p>\u201cFrym\u00eb\u201d \u00ebsht\u00eb k\u00ebnga m\u00eb e re e Luizit dhe \u00ebsht\u00eb dedikim pik\u00ebrisht p\u00ebr f\u00ebmij\u00ebn q\u00eb do t\u00eb vij\u00eb n\u00eb jet\u00eb. N\u00eb videoklip shfaqet edhe Kiara si dhe tregohen me detaje momentet emocionuese t\u00eb \u00e7iftit.<\/p>\n\n\n\n<p>Por dit\u00ebn e sotme fituesi i edicionit t\u00eb dyt\u00eb t\u00eb \u201cBig Brother VIP\u201d \u00ebsht\u00eb zgjuar me nj\u00eb k\u00ebrkes\u00eb p\u00ebr partneren e tij. Ai i ka k\u00ebrkuar moderatores s\u00eb njohur q\u00eb t\u00eb b\u00ebjn\u00eb edhe nj\u00eb djal\u00eb.<\/p>\n\n\n\n<p>K\u00ebng\u00ebtari i dashur p\u00ebr publikun ka publikuar n\u00eb \u201cInstastory\u201d nj\u00eb video ku shfaqen duke b\u00ebr\u00eb k\u00ebt\u00eb bised\u00eb. Duke qeshur, Kiara i p\u00ebrgjigjet q\u00eb \u2018prit ta b\u00ebjm\u00eb k\u00ebt\u00eb q\u00eb kemi nisur\u2019. Nga ana tjet\u00ebr Luizi i thot\u00eb se ka d\u00ebshir\u00eb q\u00eb t\u00eb k\u00ebndoj\u00eb edhe k\u00ebng\u00ebn \u201cka baba \u00e7un lele\u201d, pasi ka ngel\u00eb duke k\u00ebnduar vet\u00ebm \u201ckush ka vajza bot\u00ebn ka\u201d.<\/p>\n\n\n\n<p><strong>Biseda mes \u00e7iftit t\u00eb dashur p\u00ebr publikun<\/strong>:<\/p>\n\n\n\n<p><strong>Luizi:&nbsp;<\/strong>Kiara?<\/p>\n\n\n\n<p><strong>Kiara:&nbsp;<\/strong>E<\/p>\n\n\n\n<p><strong>Luizi:<\/strong>&nbsp;A do e b\u00ebjm\u00eb edhe nj\u00eb djal\u00eb?<\/p>\n\n\n\n<p><strong>Kiara:&nbsp;<\/strong>A t\u2019a b\u00ebjm\u00eb nj\u00eb her\u00eb k\u00ebt\u00eb q\u00eb kemi nisur?<\/p>\n\n\n\n<p><strong>Luizi:&nbsp;<\/strong>Un\u00eb kam kry pun\u00eb, e kam b\u00ebr\u00eb, ty t\u00eb ka ngel<\/p>\n\n\n\n<p><strong>Kiara:&nbsp;<\/strong>Ta b\u00ebj un\u00eb, pastaj b\u00ebjm\u00eb tjetrin<\/p>\n\n\n\n<p><strong>Luizi:&nbsp;<\/strong>Kam qejf t\u00eb k\u00ebndoj at\u00eb k\u00ebng\u00ebn \u2018t\u00eb ka baba \u00e7un lele\u2019. Se tani jam duke k\u00ebnduar \u2018kush ka vajza bot\u00ebn ka\u2019. Do ma jap\u00ebsh nj\u00eb \u00e7un?<\/p>\n\n\n\n<p><strong>Kiara:&nbsp;<\/strong>Aman mo se vdiqe p\u00ebr nj\u00eb \u00e7un, vdiqe<\/p>\n\n\n\n<p><strong>Luizi:<\/strong>&nbsp;Kush?<\/p>\n\n\n\n<p><strong>Kiara:<\/strong>&nbsp;Ti<\/p>\n\n\n\n<p><strong>Luizi:<\/strong>&nbsp;Joo<\/p>\n\n\n\n<p><strong>Kiara:&nbsp;<\/strong>Ti dhe t\u00eb gjith\u00eb baballar\u00ebt shqiptar\u00eb<\/p>\n\n\n\n<p><strong>Luizi:&nbsp;<\/strong>Fillove ti me iu dh\u00ebn\u00eb material \u2018maskilisti, ja do \u00e7un\u2019, rri moj grua urt\u00eb<\/p>\n\n\n\n<p><strong>Kiara:&nbsp;<\/strong>Pastaj kur t\u00eb b\u00ebhet goca do e shoh\u00ebsh<\/p>\n\n\n\n<p><strong>Luizi:&nbsp;<\/strong>Me u b\u00eb me dy goca?<\/p>\n\n\n\n<p><strong>Kiara:<\/strong>&nbsp;Jo, jo, do e shoh\u00ebsh sa do e duash goc\u00ebn<\/p>\n\n\n\n<p><strong>Luizi:&nbsp;<\/strong>Sa do e dua un\u00eb goc\u00ebn?<\/p>\n\n\n\n<p><strong>Kiara:<\/strong>&nbsp;Do them un\u00eb \u2018pse se b\u00ebra \u00e7un ta kisha p\u00ebr vete\u2019.<\/p>\n\n\n\n<p><strong>Luizi:&nbsp;<\/strong>\u00c7a thot\u00eb kjo, kur t\u00eb b\u00ebhet goca. Goca \u00ebsht\u00eb b\u00ebr\u00eb, ka kry pun\u00eb. Thjesht\u00eb \u00ebsht\u00eb duke medituar edhe pak<\/p>\n\n\n\n<figure class=\"wp-block-image is-style-default\"><img decoding=\"async\" src=\"https:\/\/gsh.top-media.al\/media10\/luizi-1.png\" alt=\"\" class=\"wp-image-401976\"\/><\/figure>\n\n\n\n<figure class=\"wp-block-image is-style-default\"><img decoding=\"async\" src=\"https:\/\/gsh.top-media.al\/media10\/6pbneb8P-luizi.png\" alt=\"\" class=\"wp-image-401975\"\/><\/figure>\n","protected":false},"excerpt":{"rendered":"<p>Pak dit\u00eb m\u00eb par\u00eb, Kiara Tito dhe Luiz Ejlli zbuluan n\u00eb m\u00ebnyr\u00ebn m\u00eb t\u00eb bukur dhe t\u00eb ve\u00e7ant\u00eb se do t\u00eb b\u00ebheshin prind\u00ebr p\u00ebr her\u00eb t\u00eb par\u00eb. \u201cFrym\u00eb\u201d \u00ebsht\u00eb k\u00ebnga m\u00eb e re e Luizit dhe \u00ebsht\u00eb dedikim pik\u00ebrisht p\u00ebr f\u00ebmij\u00ebn q\u00eb do t\u00eb vij\u00eb n\u00eb jet\u00eb. N\u00eb videoklip shfaqet edhe Kiara si dhe tregohen [&hellip;]<\/p>\n","protected":false},"author":2,"featured_media":40312,"comment_status":"open","ping_status":"open","sticky":false,"template":"","format":"standard","meta":{"footnotes":""},"categories":[33],"tags":[],"class_list":{"0":"post-40637","1":"post","2":"type-post","3":"status-publish","4":"format-standard","5":"has-post-thumbnail","7":"category-showbiz"},"yoast_head":"<!-- This site is optimized with the Yoast SEO plugin v27.5 - https:\/\/yoast.com\/product\/yoast-seo-wordpress\/ -->\n<title>Konfirmuan se do b\u00ebhen me vajz\u00eb\/ Luizi i k\u00ebrkon Kiar\u00ebs t\u00eb b\u00ebjn\u00eb nj\u00eb djal\u00eb, si i p\u00ebrgjigjet moderatorja? - blogin.al<\/title>\n<meta name=\"robots\" content=\"index, follow, max-snippet:-1, max-image-preview:large, max-video-preview:-1\" \/>\n<link rel=\"canonical\" href=\"https:\/\/blogin.al\/?p=40637\" \/>\n<meta property=\"og:locale\" content=\"en_US\" \/>\n<meta property=\"og:type\" content=\"article\" \/>\n<meta property=\"og:title\" content=\"Konfirmuan se do b\u00ebhen me vajz\u00eb\/ Luizi i k\u00ebrkon Kiar\u00ebs t\u00eb b\u00ebjn\u00eb nj\u00eb djal\u00eb, si i p\u00ebrgjigjet moderatorja? - blogin.al\" \/>\n<meta property=\"og:description\" content=\"Pak dit\u00eb m\u00eb par\u00eb, Kiara Tito dhe Luiz Ejlli zbuluan n\u00eb m\u00ebnyr\u00ebn m\u00eb t\u00eb bukur dhe t\u00eb ve\u00e7ant\u00eb se do t\u00eb b\u00ebheshin prind\u00ebr p\u00ebr her\u00eb t\u00eb par\u00eb. \u201cFrym\u00eb\u201d \u00ebsht\u00eb k\u00ebnga m\u00eb e re e Luizit dhe \u00ebsht\u00eb dedikim pik\u00ebrisht p\u00ebr f\u00ebmij\u00ebn q\u00eb do t\u00eb vij\u00eb n\u00eb jet\u00eb. N\u00eb videoklip shfaqet edhe Kiara si dhe tregohen [&hellip;]\" \/>\n<meta property=\"og:url\" content=\"https:\/\/blogin.al\/?p=40637\" \/>\n<meta property=\"og:site_name\" content=\"blogin.al\" \/>\n<meta property=\"article:published_time\" content=\"2023-11-30T11:14:27+00:00\" \/>\n<meta property=\"article:modified_time\" content=\"2023-11-30T11:14:29+00:00\" \/>\n<meta property=\"og:image\" content=\"https:\/\/blogin.al\/wp-content\/uploads\/2023\/11\/image-137.png\" \/>\n\t<meta property=\"og:image:width\" content=\"664\" \/>\n\t<meta property=\"og:image:height\" content=\"450\" \/>\n\t<meta property=\"og:image:type\" content=\"image\/png\" \/>\n<meta name=\"author\" content=\"Blogin al\" \/>\n<meta name=\"twitter:card\" content=\"summary_large_image\" \/>\n<meta name=\"twitter:label1\" content=\"Written by\" \/>\n\t<meta name=\"twitter:data1\" content=\"Blogin al\" \/>\n\t<meta name=\"twitter:label2\" content=\"Est. reading time\" \/>\n\t<meta name=\"twitter:data2\" content=\"2 minutes\" \/>\n<script type=\"application\/ld+json\" class=\"yoast-schema-graph\">{\"@context\":\"https:\\\/\\\/schema.org\",\"@graph\":[{\"@type\":\"Article\",\"@id\":\"https:\\\/\\\/blogin.al\\\/?p=40637#article\",\"isPartOf\":{\"@id\":\"https:\\\/\\\/blogin.al\\\/?p=40637\"},\"author\":{\"name\":\"Blogin al\",\"@id\":\"https:\\\/\\\/blogin.al\\\/#\\\/schema\\\/person\\\/abdd56bc912cd511db877b852b115399\"},\"headline\":\"Konfirmuan se do b\u00ebhen me vajz\u00eb\\\/ Luizi i k\u00ebrkon Kiar\u00ebs t\u00eb b\u00ebjn\u00eb nj\u00eb djal\u00eb, si i p\u00ebrgjigjet moderatorja?\",\"datePublished\":\"2023-11-30T11:14:27+00:00\",\"dateModified\":\"2023-11-30T11:14:29+00:00\",\"mainEntityOfPage\":{\"@id\":\"https:\\\/\\\/blogin.al\\\/?p=40637\"},\"wordCount\":433,\"commentCount\":0,\"publisher\":{\"@id\":\"https:\\\/\\\/blogin.al\\\/#organization\"},\"image\":{\"@id\":\"https:\\\/\\\/blogin.al\\\/?p=40637#primaryimage\"},\"thumbnailUrl\":\"https:\\\/\\\/blogin.al\\\/wp-content\\\/uploads\\\/2023\\\/11\\\/image-137.png\",\"articleSection\":[\"SHOWBIZ\"],\"inLanguage\":\"en-US\",\"potentialAction\":[{\"@type\":\"CommentAction\",\"name\":\"Comment\",\"target\":[\"https:\\\/\\\/blogin.al\\\/?p=40637#respond\"]}]},{\"@type\":\"WebPage\",\"@id\":\"https:\\\/\\\/blogin.al\\\/?p=40637\",\"url\":\"https:\\\/\\\/blogin.al\\\/?p=40637\",\"name\":\"Konfirmuan se do b\u00ebhen me vajz\u00eb\\\/ Luizi i k\u00ebrkon Kiar\u00ebs t\u00eb b\u00ebjn\u00eb nj\u00eb djal\u00eb, si i p\u00ebrgjigjet moderatorja? - blogin.al\",\"isPartOf\":{\"@id\":\"https:\\\/\\\/blogin.al\\\/#website\"},\"primaryImageOfPage\":{\"@id\":\"https:\\\/\\\/blogin.al\\\/?p=40637#primaryimage\"},\"image\":{\"@id\":\"https:\\\/\\\/blogin.al\\\/?p=40637#primaryimage\"},\"thumbnailUrl\":\"https:\\\/\\\/blogin.al\\\/wp-content\\\/uploads\\\/2023\\\/11\\\/image-137.png\",\"datePublished\":\"2023-11-30T11:14:27+00:00\",\"dateModified\":\"2023-11-30T11:14:29+00:00\",\"breadcrumb\":{\"@id\":\"https:\\\/\\\/blogin.al\\\/?p=40637#breadcrumb\"},\"inLanguage\":\"en-US\",\"potentialAction\":[{\"@type\":\"ReadAction\",\"target\":[\"https:\\\/\\\/blogin.al\\\/?p=40637\"]}]},{\"@type\":\"ImageObject\",\"inLanguage\":\"en-US\",\"@id\":\"https:\\\/\\\/blogin.al\\\/?p=40637#primaryimage\",\"url\":\"https:\\\/\\\/blogin.al\\\/wp-content\\\/uploads\\\/2023\\\/11\\\/image-137.png\",\"contentUrl\":\"https:\\\/\\\/blogin.al\\\/wp-content\\\/uploads\\\/2023\\\/11\\\/image-137.png\",\"width\":664,\"height\":450},{\"@type\":\"BreadcrumbList\",\"@id\":\"https:\\\/\\\/blogin.al\\\/?p=40637#breadcrumb\",\"itemListElement\":[{\"@type\":\"ListItem\",\"position\":1,\"name\":\"Home\",\"item\":\"https:\\\/\\\/blogin.al\\\/\"},{\"@type\":\"ListItem\",\"position\":2,\"name\":\"Konfirmuan se do b\u00ebhen me vajz\u00eb\\\/ Luizi i k\u00ebrkon Kiar\u00ebs t\u00eb b\u00ebjn\u00eb nj\u00eb djal\u00eb, si i p\u00ebrgjigjet moderatorja?\"}]},{\"@type\":\"WebSite\",\"@id\":\"https:\\\/\\\/blogin.al\\\/#website\",\"url\":\"https:\\\/\\\/blogin.al\\\/\",\"name\":\"blogin.al\",\"description\":\"\",\"publisher\":{\"@id\":\"https:\\\/\\\/blogin.al\\\/#organization\"},\"potentialAction\":[{\"@type\":\"SearchAction\",\"target\":{\"@type\":\"EntryPoint\",\"urlTemplate\":\"https:\\\/\\\/blogin.al\\\/?s={search_term_string}\"},\"query-input\":{\"@type\":\"PropertyValueSpecification\",\"valueRequired\":true,\"valueName\":\"search_term_string\"}}],\"inLanguage\":\"en-US\"},{\"@type\":\"Organization\",\"@id\":\"https:\\\/\\\/blogin.al\\\/#organization\",\"name\":\"BLOGIN.al\",\"url\":\"https:\\\/\\\/blogin.al\\\/\",\"logo\":{\"@type\":\"ImageObject\",\"inLanguage\":\"en-US\",\"@id\":\"https:\\\/\\\/blogin.al\\\/#\\\/schema\\\/logo\\\/image\\\/\",\"url\":\"https:\\\/\\\/blogin.al\\\/wp-content\\\/uploads\\\/2022\\\/05\\\/Untitled-2-01-e1652084456514.png\",\"contentUrl\":\"https:\\\/\\\/blogin.al\\\/wp-content\\\/uploads\\\/2022\\\/05\\\/Untitled-2-01-e1652084456514.png\",\"width\":3723,\"height\":1698,\"caption\":\"BLOGIN.al\"},\"image\":{\"@id\":\"https:\\\/\\\/blogin.al\\\/#\\\/schema\\\/logo\\\/image\\\/\"},\"sameAs\":[\"https:\\\/\\\/instagram.com\\\/blogin.al\\\/\"]},{\"@type\":\"Person\",\"@id\":\"https:\\\/\\\/blogin.al\\\/#\\\/schema\\\/person\\\/abdd56bc912cd511db877b852b115399\",\"name\":\"Blogin al\",\"image\":{\"@type\":\"ImageObject\",\"inLanguage\":\"en-US\",\"@id\":\"https:\\\/\\\/secure.gravatar.com\\\/avatar\\\/60d5661aee6e835fb13dc75d2204cd0c1d61bef2efd137c0083e59ef831e235e?s=96&d=mm&r=g\",\"url\":\"https:\\\/\\\/secure.gravatar.com\\\/avatar\\\/60d5661aee6e835fb13dc75d2204cd0c1d61bef2efd137c0083e59ef831e235e?s=96&d=mm&r=g\",\"contentUrl\":\"https:\\\/\\\/secure.gravatar.com\\\/avatar\\\/60d5661aee6e835fb13dc75d2204cd0c1d61bef2efd137c0083e59ef831e235e?s=96&d=mm&r=g\",\"caption\":\"Blogin al\"},\"sameAs\":[\"https:\\\/\\\/blogin.al\"],\"url\":\"https:\\\/\\\/blogin.al\\\/?author=2\"}]}<\/script>\n<!-- \/ Yoast SEO plugin. -->","yoast_head_json":{"title":"Konfirmuan se do b\u00ebhen me vajz\u00eb\/ Luizi i k\u00ebrkon Kiar\u00ebs t\u00eb b\u00ebjn\u00eb nj\u00eb djal\u00eb, si i p\u00ebrgjigjet moderatorja? - blogin.al","robots":{"index":"index","follow":"follow","max-snippet":"max-snippet:-1","max-image-preview":"max-image-preview:large","max-video-preview":"max-video-preview:-1"},"canonical":"https:\/\/blogin.al\/?p=40637","og_locale":"en_US","og_type":"article","og_title":"Konfirmuan se do b\u00ebhen me vajz\u00eb\/ Luizi i k\u00ebrkon Kiar\u00ebs t\u00eb b\u00ebjn\u00eb nj\u00eb djal\u00eb, si i p\u00ebrgjigjet moderatorja? - blogin.al","og_description":"Pak dit\u00eb m\u00eb par\u00eb, Kiara Tito dhe Luiz Ejlli zbuluan n\u00eb m\u00ebnyr\u00ebn m\u00eb t\u00eb bukur dhe t\u00eb ve\u00e7ant\u00eb se do t\u00eb b\u00ebheshin prind\u00ebr p\u00ebr her\u00eb t\u00eb par\u00eb. \u201cFrym\u00eb\u201d \u00ebsht\u00eb k\u00ebnga m\u00eb e re e Luizit dhe \u00ebsht\u00eb dedikim pik\u00ebrisht p\u00ebr f\u00ebmij\u00ebn q\u00eb do t\u00eb vij\u00eb n\u00eb jet\u00eb. N\u00eb videoklip shfaqet edhe Kiara si dhe tregohen [&hellip;]","og_url":"https:\/\/blogin.al\/?p=40637","og_site_name":"blogin.al","article_published_time":"2023-11-30T11:14:27+00:00","article_modified_time":"2023-11-30T11:14:29+00:00","og_image":[{"width":664,"height":450,"url":"https:\/\/blogin.al\/wp-content\/uploads\/2023\/11\/image-137.png","type":"image\/png"}],"author":"Blogin al","twitter_card":"summary_large_image","twitter_misc":{"Written by":"Blogin al","Est. reading time":"2 minutes"},"schema":{"@context":"https:\/\/schema.org","@graph":[{"@type":"Article","@id":"https:\/\/blogin.al\/?p=40637#article","isPartOf":{"@id":"https:\/\/blogin.al\/?p=40637"},"author":{"name":"Blogin al","@id":"https:\/\/blogin.al\/#\/schema\/person\/abdd56bc912cd511db877b852b115399"},"headline":"Konfirmuan se do b\u00ebhen me vajz\u00eb\/ Luizi i k\u00ebrkon Kiar\u00ebs t\u00eb b\u00ebjn\u00eb nj\u00eb djal\u00eb, si i p\u00ebrgjigjet moderatorja?","datePublished":"2023-11-30T11:14:27+00:00","dateModified":"2023-11-30T11:14:29+00:00","mainEntityOfPage":{"@id":"https:\/\/blogin.al\/?p=40637"},"wordCount":433,"commentCount":0,"publisher":{"@id":"https:\/\/blogin.al\/#organization"},"image":{"@id":"https:\/\/blogin.al\/?p=40637#primaryimage"},"thumbnailUrl":"https:\/\/blogin.al\/wp-content\/uploads\/2023\/11\/image-137.png","articleSection":["SHOWBIZ"],"inLanguage":"en-US","potentialAction":[{"@type":"CommentAction","name":"Comment","target":["https:\/\/blogin.al\/?p=40637#respond"]}]},{"@type":"WebPage","@id":"https:\/\/blogin.al\/?p=40637","url":"https:\/\/blogin.al\/?p=40637","name":"Konfirmuan se do b\u00ebhen me vajz\u00eb\/ Luizi i k\u00ebrkon Kiar\u00ebs t\u00eb b\u00ebjn\u00eb nj\u00eb djal\u00eb, si i p\u00ebrgjigjet moderatorja? - blogin.al","isPartOf":{"@id":"https:\/\/blogin.al\/#website"},"primaryImageOfPage":{"@id":"https:\/\/blogin.al\/?p=40637#primaryimage"},"image":{"@id":"https:\/\/blogin.al\/?p=40637#primaryimage"},"thumbnailUrl":"https:\/\/blogin.al\/wp-content\/uploads\/2023\/11\/image-137.png","datePublished":"2023-11-30T11:14:27+00:00","dateModified":"2023-11-30T11:14:29+00:00","breadcrumb":{"@id":"https:\/\/blogin.al\/?p=40637#breadcrumb"},"inLanguage":"en-US","potentialAction":[{"@type":"ReadAction","target":["https:\/\/blogin.al\/?p=40637"]}]},{"@type":"ImageObject","inLanguage":"en-US","@id":"https:\/\/blogin.al\/?p=40637#primaryimage","url":"https:\/\/blogin.al\/wp-content\/uploads\/2023\/11\/image-137.png","contentUrl":"https:\/\/blogin.al\/wp-content\/uploads\/2023\/11\/image-137.png","width":664,"height":450},{"@type":"BreadcrumbList","@id":"https:\/\/blogin.al\/?p=40637#breadcrumb","itemListElement":[{"@type":"ListItem","position":1,"name":"Home","item":"https:\/\/blogin.al\/"},{"@type":"ListItem","position":2,"name":"Konfirmuan se do b\u00ebhen me vajz\u00eb\/ Luizi i k\u00ebrkon Kiar\u00ebs t\u00eb b\u00ebjn\u00eb nj\u00eb djal\u00eb, si i p\u00ebrgjigjet moderatorja?"}]},{"@type":"WebSite","@id":"https:\/\/blogin.al\/#website","url":"https:\/\/blogin.al\/","name":"blogin.al","description":"","publisher":{"@id":"https:\/\/blogin.al\/#organization"},"potentialAction":[{"@type":"SearchAction","target":{"@type":"EntryPoint","urlTemplate":"https:\/\/blogin.al\/?s={search_term_string}"},"query-input":{"@type":"PropertyValueSpecification","valueRequired":true,"valueName":"search_term_string"}}],"inLanguage":"en-US"},{"@type":"Organization","@id":"https:\/\/blogin.al\/#organization","name":"BLOGIN.al","url":"https:\/\/blogin.al\/","logo":{"@type":"ImageObject","inLanguage":"en-US","@id":"https:\/\/blogin.al\/#\/schema\/logo\/image\/","url":"https:\/\/blogin.al\/wp-content\/uploads\/2022\/05\/Untitled-2-01-e1652084456514.png","contentUrl":"https:\/\/blogin.al\/wp-content\/uploads\/2022\/05\/Untitled-2-01-e1652084456514.png","width":3723,"height":1698,"caption":"BLOGIN.al"},"image":{"@id":"https:\/\/blogin.al\/#\/schema\/logo\/image\/"},"sameAs":["https:\/\/instagram.com\/blogin.al\/"]},{"@type":"Person","@id":"https:\/\/blogin.al\/#\/schema\/person\/abdd56bc912cd511db877b852b115399","name":"Blogin al","image":{"@type":"ImageObject","inLanguage":"en-US","@id":"https:\/\/secure.gravatar.com\/avatar\/60d5661aee6e835fb13dc75d2204cd0c1d61bef2efd137c0083e59ef831e235e?s=96&d=mm&r=g","url":"https:\/\/secure.gravatar.com\/avatar\/60d5661aee6e835fb13dc75d2204cd0c1d61bef2efd137c0083e59ef831e235e?s=96&d=mm&r=g","contentUrl":"https:\/\/secure.gravatar.com\/avatar\/60d5661aee6e835fb13dc75d2204cd0c1d61bef2efd137c0083e59ef831e235e?s=96&d=mm&r=g","caption":"Blogin al"},"sameAs":["https:\/\/blogin.al"],"url":"https:\/\/blogin.al\/?author=2"}]}},"_links":{"self":[{"href":"https:\/\/blogin.al\/index.php?rest_route=\/wp\/v2\/posts\/40637","targetHints":{"allow":["GET"]}}],"collection":[{"href":"https:\/\/blogin.al\/index.php?rest_route=\/wp\/v2\/posts"}],"about":[{"href":"https:\/\/blogin.al\/index.php?rest_route=\/wp\/v2\/types\/post"}],"author":[{"embeddable":true,"href":"https:\/\/blogin.al\/index.php?rest_route=\/wp\/v2\/users\/2"}],"replies":[{"embeddable":true,"href":"https:\/\/blogin.al\/index.php?rest_route=%2Fwp%2Fv2%2Fcomments&post=40637"}],"version-history":[{"count":1,"href":"https:\/\/blogin.al\/index.php?rest_route=\/wp\/v2\/posts\/40637\/revisions"}],"predecessor-version":[{"id":40638,"href":"https:\/\/blogin.al\/index.php?rest_route=\/wp\/v2\/posts\/40637\/revisions\/40638"}],"wp:featuredmedia":[{"embeddable":true,"href":"https:\/\/blogin.al\/index.php?rest_route=\/wp\/v2\/media\/40312"}],"wp:attachment":[{"href":"https:\/\/blogin.al\/index.php?rest_route=%2Fwp%2Fv2%2Fmedia&parent=40637"}],"wp:term":[{"taxonomy":"category","embeddable":true,"href":"https:\/\/blogin.al\/index.php?rest_route=%2Fwp%2Fv2%2Fcategories&post=40637"},{"taxonomy":"post_tag","embeddable":true,"href":"https:\/\/blogin.al\/index.php?rest_route=%2Fwp%2Fv2%2Ftags&post=40637"}],"curies":[{"name":"wp","href":"https:\/\/api.w.org\/{rel}","templated":true}]}}