{"id":40685,"date":"2023-12-01T08:30:31","date_gmt":"2023-12-01T08:30:31","guid":{"rendered":"https:\/\/blogin.al\/?p=40685"},"modified":"2023-12-01T09:26:26","modified_gmt":"2023-12-01T09:26:26","slug":"kengetarja-shqiptare-nuk-kursehet-me-fjalet-e-embla-per-djalin-e-bashkeshortit-te-saj","status":"publish","type":"post","link":"https:\/\/blogin.al\/?p=40685","title":{"rendered":"K\u00ebng\u00ebtarja shqiptare nuk kursehet me fjal\u00ebt e \u00ebmbla p\u00ebr djalin e bashk\u00ebshortit t\u00eb saj"},"content":{"rendered":"\n<p>Eni Koci dhe Genc Prelvukaj pranuan romanc\u00ebn e shum\u00ebp\u00ebrfolur gjat\u00eb fest\u00ebs s\u00eb vitit 2018 \u201cOp Labi Part\u201d. N\u00eb vitin 2019-t\u00eb, \u00e7ifti i njohur konfirmoi lajmin se i kishin dh\u00ebn\u00eb fund beqaris\u00eb, me nj\u00eb set fotografik t\u00eb publikuar n\u00eb rrjetet sociale.<\/p>\n\n\n\n<p>N\u00eb tetorin e vitit t\u00eb kaluar, Genci dhe Eni u b\u00ebn\u00eb prind\u00ebr t\u00eb nj\u00eb vajze, t\u00eb cil\u00ebn e kan\u00eb quajtur Adea.<\/p>\n\n\n\n<p>Nga ana tjet\u00ebr, Genc Prelvukaj \u00ebsht\u00eb gjithashtu babai edhe i nj\u00eb djali adoleshent, t\u00eb quajtur Gjin. Pavar\u00ebsisht se \u00ebsht\u00eb p\u00ebrpjekur q\u00eb ta mbaj\u00eb at\u00eb sa m\u00eb larg v\u00ebmendjes s\u00eb publikut, ai rrall\u00eb her\u00eb poston fotografit\u00eb e t\u00eb birit.<\/p>\n\n\n\n<p>K\u00ebng\u00ebtarja e njohur e ka v\u00ebrtetuar m\u00eb s\u00eb miri lidhjen e ve\u00e7ant\u00eb q\u00eb ka me Gjinin, duke e uruar me fjal\u00ebt m\u00eb t\u00eb bukura p\u00ebr dit\u00ebn e tij t\u00eb lindjes.<\/p>\n\n\n\n<p>Eni ka publikuar nj\u00eb fotografi n\u00eb profilin e saj t\u00eb Instagramit, ku shihet s\u00eb bashku me Gjinin dhe bashkangjitur shkruan:<\/p>\n\n\n\n<p>\u201c<em>G\u00ebzuar dit\u00eblindjen p\u00ebr djalin m\u00eb t\u00eb mir\u00eb q\u00eb ka familja Prelvukaj\u201d.<\/em><\/p>\n\n\n\n<figure class=\"wp-block-image size-large\"><img fetchpriority=\"high\" decoding=\"async\" width=\"405\" height=\"720\" src=\"https:\/\/blogin.al\/wp-content\/uploads\/2023\/12\/WhatsApp-Image-2023-11-30-at-17.32.56-405x720-1.jpeg\" alt=\"\" class=\"wp-image-40683\" srcset=\"https:\/\/blogin.al\/wp-content\/uploads\/2023\/12\/WhatsApp-Image-2023-11-30-at-17.32.56-405x720-1.jpeg 405w, https:\/\/blogin.al\/wp-content\/uploads\/2023\/12\/WhatsApp-Image-2023-11-30-at-17.32.56-405x720-1-169x300.jpeg 169w, https:\/\/blogin.al\/wp-content\/uploads\/2023\/12\/WhatsApp-Image-2023-11-30-at-17.32.56-405x720-1-150x267.jpeg 150w, https:\/\/blogin.al\/wp-content\/uploads\/2023\/12\/WhatsApp-Image-2023-11-30-at-17.32.56-405x720-1-300x533.jpeg 300w\" sizes=\"(max-width: 405px) 100vw, 405px\" \/><\/figure>\n","protected":false},"excerpt":{"rendered":"<p>Eni Koci dhe Genc Prelvukaj pranuan romanc\u00ebn e shum\u00ebp\u00ebrfolur gjat\u00eb fest\u00ebs s\u00eb vitit 2018 \u201cOp Labi Part\u201d. N\u00eb vitin 2019-t\u00eb, \u00e7ifti i njohur konfirmoi lajmin se i kishin dh\u00ebn\u00eb fund beqaris\u00eb, me nj\u00eb set fotografik t\u00eb publikuar n\u00eb rrjetet sociale. N\u00eb tetorin e vitit t\u00eb kaluar, Genci dhe Eni u b\u00ebn\u00eb prind\u00ebr t\u00eb nj\u00eb vajze, [&hellip;]<\/p>\n","protected":false},"author":2,"featured_media":40684,"comment_status":"open","ping_status":"open","sticky":false,"template":"","format":"standard","meta":{"footnotes":""},"categories":[33],"tags":[],"class_list":{"0":"post-40685","1":"post","2":"type-post","3":"status-publish","4":"format-standard","5":"has-post-thumbnail","7":"category-showbiz"},"yoast_head":"<!-- This site is optimized with the Yoast SEO plugin v27.5 - https:\/\/yoast.com\/product\/yoast-seo-wordpress\/ -->\n<title>K\u00ebng\u00ebtarja shqiptare nuk kursehet me fjal\u00ebt e \u00ebmbla p\u00ebr djalin e bashk\u00ebshortit t\u00eb saj - blogin.al<\/title>\n<meta name=\"robots\" content=\"index, follow, max-snippet:-1, max-image-preview:large, max-video-preview:-1\" \/>\n<link rel=\"canonical\" href=\"https:\/\/blogin.al\/?p=40685\" \/>\n<meta property=\"og:locale\" content=\"en_US\" \/>\n<meta property=\"og:type\" content=\"article\" \/>\n<meta property=\"og:title\" content=\"K\u00ebng\u00ebtarja shqiptare nuk kursehet me fjal\u00ebt e \u00ebmbla p\u00ebr djalin e bashk\u00ebshortit t\u00eb saj - blogin.al\" \/>\n<meta property=\"og:description\" content=\"Eni Koci dhe Genc Prelvukaj pranuan romanc\u00ebn e shum\u00ebp\u00ebrfolur gjat\u00eb fest\u00ebs s\u00eb vitit 2018 \u201cOp Labi Part\u201d. N\u00eb vitin 2019-t\u00eb, \u00e7ifti i njohur konfirmoi lajmin se i kishin dh\u00ebn\u00eb fund beqaris\u00eb, me nj\u00eb set fotografik t\u00eb publikuar n\u00eb rrjetet sociale. N\u00eb tetorin e vitit t\u00eb kaluar, Genci dhe Eni u b\u00ebn\u00eb prind\u00ebr t\u00eb nj\u00eb vajze, [&hellip;]\" \/>\n<meta property=\"og:url\" content=\"https:\/\/blogin.al\/?p=40685\" \/>\n<meta property=\"og:site_name\" content=\"blogin.al\" \/>\n<meta property=\"article:published_time\" content=\"2023-12-01T08:30:31+00:00\" \/>\n<meta property=\"article:modified_time\" content=\"2023-12-01T09:26:26+00:00\" \/>\n<meta property=\"og:image\" content=\"https:\/\/blogin.al\/wp-content\/uploads\/2023\/12\/en.png\" \/>\n\t<meta property=\"og:image:width\" content=\"718\" \/>\n\t<meta property=\"og:image:height\" content=\"436\" \/>\n\t<meta property=\"og:image:type\" content=\"image\/png\" \/>\n<meta name=\"author\" content=\"Blogin al\" \/>\n<meta name=\"twitter:card\" content=\"summary_large_image\" \/>\n<meta name=\"twitter:label1\" content=\"Written by\" \/>\n\t<meta name=\"twitter:data1\" content=\"Blogin al\" \/>\n\t<meta name=\"twitter:label2\" content=\"Est. reading time\" \/>\n\t<meta name=\"twitter:data2\" content=\"1 minute\" \/>\n<script type=\"application\/ld+json\" class=\"yoast-schema-graph\">{\"@context\":\"https:\\\/\\\/schema.org\",\"@graph\":[{\"@type\":\"Article\",\"@id\":\"https:\\\/\\\/blogin.al\\\/?p=40685#article\",\"isPartOf\":{\"@id\":\"https:\\\/\\\/blogin.al\\\/?p=40685\"},\"author\":{\"name\":\"Blogin al\",\"@id\":\"https:\\\/\\\/blogin.al\\\/#\\\/schema\\\/person\\\/abdd56bc912cd511db877b852b115399\"},\"headline\":\"K\u00ebng\u00ebtarja shqiptare nuk kursehet me fjal\u00ebt e \u00ebmbla p\u00ebr djalin e bashk\u00ebshortit t\u00eb saj\",\"datePublished\":\"2023-12-01T08:30:31+00:00\",\"dateModified\":\"2023-12-01T09:26:26+00:00\",\"mainEntityOfPage\":{\"@id\":\"https:\\\/\\\/blogin.al\\\/?p=40685\"},\"wordCount\":200,\"commentCount\":0,\"publisher\":{\"@id\":\"https:\\\/\\\/blogin.al\\\/#organization\"},\"image\":{\"@id\":\"https:\\\/\\\/blogin.al\\\/?p=40685#primaryimage\"},\"thumbnailUrl\":\"https:\\\/\\\/blogin.al\\\/wp-content\\\/uploads\\\/2023\\\/12\\\/en.png\",\"articleSection\":[\"SHOWBIZ\"],\"inLanguage\":\"en-US\",\"potentialAction\":[{\"@type\":\"CommentAction\",\"name\":\"Comment\",\"target\":[\"https:\\\/\\\/blogin.al\\\/?p=40685#respond\"]}]},{\"@type\":\"WebPage\",\"@id\":\"https:\\\/\\\/blogin.al\\\/?p=40685\",\"url\":\"https:\\\/\\\/blogin.al\\\/?p=40685\",\"name\":\"K\u00ebng\u00ebtarja shqiptare nuk kursehet me fjal\u00ebt e \u00ebmbla p\u00ebr djalin e bashk\u00ebshortit t\u00eb saj - blogin.al\",\"isPartOf\":{\"@id\":\"https:\\\/\\\/blogin.al\\\/#website\"},\"primaryImageOfPage\":{\"@id\":\"https:\\\/\\\/blogin.al\\\/?p=40685#primaryimage\"},\"image\":{\"@id\":\"https:\\\/\\\/blogin.al\\\/?p=40685#primaryimage\"},\"thumbnailUrl\":\"https:\\\/\\\/blogin.al\\\/wp-content\\\/uploads\\\/2023\\\/12\\\/en.png\",\"datePublished\":\"2023-12-01T08:30:31+00:00\",\"dateModified\":\"2023-12-01T09:26:26+00:00\",\"breadcrumb\":{\"@id\":\"https:\\\/\\\/blogin.al\\\/?p=40685#breadcrumb\"},\"inLanguage\":\"en-US\",\"potentialAction\":[{\"@type\":\"ReadAction\",\"target\":[\"https:\\\/\\\/blogin.al\\\/?p=40685\"]}]},{\"@type\":\"ImageObject\",\"inLanguage\":\"en-US\",\"@id\":\"https:\\\/\\\/blogin.al\\\/?p=40685#primaryimage\",\"url\":\"https:\\\/\\\/blogin.al\\\/wp-content\\\/uploads\\\/2023\\\/12\\\/en.png\",\"contentUrl\":\"https:\\\/\\\/blogin.al\\\/wp-content\\\/uploads\\\/2023\\\/12\\\/en.png\",\"width\":718,\"height\":436},{\"@type\":\"BreadcrumbList\",\"@id\":\"https:\\\/\\\/blogin.al\\\/?p=40685#breadcrumb\",\"itemListElement\":[{\"@type\":\"ListItem\",\"position\":1,\"name\":\"Home\",\"item\":\"https:\\\/\\\/blogin.al\\\/\"},{\"@type\":\"ListItem\",\"position\":2,\"name\":\"K\u00ebng\u00ebtarja shqiptare nuk kursehet me fjal\u00ebt e \u00ebmbla p\u00ebr djalin e bashk\u00ebshortit t\u00eb saj\"}]},{\"@type\":\"WebSite\",\"@id\":\"https:\\\/\\\/blogin.al\\\/#website\",\"url\":\"https:\\\/\\\/blogin.al\\\/\",\"name\":\"blogin.al\",\"description\":\"\",\"publisher\":{\"@id\":\"https:\\\/\\\/blogin.al\\\/#organization\"},\"potentialAction\":[{\"@type\":\"SearchAction\",\"target\":{\"@type\":\"EntryPoint\",\"urlTemplate\":\"https:\\\/\\\/blogin.al\\\/?s={search_term_string}\"},\"query-input\":{\"@type\":\"PropertyValueSpecification\",\"valueRequired\":true,\"valueName\":\"search_term_string\"}}],\"inLanguage\":\"en-US\"},{\"@type\":\"Organization\",\"@id\":\"https:\\\/\\\/blogin.al\\\/#organization\",\"name\":\"BLOGIN.al\",\"url\":\"https:\\\/\\\/blogin.al\\\/\",\"logo\":{\"@type\":\"ImageObject\",\"inLanguage\":\"en-US\",\"@id\":\"https:\\\/\\\/blogin.al\\\/#\\\/schema\\\/logo\\\/image\\\/\",\"url\":\"https:\\\/\\\/blogin.al\\\/wp-content\\\/uploads\\\/2022\\\/05\\\/Untitled-2-01-e1652084456514.png\",\"contentUrl\":\"https:\\\/\\\/blogin.al\\\/wp-content\\\/uploads\\\/2022\\\/05\\\/Untitled-2-01-e1652084456514.png\",\"width\":3723,\"height\":1698,\"caption\":\"BLOGIN.al\"},\"image\":{\"@id\":\"https:\\\/\\\/blogin.al\\\/#\\\/schema\\\/logo\\\/image\\\/\"},\"sameAs\":[\"https:\\\/\\\/instagram.com\\\/blogin.al\\\/\"]},{\"@type\":\"Person\",\"@id\":\"https:\\\/\\\/blogin.al\\\/#\\\/schema\\\/person\\\/abdd56bc912cd511db877b852b115399\",\"name\":\"Blogin al\",\"image\":{\"@type\":\"ImageObject\",\"inLanguage\":\"en-US\",\"@id\":\"https:\\\/\\\/secure.gravatar.com\\\/avatar\\\/60d5661aee6e835fb13dc75d2204cd0c1d61bef2efd137c0083e59ef831e235e?s=96&d=mm&r=g\",\"url\":\"https:\\\/\\\/secure.gravatar.com\\\/avatar\\\/60d5661aee6e835fb13dc75d2204cd0c1d61bef2efd137c0083e59ef831e235e?s=96&d=mm&r=g\",\"contentUrl\":\"https:\\\/\\\/secure.gravatar.com\\\/avatar\\\/60d5661aee6e835fb13dc75d2204cd0c1d61bef2efd137c0083e59ef831e235e?s=96&d=mm&r=g\",\"caption\":\"Blogin al\"},\"sameAs\":[\"https:\\\/\\\/blogin.al\"],\"url\":\"https:\\\/\\\/blogin.al\\\/?author=2\"}]}<\/script>\n<!-- \/ Yoast SEO plugin. -->","yoast_head_json":{"title":"K\u00ebng\u00ebtarja shqiptare nuk kursehet me fjal\u00ebt e \u00ebmbla p\u00ebr djalin e bashk\u00ebshortit t\u00eb saj - blogin.al","robots":{"index":"index","follow":"follow","max-snippet":"max-snippet:-1","max-image-preview":"max-image-preview:large","max-video-preview":"max-video-preview:-1"},"canonical":"https:\/\/blogin.al\/?p=40685","og_locale":"en_US","og_type":"article","og_title":"K\u00ebng\u00ebtarja shqiptare nuk kursehet me fjal\u00ebt e \u00ebmbla p\u00ebr djalin e bashk\u00ebshortit t\u00eb saj - blogin.al","og_description":"Eni Koci dhe Genc Prelvukaj pranuan romanc\u00ebn e shum\u00ebp\u00ebrfolur gjat\u00eb fest\u00ebs s\u00eb vitit 2018 \u201cOp Labi Part\u201d. N\u00eb vitin 2019-t\u00eb, \u00e7ifti i njohur konfirmoi lajmin se i kishin dh\u00ebn\u00eb fund beqaris\u00eb, me nj\u00eb set fotografik t\u00eb publikuar n\u00eb rrjetet sociale. N\u00eb tetorin e vitit t\u00eb kaluar, Genci dhe Eni u b\u00ebn\u00eb prind\u00ebr t\u00eb nj\u00eb vajze, [&hellip;]","og_url":"https:\/\/blogin.al\/?p=40685","og_site_name":"blogin.al","article_published_time":"2023-12-01T08:30:31+00:00","article_modified_time":"2023-12-01T09:26:26+00:00","og_image":[{"width":718,"height":436,"url":"https:\/\/blogin.al\/wp-content\/uploads\/2023\/12\/en.png","type":"image\/png"}],"author":"Blogin al","twitter_card":"summary_large_image","twitter_misc":{"Written by":"Blogin al","Est. reading time":"1 minute"},"schema":{"@context":"https:\/\/schema.org","@graph":[{"@type":"Article","@id":"https:\/\/blogin.al\/?p=40685#article","isPartOf":{"@id":"https:\/\/blogin.al\/?p=40685"},"author":{"name":"Blogin al","@id":"https:\/\/blogin.al\/#\/schema\/person\/abdd56bc912cd511db877b852b115399"},"headline":"K\u00ebng\u00ebtarja shqiptare nuk kursehet me fjal\u00ebt e \u00ebmbla p\u00ebr djalin e bashk\u00ebshortit t\u00eb saj","datePublished":"2023-12-01T08:30:31+00:00","dateModified":"2023-12-01T09:26:26+00:00","mainEntityOfPage":{"@id":"https:\/\/blogin.al\/?p=40685"},"wordCount":200,"commentCount":0,"publisher":{"@id":"https:\/\/blogin.al\/#organization"},"image":{"@id":"https:\/\/blogin.al\/?p=40685#primaryimage"},"thumbnailUrl":"https:\/\/blogin.al\/wp-content\/uploads\/2023\/12\/en.png","articleSection":["SHOWBIZ"],"inLanguage":"en-US","potentialAction":[{"@type":"CommentAction","name":"Comment","target":["https:\/\/blogin.al\/?p=40685#respond"]}]},{"@type":"WebPage","@id":"https:\/\/blogin.al\/?p=40685","url":"https:\/\/blogin.al\/?p=40685","name":"K\u00ebng\u00ebtarja shqiptare nuk kursehet me fjal\u00ebt e \u00ebmbla p\u00ebr djalin e bashk\u00ebshortit t\u00eb saj - blogin.al","isPartOf":{"@id":"https:\/\/blogin.al\/#website"},"primaryImageOfPage":{"@id":"https:\/\/blogin.al\/?p=40685#primaryimage"},"image":{"@id":"https:\/\/blogin.al\/?p=40685#primaryimage"},"thumbnailUrl":"https:\/\/blogin.al\/wp-content\/uploads\/2023\/12\/en.png","datePublished":"2023-12-01T08:30:31+00:00","dateModified":"2023-12-01T09:26:26+00:00","breadcrumb":{"@id":"https:\/\/blogin.al\/?p=40685#breadcrumb"},"inLanguage":"en-US","potentialAction":[{"@type":"ReadAction","target":["https:\/\/blogin.al\/?p=40685"]}]},{"@type":"ImageObject","inLanguage":"en-US","@id":"https:\/\/blogin.al\/?p=40685#primaryimage","url":"https:\/\/blogin.al\/wp-content\/uploads\/2023\/12\/en.png","contentUrl":"https:\/\/blogin.al\/wp-content\/uploads\/2023\/12\/en.png","width":718,"height":436},{"@type":"BreadcrumbList","@id":"https:\/\/blogin.al\/?p=40685#breadcrumb","itemListElement":[{"@type":"ListItem","position":1,"name":"Home","item":"https:\/\/blogin.al\/"},{"@type":"ListItem","position":2,"name":"K\u00ebng\u00ebtarja shqiptare nuk kursehet me fjal\u00ebt e \u00ebmbla p\u00ebr djalin e bashk\u00ebshortit t\u00eb saj"}]},{"@type":"WebSite","@id":"https:\/\/blogin.al\/#website","url":"https:\/\/blogin.al\/","name":"blogin.al","description":"","publisher":{"@id":"https:\/\/blogin.al\/#organization"},"potentialAction":[{"@type":"SearchAction","target":{"@type":"EntryPoint","urlTemplate":"https:\/\/blogin.al\/?s={search_term_string}"},"query-input":{"@type":"PropertyValueSpecification","valueRequired":true,"valueName":"search_term_string"}}],"inLanguage":"en-US"},{"@type":"Organization","@id":"https:\/\/blogin.al\/#organization","name":"BLOGIN.al","url":"https:\/\/blogin.al\/","logo":{"@type":"ImageObject","inLanguage":"en-US","@id":"https:\/\/blogin.al\/#\/schema\/logo\/image\/","url":"https:\/\/blogin.al\/wp-content\/uploads\/2022\/05\/Untitled-2-01-e1652084456514.png","contentUrl":"https:\/\/blogin.al\/wp-content\/uploads\/2022\/05\/Untitled-2-01-e1652084456514.png","width":3723,"height":1698,"caption":"BLOGIN.al"},"image":{"@id":"https:\/\/blogin.al\/#\/schema\/logo\/image\/"},"sameAs":["https:\/\/instagram.com\/blogin.al\/"]},{"@type":"Person","@id":"https:\/\/blogin.al\/#\/schema\/person\/abdd56bc912cd511db877b852b115399","name":"Blogin al","image":{"@type":"ImageObject","inLanguage":"en-US","@id":"https:\/\/secure.gravatar.com\/avatar\/60d5661aee6e835fb13dc75d2204cd0c1d61bef2efd137c0083e59ef831e235e?s=96&d=mm&r=g","url":"https:\/\/secure.gravatar.com\/avatar\/60d5661aee6e835fb13dc75d2204cd0c1d61bef2efd137c0083e59ef831e235e?s=96&d=mm&r=g","contentUrl":"https:\/\/secure.gravatar.com\/avatar\/60d5661aee6e835fb13dc75d2204cd0c1d61bef2efd137c0083e59ef831e235e?s=96&d=mm&r=g","caption":"Blogin al"},"sameAs":["https:\/\/blogin.al"],"url":"https:\/\/blogin.al\/?author=2"}]}},"_links":{"self":[{"href":"https:\/\/blogin.al\/index.php?rest_route=\/wp\/v2\/posts\/40685","targetHints":{"allow":["GET"]}}],"collection":[{"href":"https:\/\/blogin.al\/index.php?rest_route=\/wp\/v2\/posts"}],"about":[{"href":"https:\/\/blogin.al\/index.php?rest_route=\/wp\/v2\/types\/post"}],"author":[{"embeddable":true,"href":"https:\/\/blogin.al\/index.php?rest_route=\/wp\/v2\/users\/2"}],"replies":[{"embeddable":true,"href":"https:\/\/blogin.al\/index.php?rest_route=%2Fwp%2Fv2%2Fcomments&post=40685"}],"version-history":[{"count":1,"href":"https:\/\/blogin.al\/index.php?rest_route=\/wp\/v2\/posts\/40685\/revisions"}],"predecessor-version":[{"id":40686,"href":"https:\/\/blogin.al\/index.php?rest_route=\/wp\/v2\/posts\/40685\/revisions\/40686"}],"wp:featuredmedia":[{"embeddable":true,"href":"https:\/\/blogin.al\/index.php?rest_route=\/wp\/v2\/media\/40684"}],"wp:attachment":[{"href":"https:\/\/blogin.al\/index.php?rest_route=%2Fwp%2Fv2%2Fmedia&parent=40685"}],"wp:term":[{"taxonomy":"category","embeddable":true,"href":"https:\/\/blogin.al\/index.php?rest_route=%2Fwp%2Fv2%2Fcategories&post=40685"},{"taxonomy":"post_tag","embeddable":true,"href":"https:\/\/blogin.al\/index.php?rest_route=%2Fwp%2Fv2%2Ftags&post=40685"}],"curies":[{"name":"wp","href":"https:\/\/api.w.org\/{rel}","templated":true}]}}