{"id":40748,"date":"2023-12-02T09:53:00","date_gmt":"2023-12-02T09:53:00","guid":{"rendered":"https:\/\/blogin.al\/?p=40748"},"modified":"2023-12-02T09:53:01","modified_gmt":"2023-12-02T09:53:01","slug":"vrasja-e-liridones-pacolli-jam-i-tronditur-dy-femije-jane-pa-nene","status":"publish","type":"post","link":"https:\/\/blogin.al\/?p=40748","title":{"rendered":"Vrasja e Liridon\u00ebs! Pacolli: Jam i tronditur! Dy f\u00ebmij\u00eb jan\u00eb pa n\u00ebn\u00eb"},"content":{"rendered":"\n<p>Ish-Presidenti i Kosov\u00ebs Behgjet Pacolli ka reaguar p\u00ebr vrasjen e Liridona Murselit. Me an\u00eb t\u00eb nj\u00eb postimi n\u00eb Facebook, Pacolli shkruan se \u00ebsht\u00eb i tronditur nga vrasja mizore e Liridon\u00ebs, t\u00eb cil\u00ebn thekson se e ka njohur edhe personalisht. Teksa p\u00ebrg\u00ebzon Policin\u00eb p\u00ebr pun\u00ebn profesionale p\u00ebr zbulimin e rastit, Pacolli shkruan se kushdo q\u00eb \u00ebsht\u00eb mbrapa k\u00ebtij akti, duhet t\u00eb dal\u00eb para drejt\u00ebsis\u00eb.<\/p>\n\n\n\n<blockquote class=\"wp-block-quote is-layout-flow wp-block-quote-is-layout-flow\">\n<p><em>Sot, f\u00ebmij\u00ebt dhe familja kan\u00eb varrosur Liridon\u00ebn, nj\u00eb vajz\u00eb dhe n\u00ebn\u00eb t\u00eb re e cila u vra mizorisht. Jam ende i tmerruar dhe i tronditur nga vrasja e Liridon\u00ebs, t\u00eb cil\u00ebn e kam njohur personalisht. Sot dhe \u00e7do dit\u00eb, lutjet dhe mendimet e mia jan\u00eb me f\u00ebmij\u00ebt dhe familjen e Liridon\u00ebs. I p\u00ebrgezoj policin\u00eb e Kosov\u00ebs p\u00ebr pun\u00ebn e madhe dhe profesionale q\u00eb po b\u00ebjn\u00eb p\u00ebr zbulimin e rastit. Kushdo qoft\u00eb mbrapa k\u00ebtij akti t\u00eb tmerrsh\u00ebm dhe makab\u00ebr (akt i papar\u00eb n\u00eb tradit\u00ebn ton\u00eb), duhet t\u00eb dal\u00eb para drejt\u00ebsis\u00eb dhe t\u00eb merr d\u00ebnimin maksimal p\u00ebr k\u00ebt\u00eb. &nbsp;Sot, dy f\u00ebmij\u00eb jan\u00eb pa n\u00ebn\u00ebn e tyre, t\u00eb cil\u00ebs jeta u mor n\u00eb rinin\u00eb e saj. Jam ende i shokuar!.<\/em><\/p>\n<\/blockquote>\n\n\n\n<p>Ndon\u00ebse hetimet nis\u00ebn p\u00ebr identifikimin dhe kapjen e grabit\u00ebsve, dinamika e ngjarjes ngre dyshime se Murseli mund t\u00eb ket\u00eb \u2018gisht\u2019 n\u00eb vrasjen e bashk\u00ebshortes s\u00eb tij, Liridon\u00ebs.<\/p>\n\n\n\n<p>Ai \u00ebsht\u00eb v\u00ebn\u00eb n\u00eb pranga mbr\u00ebmjen e k\u00ebsaj t\u00eb premte, bashk\u00eb me nj\u00eb person tjet\u00ebr t\u00eb dyshuar. N\u00eb momentin kur ka ndodhur ngjarja Liridona ka qen\u00eb n\u00eb makin\u00eb bashk\u00eb me Naimin dhe dy f\u00ebmij\u00ebt.<\/p>\n\n\n\n<p>Fillimisht, autoritetet dyshuan se 33-vje\u00e7arja \u00ebsht\u00eb vrar\u00eb nga grabit\u00ebsit, por q\u00eb kjo duket se nuk \u00ebsht\u00eb e vetmja pist\u00eb hetimi.<\/p>\n\n\n\n<p>Ngjarja ka ndodhur pasditen e s\u00eb m\u00ebrkur\u00ebs. Liridona ishte n\u00eb makin\u00eb me bashk\u00ebshortin dhe dy f\u00ebmij\u00ebt, kur n\u00eb af\u00ebrsi t\u00eb sht\u00ebpis\u00eb s\u00eb saj n\u00eb dalje t\u00eb Prishtin\u00ebs u sulmua me arm\u00eb zjarri, ku mbeti e vrar\u00eb. Nd\u00ebrsa, ish-k\u00ebshilltari i Behgjet Pacollit, nj\u00ebher\u00ebsh bashk\u00ebshorti i saj, Naim Murseli dhe dy f\u00ebmij\u00ebt shp\u00ebtuan.<\/p>\n","protected":false},"excerpt":{"rendered":"<p>Ish-Presidenti i Kosov\u00ebs Behgjet Pacolli ka reaguar p\u00ebr vrasjen e Liridona Murselit. Me an\u00eb t\u00eb nj\u00eb postimi n\u00eb Facebook, Pacolli shkruan se \u00ebsht\u00eb i tronditur nga vrasja mizore e Liridon\u00ebs, t\u00eb cil\u00ebn thekson se e ka njohur edhe personalisht. Teksa p\u00ebrg\u00ebzon Policin\u00eb p\u00ebr pun\u00ebn profesionale p\u00ebr zbulimin e rastit, Pacolli shkruan se kushdo q\u00eb \u00ebsht\u00eb [&hellip;]<\/p>\n","protected":false},"author":2,"featured_media":19186,"comment_status":"open","ping_status":"open","sticky":false,"template":"","format":"standard","meta":{"footnotes":""},"categories":[39],"tags":[],"class_list":{"0":"post-40748","1":"post","2":"type-post","3":"status-publish","4":"format-standard","5":"has-post-thumbnail","7":"category-aktualitet"},"yoast_head":"<!-- This site is optimized with the Yoast SEO plugin v27.4 - https:\/\/yoast.com\/product\/yoast-seo-wordpress\/ -->\n<title>Vrasja e Liridon\u00ebs! Pacolli: Jam i tronditur! Dy f\u00ebmij\u00eb jan\u00eb pa n\u00ebn\u00eb - blogin.al<\/title>\n<meta name=\"robots\" content=\"index, follow, max-snippet:-1, max-image-preview:large, max-video-preview:-1\" \/>\n<link rel=\"canonical\" href=\"https:\/\/blogin.al\/?p=40748\" \/>\n<meta property=\"og:locale\" content=\"en_US\" \/>\n<meta property=\"og:type\" content=\"article\" \/>\n<meta property=\"og:title\" content=\"Vrasja e Liridon\u00ebs! Pacolli: Jam i tronditur! Dy f\u00ebmij\u00eb jan\u00eb pa n\u00ebn\u00eb - blogin.al\" \/>\n<meta property=\"og:description\" content=\"Ish-Presidenti i Kosov\u00ebs Behgjet Pacolli ka reaguar p\u00ebr vrasjen e Liridona Murselit. Me an\u00eb t\u00eb nj\u00eb postimi n\u00eb Facebook, Pacolli shkruan se \u00ebsht\u00eb i tronditur nga vrasja mizore e Liridon\u00ebs, t\u00eb cil\u00ebn thekson se e ka njohur edhe personalisht. Teksa p\u00ebrg\u00ebzon Policin\u00eb p\u00ebr pun\u00ebn profesionale p\u00ebr zbulimin e rastit, Pacolli shkruan se kushdo q\u00eb \u00ebsht\u00eb [&hellip;]\" \/>\n<meta property=\"og:url\" content=\"https:\/\/blogin.al\/?p=40748\" \/>\n<meta property=\"og:site_name\" content=\"blogin.al\" \/>\n<meta property=\"article:published_time\" content=\"2023-12-02T09:53:00+00:00\" \/>\n<meta property=\"article:modified_time\" content=\"2023-12-02T09:53:01+00:00\" \/>\n<meta property=\"og:image\" content=\"https:\/\/blogin.al\/wp-content\/uploads\/2022\/12\/behgjet.jpg\" \/>\n\t<meta property=\"og:image:width\" content=\"814\" \/>\n\t<meta property=\"og:image:height\" content=\"960\" \/>\n\t<meta property=\"og:image:type\" content=\"image\/jpeg\" \/>\n<meta name=\"author\" content=\"Blogin al\" \/>\n<meta name=\"twitter:card\" content=\"summary_large_image\" \/>\n<meta name=\"twitter:label1\" content=\"Written by\" \/>\n\t<meta name=\"twitter:data1\" content=\"Blogin al\" \/>\n\t<meta name=\"twitter:label2\" content=\"Est. reading time\" \/>\n\t<meta name=\"twitter:data2\" content=\"1 minute\" \/>\n<script type=\"application\/ld+json\" class=\"yoast-schema-graph\">{\"@context\":\"https:\\\/\\\/schema.org\",\"@graph\":[{\"@type\":\"Article\",\"@id\":\"https:\\\/\\\/blogin.al\\\/?p=40748#article\",\"isPartOf\":{\"@id\":\"https:\\\/\\\/blogin.al\\\/?p=40748\"},\"author\":{\"name\":\"Blogin al\",\"@id\":\"https:\\\/\\\/blogin.al\\\/#\\\/schema\\\/person\\\/abdd56bc912cd511db877b852b115399\"},\"headline\":\"Vrasja e Liridon\u00ebs! Pacolli: Jam i tronditur! Dy f\u00ebmij\u00eb jan\u00eb pa n\u00ebn\u00eb\",\"datePublished\":\"2023-12-02T09:53:00+00:00\",\"dateModified\":\"2023-12-02T09:53:01+00:00\",\"mainEntityOfPage\":{\"@id\":\"https:\\\/\\\/blogin.al\\\/?p=40748\"},\"wordCount\":396,\"commentCount\":0,\"publisher\":{\"@id\":\"https:\\\/\\\/blogin.al\\\/#organization\"},\"image\":{\"@id\":\"https:\\\/\\\/blogin.al\\\/?p=40748#primaryimage\"},\"thumbnailUrl\":\"https:\\\/\\\/blogin.al\\\/wp-content\\\/uploads\\\/2022\\\/12\\\/behgjet.jpg\",\"articleSection\":[\"AKTUALITET\"],\"inLanguage\":\"en-US\",\"potentialAction\":[{\"@type\":\"CommentAction\",\"name\":\"Comment\",\"target\":[\"https:\\\/\\\/blogin.al\\\/?p=40748#respond\"]}]},{\"@type\":\"WebPage\",\"@id\":\"https:\\\/\\\/blogin.al\\\/?p=40748\",\"url\":\"https:\\\/\\\/blogin.al\\\/?p=40748\",\"name\":\"Vrasja e Liridon\u00ebs! Pacolli: Jam i tronditur! Dy f\u00ebmij\u00eb jan\u00eb pa n\u00ebn\u00eb - blogin.al\",\"isPartOf\":{\"@id\":\"https:\\\/\\\/blogin.al\\\/#website\"},\"primaryImageOfPage\":{\"@id\":\"https:\\\/\\\/blogin.al\\\/?p=40748#primaryimage\"},\"image\":{\"@id\":\"https:\\\/\\\/blogin.al\\\/?p=40748#primaryimage\"},\"thumbnailUrl\":\"https:\\\/\\\/blogin.al\\\/wp-content\\\/uploads\\\/2022\\\/12\\\/behgjet.jpg\",\"datePublished\":\"2023-12-02T09:53:00+00:00\",\"dateModified\":\"2023-12-02T09:53:01+00:00\",\"breadcrumb\":{\"@id\":\"https:\\\/\\\/blogin.al\\\/?p=40748#breadcrumb\"},\"inLanguage\":\"en-US\",\"potentialAction\":[{\"@type\":\"ReadAction\",\"target\":[\"https:\\\/\\\/blogin.al\\\/?p=40748\"]}]},{\"@type\":\"ImageObject\",\"inLanguage\":\"en-US\",\"@id\":\"https:\\\/\\\/blogin.al\\\/?p=40748#primaryimage\",\"url\":\"https:\\\/\\\/blogin.al\\\/wp-content\\\/uploads\\\/2022\\\/12\\\/behgjet.jpg\",\"contentUrl\":\"https:\\\/\\\/blogin.al\\\/wp-content\\\/uploads\\\/2022\\\/12\\\/behgjet.jpg\",\"width\":814,\"height\":960},{\"@type\":\"BreadcrumbList\",\"@id\":\"https:\\\/\\\/blogin.al\\\/?p=40748#breadcrumb\",\"itemListElement\":[{\"@type\":\"ListItem\",\"position\":1,\"name\":\"Home\",\"item\":\"https:\\\/\\\/blogin.al\\\/\"},{\"@type\":\"ListItem\",\"position\":2,\"name\":\"Vrasja e Liridon\u00ebs! Pacolli: Jam i tronditur! Dy f\u00ebmij\u00eb jan\u00eb pa n\u00ebn\u00eb\"}]},{\"@type\":\"WebSite\",\"@id\":\"https:\\\/\\\/blogin.al\\\/#website\",\"url\":\"https:\\\/\\\/blogin.al\\\/\",\"name\":\"blogin.al\",\"description\":\"\",\"publisher\":{\"@id\":\"https:\\\/\\\/blogin.al\\\/#organization\"},\"potentialAction\":[{\"@type\":\"SearchAction\",\"target\":{\"@type\":\"EntryPoint\",\"urlTemplate\":\"https:\\\/\\\/blogin.al\\\/?s={search_term_string}\"},\"query-input\":{\"@type\":\"PropertyValueSpecification\",\"valueRequired\":true,\"valueName\":\"search_term_string\"}}],\"inLanguage\":\"en-US\"},{\"@type\":\"Organization\",\"@id\":\"https:\\\/\\\/blogin.al\\\/#organization\",\"name\":\"BLOGIN.al\",\"url\":\"https:\\\/\\\/blogin.al\\\/\",\"logo\":{\"@type\":\"ImageObject\",\"inLanguage\":\"en-US\",\"@id\":\"https:\\\/\\\/blogin.al\\\/#\\\/schema\\\/logo\\\/image\\\/\",\"url\":\"https:\\\/\\\/blogin.al\\\/wp-content\\\/uploads\\\/2022\\\/05\\\/Untitled-2-01-e1652084456514.png\",\"contentUrl\":\"https:\\\/\\\/blogin.al\\\/wp-content\\\/uploads\\\/2022\\\/05\\\/Untitled-2-01-e1652084456514.png\",\"width\":3723,\"height\":1698,\"caption\":\"BLOGIN.al\"},\"image\":{\"@id\":\"https:\\\/\\\/blogin.al\\\/#\\\/schema\\\/logo\\\/image\\\/\"},\"sameAs\":[\"https:\\\/\\\/instagram.com\\\/blogin.al\\\/\"]},{\"@type\":\"Person\",\"@id\":\"https:\\\/\\\/blogin.al\\\/#\\\/schema\\\/person\\\/abdd56bc912cd511db877b852b115399\",\"name\":\"Blogin al\",\"image\":{\"@type\":\"ImageObject\",\"inLanguage\":\"en-US\",\"@id\":\"https:\\\/\\\/secure.gravatar.com\\\/avatar\\\/60d5661aee6e835fb13dc75d2204cd0c1d61bef2efd137c0083e59ef831e235e?s=96&d=mm&r=g\",\"url\":\"https:\\\/\\\/secure.gravatar.com\\\/avatar\\\/60d5661aee6e835fb13dc75d2204cd0c1d61bef2efd137c0083e59ef831e235e?s=96&d=mm&r=g\",\"contentUrl\":\"https:\\\/\\\/secure.gravatar.com\\\/avatar\\\/60d5661aee6e835fb13dc75d2204cd0c1d61bef2efd137c0083e59ef831e235e?s=96&d=mm&r=g\",\"caption\":\"Blogin al\"},\"sameAs\":[\"https:\\\/\\\/blogin.al\"],\"url\":\"https:\\\/\\\/blogin.al\\\/?author=2\"}]}<\/script>\n<!-- \/ Yoast SEO plugin. -->","yoast_head_json":{"title":"Vrasja e Liridon\u00ebs! Pacolli: Jam i tronditur! Dy f\u00ebmij\u00eb jan\u00eb pa n\u00ebn\u00eb - blogin.al","robots":{"index":"index","follow":"follow","max-snippet":"max-snippet:-1","max-image-preview":"max-image-preview:large","max-video-preview":"max-video-preview:-1"},"canonical":"https:\/\/blogin.al\/?p=40748","og_locale":"en_US","og_type":"article","og_title":"Vrasja e Liridon\u00ebs! Pacolli: Jam i tronditur! Dy f\u00ebmij\u00eb jan\u00eb pa n\u00ebn\u00eb - blogin.al","og_description":"Ish-Presidenti i Kosov\u00ebs Behgjet Pacolli ka reaguar p\u00ebr vrasjen e Liridona Murselit. Me an\u00eb t\u00eb nj\u00eb postimi n\u00eb Facebook, Pacolli shkruan se \u00ebsht\u00eb i tronditur nga vrasja mizore e Liridon\u00ebs, t\u00eb cil\u00ebn thekson se e ka njohur edhe personalisht. Teksa p\u00ebrg\u00ebzon Policin\u00eb p\u00ebr pun\u00ebn profesionale p\u00ebr zbulimin e rastit, Pacolli shkruan se kushdo q\u00eb \u00ebsht\u00eb [&hellip;]","og_url":"https:\/\/blogin.al\/?p=40748","og_site_name":"blogin.al","article_published_time":"2023-12-02T09:53:00+00:00","article_modified_time":"2023-12-02T09:53:01+00:00","og_image":[{"width":814,"height":960,"url":"https:\/\/blogin.al\/wp-content\/uploads\/2022\/12\/behgjet.jpg","type":"image\/jpeg"}],"author":"Blogin al","twitter_card":"summary_large_image","twitter_misc":{"Written by":"Blogin al","Est. reading time":"1 minute"},"schema":{"@context":"https:\/\/schema.org","@graph":[{"@type":"Article","@id":"https:\/\/blogin.al\/?p=40748#article","isPartOf":{"@id":"https:\/\/blogin.al\/?p=40748"},"author":{"name":"Blogin al","@id":"https:\/\/blogin.al\/#\/schema\/person\/abdd56bc912cd511db877b852b115399"},"headline":"Vrasja e Liridon\u00ebs! Pacolli: Jam i tronditur! Dy f\u00ebmij\u00eb jan\u00eb pa n\u00ebn\u00eb","datePublished":"2023-12-02T09:53:00+00:00","dateModified":"2023-12-02T09:53:01+00:00","mainEntityOfPage":{"@id":"https:\/\/blogin.al\/?p=40748"},"wordCount":396,"commentCount":0,"publisher":{"@id":"https:\/\/blogin.al\/#organization"},"image":{"@id":"https:\/\/blogin.al\/?p=40748#primaryimage"},"thumbnailUrl":"https:\/\/blogin.al\/wp-content\/uploads\/2022\/12\/behgjet.jpg","articleSection":["AKTUALITET"],"inLanguage":"en-US","potentialAction":[{"@type":"CommentAction","name":"Comment","target":["https:\/\/blogin.al\/?p=40748#respond"]}]},{"@type":"WebPage","@id":"https:\/\/blogin.al\/?p=40748","url":"https:\/\/blogin.al\/?p=40748","name":"Vrasja e Liridon\u00ebs! Pacolli: Jam i tronditur! Dy f\u00ebmij\u00eb jan\u00eb pa n\u00ebn\u00eb - blogin.al","isPartOf":{"@id":"https:\/\/blogin.al\/#website"},"primaryImageOfPage":{"@id":"https:\/\/blogin.al\/?p=40748#primaryimage"},"image":{"@id":"https:\/\/blogin.al\/?p=40748#primaryimage"},"thumbnailUrl":"https:\/\/blogin.al\/wp-content\/uploads\/2022\/12\/behgjet.jpg","datePublished":"2023-12-02T09:53:00+00:00","dateModified":"2023-12-02T09:53:01+00:00","breadcrumb":{"@id":"https:\/\/blogin.al\/?p=40748#breadcrumb"},"inLanguage":"en-US","potentialAction":[{"@type":"ReadAction","target":["https:\/\/blogin.al\/?p=40748"]}]},{"@type":"ImageObject","inLanguage":"en-US","@id":"https:\/\/blogin.al\/?p=40748#primaryimage","url":"https:\/\/blogin.al\/wp-content\/uploads\/2022\/12\/behgjet.jpg","contentUrl":"https:\/\/blogin.al\/wp-content\/uploads\/2022\/12\/behgjet.jpg","width":814,"height":960},{"@type":"BreadcrumbList","@id":"https:\/\/blogin.al\/?p=40748#breadcrumb","itemListElement":[{"@type":"ListItem","position":1,"name":"Home","item":"https:\/\/blogin.al\/"},{"@type":"ListItem","position":2,"name":"Vrasja e Liridon\u00ebs! Pacolli: Jam i tronditur! Dy f\u00ebmij\u00eb jan\u00eb pa n\u00ebn\u00eb"}]},{"@type":"WebSite","@id":"https:\/\/blogin.al\/#website","url":"https:\/\/blogin.al\/","name":"blogin.al","description":"","publisher":{"@id":"https:\/\/blogin.al\/#organization"},"potentialAction":[{"@type":"SearchAction","target":{"@type":"EntryPoint","urlTemplate":"https:\/\/blogin.al\/?s={search_term_string}"},"query-input":{"@type":"PropertyValueSpecification","valueRequired":true,"valueName":"search_term_string"}}],"inLanguage":"en-US"},{"@type":"Organization","@id":"https:\/\/blogin.al\/#organization","name":"BLOGIN.al","url":"https:\/\/blogin.al\/","logo":{"@type":"ImageObject","inLanguage":"en-US","@id":"https:\/\/blogin.al\/#\/schema\/logo\/image\/","url":"https:\/\/blogin.al\/wp-content\/uploads\/2022\/05\/Untitled-2-01-e1652084456514.png","contentUrl":"https:\/\/blogin.al\/wp-content\/uploads\/2022\/05\/Untitled-2-01-e1652084456514.png","width":3723,"height":1698,"caption":"BLOGIN.al"},"image":{"@id":"https:\/\/blogin.al\/#\/schema\/logo\/image\/"},"sameAs":["https:\/\/instagram.com\/blogin.al\/"]},{"@type":"Person","@id":"https:\/\/blogin.al\/#\/schema\/person\/abdd56bc912cd511db877b852b115399","name":"Blogin al","image":{"@type":"ImageObject","inLanguage":"en-US","@id":"https:\/\/secure.gravatar.com\/avatar\/60d5661aee6e835fb13dc75d2204cd0c1d61bef2efd137c0083e59ef831e235e?s=96&d=mm&r=g","url":"https:\/\/secure.gravatar.com\/avatar\/60d5661aee6e835fb13dc75d2204cd0c1d61bef2efd137c0083e59ef831e235e?s=96&d=mm&r=g","contentUrl":"https:\/\/secure.gravatar.com\/avatar\/60d5661aee6e835fb13dc75d2204cd0c1d61bef2efd137c0083e59ef831e235e?s=96&d=mm&r=g","caption":"Blogin al"},"sameAs":["https:\/\/blogin.al"],"url":"https:\/\/blogin.al\/?author=2"}]}},"_links":{"self":[{"href":"https:\/\/blogin.al\/index.php?rest_route=\/wp\/v2\/posts\/40748","targetHints":{"allow":["GET"]}}],"collection":[{"href":"https:\/\/blogin.al\/index.php?rest_route=\/wp\/v2\/posts"}],"about":[{"href":"https:\/\/blogin.al\/index.php?rest_route=\/wp\/v2\/types\/post"}],"author":[{"embeddable":true,"href":"https:\/\/blogin.al\/index.php?rest_route=\/wp\/v2\/users\/2"}],"replies":[{"embeddable":true,"href":"https:\/\/blogin.al\/index.php?rest_route=%2Fwp%2Fv2%2Fcomments&post=40748"}],"version-history":[{"count":1,"href":"https:\/\/blogin.al\/index.php?rest_route=\/wp\/v2\/posts\/40748\/revisions"}],"predecessor-version":[{"id":40749,"href":"https:\/\/blogin.al\/index.php?rest_route=\/wp\/v2\/posts\/40748\/revisions\/40749"}],"wp:featuredmedia":[{"embeddable":true,"href":"https:\/\/blogin.al\/index.php?rest_route=\/wp\/v2\/media\/19186"}],"wp:attachment":[{"href":"https:\/\/blogin.al\/index.php?rest_route=%2Fwp%2Fv2%2Fmedia&parent=40748"}],"wp:term":[{"taxonomy":"category","embeddable":true,"href":"https:\/\/blogin.al\/index.php?rest_route=%2Fwp%2Fv2%2Fcategories&post=40748"},{"taxonomy":"post_tag","embeddable":true,"href":"https:\/\/blogin.al\/index.php?rest_route=%2Fwp%2Fv2%2Ftags&post=40748"}],"curies":[{"name":"wp","href":"https:\/\/api.w.org\/{rel}","templated":true}]}}