{"id":40757,"date":"2023-12-02T12:22:46","date_gmt":"2023-12-02T12:22:46","guid":{"rendered":"https:\/\/blogin.al\/?p=40757"},"modified":"2023-12-02T12:22:47","modified_gmt":"2023-12-02T12:22:47","slug":"zbuloi-tradhtine-e-haris-publikisht-iris-paralajmeron-amadean-do-marr-masa-ligjore","status":"publish","type":"post","link":"https:\/\/blogin.al\/?p=40757","title":{"rendered":"Zbuloi tradhtin\u00eb e Haris publikisht! Iris paralajm\u00ebron Amadean: Do marr masa ligjore!"},"content":{"rendered":"\n<p>Amadea dje shokoi me b\u00ebrjen publike t\u00eb faktit se ajo dhe Haris nuk jan\u00eb m\u00eb \u00e7ift dhe arsyeja sipas jan\u00eb veprimet e Haris.<\/p>\n\n\n\n<p>Ish-konkurrentja e Love Island tha n\u00eb nj\u00eb reagim t\u00eb gjat\u00eb se arsyeja e ndarjes ishte tradhtia e Harisit, duke publikuar edhe mesazhet e k\u00ebtij t\u00eb fundit me nj\u00eb tjet\u00ebr Iris, nj\u00eb tjet\u00ebr ish konkurrente e \u201cLove Island\u201d.<\/p>\n\n\n\n<p>Mir\u00ebpo duket se kjo gj\u00eb nuk i ka p\u00eblqyer aspak Irisit e cila thot\u00eb se do ta hedh\u00eb n\u00eb gjyq Amadean p\u00ebr c\u00ebnim privat\u00ebsie.<\/p>\n\n\n\n<p>\u201cMirmbrema te gjitheve! Sapo esht bere nje gje shum e rende nga persona qe s\u2019do mendoja kurr te benin nje gje te tille, por kuptoj se kur ke te besh me njerez qe merren me jeten e te tjereve (duke nisur nga vjedhja e kodeve te instagramit etj etj. sic e kan percaktuar dhe brenda programit te love Island Albania keto gjera ndodhin!) Eshte publikuar nje bisede ku Haris me pergjigjet mua ne nje story por duke bere nje batute duke paer se fotoja esht me gjuhe jashte (duke imituar une imazhin ne sfond).<\/p>\n\n\n\n<p>Gjeja qe ka me shume rendesi per mua esht fakti se fotoja esht hedhur pa lejen time dhe kjo gje eshte shum gje e rende pasi per keto gjera mund te kalosh ne legale (gje qe do bej!) sepse ka te bej me imazhin tim. Edhe s\u2019mund ta toleroj. Ndonjehere shum njerez nuk kuptojne rendesine e gjerave qe bejne nga inatet e tyre. Do i ftoja te reagonin me me gjakftohtesi. Edhe pa impulsivitet.<\/p>\n\n\n\n<p>Une do vazhdoj te marr permasa per kete gje qe eshte bere PA LEJEN TIME. Edhe dua te bej te ditur qe UNE nuk kam pik lidhje me gjerat qe po ndodhin midis Amadeas edhe Harisit!! Nuk do jap me shpjegime ne lidhje me kete teme pasi ja u shpreha vendimet e e mia Peace and love!\u201d, p\u00ebrfundon k\u00ebshtu Irisi reagimin e saj.<\/p>\n\n\n\n<figure class=\"wp-block-image is-style-default\"><img decoding=\"async\" src=\"https:\/\/afterparty.al\/wp-content\/uploads\/IMG_3807.png\" alt=\"\" class=\"wp-image-101740\"\/><\/figure>\n","protected":false},"excerpt":{"rendered":"<p>Amadea dje shokoi me b\u00ebrjen publike t\u00eb faktit se ajo dhe Haris nuk jan\u00eb m\u00eb \u00e7ift dhe arsyeja sipas jan\u00eb veprimet e Haris. Ish-konkurrentja e Love Island tha n\u00eb nj\u00eb reagim t\u00eb gjat\u00eb se arsyeja e ndarjes ishte tradhtia e Harisit, duke publikuar edhe mesazhet e k\u00ebtij t\u00eb fundit me nj\u00eb tjet\u00ebr Iris, nj\u00eb tjet\u00ebr [&hellip;]<\/p>\n","protected":false},"author":2,"featured_media":40758,"comment_status":"open","ping_status":"open","sticky":false,"template":"","format":"standard","meta":{"footnotes":""},"categories":[33],"tags":[],"class_list":{"0":"post-40757","1":"post","2":"type-post","3":"status-publish","4":"format-standard","5":"has-post-thumbnail","7":"category-showbiz"},"yoast_head":"<!-- This site is optimized with the Yoast SEO plugin v27.5 - https:\/\/yoast.com\/product\/yoast-seo-wordpress\/ -->\n<title>Zbuloi tradhtin\u00eb e Haris publikisht! Iris paralajm\u00ebron Amadean: Do marr masa ligjore! - blogin.al<\/title>\n<meta name=\"robots\" content=\"index, follow, max-snippet:-1, max-image-preview:large, max-video-preview:-1\" \/>\n<link rel=\"canonical\" href=\"https:\/\/blogin.al\/?p=40757\" \/>\n<meta property=\"og:locale\" content=\"en_US\" \/>\n<meta property=\"og:type\" content=\"article\" \/>\n<meta property=\"og:title\" content=\"Zbuloi tradhtin\u00eb e Haris publikisht! Iris paralajm\u00ebron Amadean: Do marr masa ligjore! - blogin.al\" \/>\n<meta property=\"og:description\" content=\"Amadea dje shokoi me b\u00ebrjen publike t\u00eb faktit se ajo dhe Haris nuk jan\u00eb m\u00eb \u00e7ift dhe arsyeja sipas jan\u00eb veprimet e Haris. Ish-konkurrentja e Love Island tha n\u00eb nj\u00eb reagim t\u00eb gjat\u00eb se arsyeja e ndarjes ishte tradhtia e Harisit, duke publikuar edhe mesazhet e k\u00ebtij t\u00eb fundit me nj\u00eb tjet\u00ebr Iris, nj\u00eb tjet\u00ebr [&hellip;]\" \/>\n<meta property=\"og:url\" content=\"https:\/\/blogin.al\/?p=40757\" \/>\n<meta property=\"og:site_name\" content=\"blogin.al\" \/>\n<meta property=\"article:published_time\" content=\"2023-12-02T12:22:46+00:00\" \/>\n<meta property=\"article:modified_time\" content=\"2023-12-02T12:22:47+00:00\" \/>\n<meta property=\"og:image\" content=\"https:\/\/blogin.al\/wp-content\/uploads\/2023\/12\/image-15.png\" \/>\n\t<meta property=\"og:image:width\" content=\"300\" \/>\n\t<meta property=\"og:image:height\" content=\"450\" \/>\n\t<meta property=\"og:image:type\" content=\"image\/png\" \/>\n<meta name=\"author\" content=\"Blogin al\" \/>\n<meta name=\"twitter:card\" content=\"summary_large_image\" \/>\n<meta name=\"twitter:label1\" content=\"Written by\" \/>\n\t<meta name=\"twitter:data1\" content=\"Blogin al\" \/>\n\t<meta name=\"twitter:label2\" content=\"Est. reading time\" \/>\n\t<meta name=\"twitter:data2\" content=\"2 minutes\" \/>\n<script type=\"application\/ld+json\" class=\"yoast-schema-graph\">{\"@context\":\"https:\\\/\\\/schema.org\",\"@graph\":[{\"@type\":\"Article\",\"@id\":\"https:\\\/\\\/blogin.al\\\/?p=40757#article\",\"isPartOf\":{\"@id\":\"https:\\\/\\\/blogin.al\\\/?p=40757\"},\"author\":{\"name\":\"Blogin al\",\"@id\":\"https:\\\/\\\/blogin.al\\\/#\\\/schema\\\/person\\\/abdd56bc912cd511db877b852b115399\"},\"headline\":\"Zbuloi tradhtin\u00eb e Haris publikisht! Iris paralajm\u00ebron Amadean: Do marr masa ligjore!\",\"datePublished\":\"2023-12-02T12:22:46+00:00\",\"dateModified\":\"2023-12-02T12:22:47+00:00\",\"mainEntityOfPage\":{\"@id\":\"https:\\\/\\\/blogin.al\\\/?p=40757\"},\"wordCount\":341,\"commentCount\":0,\"publisher\":{\"@id\":\"https:\\\/\\\/blogin.al\\\/#organization\"},\"image\":{\"@id\":\"https:\\\/\\\/blogin.al\\\/?p=40757#primaryimage\"},\"thumbnailUrl\":\"https:\\\/\\\/blogin.al\\\/wp-content\\\/uploads\\\/2023\\\/12\\\/image-15.png\",\"articleSection\":[\"SHOWBIZ\"],\"inLanguage\":\"en-US\",\"potentialAction\":[{\"@type\":\"CommentAction\",\"name\":\"Comment\",\"target\":[\"https:\\\/\\\/blogin.al\\\/?p=40757#respond\"]}]},{\"@type\":\"WebPage\",\"@id\":\"https:\\\/\\\/blogin.al\\\/?p=40757\",\"url\":\"https:\\\/\\\/blogin.al\\\/?p=40757\",\"name\":\"Zbuloi tradhtin\u00eb e Haris publikisht! Iris paralajm\u00ebron Amadean: Do marr masa ligjore! - blogin.al\",\"isPartOf\":{\"@id\":\"https:\\\/\\\/blogin.al\\\/#website\"},\"primaryImageOfPage\":{\"@id\":\"https:\\\/\\\/blogin.al\\\/?p=40757#primaryimage\"},\"image\":{\"@id\":\"https:\\\/\\\/blogin.al\\\/?p=40757#primaryimage\"},\"thumbnailUrl\":\"https:\\\/\\\/blogin.al\\\/wp-content\\\/uploads\\\/2023\\\/12\\\/image-15.png\",\"datePublished\":\"2023-12-02T12:22:46+00:00\",\"dateModified\":\"2023-12-02T12:22:47+00:00\",\"breadcrumb\":{\"@id\":\"https:\\\/\\\/blogin.al\\\/?p=40757#breadcrumb\"},\"inLanguage\":\"en-US\",\"potentialAction\":[{\"@type\":\"ReadAction\",\"target\":[\"https:\\\/\\\/blogin.al\\\/?p=40757\"]}]},{\"@type\":\"ImageObject\",\"inLanguage\":\"en-US\",\"@id\":\"https:\\\/\\\/blogin.al\\\/?p=40757#primaryimage\",\"url\":\"https:\\\/\\\/blogin.al\\\/wp-content\\\/uploads\\\/2023\\\/12\\\/image-15.png\",\"contentUrl\":\"https:\\\/\\\/blogin.al\\\/wp-content\\\/uploads\\\/2023\\\/12\\\/image-15.png\",\"width\":300,\"height\":450},{\"@type\":\"BreadcrumbList\",\"@id\":\"https:\\\/\\\/blogin.al\\\/?p=40757#breadcrumb\",\"itemListElement\":[{\"@type\":\"ListItem\",\"position\":1,\"name\":\"Home\",\"item\":\"https:\\\/\\\/blogin.al\\\/\"},{\"@type\":\"ListItem\",\"position\":2,\"name\":\"Zbuloi tradhtin\u00eb e Haris publikisht! Iris paralajm\u00ebron Amadean: Do marr masa ligjore!\"}]},{\"@type\":\"WebSite\",\"@id\":\"https:\\\/\\\/blogin.al\\\/#website\",\"url\":\"https:\\\/\\\/blogin.al\\\/\",\"name\":\"blogin.al\",\"description\":\"\",\"publisher\":{\"@id\":\"https:\\\/\\\/blogin.al\\\/#organization\"},\"potentialAction\":[{\"@type\":\"SearchAction\",\"target\":{\"@type\":\"EntryPoint\",\"urlTemplate\":\"https:\\\/\\\/blogin.al\\\/?s={search_term_string}\"},\"query-input\":{\"@type\":\"PropertyValueSpecification\",\"valueRequired\":true,\"valueName\":\"search_term_string\"}}],\"inLanguage\":\"en-US\"},{\"@type\":\"Organization\",\"@id\":\"https:\\\/\\\/blogin.al\\\/#organization\",\"name\":\"BLOGIN.al\",\"url\":\"https:\\\/\\\/blogin.al\\\/\",\"logo\":{\"@type\":\"ImageObject\",\"inLanguage\":\"en-US\",\"@id\":\"https:\\\/\\\/blogin.al\\\/#\\\/schema\\\/logo\\\/image\\\/\",\"url\":\"https:\\\/\\\/blogin.al\\\/wp-content\\\/uploads\\\/2022\\\/05\\\/Untitled-2-01-e1652084456514.png\",\"contentUrl\":\"https:\\\/\\\/blogin.al\\\/wp-content\\\/uploads\\\/2022\\\/05\\\/Untitled-2-01-e1652084456514.png\",\"width\":3723,\"height\":1698,\"caption\":\"BLOGIN.al\"},\"image\":{\"@id\":\"https:\\\/\\\/blogin.al\\\/#\\\/schema\\\/logo\\\/image\\\/\"},\"sameAs\":[\"https:\\\/\\\/instagram.com\\\/blogin.al\\\/\"]},{\"@type\":\"Person\",\"@id\":\"https:\\\/\\\/blogin.al\\\/#\\\/schema\\\/person\\\/abdd56bc912cd511db877b852b115399\",\"name\":\"Blogin al\",\"image\":{\"@type\":\"ImageObject\",\"inLanguage\":\"en-US\",\"@id\":\"https:\\\/\\\/secure.gravatar.com\\\/avatar\\\/60d5661aee6e835fb13dc75d2204cd0c1d61bef2efd137c0083e59ef831e235e?s=96&d=mm&r=g\",\"url\":\"https:\\\/\\\/secure.gravatar.com\\\/avatar\\\/60d5661aee6e835fb13dc75d2204cd0c1d61bef2efd137c0083e59ef831e235e?s=96&d=mm&r=g\",\"contentUrl\":\"https:\\\/\\\/secure.gravatar.com\\\/avatar\\\/60d5661aee6e835fb13dc75d2204cd0c1d61bef2efd137c0083e59ef831e235e?s=96&d=mm&r=g\",\"caption\":\"Blogin al\"},\"sameAs\":[\"https:\\\/\\\/blogin.al\"],\"url\":\"https:\\\/\\\/blogin.al\\\/?author=2\"}]}<\/script>\n<!-- \/ Yoast SEO plugin. -->","yoast_head_json":{"title":"Zbuloi tradhtin\u00eb e Haris publikisht! Iris paralajm\u00ebron Amadean: Do marr masa ligjore! - blogin.al","robots":{"index":"index","follow":"follow","max-snippet":"max-snippet:-1","max-image-preview":"max-image-preview:large","max-video-preview":"max-video-preview:-1"},"canonical":"https:\/\/blogin.al\/?p=40757","og_locale":"en_US","og_type":"article","og_title":"Zbuloi tradhtin\u00eb e Haris publikisht! Iris paralajm\u00ebron Amadean: Do marr masa ligjore! - blogin.al","og_description":"Amadea dje shokoi me b\u00ebrjen publike t\u00eb faktit se ajo dhe Haris nuk jan\u00eb m\u00eb \u00e7ift dhe arsyeja sipas jan\u00eb veprimet e Haris. Ish-konkurrentja e Love Island tha n\u00eb nj\u00eb reagim t\u00eb gjat\u00eb se arsyeja e ndarjes ishte tradhtia e Harisit, duke publikuar edhe mesazhet e k\u00ebtij t\u00eb fundit me nj\u00eb tjet\u00ebr Iris, nj\u00eb tjet\u00ebr [&hellip;]","og_url":"https:\/\/blogin.al\/?p=40757","og_site_name":"blogin.al","article_published_time":"2023-12-02T12:22:46+00:00","article_modified_time":"2023-12-02T12:22:47+00:00","og_image":[{"width":300,"height":450,"url":"https:\/\/blogin.al\/wp-content\/uploads\/2023\/12\/image-15.png","type":"image\/png"}],"author":"Blogin al","twitter_card":"summary_large_image","twitter_misc":{"Written by":"Blogin al","Est. reading time":"2 minutes"},"schema":{"@context":"https:\/\/schema.org","@graph":[{"@type":"Article","@id":"https:\/\/blogin.al\/?p=40757#article","isPartOf":{"@id":"https:\/\/blogin.al\/?p=40757"},"author":{"name":"Blogin al","@id":"https:\/\/blogin.al\/#\/schema\/person\/abdd56bc912cd511db877b852b115399"},"headline":"Zbuloi tradhtin\u00eb e Haris publikisht! Iris paralajm\u00ebron Amadean: Do marr masa ligjore!","datePublished":"2023-12-02T12:22:46+00:00","dateModified":"2023-12-02T12:22:47+00:00","mainEntityOfPage":{"@id":"https:\/\/blogin.al\/?p=40757"},"wordCount":341,"commentCount":0,"publisher":{"@id":"https:\/\/blogin.al\/#organization"},"image":{"@id":"https:\/\/blogin.al\/?p=40757#primaryimage"},"thumbnailUrl":"https:\/\/blogin.al\/wp-content\/uploads\/2023\/12\/image-15.png","articleSection":["SHOWBIZ"],"inLanguage":"en-US","potentialAction":[{"@type":"CommentAction","name":"Comment","target":["https:\/\/blogin.al\/?p=40757#respond"]}]},{"@type":"WebPage","@id":"https:\/\/blogin.al\/?p=40757","url":"https:\/\/blogin.al\/?p=40757","name":"Zbuloi tradhtin\u00eb e Haris publikisht! Iris paralajm\u00ebron Amadean: Do marr masa ligjore! - blogin.al","isPartOf":{"@id":"https:\/\/blogin.al\/#website"},"primaryImageOfPage":{"@id":"https:\/\/blogin.al\/?p=40757#primaryimage"},"image":{"@id":"https:\/\/blogin.al\/?p=40757#primaryimage"},"thumbnailUrl":"https:\/\/blogin.al\/wp-content\/uploads\/2023\/12\/image-15.png","datePublished":"2023-12-02T12:22:46+00:00","dateModified":"2023-12-02T12:22:47+00:00","breadcrumb":{"@id":"https:\/\/blogin.al\/?p=40757#breadcrumb"},"inLanguage":"en-US","potentialAction":[{"@type":"ReadAction","target":["https:\/\/blogin.al\/?p=40757"]}]},{"@type":"ImageObject","inLanguage":"en-US","@id":"https:\/\/blogin.al\/?p=40757#primaryimage","url":"https:\/\/blogin.al\/wp-content\/uploads\/2023\/12\/image-15.png","contentUrl":"https:\/\/blogin.al\/wp-content\/uploads\/2023\/12\/image-15.png","width":300,"height":450},{"@type":"BreadcrumbList","@id":"https:\/\/blogin.al\/?p=40757#breadcrumb","itemListElement":[{"@type":"ListItem","position":1,"name":"Home","item":"https:\/\/blogin.al\/"},{"@type":"ListItem","position":2,"name":"Zbuloi tradhtin\u00eb e Haris publikisht! Iris paralajm\u00ebron Amadean: Do marr masa ligjore!"}]},{"@type":"WebSite","@id":"https:\/\/blogin.al\/#website","url":"https:\/\/blogin.al\/","name":"blogin.al","description":"","publisher":{"@id":"https:\/\/blogin.al\/#organization"},"potentialAction":[{"@type":"SearchAction","target":{"@type":"EntryPoint","urlTemplate":"https:\/\/blogin.al\/?s={search_term_string}"},"query-input":{"@type":"PropertyValueSpecification","valueRequired":true,"valueName":"search_term_string"}}],"inLanguage":"en-US"},{"@type":"Organization","@id":"https:\/\/blogin.al\/#organization","name":"BLOGIN.al","url":"https:\/\/blogin.al\/","logo":{"@type":"ImageObject","inLanguage":"en-US","@id":"https:\/\/blogin.al\/#\/schema\/logo\/image\/","url":"https:\/\/blogin.al\/wp-content\/uploads\/2022\/05\/Untitled-2-01-e1652084456514.png","contentUrl":"https:\/\/blogin.al\/wp-content\/uploads\/2022\/05\/Untitled-2-01-e1652084456514.png","width":3723,"height":1698,"caption":"BLOGIN.al"},"image":{"@id":"https:\/\/blogin.al\/#\/schema\/logo\/image\/"},"sameAs":["https:\/\/instagram.com\/blogin.al\/"]},{"@type":"Person","@id":"https:\/\/blogin.al\/#\/schema\/person\/abdd56bc912cd511db877b852b115399","name":"Blogin al","image":{"@type":"ImageObject","inLanguage":"en-US","@id":"https:\/\/secure.gravatar.com\/avatar\/60d5661aee6e835fb13dc75d2204cd0c1d61bef2efd137c0083e59ef831e235e?s=96&d=mm&r=g","url":"https:\/\/secure.gravatar.com\/avatar\/60d5661aee6e835fb13dc75d2204cd0c1d61bef2efd137c0083e59ef831e235e?s=96&d=mm&r=g","contentUrl":"https:\/\/secure.gravatar.com\/avatar\/60d5661aee6e835fb13dc75d2204cd0c1d61bef2efd137c0083e59ef831e235e?s=96&d=mm&r=g","caption":"Blogin al"},"sameAs":["https:\/\/blogin.al"],"url":"https:\/\/blogin.al\/?author=2"}]}},"_links":{"self":[{"href":"https:\/\/blogin.al\/index.php?rest_route=\/wp\/v2\/posts\/40757","targetHints":{"allow":["GET"]}}],"collection":[{"href":"https:\/\/blogin.al\/index.php?rest_route=\/wp\/v2\/posts"}],"about":[{"href":"https:\/\/blogin.al\/index.php?rest_route=\/wp\/v2\/types\/post"}],"author":[{"embeddable":true,"href":"https:\/\/blogin.al\/index.php?rest_route=\/wp\/v2\/users\/2"}],"replies":[{"embeddable":true,"href":"https:\/\/blogin.al\/index.php?rest_route=%2Fwp%2Fv2%2Fcomments&post=40757"}],"version-history":[{"count":1,"href":"https:\/\/blogin.al\/index.php?rest_route=\/wp\/v2\/posts\/40757\/revisions"}],"predecessor-version":[{"id":40759,"href":"https:\/\/blogin.al\/index.php?rest_route=\/wp\/v2\/posts\/40757\/revisions\/40759"}],"wp:featuredmedia":[{"embeddable":true,"href":"https:\/\/blogin.al\/index.php?rest_route=\/wp\/v2\/media\/40758"}],"wp:attachment":[{"href":"https:\/\/blogin.al\/index.php?rest_route=%2Fwp%2Fv2%2Fmedia&parent=40757"}],"wp:term":[{"taxonomy":"category","embeddable":true,"href":"https:\/\/blogin.al\/index.php?rest_route=%2Fwp%2Fv2%2Fcategories&post=40757"},{"taxonomy":"post_tag","embeddable":true,"href":"https:\/\/blogin.al\/index.php?rest_route=%2Fwp%2Fv2%2Ftags&post=40757"}],"curies":[{"name":"wp","href":"https:\/\/api.w.org\/{rel}","templated":true}]}}