{"id":40770,"date":"2023-12-03T08:49:10","date_gmt":"2023-12-03T08:49:10","guid":{"rendered":"https:\/\/blogin.al\/?p=40770"},"modified":"2023-12-03T08:49:12","modified_gmt":"2023-12-03T08:49:12","slug":"u-terhoq-nga-festivali-i-kenges-samanta-zbulon-arsyen-e-vertete","status":"publish","type":"post","link":"https:\/\/blogin.al\/?p=40770","title":{"rendered":"U t\u00ebrhoq nga \u201cFestivali i K\u00ebng\u00ebs\u201d, Samanta zbulon arsyen e v\u00ebrtet\u00eb"},"content":{"rendered":"\n<p>Nj\u00eb fenomen q\u00eb u vu re k\u00ebt\u00eb vit p\u00ebr Festivalin e K\u00ebng\u00ebs ishte t\u00ebrheqja e artist\u00ebve konkurrent\u00eb q\u00eb n\u00eb fillim.<\/p>\n\n\n\n<p>Kejsi Tola dhe Samanta Karavella ishin dy emra q\u00eb u t\u00ebrhoq\u00ebn nga gara. Arsyeja e p\u00ebrfolur prej koh\u00ebsh n\u00eb rrjet \u00ebsht\u00eb se ky Festival k\u00ebt\u00eb vit i \u00ebsht\u00eb premtuar Elsa Lil\u00ebs.<\/p>\n\n\n\n<p>S\u00eb fundmi n\u00eb nj\u00eb intervist\u00eb p\u00ebr \u201cM\u00eb L\u00ebr t\u00eb Flas\u201d Samanta ka rr\u00ebfyer versionin e saj duke u shprehur:<\/p>\n\n\n\n<p><em>Ka pasur shum\u00eb spekulime ndaj festivalit. E v\u00ebrteta \u00ebsht\u00eb q\u00eb k\u00ebnga q\u00eb un\u00eb kisha zgjedhur, nj\u00eb k\u00ebng\u00eb shum\u00eb ritmike, nuk m\u2019u lejua performanca. Nj\u00eb k\u00ebng\u00eb ritmike un\u00eb nuk mund ta k\u00ebndoja pa performanc\u00eb. K\u00ebto ishin rregullat k\u00ebt\u00eb vit. Sa p\u00ebr Elsa Lil\u00ebn jan\u00eb spekulime un\u00eb nuk di asgj\u00eb.<\/em><\/p>\n\n\n\n<p>Nd\u00ebrsa Kejsi n\u00ebp\u00ebrmjet nj\u00eb telefonate n\u00eb emision u shpreh se ajo \u00ebsht\u00eb t\u00ebrhequr p\u00ebr arsye personale pa sqaruar asgj\u00eb m\u00eb tep\u00ebr.<\/p>\n","protected":false},"excerpt":{"rendered":"<p>Nj\u00eb fenomen q\u00eb u vu re k\u00ebt\u00eb vit p\u00ebr Festivalin e K\u00ebng\u00ebs ishte t\u00ebrheqja e artist\u00ebve konkurrent\u00eb q\u00eb n\u00eb fillim. Kejsi Tola dhe Samanta Karavella ishin dy emra q\u00eb u t\u00ebrhoq\u00ebn nga gara. Arsyeja e p\u00ebrfolur prej koh\u00ebsh n\u00eb rrjet \u00ebsht\u00eb se ky Festival k\u00ebt\u00eb vit i \u00ebsht\u00eb premtuar Elsa Lil\u00ebs. S\u00eb fundmi n\u00eb nj\u00eb [&hellip;]<\/p>\n","protected":false},"author":2,"featured_media":10272,"comment_status":"open","ping_status":"open","sticky":false,"template":"","format":"standard","meta":{"footnotes":""},"categories":[33],"tags":[],"class_list":{"0":"post-40770","1":"post","2":"type-post","3":"status-publish","4":"format-standard","5":"has-post-thumbnail","7":"category-showbiz"},"yoast_head":"<!-- This site is optimized with the Yoast SEO plugin v27.5 - https:\/\/yoast.com\/product\/yoast-seo-wordpress\/ -->\n<title>U t\u00ebrhoq nga \u201cFestivali i K\u00ebng\u00ebs\u201d, Samanta zbulon arsyen e v\u00ebrtet\u00eb - blogin.al<\/title>\n<meta name=\"robots\" content=\"index, follow, max-snippet:-1, max-image-preview:large, max-video-preview:-1\" \/>\n<link rel=\"canonical\" href=\"https:\/\/blogin.al\/?p=40770\" \/>\n<meta property=\"og:locale\" content=\"en_US\" \/>\n<meta property=\"og:type\" content=\"article\" \/>\n<meta property=\"og:title\" content=\"U t\u00ebrhoq nga \u201cFestivali i K\u00ebng\u00ebs\u201d, Samanta zbulon arsyen e v\u00ebrtet\u00eb - blogin.al\" \/>\n<meta property=\"og:description\" content=\"Nj\u00eb fenomen q\u00eb u vu re k\u00ebt\u00eb vit p\u00ebr Festivalin e K\u00ebng\u00ebs ishte t\u00ebrheqja e artist\u00ebve konkurrent\u00eb q\u00eb n\u00eb fillim. Kejsi Tola dhe Samanta Karavella ishin dy emra q\u00eb u t\u00ebrhoq\u00ebn nga gara. Arsyeja e p\u00ebrfolur prej koh\u00ebsh n\u00eb rrjet \u00ebsht\u00eb se ky Festival k\u00ebt\u00eb vit i \u00ebsht\u00eb premtuar Elsa Lil\u00ebs. S\u00eb fundmi n\u00eb nj\u00eb [&hellip;]\" \/>\n<meta property=\"og:url\" content=\"https:\/\/blogin.al\/?p=40770\" \/>\n<meta property=\"og:site_name\" content=\"blogin.al\" \/>\n<meta property=\"article:published_time\" content=\"2023-12-03T08:49:10+00:00\" \/>\n<meta property=\"article:modified_time\" content=\"2023-12-03T08:49:12+00:00\" \/>\n<meta property=\"og:image\" content=\"https:\/\/blogin.al\/wp-content\/uploads\/2022\/07\/samanta-karavella-5-500x617-1.jpg\" \/>\n\t<meta property=\"og:image:width\" content=\"500\" \/>\n\t<meta property=\"og:image:height\" content=\"617\" \/>\n\t<meta property=\"og:image:type\" content=\"image\/jpeg\" \/>\n<meta name=\"author\" content=\"Blogin al\" \/>\n<meta name=\"twitter:card\" content=\"summary_large_image\" \/>\n<meta name=\"twitter:label1\" content=\"Written by\" \/>\n\t<meta name=\"twitter:data1\" content=\"Blogin al\" \/>\n\t<meta name=\"twitter:label2\" content=\"Est. reading time\" \/>\n\t<meta name=\"twitter:data2\" content=\"1 minute\" \/>\n<script type=\"application\/ld+json\" class=\"yoast-schema-graph\">{\"@context\":\"https:\\\/\\\/schema.org\",\"@graph\":[{\"@type\":\"Article\",\"@id\":\"https:\\\/\\\/blogin.al\\\/?p=40770#article\",\"isPartOf\":{\"@id\":\"https:\\\/\\\/blogin.al\\\/?p=40770\"},\"author\":{\"name\":\"Blogin al\",\"@id\":\"https:\\\/\\\/blogin.al\\\/#\\\/schema\\\/person\\\/abdd56bc912cd511db877b852b115399\"},\"headline\":\"U t\u00ebrhoq nga \u201cFestivali i K\u00ebng\u00ebs\u201d, Samanta zbulon arsyen e v\u00ebrtet\u00eb\",\"datePublished\":\"2023-12-03T08:49:10+00:00\",\"dateModified\":\"2023-12-03T08:49:12+00:00\",\"mainEntityOfPage\":{\"@id\":\"https:\\\/\\\/blogin.al\\\/?p=40770\"},\"wordCount\":185,\"commentCount\":0,\"publisher\":{\"@id\":\"https:\\\/\\\/blogin.al\\\/#organization\"},\"image\":{\"@id\":\"https:\\\/\\\/blogin.al\\\/?p=40770#primaryimage\"},\"thumbnailUrl\":\"https:\\\/\\\/blogin.al\\\/wp-content\\\/uploads\\\/2022\\\/07\\\/samanta-karavella-5-500x617-1.jpg\",\"articleSection\":[\"SHOWBIZ\"],\"inLanguage\":\"en-US\",\"potentialAction\":[{\"@type\":\"CommentAction\",\"name\":\"Comment\",\"target\":[\"https:\\\/\\\/blogin.al\\\/?p=40770#respond\"]}]},{\"@type\":\"WebPage\",\"@id\":\"https:\\\/\\\/blogin.al\\\/?p=40770\",\"url\":\"https:\\\/\\\/blogin.al\\\/?p=40770\",\"name\":\"U t\u00ebrhoq nga \u201cFestivali i K\u00ebng\u00ebs\u201d, Samanta zbulon arsyen e v\u00ebrtet\u00eb - blogin.al\",\"isPartOf\":{\"@id\":\"https:\\\/\\\/blogin.al\\\/#website\"},\"primaryImageOfPage\":{\"@id\":\"https:\\\/\\\/blogin.al\\\/?p=40770#primaryimage\"},\"image\":{\"@id\":\"https:\\\/\\\/blogin.al\\\/?p=40770#primaryimage\"},\"thumbnailUrl\":\"https:\\\/\\\/blogin.al\\\/wp-content\\\/uploads\\\/2022\\\/07\\\/samanta-karavella-5-500x617-1.jpg\",\"datePublished\":\"2023-12-03T08:49:10+00:00\",\"dateModified\":\"2023-12-03T08:49:12+00:00\",\"breadcrumb\":{\"@id\":\"https:\\\/\\\/blogin.al\\\/?p=40770#breadcrumb\"},\"inLanguage\":\"en-US\",\"potentialAction\":[{\"@type\":\"ReadAction\",\"target\":[\"https:\\\/\\\/blogin.al\\\/?p=40770\"]}]},{\"@type\":\"ImageObject\",\"inLanguage\":\"en-US\",\"@id\":\"https:\\\/\\\/blogin.al\\\/?p=40770#primaryimage\",\"url\":\"https:\\\/\\\/blogin.al\\\/wp-content\\\/uploads\\\/2022\\\/07\\\/samanta-karavella-5-500x617-1.jpg\",\"contentUrl\":\"https:\\\/\\\/blogin.al\\\/wp-content\\\/uploads\\\/2022\\\/07\\\/samanta-karavella-5-500x617-1.jpg\",\"width\":500,\"height\":617},{\"@type\":\"BreadcrumbList\",\"@id\":\"https:\\\/\\\/blogin.al\\\/?p=40770#breadcrumb\",\"itemListElement\":[{\"@type\":\"ListItem\",\"position\":1,\"name\":\"Home\",\"item\":\"https:\\\/\\\/blogin.al\\\/\"},{\"@type\":\"ListItem\",\"position\":2,\"name\":\"U t\u00ebrhoq nga \u201cFestivali i K\u00ebng\u00ebs\u201d, Samanta zbulon arsyen e v\u00ebrtet\u00eb\"}]},{\"@type\":\"WebSite\",\"@id\":\"https:\\\/\\\/blogin.al\\\/#website\",\"url\":\"https:\\\/\\\/blogin.al\\\/\",\"name\":\"blogin.al\",\"description\":\"\",\"publisher\":{\"@id\":\"https:\\\/\\\/blogin.al\\\/#organization\"},\"potentialAction\":[{\"@type\":\"SearchAction\",\"target\":{\"@type\":\"EntryPoint\",\"urlTemplate\":\"https:\\\/\\\/blogin.al\\\/?s={search_term_string}\"},\"query-input\":{\"@type\":\"PropertyValueSpecification\",\"valueRequired\":true,\"valueName\":\"search_term_string\"}}],\"inLanguage\":\"en-US\"},{\"@type\":\"Organization\",\"@id\":\"https:\\\/\\\/blogin.al\\\/#organization\",\"name\":\"BLOGIN.al\",\"url\":\"https:\\\/\\\/blogin.al\\\/\",\"logo\":{\"@type\":\"ImageObject\",\"inLanguage\":\"en-US\",\"@id\":\"https:\\\/\\\/blogin.al\\\/#\\\/schema\\\/logo\\\/image\\\/\",\"url\":\"https:\\\/\\\/blogin.al\\\/wp-content\\\/uploads\\\/2022\\\/05\\\/Untitled-2-01-e1652084456514.png\",\"contentUrl\":\"https:\\\/\\\/blogin.al\\\/wp-content\\\/uploads\\\/2022\\\/05\\\/Untitled-2-01-e1652084456514.png\",\"width\":3723,\"height\":1698,\"caption\":\"BLOGIN.al\"},\"image\":{\"@id\":\"https:\\\/\\\/blogin.al\\\/#\\\/schema\\\/logo\\\/image\\\/\"},\"sameAs\":[\"https:\\\/\\\/instagram.com\\\/blogin.al\\\/\"]},{\"@type\":\"Person\",\"@id\":\"https:\\\/\\\/blogin.al\\\/#\\\/schema\\\/person\\\/abdd56bc912cd511db877b852b115399\",\"name\":\"Blogin al\",\"image\":{\"@type\":\"ImageObject\",\"inLanguage\":\"en-US\",\"@id\":\"https:\\\/\\\/secure.gravatar.com\\\/avatar\\\/60d5661aee6e835fb13dc75d2204cd0c1d61bef2efd137c0083e59ef831e235e?s=96&d=mm&r=g\",\"url\":\"https:\\\/\\\/secure.gravatar.com\\\/avatar\\\/60d5661aee6e835fb13dc75d2204cd0c1d61bef2efd137c0083e59ef831e235e?s=96&d=mm&r=g\",\"contentUrl\":\"https:\\\/\\\/secure.gravatar.com\\\/avatar\\\/60d5661aee6e835fb13dc75d2204cd0c1d61bef2efd137c0083e59ef831e235e?s=96&d=mm&r=g\",\"caption\":\"Blogin al\"},\"sameAs\":[\"https:\\\/\\\/blogin.al\"],\"url\":\"https:\\\/\\\/blogin.al\\\/?author=2\"}]}<\/script>\n<!-- \/ Yoast SEO plugin. -->","yoast_head_json":{"title":"U t\u00ebrhoq nga \u201cFestivali i K\u00ebng\u00ebs\u201d, Samanta zbulon arsyen e v\u00ebrtet\u00eb - blogin.al","robots":{"index":"index","follow":"follow","max-snippet":"max-snippet:-1","max-image-preview":"max-image-preview:large","max-video-preview":"max-video-preview:-1"},"canonical":"https:\/\/blogin.al\/?p=40770","og_locale":"en_US","og_type":"article","og_title":"U t\u00ebrhoq nga \u201cFestivali i K\u00ebng\u00ebs\u201d, Samanta zbulon arsyen e v\u00ebrtet\u00eb - blogin.al","og_description":"Nj\u00eb fenomen q\u00eb u vu re k\u00ebt\u00eb vit p\u00ebr Festivalin e K\u00ebng\u00ebs ishte t\u00ebrheqja e artist\u00ebve konkurrent\u00eb q\u00eb n\u00eb fillim. Kejsi Tola dhe Samanta Karavella ishin dy emra q\u00eb u t\u00ebrhoq\u00ebn nga gara. Arsyeja e p\u00ebrfolur prej koh\u00ebsh n\u00eb rrjet \u00ebsht\u00eb se ky Festival k\u00ebt\u00eb vit i \u00ebsht\u00eb premtuar Elsa Lil\u00ebs. S\u00eb fundmi n\u00eb nj\u00eb [&hellip;]","og_url":"https:\/\/blogin.al\/?p=40770","og_site_name":"blogin.al","article_published_time":"2023-12-03T08:49:10+00:00","article_modified_time":"2023-12-03T08:49:12+00:00","og_image":[{"width":500,"height":617,"url":"https:\/\/blogin.al\/wp-content\/uploads\/2022\/07\/samanta-karavella-5-500x617-1.jpg","type":"image\/jpeg"}],"author":"Blogin al","twitter_card":"summary_large_image","twitter_misc":{"Written by":"Blogin al","Est. reading time":"1 minute"},"schema":{"@context":"https:\/\/schema.org","@graph":[{"@type":"Article","@id":"https:\/\/blogin.al\/?p=40770#article","isPartOf":{"@id":"https:\/\/blogin.al\/?p=40770"},"author":{"name":"Blogin al","@id":"https:\/\/blogin.al\/#\/schema\/person\/abdd56bc912cd511db877b852b115399"},"headline":"U t\u00ebrhoq nga \u201cFestivali i K\u00ebng\u00ebs\u201d, Samanta zbulon arsyen e v\u00ebrtet\u00eb","datePublished":"2023-12-03T08:49:10+00:00","dateModified":"2023-12-03T08:49:12+00:00","mainEntityOfPage":{"@id":"https:\/\/blogin.al\/?p=40770"},"wordCount":185,"commentCount":0,"publisher":{"@id":"https:\/\/blogin.al\/#organization"},"image":{"@id":"https:\/\/blogin.al\/?p=40770#primaryimage"},"thumbnailUrl":"https:\/\/blogin.al\/wp-content\/uploads\/2022\/07\/samanta-karavella-5-500x617-1.jpg","articleSection":["SHOWBIZ"],"inLanguage":"en-US","potentialAction":[{"@type":"CommentAction","name":"Comment","target":["https:\/\/blogin.al\/?p=40770#respond"]}]},{"@type":"WebPage","@id":"https:\/\/blogin.al\/?p=40770","url":"https:\/\/blogin.al\/?p=40770","name":"U t\u00ebrhoq nga \u201cFestivali i K\u00ebng\u00ebs\u201d, Samanta zbulon arsyen e v\u00ebrtet\u00eb - blogin.al","isPartOf":{"@id":"https:\/\/blogin.al\/#website"},"primaryImageOfPage":{"@id":"https:\/\/blogin.al\/?p=40770#primaryimage"},"image":{"@id":"https:\/\/blogin.al\/?p=40770#primaryimage"},"thumbnailUrl":"https:\/\/blogin.al\/wp-content\/uploads\/2022\/07\/samanta-karavella-5-500x617-1.jpg","datePublished":"2023-12-03T08:49:10+00:00","dateModified":"2023-12-03T08:49:12+00:00","breadcrumb":{"@id":"https:\/\/blogin.al\/?p=40770#breadcrumb"},"inLanguage":"en-US","potentialAction":[{"@type":"ReadAction","target":["https:\/\/blogin.al\/?p=40770"]}]},{"@type":"ImageObject","inLanguage":"en-US","@id":"https:\/\/blogin.al\/?p=40770#primaryimage","url":"https:\/\/blogin.al\/wp-content\/uploads\/2022\/07\/samanta-karavella-5-500x617-1.jpg","contentUrl":"https:\/\/blogin.al\/wp-content\/uploads\/2022\/07\/samanta-karavella-5-500x617-1.jpg","width":500,"height":617},{"@type":"BreadcrumbList","@id":"https:\/\/blogin.al\/?p=40770#breadcrumb","itemListElement":[{"@type":"ListItem","position":1,"name":"Home","item":"https:\/\/blogin.al\/"},{"@type":"ListItem","position":2,"name":"U t\u00ebrhoq nga \u201cFestivali i K\u00ebng\u00ebs\u201d, Samanta zbulon arsyen e v\u00ebrtet\u00eb"}]},{"@type":"WebSite","@id":"https:\/\/blogin.al\/#website","url":"https:\/\/blogin.al\/","name":"blogin.al","description":"","publisher":{"@id":"https:\/\/blogin.al\/#organization"},"potentialAction":[{"@type":"SearchAction","target":{"@type":"EntryPoint","urlTemplate":"https:\/\/blogin.al\/?s={search_term_string}"},"query-input":{"@type":"PropertyValueSpecification","valueRequired":true,"valueName":"search_term_string"}}],"inLanguage":"en-US"},{"@type":"Organization","@id":"https:\/\/blogin.al\/#organization","name":"BLOGIN.al","url":"https:\/\/blogin.al\/","logo":{"@type":"ImageObject","inLanguage":"en-US","@id":"https:\/\/blogin.al\/#\/schema\/logo\/image\/","url":"https:\/\/blogin.al\/wp-content\/uploads\/2022\/05\/Untitled-2-01-e1652084456514.png","contentUrl":"https:\/\/blogin.al\/wp-content\/uploads\/2022\/05\/Untitled-2-01-e1652084456514.png","width":3723,"height":1698,"caption":"BLOGIN.al"},"image":{"@id":"https:\/\/blogin.al\/#\/schema\/logo\/image\/"},"sameAs":["https:\/\/instagram.com\/blogin.al\/"]},{"@type":"Person","@id":"https:\/\/blogin.al\/#\/schema\/person\/abdd56bc912cd511db877b852b115399","name":"Blogin al","image":{"@type":"ImageObject","inLanguage":"en-US","@id":"https:\/\/secure.gravatar.com\/avatar\/60d5661aee6e835fb13dc75d2204cd0c1d61bef2efd137c0083e59ef831e235e?s=96&d=mm&r=g","url":"https:\/\/secure.gravatar.com\/avatar\/60d5661aee6e835fb13dc75d2204cd0c1d61bef2efd137c0083e59ef831e235e?s=96&d=mm&r=g","contentUrl":"https:\/\/secure.gravatar.com\/avatar\/60d5661aee6e835fb13dc75d2204cd0c1d61bef2efd137c0083e59ef831e235e?s=96&d=mm&r=g","caption":"Blogin al"},"sameAs":["https:\/\/blogin.al"],"url":"https:\/\/blogin.al\/?author=2"}]}},"_links":{"self":[{"href":"https:\/\/blogin.al\/index.php?rest_route=\/wp\/v2\/posts\/40770","targetHints":{"allow":["GET"]}}],"collection":[{"href":"https:\/\/blogin.al\/index.php?rest_route=\/wp\/v2\/posts"}],"about":[{"href":"https:\/\/blogin.al\/index.php?rest_route=\/wp\/v2\/types\/post"}],"author":[{"embeddable":true,"href":"https:\/\/blogin.al\/index.php?rest_route=\/wp\/v2\/users\/2"}],"replies":[{"embeddable":true,"href":"https:\/\/blogin.al\/index.php?rest_route=%2Fwp%2Fv2%2Fcomments&post=40770"}],"version-history":[{"count":1,"href":"https:\/\/blogin.al\/index.php?rest_route=\/wp\/v2\/posts\/40770\/revisions"}],"predecessor-version":[{"id":40771,"href":"https:\/\/blogin.al\/index.php?rest_route=\/wp\/v2\/posts\/40770\/revisions\/40771"}],"wp:featuredmedia":[{"embeddable":true,"href":"https:\/\/blogin.al\/index.php?rest_route=\/wp\/v2\/media\/10272"}],"wp:attachment":[{"href":"https:\/\/blogin.al\/index.php?rest_route=%2Fwp%2Fv2%2Fmedia&parent=40770"}],"wp:term":[{"taxonomy":"category","embeddable":true,"href":"https:\/\/blogin.al\/index.php?rest_route=%2Fwp%2Fv2%2Fcategories&post=40770"},{"taxonomy":"post_tag","embeddable":true,"href":"https:\/\/blogin.al\/index.php?rest_route=%2Fwp%2Fv2%2Ftags&post=40770"}],"curies":[{"name":"wp","href":"https:\/\/api.w.org\/{rel}","templated":true}]}}