{"id":40775,"date":"2023-12-03T08:58:55","date_gmt":"2023-12-03T08:58:55","guid":{"rendered":"https:\/\/blogin.al\/?p=40775"},"modified":"2023-12-03T08:58:58","modified_gmt":"2023-12-03T08:58:58","slug":"reagon-olti-curri-per-vrasjen-e-liridones-te-rikthehet-denimi-me-vdekje","status":"publish","type":"post","link":"https:\/\/blogin.al\/?p=40775","title":{"rendered":"Reagon Olti Curri p\u00ebr vrasjen e Liridon\u00ebs: T\u00eb rikthehet d\u00ebnimi me vdekje"},"content":{"rendered":"\n<p>Vrasje e Liridona Murselit, tre dit\u00eb m\u00eb par\u00eb, tronditi opinionin publik. Vrasja e saj \u00ebsht\u00eb inskenuar nga bashk\u00ebshorti i saj, i cili ka paguar dik\u00eb tjet\u00ebr p\u00ebr ta vrar\u00eb, duke i dh\u00ebn\u00eb shum\u00ebn 30 mij\u00eb euro.<\/p>\n\n\n\n<p>Ai e ka pranuar krimin n\u00eb polici, nd\u00ebrkoh\u00eb d\u00ebshmitar\u00eb kan\u00eb qen\u00eb edhe dy f\u00ebmij\u00ebt e tyre.<\/p>\n\n\n\n<p>Olti Curri ka reaguar p\u00ebr k\u00ebt\u00eb rast duke th\u00ebn\u00eb q\u00eb duhet t\u00eb rikthehet d\u00ebnimi me vdekje.<\/p>\n\n\n\n<p>Olti Curri: Kjo \u00ebsht\u00eb nj\u00eb nga ato histori q\u00eb ngjan me shum\u00eb histori t\u00eb tjera dhe t\u00eb gjitha s\u00eb bashku i rikthehen mendimit q\u00eb duhet t\u00eb rivij\u00eb d\u00ebnimi me vdekje, n\u00eb m\u00ebnyr\u00eb q\u00eb secili nga k\u00ebta kafsh\u00eb q\u00eb veprojn\u00eb k\u00ebshtu t\u00eb ken\u00eb frik\u00eb. T\u00eb ken\u00eb frik\u00eb se do d\u00ebnohen dhe do t\u00eb humbin jet\u00ebn sepse rrug\u00eb tjet\u00ebr nuk ka. Nuk shpagohet n\u00eb m\u00ebnyra t\u00eb tjera, kaq koment kam p\u00ebr k\u00ebt\u00eb ngjarje q\u00eb ka tronditur Kosov\u00ebn, Shqip\u00ebrin\u00eb dhe gjith\u00eb vendin mbar\u00eb.<\/p>\n","protected":false},"excerpt":{"rendered":"<p>Vrasje e Liridona Murselit, tre dit\u00eb m\u00eb par\u00eb, tronditi opinionin publik. Vrasja e saj \u00ebsht\u00eb inskenuar nga bashk\u00ebshorti i saj, i cili ka paguar dik\u00eb tjet\u00ebr p\u00ebr ta vrar\u00eb, duke i dh\u00ebn\u00eb shum\u00ebn 30 mij\u00eb euro. Ai e ka pranuar krimin n\u00eb polici, nd\u00ebrkoh\u00eb d\u00ebshmitar\u00eb kan\u00eb qen\u00eb edhe dy f\u00ebmij\u00ebt e tyre. Olti Curri ka [&hellip;]<\/p>\n","protected":false},"author":2,"featured_media":4099,"comment_status":"open","ping_status":"open","sticky":false,"template":"","format":"standard","meta":{"footnotes":""},"categories":[33],"tags":[],"class_list":{"0":"post-40775","1":"post","2":"type-post","3":"status-publish","4":"format-standard","5":"has-post-thumbnail","7":"category-showbiz"},"yoast_head":"<!-- This site is optimized with the Yoast SEO plugin v27.5 - https:\/\/yoast.com\/product\/yoast-seo-wordpress\/ -->\n<title>Reagon Olti Curri p\u00ebr vrasjen e Liridon\u00ebs: T\u00eb rikthehet d\u00ebnimi me vdekje - blogin.al<\/title>\n<meta name=\"robots\" content=\"index, follow, max-snippet:-1, max-image-preview:large, max-video-preview:-1\" \/>\n<link rel=\"canonical\" href=\"https:\/\/blogin.al\/?p=40775\" \/>\n<meta property=\"og:locale\" content=\"en_US\" \/>\n<meta property=\"og:type\" content=\"article\" \/>\n<meta property=\"og:title\" content=\"Reagon Olti Curri p\u00ebr vrasjen e Liridon\u00ebs: T\u00eb rikthehet d\u00ebnimi me vdekje - blogin.al\" \/>\n<meta property=\"og:description\" content=\"Vrasje e Liridona Murselit, tre dit\u00eb m\u00eb par\u00eb, tronditi opinionin publik. Vrasja e saj \u00ebsht\u00eb inskenuar nga bashk\u00ebshorti i saj, i cili ka paguar dik\u00eb tjet\u00ebr p\u00ebr ta vrar\u00eb, duke i dh\u00ebn\u00eb shum\u00ebn 30 mij\u00eb euro. Ai e ka pranuar krimin n\u00eb polici, nd\u00ebrkoh\u00eb d\u00ebshmitar\u00eb kan\u00eb qen\u00eb edhe dy f\u00ebmij\u00ebt e tyre. Olti Curri ka [&hellip;]\" \/>\n<meta property=\"og:url\" content=\"https:\/\/blogin.al\/?p=40775\" \/>\n<meta property=\"og:site_name\" content=\"blogin.al\" \/>\n<meta property=\"article:published_time\" content=\"2023-12-03T08:58:55+00:00\" \/>\n<meta property=\"article:modified_time\" content=\"2023-12-03T08:58:58+00:00\" \/>\n<meta property=\"og:image\" content=\"https:\/\/blogin.al\/wp-content\/uploads\/2022\/05\/olti-curri.png\" \/>\n\t<meta property=\"og:image:width\" content=\"640\" \/>\n\t<meta property=\"og:image:height\" content=\"638\" \/>\n\t<meta property=\"og:image:type\" content=\"image\/png\" \/>\n<meta name=\"author\" content=\"Blogin al\" \/>\n<meta name=\"twitter:card\" content=\"summary_large_image\" \/>\n<meta name=\"twitter:label1\" content=\"Written by\" \/>\n\t<meta name=\"twitter:data1\" content=\"Blogin al\" \/>\n\t<meta name=\"twitter:label2\" content=\"Est. reading time\" \/>\n\t<meta name=\"twitter:data2\" content=\"1 minute\" \/>\n<script type=\"application\/ld+json\" class=\"yoast-schema-graph\">{\"@context\":\"https:\\\/\\\/schema.org\",\"@graph\":[{\"@type\":\"Article\",\"@id\":\"https:\\\/\\\/blogin.al\\\/?p=40775#article\",\"isPartOf\":{\"@id\":\"https:\\\/\\\/blogin.al\\\/?p=40775\"},\"author\":{\"name\":\"Blogin al\",\"@id\":\"https:\\\/\\\/blogin.al\\\/#\\\/schema\\\/person\\\/abdd56bc912cd511db877b852b115399\"},\"headline\":\"Reagon Olti Curri p\u00ebr vrasjen e Liridon\u00ebs: T\u00eb rikthehet d\u00ebnimi me vdekje\",\"datePublished\":\"2023-12-03T08:58:55+00:00\",\"dateModified\":\"2023-12-03T08:58:58+00:00\",\"mainEntityOfPage\":{\"@id\":\"https:\\\/\\\/blogin.al\\\/?p=40775\"},\"wordCount\":187,\"commentCount\":0,\"publisher\":{\"@id\":\"https:\\\/\\\/blogin.al\\\/#organization\"},\"image\":{\"@id\":\"https:\\\/\\\/blogin.al\\\/?p=40775#primaryimage\"},\"thumbnailUrl\":\"https:\\\/\\\/blogin.al\\\/wp-content\\\/uploads\\\/2022\\\/05\\\/olti-curri.png\",\"articleSection\":[\"SHOWBIZ\"],\"inLanguage\":\"en-US\",\"potentialAction\":[{\"@type\":\"CommentAction\",\"name\":\"Comment\",\"target\":[\"https:\\\/\\\/blogin.al\\\/?p=40775#respond\"]}]},{\"@type\":\"WebPage\",\"@id\":\"https:\\\/\\\/blogin.al\\\/?p=40775\",\"url\":\"https:\\\/\\\/blogin.al\\\/?p=40775\",\"name\":\"Reagon Olti Curri p\u00ebr vrasjen e Liridon\u00ebs: T\u00eb rikthehet d\u00ebnimi me vdekje - blogin.al\",\"isPartOf\":{\"@id\":\"https:\\\/\\\/blogin.al\\\/#website\"},\"primaryImageOfPage\":{\"@id\":\"https:\\\/\\\/blogin.al\\\/?p=40775#primaryimage\"},\"image\":{\"@id\":\"https:\\\/\\\/blogin.al\\\/?p=40775#primaryimage\"},\"thumbnailUrl\":\"https:\\\/\\\/blogin.al\\\/wp-content\\\/uploads\\\/2022\\\/05\\\/olti-curri.png\",\"datePublished\":\"2023-12-03T08:58:55+00:00\",\"dateModified\":\"2023-12-03T08:58:58+00:00\",\"breadcrumb\":{\"@id\":\"https:\\\/\\\/blogin.al\\\/?p=40775#breadcrumb\"},\"inLanguage\":\"en-US\",\"potentialAction\":[{\"@type\":\"ReadAction\",\"target\":[\"https:\\\/\\\/blogin.al\\\/?p=40775\"]}]},{\"@type\":\"ImageObject\",\"inLanguage\":\"en-US\",\"@id\":\"https:\\\/\\\/blogin.al\\\/?p=40775#primaryimage\",\"url\":\"https:\\\/\\\/blogin.al\\\/wp-content\\\/uploads\\\/2022\\\/05\\\/olti-curri.png\",\"contentUrl\":\"https:\\\/\\\/blogin.al\\\/wp-content\\\/uploads\\\/2022\\\/05\\\/olti-curri.png\",\"width\":640,\"height\":638},{\"@type\":\"BreadcrumbList\",\"@id\":\"https:\\\/\\\/blogin.al\\\/?p=40775#breadcrumb\",\"itemListElement\":[{\"@type\":\"ListItem\",\"position\":1,\"name\":\"Home\",\"item\":\"https:\\\/\\\/blogin.al\\\/\"},{\"@type\":\"ListItem\",\"position\":2,\"name\":\"Reagon Olti Curri p\u00ebr vrasjen e Liridon\u00ebs: T\u00eb rikthehet d\u00ebnimi me vdekje\"}]},{\"@type\":\"WebSite\",\"@id\":\"https:\\\/\\\/blogin.al\\\/#website\",\"url\":\"https:\\\/\\\/blogin.al\\\/\",\"name\":\"blogin.al\",\"description\":\"\",\"publisher\":{\"@id\":\"https:\\\/\\\/blogin.al\\\/#organization\"},\"potentialAction\":[{\"@type\":\"SearchAction\",\"target\":{\"@type\":\"EntryPoint\",\"urlTemplate\":\"https:\\\/\\\/blogin.al\\\/?s={search_term_string}\"},\"query-input\":{\"@type\":\"PropertyValueSpecification\",\"valueRequired\":true,\"valueName\":\"search_term_string\"}}],\"inLanguage\":\"en-US\"},{\"@type\":\"Organization\",\"@id\":\"https:\\\/\\\/blogin.al\\\/#organization\",\"name\":\"BLOGIN.al\",\"url\":\"https:\\\/\\\/blogin.al\\\/\",\"logo\":{\"@type\":\"ImageObject\",\"inLanguage\":\"en-US\",\"@id\":\"https:\\\/\\\/blogin.al\\\/#\\\/schema\\\/logo\\\/image\\\/\",\"url\":\"https:\\\/\\\/blogin.al\\\/wp-content\\\/uploads\\\/2022\\\/05\\\/Untitled-2-01-e1652084456514.png\",\"contentUrl\":\"https:\\\/\\\/blogin.al\\\/wp-content\\\/uploads\\\/2022\\\/05\\\/Untitled-2-01-e1652084456514.png\",\"width\":3723,\"height\":1698,\"caption\":\"BLOGIN.al\"},\"image\":{\"@id\":\"https:\\\/\\\/blogin.al\\\/#\\\/schema\\\/logo\\\/image\\\/\"},\"sameAs\":[\"https:\\\/\\\/instagram.com\\\/blogin.al\\\/\"]},{\"@type\":\"Person\",\"@id\":\"https:\\\/\\\/blogin.al\\\/#\\\/schema\\\/person\\\/abdd56bc912cd511db877b852b115399\",\"name\":\"Blogin al\",\"image\":{\"@type\":\"ImageObject\",\"inLanguage\":\"en-US\",\"@id\":\"https:\\\/\\\/secure.gravatar.com\\\/avatar\\\/60d5661aee6e835fb13dc75d2204cd0c1d61bef2efd137c0083e59ef831e235e?s=96&d=mm&r=g\",\"url\":\"https:\\\/\\\/secure.gravatar.com\\\/avatar\\\/60d5661aee6e835fb13dc75d2204cd0c1d61bef2efd137c0083e59ef831e235e?s=96&d=mm&r=g\",\"contentUrl\":\"https:\\\/\\\/secure.gravatar.com\\\/avatar\\\/60d5661aee6e835fb13dc75d2204cd0c1d61bef2efd137c0083e59ef831e235e?s=96&d=mm&r=g\",\"caption\":\"Blogin al\"},\"sameAs\":[\"https:\\\/\\\/blogin.al\"],\"url\":\"https:\\\/\\\/blogin.al\\\/?author=2\"}]}<\/script>\n<!-- \/ Yoast SEO plugin. -->","yoast_head_json":{"title":"Reagon Olti Curri p\u00ebr vrasjen e Liridon\u00ebs: T\u00eb rikthehet d\u00ebnimi me vdekje - blogin.al","robots":{"index":"index","follow":"follow","max-snippet":"max-snippet:-1","max-image-preview":"max-image-preview:large","max-video-preview":"max-video-preview:-1"},"canonical":"https:\/\/blogin.al\/?p=40775","og_locale":"en_US","og_type":"article","og_title":"Reagon Olti Curri p\u00ebr vrasjen e Liridon\u00ebs: T\u00eb rikthehet d\u00ebnimi me vdekje - blogin.al","og_description":"Vrasje e Liridona Murselit, tre dit\u00eb m\u00eb par\u00eb, tronditi opinionin publik. Vrasja e saj \u00ebsht\u00eb inskenuar nga bashk\u00ebshorti i saj, i cili ka paguar dik\u00eb tjet\u00ebr p\u00ebr ta vrar\u00eb, duke i dh\u00ebn\u00eb shum\u00ebn 30 mij\u00eb euro. Ai e ka pranuar krimin n\u00eb polici, nd\u00ebrkoh\u00eb d\u00ebshmitar\u00eb kan\u00eb qen\u00eb edhe dy f\u00ebmij\u00ebt e tyre. Olti Curri ka [&hellip;]","og_url":"https:\/\/blogin.al\/?p=40775","og_site_name":"blogin.al","article_published_time":"2023-12-03T08:58:55+00:00","article_modified_time":"2023-12-03T08:58:58+00:00","og_image":[{"width":640,"height":638,"url":"https:\/\/blogin.al\/wp-content\/uploads\/2022\/05\/olti-curri.png","type":"image\/png"}],"author":"Blogin al","twitter_card":"summary_large_image","twitter_misc":{"Written by":"Blogin al","Est. reading time":"1 minute"},"schema":{"@context":"https:\/\/schema.org","@graph":[{"@type":"Article","@id":"https:\/\/blogin.al\/?p=40775#article","isPartOf":{"@id":"https:\/\/blogin.al\/?p=40775"},"author":{"name":"Blogin al","@id":"https:\/\/blogin.al\/#\/schema\/person\/abdd56bc912cd511db877b852b115399"},"headline":"Reagon Olti Curri p\u00ebr vrasjen e Liridon\u00ebs: T\u00eb rikthehet d\u00ebnimi me vdekje","datePublished":"2023-12-03T08:58:55+00:00","dateModified":"2023-12-03T08:58:58+00:00","mainEntityOfPage":{"@id":"https:\/\/blogin.al\/?p=40775"},"wordCount":187,"commentCount":0,"publisher":{"@id":"https:\/\/blogin.al\/#organization"},"image":{"@id":"https:\/\/blogin.al\/?p=40775#primaryimage"},"thumbnailUrl":"https:\/\/blogin.al\/wp-content\/uploads\/2022\/05\/olti-curri.png","articleSection":["SHOWBIZ"],"inLanguage":"en-US","potentialAction":[{"@type":"CommentAction","name":"Comment","target":["https:\/\/blogin.al\/?p=40775#respond"]}]},{"@type":"WebPage","@id":"https:\/\/blogin.al\/?p=40775","url":"https:\/\/blogin.al\/?p=40775","name":"Reagon Olti Curri p\u00ebr vrasjen e Liridon\u00ebs: T\u00eb rikthehet d\u00ebnimi me vdekje - blogin.al","isPartOf":{"@id":"https:\/\/blogin.al\/#website"},"primaryImageOfPage":{"@id":"https:\/\/blogin.al\/?p=40775#primaryimage"},"image":{"@id":"https:\/\/blogin.al\/?p=40775#primaryimage"},"thumbnailUrl":"https:\/\/blogin.al\/wp-content\/uploads\/2022\/05\/olti-curri.png","datePublished":"2023-12-03T08:58:55+00:00","dateModified":"2023-12-03T08:58:58+00:00","breadcrumb":{"@id":"https:\/\/blogin.al\/?p=40775#breadcrumb"},"inLanguage":"en-US","potentialAction":[{"@type":"ReadAction","target":["https:\/\/blogin.al\/?p=40775"]}]},{"@type":"ImageObject","inLanguage":"en-US","@id":"https:\/\/blogin.al\/?p=40775#primaryimage","url":"https:\/\/blogin.al\/wp-content\/uploads\/2022\/05\/olti-curri.png","contentUrl":"https:\/\/blogin.al\/wp-content\/uploads\/2022\/05\/olti-curri.png","width":640,"height":638},{"@type":"BreadcrumbList","@id":"https:\/\/blogin.al\/?p=40775#breadcrumb","itemListElement":[{"@type":"ListItem","position":1,"name":"Home","item":"https:\/\/blogin.al\/"},{"@type":"ListItem","position":2,"name":"Reagon Olti Curri p\u00ebr vrasjen e Liridon\u00ebs: T\u00eb rikthehet d\u00ebnimi me vdekje"}]},{"@type":"WebSite","@id":"https:\/\/blogin.al\/#website","url":"https:\/\/blogin.al\/","name":"blogin.al","description":"","publisher":{"@id":"https:\/\/blogin.al\/#organization"},"potentialAction":[{"@type":"SearchAction","target":{"@type":"EntryPoint","urlTemplate":"https:\/\/blogin.al\/?s={search_term_string}"},"query-input":{"@type":"PropertyValueSpecification","valueRequired":true,"valueName":"search_term_string"}}],"inLanguage":"en-US"},{"@type":"Organization","@id":"https:\/\/blogin.al\/#organization","name":"BLOGIN.al","url":"https:\/\/blogin.al\/","logo":{"@type":"ImageObject","inLanguage":"en-US","@id":"https:\/\/blogin.al\/#\/schema\/logo\/image\/","url":"https:\/\/blogin.al\/wp-content\/uploads\/2022\/05\/Untitled-2-01-e1652084456514.png","contentUrl":"https:\/\/blogin.al\/wp-content\/uploads\/2022\/05\/Untitled-2-01-e1652084456514.png","width":3723,"height":1698,"caption":"BLOGIN.al"},"image":{"@id":"https:\/\/blogin.al\/#\/schema\/logo\/image\/"},"sameAs":["https:\/\/instagram.com\/blogin.al\/"]},{"@type":"Person","@id":"https:\/\/blogin.al\/#\/schema\/person\/abdd56bc912cd511db877b852b115399","name":"Blogin al","image":{"@type":"ImageObject","inLanguage":"en-US","@id":"https:\/\/secure.gravatar.com\/avatar\/60d5661aee6e835fb13dc75d2204cd0c1d61bef2efd137c0083e59ef831e235e?s=96&d=mm&r=g","url":"https:\/\/secure.gravatar.com\/avatar\/60d5661aee6e835fb13dc75d2204cd0c1d61bef2efd137c0083e59ef831e235e?s=96&d=mm&r=g","contentUrl":"https:\/\/secure.gravatar.com\/avatar\/60d5661aee6e835fb13dc75d2204cd0c1d61bef2efd137c0083e59ef831e235e?s=96&d=mm&r=g","caption":"Blogin al"},"sameAs":["https:\/\/blogin.al"],"url":"https:\/\/blogin.al\/?author=2"}]}},"_links":{"self":[{"href":"https:\/\/blogin.al\/index.php?rest_route=\/wp\/v2\/posts\/40775","targetHints":{"allow":["GET"]}}],"collection":[{"href":"https:\/\/blogin.al\/index.php?rest_route=\/wp\/v2\/posts"}],"about":[{"href":"https:\/\/blogin.al\/index.php?rest_route=\/wp\/v2\/types\/post"}],"author":[{"embeddable":true,"href":"https:\/\/blogin.al\/index.php?rest_route=\/wp\/v2\/users\/2"}],"replies":[{"embeddable":true,"href":"https:\/\/blogin.al\/index.php?rest_route=%2Fwp%2Fv2%2Fcomments&post=40775"}],"version-history":[{"count":1,"href":"https:\/\/blogin.al\/index.php?rest_route=\/wp\/v2\/posts\/40775\/revisions"}],"predecessor-version":[{"id":40776,"href":"https:\/\/blogin.al\/index.php?rest_route=\/wp\/v2\/posts\/40775\/revisions\/40776"}],"wp:featuredmedia":[{"embeddable":true,"href":"https:\/\/blogin.al\/index.php?rest_route=\/wp\/v2\/media\/4099"}],"wp:attachment":[{"href":"https:\/\/blogin.al\/index.php?rest_route=%2Fwp%2Fv2%2Fmedia&parent=40775"}],"wp:term":[{"taxonomy":"category","embeddable":true,"href":"https:\/\/blogin.al\/index.php?rest_route=%2Fwp%2Fv2%2Fcategories&post=40775"},{"taxonomy":"post_tag","embeddable":true,"href":"https:\/\/blogin.al\/index.php?rest_route=%2Fwp%2Fv2%2Ftags&post=40775"}],"curies":[{"name":"wp","href":"https:\/\/api.w.org\/{rel}","templated":true}]}}