{"id":40777,"date":"2023-12-03T09:00:28","date_gmt":"2023-12-03T09:00:28","guid":{"rendered":"https:\/\/blogin.al\/?p=40777"},"modified":"2023-12-03T09:00:31","modified_gmt":"2023-12-03T09:00:31","slug":"zbulohet-arsyeja-pse-naimi-e-vrau-bashkeshorten","status":"publish","type":"post","link":"https:\/\/blogin.al\/?p=40777","title":{"rendered":"Zbulohet arsyeja pse Naimi e vrau bashk\u00ebshorten!"},"content":{"rendered":"\n<p>Opinioni publik vazhdon t\u00eb jet\u00eb i tronditur nga vrasja e Liridona Ademajt. Burri i saj, Naim Murseli dyshohet se q\u00ebndron prapa k\u00ebsaj vrasje makabre mbr\u00ebmjen e s\u00eb m\u00ebrkur\u00ebs.<\/p>\n\n\n\n<p>Murseli dyshohet se n\u00eb bashk\u00ebpunim me dy persona t\u00eb tjer\u00eb kan\u00eb organizuar vrasjen e bashk\u00ebshortes s\u00eb tij, n\u00ebn\u00eb e dy f\u00ebmij\u00ebve. Murseli thuhet se ka pranuar para organeve t\u00eb drejt\u00ebsis\u00eb organizimin e vrasjes s\u00eb Liridona Ademajt.<\/p>\n\n\n\n<p>Burime t\u00eb Indeksonline b\u00ebjn\u00eb t\u00eb ditur se Naim Murseli para nj\u00eb kohe i ka paguar sigurimin jet\u00ebsor Liridona Ademajt n\u00eb nj\u00eb kompani t\u00eb fuqishme suedeze.<\/p>\n\n\n\n<p>Sigurimi jet\u00ebsor nd\u00ebr t\u00eb tjera garantonte q\u00eb n\u00eb rast t\u00eb ndonj\u00eb fatkeq\u00ebsie apo tragjedie jet\u00ebsore, sigurimi mund t\u00eb mbulonte shpenzimet deri n\u00eb 20 milion\u00eb euro. Naim Murseli dyshohet se ka qen\u00eb n\u00eb dijeni p\u00ebr k\u00ebt\u00eb shum\u00eb shpaguese.<\/p>\n\n\n\n<p>Murseli ende s\u2019ka treguar para organeve t\u00eb drejt\u00ebsis\u00eb arsyen e krimit, por nj\u00eb nga pistat e besueshme mund t\u00eb jet\u00eb kjo, bazuar n\u00eb burime t\u00eb af\u00ebrta me ish-\u00e7iftin.<\/p>\n","protected":false},"excerpt":{"rendered":"<p>Opinioni publik vazhdon t\u00eb jet\u00eb i tronditur nga vrasja e Liridona Ademajt. Burri i saj, Naim Murseli dyshohet se q\u00ebndron prapa k\u00ebsaj vrasje makabre mbr\u00ebmjen e s\u00eb m\u00ebrkur\u00ebs. Murseli dyshohet se n\u00eb bashk\u00ebpunim me dy persona t\u00eb tjer\u00eb kan\u00eb organizuar vrasjen e bashk\u00ebshortes s\u00eb tij, n\u00ebn\u00eb e dy f\u00ebmij\u00ebve. Murseli thuhet se ka pranuar para [&hellip;]<\/p>\n","protected":false},"author":2,"featured_media":40746,"comment_status":"open","ping_status":"open","sticky":false,"template":"","format":"standard","meta":{"footnotes":""},"categories":[39],"tags":[],"class_list":{"0":"post-40777","1":"post","2":"type-post","3":"status-publish","4":"format-standard","5":"has-post-thumbnail","7":"category-aktualitet"},"yoast_head":"<!-- This site is optimized with the Yoast SEO plugin v27.4 - https:\/\/yoast.com\/product\/yoast-seo-wordpress\/ -->\n<title>Zbulohet arsyeja pse Naimi e vrau bashk\u00ebshorten! - blogin.al<\/title>\n<meta name=\"robots\" content=\"index, follow, max-snippet:-1, max-image-preview:large, max-video-preview:-1\" \/>\n<link rel=\"canonical\" href=\"https:\/\/blogin.al\/?p=40777\" \/>\n<meta property=\"og:locale\" content=\"en_US\" \/>\n<meta property=\"og:type\" content=\"article\" \/>\n<meta property=\"og:title\" content=\"Zbulohet arsyeja pse Naimi e vrau bashk\u00ebshorten! - blogin.al\" \/>\n<meta property=\"og:description\" content=\"Opinioni publik vazhdon t\u00eb jet\u00eb i tronditur nga vrasja e Liridona Ademajt. Burri i saj, Naim Murseli dyshohet se q\u00ebndron prapa k\u00ebsaj vrasje makabre mbr\u00ebmjen e s\u00eb m\u00ebrkur\u00ebs. Murseli dyshohet se n\u00eb bashk\u00ebpunim me dy persona t\u00eb tjer\u00eb kan\u00eb organizuar vrasjen e bashk\u00ebshortes s\u00eb tij, n\u00ebn\u00eb e dy f\u00ebmij\u00ebve. Murseli thuhet se ka pranuar para [&hellip;]\" \/>\n<meta property=\"og:url\" content=\"https:\/\/blogin.al\/?p=40777\" \/>\n<meta property=\"og:site_name\" content=\"blogin.al\" \/>\n<meta property=\"article:published_time\" content=\"2023-12-03T09:00:28+00:00\" \/>\n<meta property=\"article:modified_time\" content=\"2023-12-03T09:00:31+00:00\" \/>\n<meta property=\"og:image\" content=\"https:\/\/blogin.al\/wp-content\/uploads\/2023\/12\/image-13.png\" \/>\n\t<meta property=\"og:image:width\" content=\"640\" \/>\n\t<meta property=\"og:image:height\" content=\"471\" \/>\n\t<meta property=\"og:image:type\" content=\"image\/png\" \/>\n<meta name=\"author\" content=\"Blogin al\" \/>\n<meta name=\"twitter:card\" content=\"summary_large_image\" \/>\n<meta name=\"twitter:label1\" content=\"Written by\" \/>\n\t<meta name=\"twitter:data1\" content=\"Blogin al\" \/>\n\t<meta name=\"twitter:label2\" content=\"Est. reading time\" \/>\n\t<meta name=\"twitter:data2\" content=\"1 minute\" \/>\n<script type=\"application\/ld+json\" class=\"yoast-schema-graph\">{\"@context\":\"https:\\\/\\\/schema.org\",\"@graph\":[{\"@type\":\"Article\",\"@id\":\"https:\\\/\\\/blogin.al\\\/?p=40777#article\",\"isPartOf\":{\"@id\":\"https:\\\/\\\/blogin.al\\\/?p=40777\"},\"author\":{\"name\":\"Blogin al\",\"@id\":\"https:\\\/\\\/blogin.al\\\/#\\\/schema\\\/person\\\/abdd56bc912cd511db877b852b115399\"},\"headline\":\"Zbulohet arsyeja pse Naimi e vrau bashk\u00ebshorten!\",\"datePublished\":\"2023-12-03T09:00:28+00:00\",\"dateModified\":\"2023-12-03T09:00:31+00:00\",\"mainEntityOfPage\":{\"@id\":\"https:\\\/\\\/blogin.al\\\/?p=40777\"},\"wordCount\":184,\"commentCount\":0,\"publisher\":{\"@id\":\"https:\\\/\\\/blogin.al\\\/#organization\"},\"image\":{\"@id\":\"https:\\\/\\\/blogin.al\\\/?p=40777#primaryimage\"},\"thumbnailUrl\":\"https:\\\/\\\/blogin.al\\\/wp-content\\\/uploads\\\/2023\\\/12\\\/image-13.png\",\"articleSection\":[\"AKTUALITET\"],\"inLanguage\":\"en-US\",\"potentialAction\":[{\"@type\":\"CommentAction\",\"name\":\"Comment\",\"target\":[\"https:\\\/\\\/blogin.al\\\/?p=40777#respond\"]}]},{\"@type\":\"WebPage\",\"@id\":\"https:\\\/\\\/blogin.al\\\/?p=40777\",\"url\":\"https:\\\/\\\/blogin.al\\\/?p=40777\",\"name\":\"Zbulohet arsyeja pse Naimi e vrau bashk\u00ebshorten! - blogin.al\",\"isPartOf\":{\"@id\":\"https:\\\/\\\/blogin.al\\\/#website\"},\"primaryImageOfPage\":{\"@id\":\"https:\\\/\\\/blogin.al\\\/?p=40777#primaryimage\"},\"image\":{\"@id\":\"https:\\\/\\\/blogin.al\\\/?p=40777#primaryimage\"},\"thumbnailUrl\":\"https:\\\/\\\/blogin.al\\\/wp-content\\\/uploads\\\/2023\\\/12\\\/image-13.png\",\"datePublished\":\"2023-12-03T09:00:28+00:00\",\"dateModified\":\"2023-12-03T09:00:31+00:00\",\"breadcrumb\":{\"@id\":\"https:\\\/\\\/blogin.al\\\/?p=40777#breadcrumb\"},\"inLanguage\":\"en-US\",\"potentialAction\":[{\"@type\":\"ReadAction\",\"target\":[\"https:\\\/\\\/blogin.al\\\/?p=40777\"]}]},{\"@type\":\"ImageObject\",\"inLanguage\":\"en-US\",\"@id\":\"https:\\\/\\\/blogin.al\\\/?p=40777#primaryimage\",\"url\":\"https:\\\/\\\/blogin.al\\\/wp-content\\\/uploads\\\/2023\\\/12\\\/image-13.png\",\"contentUrl\":\"https:\\\/\\\/blogin.al\\\/wp-content\\\/uploads\\\/2023\\\/12\\\/image-13.png\",\"width\":640,\"height\":471},{\"@type\":\"BreadcrumbList\",\"@id\":\"https:\\\/\\\/blogin.al\\\/?p=40777#breadcrumb\",\"itemListElement\":[{\"@type\":\"ListItem\",\"position\":1,\"name\":\"Home\",\"item\":\"https:\\\/\\\/blogin.al\\\/\"},{\"@type\":\"ListItem\",\"position\":2,\"name\":\"Zbulohet arsyeja pse Naimi e vrau bashk\u00ebshorten!\"}]},{\"@type\":\"WebSite\",\"@id\":\"https:\\\/\\\/blogin.al\\\/#website\",\"url\":\"https:\\\/\\\/blogin.al\\\/\",\"name\":\"blogin.al\",\"description\":\"\",\"publisher\":{\"@id\":\"https:\\\/\\\/blogin.al\\\/#organization\"},\"potentialAction\":[{\"@type\":\"SearchAction\",\"target\":{\"@type\":\"EntryPoint\",\"urlTemplate\":\"https:\\\/\\\/blogin.al\\\/?s={search_term_string}\"},\"query-input\":{\"@type\":\"PropertyValueSpecification\",\"valueRequired\":true,\"valueName\":\"search_term_string\"}}],\"inLanguage\":\"en-US\"},{\"@type\":\"Organization\",\"@id\":\"https:\\\/\\\/blogin.al\\\/#organization\",\"name\":\"BLOGIN.al\",\"url\":\"https:\\\/\\\/blogin.al\\\/\",\"logo\":{\"@type\":\"ImageObject\",\"inLanguage\":\"en-US\",\"@id\":\"https:\\\/\\\/blogin.al\\\/#\\\/schema\\\/logo\\\/image\\\/\",\"url\":\"https:\\\/\\\/blogin.al\\\/wp-content\\\/uploads\\\/2022\\\/05\\\/Untitled-2-01-e1652084456514.png\",\"contentUrl\":\"https:\\\/\\\/blogin.al\\\/wp-content\\\/uploads\\\/2022\\\/05\\\/Untitled-2-01-e1652084456514.png\",\"width\":3723,\"height\":1698,\"caption\":\"BLOGIN.al\"},\"image\":{\"@id\":\"https:\\\/\\\/blogin.al\\\/#\\\/schema\\\/logo\\\/image\\\/\"},\"sameAs\":[\"https:\\\/\\\/instagram.com\\\/blogin.al\\\/\"]},{\"@type\":\"Person\",\"@id\":\"https:\\\/\\\/blogin.al\\\/#\\\/schema\\\/person\\\/abdd56bc912cd511db877b852b115399\",\"name\":\"Blogin al\",\"image\":{\"@type\":\"ImageObject\",\"inLanguage\":\"en-US\",\"@id\":\"https:\\\/\\\/secure.gravatar.com\\\/avatar\\\/60d5661aee6e835fb13dc75d2204cd0c1d61bef2efd137c0083e59ef831e235e?s=96&d=mm&r=g\",\"url\":\"https:\\\/\\\/secure.gravatar.com\\\/avatar\\\/60d5661aee6e835fb13dc75d2204cd0c1d61bef2efd137c0083e59ef831e235e?s=96&d=mm&r=g\",\"contentUrl\":\"https:\\\/\\\/secure.gravatar.com\\\/avatar\\\/60d5661aee6e835fb13dc75d2204cd0c1d61bef2efd137c0083e59ef831e235e?s=96&d=mm&r=g\",\"caption\":\"Blogin al\"},\"sameAs\":[\"https:\\\/\\\/blogin.al\"],\"url\":\"https:\\\/\\\/blogin.al\\\/?author=2\"}]}<\/script>\n<!-- \/ Yoast SEO plugin. -->","yoast_head_json":{"title":"Zbulohet arsyeja pse Naimi e vrau bashk\u00ebshorten! - blogin.al","robots":{"index":"index","follow":"follow","max-snippet":"max-snippet:-1","max-image-preview":"max-image-preview:large","max-video-preview":"max-video-preview:-1"},"canonical":"https:\/\/blogin.al\/?p=40777","og_locale":"en_US","og_type":"article","og_title":"Zbulohet arsyeja pse Naimi e vrau bashk\u00ebshorten! - blogin.al","og_description":"Opinioni publik vazhdon t\u00eb jet\u00eb i tronditur nga vrasja e Liridona Ademajt. Burri i saj, Naim Murseli dyshohet se q\u00ebndron prapa k\u00ebsaj vrasje makabre mbr\u00ebmjen e s\u00eb m\u00ebrkur\u00ebs. Murseli dyshohet se n\u00eb bashk\u00ebpunim me dy persona t\u00eb tjer\u00eb kan\u00eb organizuar vrasjen e bashk\u00ebshortes s\u00eb tij, n\u00ebn\u00eb e dy f\u00ebmij\u00ebve. Murseli thuhet se ka pranuar para [&hellip;]","og_url":"https:\/\/blogin.al\/?p=40777","og_site_name":"blogin.al","article_published_time":"2023-12-03T09:00:28+00:00","article_modified_time":"2023-12-03T09:00:31+00:00","og_image":[{"width":640,"height":471,"url":"https:\/\/blogin.al\/wp-content\/uploads\/2023\/12\/image-13.png","type":"image\/png"}],"author":"Blogin al","twitter_card":"summary_large_image","twitter_misc":{"Written by":"Blogin al","Est. reading time":"1 minute"},"schema":{"@context":"https:\/\/schema.org","@graph":[{"@type":"Article","@id":"https:\/\/blogin.al\/?p=40777#article","isPartOf":{"@id":"https:\/\/blogin.al\/?p=40777"},"author":{"name":"Blogin al","@id":"https:\/\/blogin.al\/#\/schema\/person\/abdd56bc912cd511db877b852b115399"},"headline":"Zbulohet arsyeja pse Naimi e vrau bashk\u00ebshorten!","datePublished":"2023-12-03T09:00:28+00:00","dateModified":"2023-12-03T09:00:31+00:00","mainEntityOfPage":{"@id":"https:\/\/blogin.al\/?p=40777"},"wordCount":184,"commentCount":0,"publisher":{"@id":"https:\/\/blogin.al\/#organization"},"image":{"@id":"https:\/\/blogin.al\/?p=40777#primaryimage"},"thumbnailUrl":"https:\/\/blogin.al\/wp-content\/uploads\/2023\/12\/image-13.png","articleSection":["AKTUALITET"],"inLanguage":"en-US","potentialAction":[{"@type":"CommentAction","name":"Comment","target":["https:\/\/blogin.al\/?p=40777#respond"]}]},{"@type":"WebPage","@id":"https:\/\/blogin.al\/?p=40777","url":"https:\/\/blogin.al\/?p=40777","name":"Zbulohet arsyeja pse Naimi e vrau bashk\u00ebshorten! - blogin.al","isPartOf":{"@id":"https:\/\/blogin.al\/#website"},"primaryImageOfPage":{"@id":"https:\/\/blogin.al\/?p=40777#primaryimage"},"image":{"@id":"https:\/\/blogin.al\/?p=40777#primaryimage"},"thumbnailUrl":"https:\/\/blogin.al\/wp-content\/uploads\/2023\/12\/image-13.png","datePublished":"2023-12-03T09:00:28+00:00","dateModified":"2023-12-03T09:00:31+00:00","breadcrumb":{"@id":"https:\/\/blogin.al\/?p=40777#breadcrumb"},"inLanguage":"en-US","potentialAction":[{"@type":"ReadAction","target":["https:\/\/blogin.al\/?p=40777"]}]},{"@type":"ImageObject","inLanguage":"en-US","@id":"https:\/\/blogin.al\/?p=40777#primaryimage","url":"https:\/\/blogin.al\/wp-content\/uploads\/2023\/12\/image-13.png","contentUrl":"https:\/\/blogin.al\/wp-content\/uploads\/2023\/12\/image-13.png","width":640,"height":471},{"@type":"BreadcrumbList","@id":"https:\/\/blogin.al\/?p=40777#breadcrumb","itemListElement":[{"@type":"ListItem","position":1,"name":"Home","item":"https:\/\/blogin.al\/"},{"@type":"ListItem","position":2,"name":"Zbulohet arsyeja pse Naimi e vrau bashk\u00ebshorten!"}]},{"@type":"WebSite","@id":"https:\/\/blogin.al\/#website","url":"https:\/\/blogin.al\/","name":"blogin.al","description":"","publisher":{"@id":"https:\/\/blogin.al\/#organization"},"potentialAction":[{"@type":"SearchAction","target":{"@type":"EntryPoint","urlTemplate":"https:\/\/blogin.al\/?s={search_term_string}"},"query-input":{"@type":"PropertyValueSpecification","valueRequired":true,"valueName":"search_term_string"}}],"inLanguage":"en-US"},{"@type":"Organization","@id":"https:\/\/blogin.al\/#organization","name":"BLOGIN.al","url":"https:\/\/blogin.al\/","logo":{"@type":"ImageObject","inLanguage":"en-US","@id":"https:\/\/blogin.al\/#\/schema\/logo\/image\/","url":"https:\/\/blogin.al\/wp-content\/uploads\/2022\/05\/Untitled-2-01-e1652084456514.png","contentUrl":"https:\/\/blogin.al\/wp-content\/uploads\/2022\/05\/Untitled-2-01-e1652084456514.png","width":3723,"height":1698,"caption":"BLOGIN.al"},"image":{"@id":"https:\/\/blogin.al\/#\/schema\/logo\/image\/"},"sameAs":["https:\/\/instagram.com\/blogin.al\/"]},{"@type":"Person","@id":"https:\/\/blogin.al\/#\/schema\/person\/abdd56bc912cd511db877b852b115399","name":"Blogin al","image":{"@type":"ImageObject","inLanguage":"en-US","@id":"https:\/\/secure.gravatar.com\/avatar\/60d5661aee6e835fb13dc75d2204cd0c1d61bef2efd137c0083e59ef831e235e?s=96&d=mm&r=g","url":"https:\/\/secure.gravatar.com\/avatar\/60d5661aee6e835fb13dc75d2204cd0c1d61bef2efd137c0083e59ef831e235e?s=96&d=mm&r=g","contentUrl":"https:\/\/secure.gravatar.com\/avatar\/60d5661aee6e835fb13dc75d2204cd0c1d61bef2efd137c0083e59ef831e235e?s=96&d=mm&r=g","caption":"Blogin al"},"sameAs":["https:\/\/blogin.al"],"url":"https:\/\/blogin.al\/?author=2"}]}},"_links":{"self":[{"href":"https:\/\/blogin.al\/index.php?rest_route=\/wp\/v2\/posts\/40777","targetHints":{"allow":["GET"]}}],"collection":[{"href":"https:\/\/blogin.al\/index.php?rest_route=\/wp\/v2\/posts"}],"about":[{"href":"https:\/\/blogin.al\/index.php?rest_route=\/wp\/v2\/types\/post"}],"author":[{"embeddable":true,"href":"https:\/\/blogin.al\/index.php?rest_route=\/wp\/v2\/users\/2"}],"replies":[{"embeddable":true,"href":"https:\/\/blogin.al\/index.php?rest_route=%2Fwp%2Fv2%2Fcomments&post=40777"}],"version-history":[{"count":1,"href":"https:\/\/blogin.al\/index.php?rest_route=\/wp\/v2\/posts\/40777\/revisions"}],"predecessor-version":[{"id":40778,"href":"https:\/\/blogin.al\/index.php?rest_route=\/wp\/v2\/posts\/40777\/revisions\/40778"}],"wp:featuredmedia":[{"embeddable":true,"href":"https:\/\/blogin.al\/index.php?rest_route=\/wp\/v2\/media\/40746"}],"wp:attachment":[{"href":"https:\/\/blogin.al\/index.php?rest_route=%2Fwp%2Fv2%2Fmedia&parent=40777"}],"wp:term":[{"taxonomy":"category","embeddable":true,"href":"https:\/\/blogin.al\/index.php?rest_route=%2Fwp%2Fv2%2Fcategories&post=40777"},{"taxonomy":"post_tag","embeddable":true,"href":"https:\/\/blogin.al\/index.php?rest_route=%2Fwp%2Fv2%2Ftags&post=40777"}],"curies":[{"name":"wp","href":"https:\/\/api.w.org\/{rel}","templated":true}]}}