{"id":40786,"date":"2023-12-03T10:57:26","date_gmt":"2023-12-03T10:57:26","guid":{"rendered":"https:\/\/blogin.al\/?p=40786"},"modified":"2023-12-03T10:57:29","modified_gmt":"2023-12-03T10:57:29","slug":"intervista-e-edona-james-ne-emisionin-serb-rikthehet-ne-qender-te-vemendjes-pas-nente-vjetesh-nuk-ndihem-shqiptare-me-pelqejne-burrat-serbe","status":"publish","type":"post","link":"https:\/\/blogin.al\/?p=40786","title":{"rendered":"Intervista e Edona James n\u00eb emisionin serb rikthehet n\u00eb qend\u00ebr t\u00eb v\u00ebmendjes pas n\u00ebnt\u00eb vjet\u00ebsh: Nuk ndihem shqiptare, m\u00eb p\u00eblqejn\u00eb burrat serb\u00eb"},"content":{"rendered":"\n<p>\u00cbsht\u00eb rithyer n\u00eb fokus, pas gati nj\u00eb dekade nj\u00eb intervist\u00eb e Edona James q\u00eb kishte b\u00ebr\u00eb para n\u00ebnt\u00eb vjet\u00ebsh, n\u00eb nj\u00eb emision televiziv serb.<\/p>\n\n\n\n<p>Ajo n\u00eb at\u00eb intervist\u00eb kishte b\u00ebr\u00eb disa komente t\u00eb cilat kan\u00eb nxitur diskutime t\u00eb shumta n\u00ebp\u00ebr rrjetet sociale.<\/p>\n\n\n\n<p>Duke u prezantuar si nj\u00eb kosovare q\u00eb ka lindur n\u00eb Gjermani, Edona ka folur n\u00eb gjuh\u00ebn gjermane dhe ka shprehur admirimin e saj p\u00ebr k\u00ebng\u00ebtaren serbe Jelena Karleusha, t\u00eb cil\u00ebn e cil\u00ebsoi si idhull.<\/p>\n\n\n\n<figure class=\"wp-block-image is-style-default\"><img decoding=\"async\" src=\"https:\/\/telegrafi.com\/wp-content\/uploads\/2023\/12\/edddd.png\" alt=\"\" class=\"wp-image-3857130\"\/><\/figure>\n\n\n\n<p>Edona James ka v\u00ebn\u00eb theksin n\u00eb faktin se ajo nuk ndien nj\u00eb lidhje t\u00eb thell\u00eb me origjin\u00ebn shqiptare pasi \u00ebsht\u00eb rritur dhe ka jetuar n\u00eb Gjermani.<\/p>\n\n\n\n<p>N\u00eb at\u00eb intervist\u00eb, ajo kishte zbuluar se ishte e magjepsur nga qyteti i Beogradit n\u00eb Serbi, nj\u00eb vend ku ajo kishte vendosur t\u00eb q\u00ebndronte p\u00ebr nj\u00eb periudh\u00eb.<\/p>\n\n\n\n<p>\u201cPas dy dit\u00ebsh q\u00ebndrimi k\u00ebtu n\u00eb Beograd, kam filluar ta dua k\u00ebt\u00eb vend. \u00cbsht\u00eb nj\u00eb vend i bukur dhe planifikoj t\u00eb q\u00ebndroj k\u00ebtu p\u00ebr gjith\u00eb jav\u00ebn. Kam shum\u00eb p\u00ebr t\u00eb eksploruar dhe mezi pres t\u00eb vizitoj klubet e qytetit. Dhe p\u00ebr t\u00eb qen\u00eb e sinqert\u00eb, m\u00eb p\u00eblqejn\u00eb burrat serb\u00eb, ata jan\u00eb m\u00eb t\u00eb mir\u00ebt.\u201d \u2013 \u00ebsht\u00eb shprehur Edona gjat\u00eb k\u00ebsaj interviste.\u00a0<\/p>\n\n\n\n<figure class=\"wp-block-embed\"><div class=\"wp-block-embed__wrapper\">\nhttps:\/\/x.com\/oldnightsquotes\/status\/1730949154141024525?s=20\n<\/div><\/figure>\n","protected":false},"excerpt":{"rendered":"<p>\u00cbsht\u00eb rithyer n\u00eb fokus, pas gati nj\u00eb dekade nj\u00eb intervist\u00eb e Edona James q\u00eb kishte b\u00ebr\u00eb para n\u00ebnt\u00eb vjet\u00ebsh, n\u00eb nj\u00eb emision televiziv serb. Ajo n\u00eb at\u00eb intervist\u00eb kishte b\u00ebr\u00eb disa komente t\u00eb cilat kan\u00eb nxitur diskutime t\u00eb shumta n\u00ebp\u00ebr rrjetet sociale. Duke u prezantuar si nj\u00eb kosovare q\u00eb ka lindur n\u00eb Gjermani, Edona ka [&hellip;]<\/p>\n","protected":false},"author":2,"featured_media":39091,"comment_status":"open","ping_status":"open","sticky":false,"template":"","format":"standard","meta":{"footnotes":""},"categories":[33],"tags":[],"class_list":{"0":"post-40786","1":"post","2":"type-post","3":"status-publish","4":"format-standard","5":"has-post-thumbnail","7":"category-showbiz"},"yoast_head":"<!-- This site is optimized with the Yoast SEO plugin v27.5 - https:\/\/yoast.com\/product\/yoast-seo-wordpress\/ -->\n<title>Intervista e Edona James n\u00eb emisionin serb rikthehet n\u00eb qend\u00ebr t\u00eb v\u00ebmendjes pas n\u00ebnt\u00eb vjet\u00ebsh: Nuk ndihem shqiptare, m\u00eb p\u00eblqejn\u00eb burrat serb\u00eb - blogin.al<\/title>\n<meta name=\"robots\" content=\"index, follow, max-snippet:-1, max-image-preview:large, max-video-preview:-1\" \/>\n<link rel=\"canonical\" href=\"https:\/\/blogin.al\/?p=40786\" \/>\n<meta property=\"og:locale\" content=\"en_US\" \/>\n<meta property=\"og:type\" content=\"article\" \/>\n<meta property=\"og:title\" content=\"Intervista e Edona James n\u00eb emisionin serb rikthehet n\u00eb qend\u00ebr t\u00eb v\u00ebmendjes pas n\u00ebnt\u00eb vjet\u00ebsh: Nuk ndihem shqiptare, m\u00eb p\u00eblqejn\u00eb burrat serb\u00eb - blogin.al\" \/>\n<meta property=\"og:description\" content=\"\u00cbsht\u00eb rithyer n\u00eb fokus, pas gati nj\u00eb dekade nj\u00eb intervist\u00eb e Edona James q\u00eb kishte b\u00ebr\u00eb para n\u00ebnt\u00eb vjet\u00ebsh, n\u00eb nj\u00eb emision televiziv serb. Ajo n\u00eb at\u00eb intervist\u00eb kishte b\u00ebr\u00eb disa komente t\u00eb cilat kan\u00eb nxitur diskutime t\u00eb shumta n\u00ebp\u00ebr rrjetet sociale. Duke u prezantuar si nj\u00eb kosovare q\u00eb ka lindur n\u00eb Gjermani, Edona ka [&hellip;]\" \/>\n<meta property=\"og:url\" content=\"https:\/\/blogin.al\/?p=40786\" \/>\n<meta property=\"og:site_name\" content=\"blogin.al\" \/>\n<meta property=\"article:published_time\" content=\"2023-12-03T10:57:26+00:00\" \/>\n<meta property=\"article:modified_time\" content=\"2023-12-03T10:57:29+00:00\" \/>\n<meta property=\"og:image\" content=\"https:\/\/blogin.al\/wp-content\/uploads\/2023\/10\/image-99.png\" \/>\n\t<meta property=\"og:image:width\" content=\"742\" \/>\n\t<meta property=\"og:image:height\" content=\"417\" \/>\n\t<meta property=\"og:image:type\" content=\"image\/png\" \/>\n<meta name=\"author\" content=\"Blogin al\" \/>\n<meta name=\"twitter:card\" content=\"summary_large_image\" \/>\n<meta name=\"twitter:label1\" content=\"Written by\" \/>\n\t<meta name=\"twitter:data1\" content=\"Blogin al\" \/>\n\t<meta name=\"twitter:label2\" content=\"Est. reading time\" \/>\n\t<meta name=\"twitter:data2\" content=\"2 minutes\" \/>\n<script type=\"application\/ld+json\" class=\"yoast-schema-graph\">{\"@context\":\"https:\\\/\\\/schema.org\",\"@graph\":[{\"@type\":\"Article\",\"@id\":\"https:\\\/\\\/blogin.al\\\/?p=40786#article\",\"isPartOf\":{\"@id\":\"https:\\\/\\\/blogin.al\\\/?p=40786\"},\"author\":{\"name\":\"Blogin al\",\"@id\":\"https:\\\/\\\/blogin.al\\\/#\\\/schema\\\/person\\\/abdd56bc912cd511db877b852b115399\"},\"headline\":\"Intervista e Edona James n\u00eb emisionin serb rikthehet n\u00eb qend\u00ebr t\u00eb v\u00ebmendjes pas n\u00ebnt\u00eb vjet\u00ebsh: Nuk ndihem shqiptare, m\u00eb p\u00eblqejn\u00eb burrat serb\u00eb\",\"datePublished\":\"2023-12-03T10:57:26+00:00\",\"dateModified\":\"2023-12-03T10:57:29+00:00\",\"mainEntityOfPage\":{\"@id\":\"https:\\\/\\\/blogin.al\\\/?p=40786\"},\"wordCount\":251,\"commentCount\":0,\"publisher\":{\"@id\":\"https:\\\/\\\/blogin.al\\\/#organization\"},\"image\":{\"@id\":\"https:\\\/\\\/blogin.al\\\/?p=40786#primaryimage\"},\"thumbnailUrl\":\"https:\\\/\\\/blogin.al\\\/wp-content\\\/uploads\\\/2023\\\/10\\\/image-99.png\",\"articleSection\":[\"SHOWBIZ\"],\"inLanguage\":\"en-US\",\"potentialAction\":[{\"@type\":\"CommentAction\",\"name\":\"Comment\",\"target\":[\"https:\\\/\\\/blogin.al\\\/?p=40786#respond\"]}]},{\"@type\":\"WebPage\",\"@id\":\"https:\\\/\\\/blogin.al\\\/?p=40786\",\"url\":\"https:\\\/\\\/blogin.al\\\/?p=40786\",\"name\":\"Intervista e Edona James n\u00eb emisionin serb rikthehet n\u00eb qend\u00ebr t\u00eb v\u00ebmendjes pas n\u00ebnt\u00eb vjet\u00ebsh: Nuk ndihem shqiptare, m\u00eb p\u00eblqejn\u00eb burrat serb\u00eb - blogin.al\",\"isPartOf\":{\"@id\":\"https:\\\/\\\/blogin.al\\\/#website\"},\"primaryImageOfPage\":{\"@id\":\"https:\\\/\\\/blogin.al\\\/?p=40786#primaryimage\"},\"image\":{\"@id\":\"https:\\\/\\\/blogin.al\\\/?p=40786#primaryimage\"},\"thumbnailUrl\":\"https:\\\/\\\/blogin.al\\\/wp-content\\\/uploads\\\/2023\\\/10\\\/image-99.png\",\"datePublished\":\"2023-12-03T10:57:26+00:00\",\"dateModified\":\"2023-12-03T10:57:29+00:00\",\"breadcrumb\":{\"@id\":\"https:\\\/\\\/blogin.al\\\/?p=40786#breadcrumb\"},\"inLanguage\":\"en-US\",\"potentialAction\":[{\"@type\":\"ReadAction\",\"target\":[\"https:\\\/\\\/blogin.al\\\/?p=40786\"]}]},{\"@type\":\"ImageObject\",\"inLanguage\":\"en-US\",\"@id\":\"https:\\\/\\\/blogin.al\\\/?p=40786#primaryimage\",\"url\":\"https:\\\/\\\/blogin.al\\\/wp-content\\\/uploads\\\/2023\\\/10\\\/image-99.png\",\"contentUrl\":\"https:\\\/\\\/blogin.al\\\/wp-content\\\/uploads\\\/2023\\\/10\\\/image-99.png\",\"width\":742,\"height\":417},{\"@type\":\"BreadcrumbList\",\"@id\":\"https:\\\/\\\/blogin.al\\\/?p=40786#breadcrumb\",\"itemListElement\":[{\"@type\":\"ListItem\",\"position\":1,\"name\":\"Home\",\"item\":\"https:\\\/\\\/blogin.al\\\/\"},{\"@type\":\"ListItem\",\"position\":2,\"name\":\"Intervista e Edona James n\u00eb emisionin serb rikthehet n\u00eb qend\u00ebr t\u00eb v\u00ebmendjes pas n\u00ebnt\u00eb vjet\u00ebsh: Nuk ndihem shqiptare, m\u00eb p\u00eblqejn\u00eb burrat serb\u00eb\"}]},{\"@type\":\"WebSite\",\"@id\":\"https:\\\/\\\/blogin.al\\\/#website\",\"url\":\"https:\\\/\\\/blogin.al\\\/\",\"name\":\"blogin.al\",\"description\":\"\",\"publisher\":{\"@id\":\"https:\\\/\\\/blogin.al\\\/#organization\"},\"potentialAction\":[{\"@type\":\"SearchAction\",\"target\":{\"@type\":\"EntryPoint\",\"urlTemplate\":\"https:\\\/\\\/blogin.al\\\/?s={search_term_string}\"},\"query-input\":{\"@type\":\"PropertyValueSpecification\",\"valueRequired\":true,\"valueName\":\"search_term_string\"}}],\"inLanguage\":\"en-US\"},{\"@type\":\"Organization\",\"@id\":\"https:\\\/\\\/blogin.al\\\/#organization\",\"name\":\"BLOGIN.al\",\"url\":\"https:\\\/\\\/blogin.al\\\/\",\"logo\":{\"@type\":\"ImageObject\",\"inLanguage\":\"en-US\",\"@id\":\"https:\\\/\\\/blogin.al\\\/#\\\/schema\\\/logo\\\/image\\\/\",\"url\":\"https:\\\/\\\/blogin.al\\\/wp-content\\\/uploads\\\/2022\\\/05\\\/Untitled-2-01-e1652084456514.png\",\"contentUrl\":\"https:\\\/\\\/blogin.al\\\/wp-content\\\/uploads\\\/2022\\\/05\\\/Untitled-2-01-e1652084456514.png\",\"width\":3723,\"height\":1698,\"caption\":\"BLOGIN.al\"},\"image\":{\"@id\":\"https:\\\/\\\/blogin.al\\\/#\\\/schema\\\/logo\\\/image\\\/\"},\"sameAs\":[\"https:\\\/\\\/instagram.com\\\/blogin.al\\\/\"]},{\"@type\":\"Person\",\"@id\":\"https:\\\/\\\/blogin.al\\\/#\\\/schema\\\/person\\\/abdd56bc912cd511db877b852b115399\",\"name\":\"Blogin al\",\"image\":{\"@type\":\"ImageObject\",\"inLanguage\":\"en-US\",\"@id\":\"https:\\\/\\\/secure.gravatar.com\\\/avatar\\\/60d5661aee6e835fb13dc75d2204cd0c1d61bef2efd137c0083e59ef831e235e?s=96&d=mm&r=g\",\"url\":\"https:\\\/\\\/secure.gravatar.com\\\/avatar\\\/60d5661aee6e835fb13dc75d2204cd0c1d61bef2efd137c0083e59ef831e235e?s=96&d=mm&r=g\",\"contentUrl\":\"https:\\\/\\\/secure.gravatar.com\\\/avatar\\\/60d5661aee6e835fb13dc75d2204cd0c1d61bef2efd137c0083e59ef831e235e?s=96&d=mm&r=g\",\"caption\":\"Blogin al\"},\"sameAs\":[\"https:\\\/\\\/blogin.al\"],\"url\":\"https:\\\/\\\/blogin.al\\\/?author=2\"}]}<\/script>\n<!-- \/ Yoast SEO plugin. -->","yoast_head_json":{"title":"Intervista e Edona James n\u00eb emisionin serb rikthehet n\u00eb qend\u00ebr t\u00eb v\u00ebmendjes pas n\u00ebnt\u00eb vjet\u00ebsh: Nuk ndihem shqiptare, m\u00eb p\u00eblqejn\u00eb burrat serb\u00eb - blogin.al","robots":{"index":"index","follow":"follow","max-snippet":"max-snippet:-1","max-image-preview":"max-image-preview:large","max-video-preview":"max-video-preview:-1"},"canonical":"https:\/\/blogin.al\/?p=40786","og_locale":"en_US","og_type":"article","og_title":"Intervista e Edona James n\u00eb emisionin serb rikthehet n\u00eb qend\u00ebr t\u00eb v\u00ebmendjes pas n\u00ebnt\u00eb vjet\u00ebsh: Nuk ndihem shqiptare, m\u00eb p\u00eblqejn\u00eb burrat serb\u00eb - blogin.al","og_description":"\u00cbsht\u00eb rithyer n\u00eb fokus, pas gati nj\u00eb dekade nj\u00eb intervist\u00eb e Edona James q\u00eb kishte b\u00ebr\u00eb para n\u00ebnt\u00eb vjet\u00ebsh, n\u00eb nj\u00eb emision televiziv serb. Ajo n\u00eb at\u00eb intervist\u00eb kishte b\u00ebr\u00eb disa komente t\u00eb cilat kan\u00eb nxitur diskutime t\u00eb shumta n\u00ebp\u00ebr rrjetet sociale. Duke u prezantuar si nj\u00eb kosovare q\u00eb ka lindur n\u00eb Gjermani, Edona ka [&hellip;]","og_url":"https:\/\/blogin.al\/?p=40786","og_site_name":"blogin.al","article_published_time":"2023-12-03T10:57:26+00:00","article_modified_time":"2023-12-03T10:57:29+00:00","og_image":[{"width":742,"height":417,"url":"https:\/\/blogin.al\/wp-content\/uploads\/2023\/10\/image-99.png","type":"image\/png"}],"author":"Blogin al","twitter_card":"summary_large_image","twitter_misc":{"Written by":"Blogin al","Est. reading time":"2 minutes"},"schema":{"@context":"https:\/\/schema.org","@graph":[{"@type":"Article","@id":"https:\/\/blogin.al\/?p=40786#article","isPartOf":{"@id":"https:\/\/blogin.al\/?p=40786"},"author":{"name":"Blogin al","@id":"https:\/\/blogin.al\/#\/schema\/person\/abdd56bc912cd511db877b852b115399"},"headline":"Intervista e Edona James n\u00eb emisionin serb rikthehet n\u00eb qend\u00ebr t\u00eb v\u00ebmendjes pas n\u00ebnt\u00eb vjet\u00ebsh: Nuk ndihem shqiptare, m\u00eb p\u00eblqejn\u00eb burrat serb\u00eb","datePublished":"2023-12-03T10:57:26+00:00","dateModified":"2023-12-03T10:57:29+00:00","mainEntityOfPage":{"@id":"https:\/\/blogin.al\/?p=40786"},"wordCount":251,"commentCount":0,"publisher":{"@id":"https:\/\/blogin.al\/#organization"},"image":{"@id":"https:\/\/blogin.al\/?p=40786#primaryimage"},"thumbnailUrl":"https:\/\/blogin.al\/wp-content\/uploads\/2023\/10\/image-99.png","articleSection":["SHOWBIZ"],"inLanguage":"en-US","potentialAction":[{"@type":"CommentAction","name":"Comment","target":["https:\/\/blogin.al\/?p=40786#respond"]}]},{"@type":"WebPage","@id":"https:\/\/blogin.al\/?p=40786","url":"https:\/\/blogin.al\/?p=40786","name":"Intervista e Edona James n\u00eb emisionin serb rikthehet n\u00eb qend\u00ebr t\u00eb v\u00ebmendjes pas n\u00ebnt\u00eb vjet\u00ebsh: Nuk ndihem shqiptare, m\u00eb p\u00eblqejn\u00eb burrat serb\u00eb - blogin.al","isPartOf":{"@id":"https:\/\/blogin.al\/#website"},"primaryImageOfPage":{"@id":"https:\/\/blogin.al\/?p=40786#primaryimage"},"image":{"@id":"https:\/\/blogin.al\/?p=40786#primaryimage"},"thumbnailUrl":"https:\/\/blogin.al\/wp-content\/uploads\/2023\/10\/image-99.png","datePublished":"2023-12-03T10:57:26+00:00","dateModified":"2023-12-03T10:57:29+00:00","breadcrumb":{"@id":"https:\/\/blogin.al\/?p=40786#breadcrumb"},"inLanguage":"en-US","potentialAction":[{"@type":"ReadAction","target":["https:\/\/blogin.al\/?p=40786"]}]},{"@type":"ImageObject","inLanguage":"en-US","@id":"https:\/\/blogin.al\/?p=40786#primaryimage","url":"https:\/\/blogin.al\/wp-content\/uploads\/2023\/10\/image-99.png","contentUrl":"https:\/\/blogin.al\/wp-content\/uploads\/2023\/10\/image-99.png","width":742,"height":417},{"@type":"BreadcrumbList","@id":"https:\/\/blogin.al\/?p=40786#breadcrumb","itemListElement":[{"@type":"ListItem","position":1,"name":"Home","item":"https:\/\/blogin.al\/"},{"@type":"ListItem","position":2,"name":"Intervista e Edona James n\u00eb emisionin serb rikthehet n\u00eb qend\u00ebr t\u00eb v\u00ebmendjes pas n\u00ebnt\u00eb vjet\u00ebsh: Nuk ndihem shqiptare, m\u00eb p\u00eblqejn\u00eb burrat serb\u00eb"}]},{"@type":"WebSite","@id":"https:\/\/blogin.al\/#website","url":"https:\/\/blogin.al\/","name":"blogin.al","description":"","publisher":{"@id":"https:\/\/blogin.al\/#organization"},"potentialAction":[{"@type":"SearchAction","target":{"@type":"EntryPoint","urlTemplate":"https:\/\/blogin.al\/?s={search_term_string}"},"query-input":{"@type":"PropertyValueSpecification","valueRequired":true,"valueName":"search_term_string"}}],"inLanguage":"en-US"},{"@type":"Organization","@id":"https:\/\/blogin.al\/#organization","name":"BLOGIN.al","url":"https:\/\/blogin.al\/","logo":{"@type":"ImageObject","inLanguage":"en-US","@id":"https:\/\/blogin.al\/#\/schema\/logo\/image\/","url":"https:\/\/blogin.al\/wp-content\/uploads\/2022\/05\/Untitled-2-01-e1652084456514.png","contentUrl":"https:\/\/blogin.al\/wp-content\/uploads\/2022\/05\/Untitled-2-01-e1652084456514.png","width":3723,"height":1698,"caption":"BLOGIN.al"},"image":{"@id":"https:\/\/blogin.al\/#\/schema\/logo\/image\/"},"sameAs":["https:\/\/instagram.com\/blogin.al\/"]},{"@type":"Person","@id":"https:\/\/blogin.al\/#\/schema\/person\/abdd56bc912cd511db877b852b115399","name":"Blogin al","image":{"@type":"ImageObject","inLanguage":"en-US","@id":"https:\/\/secure.gravatar.com\/avatar\/60d5661aee6e835fb13dc75d2204cd0c1d61bef2efd137c0083e59ef831e235e?s=96&d=mm&r=g","url":"https:\/\/secure.gravatar.com\/avatar\/60d5661aee6e835fb13dc75d2204cd0c1d61bef2efd137c0083e59ef831e235e?s=96&d=mm&r=g","contentUrl":"https:\/\/secure.gravatar.com\/avatar\/60d5661aee6e835fb13dc75d2204cd0c1d61bef2efd137c0083e59ef831e235e?s=96&d=mm&r=g","caption":"Blogin al"},"sameAs":["https:\/\/blogin.al"],"url":"https:\/\/blogin.al\/?author=2"}]}},"_links":{"self":[{"href":"https:\/\/blogin.al\/index.php?rest_route=\/wp\/v2\/posts\/40786","targetHints":{"allow":["GET"]}}],"collection":[{"href":"https:\/\/blogin.al\/index.php?rest_route=\/wp\/v2\/posts"}],"about":[{"href":"https:\/\/blogin.al\/index.php?rest_route=\/wp\/v2\/types\/post"}],"author":[{"embeddable":true,"href":"https:\/\/blogin.al\/index.php?rest_route=\/wp\/v2\/users\/2"}],"replies":[{"embeddable":true,"href":"https:\/\/blogin.al\/index.php?rest_route=%2Fwp%2Fv2%2Fcomments&post=40786"}],"version-history":[{"count":1,"href":"https:\/\/blogin.al\/index.php?rest_route=\/wp\/v2\/posts\/40786\/revisions"}],"predecessor-version":[{"id":40787,"href":"https:\/\/blogin.al\/index.php?rest_route=\/wp\/v2\/posts\/40786\/revisions\/40787"}],"wp:featuredmedia":[{"embeddable":true,"href":"https:\/\/blogin.al\/index.php?rest_route=\/wp\/v2\/media\/39091"}],"wp:attachment":[{"href":"https:\/\/blogin.al\/index.php?rest_route=%2Fwp%2Fv2%2Fmedia&parent=40786"}],"wp:term":[{"taxonomy":"category","embeddable":true,"href":"https:\/\/blogin.al\/index.php?rest_route=%2Fwp%2Fv2%2Fcategories&post=40786"},{"taxonomy":"post_tag","embeddable":true,"href":"https:\/\/blogin.al\/index.php?rest_route=%2Fwp%2Fv2%2Ftags&post=40786"}],"curies":[{"name":"wp","href":"https:\/\/api.w.org\/{rel}","templated":true}]}}