{"id":40810,"date":"2023-12-04T09:40:27","date_gmt":"2023-12-04T09:40:27","guid":{"rendered":"https:\/\/blogin.al\/?p=40810"},"modified":"2023-12-04T09:40:28","modified_gmt":"2023-12-04T09:40:28","slug":"u-zhduk-per-7-dite-gjendet-trupi-i-pajete-i-14-vjecares-nga-maqedonia","status":"publish","type":"post","link":"https:\/\/blogin.al\/?p=40810","title":{"rendered":"U zhduk p\u00ebr 7 dit\u00eb, gjendet trupi i pajet\u00eb i 14-vje\u00e7ares nga Maqedonia"},"content":{"rendered":"\n<p>Gjendet trupi i pajet\u00eb i Vanja Gjor\u00e7evska, vajza 14 vje\u00e7are e cila \u00ebsht\u00eb zhdukur q\u00eb nga e h\u00ebna n\u00eb Maqedonin\u00eb e Veriut. Ajo dyshohet se u vra po at\u00eb dit\u00eb q\u00eb u shpall e humbur. Nd\u00ebrkoh\u00eb q\u00eb pran\u00eb trupit t\u00eb Vanj\u00ebs \u00ebsht\u00eb gjetur nj\u00eb tjet\u00ebr i vrar\u00eb, 70 vje\u00e7. Tre nga pes\u00eb t\u00eb dyshuarit p\u00ebr vrasjen pritet t\u00eb sillen n\u00eb Gjykat\u00ebn Penale. Nd\u00ebrsa nj\u00eb prej tyre \u00ebsht\u00eb jasht\u00eb vendit.<\/p>\n\n\n\n<p>Njoftimi i Prokuroris\u00eb:<\/p>\n\n\n\n<p><em>Pas masave dhe aktiviteteve t\u00eb gjithanshme t\u00eb nd\u00ebrmarra nga zyrtar\u00ebt policor\u00eb nga SPB Shkup, sot (03.12.2023) trupi i pajet\u00eb i t\u00eb mitur\u00ebs V.G., e cili ishte raportuar e zhdukur m\u00eb 27.11.2023, \u00ebsht\u00eb gjetur n\u00eb rrethin\u00ebn e Shkupit, nd\u00ebrsa n\u00eb af\u00ebrsi t\u00eb Velesit, \u00ebsht\u00eb gjetur edhe trupi i pajet\u00eb i P.Zh.(74) nga Velesi, i cili ishte raportuar i zhdukur m\u00eb 24.11.2023. N\u00eb lidhje me dy rastet dyshohen pes\u00eb persona, tre prej t\u00eb cil\u00ebve jan\u00eb n\u00eb ndalim, nj\u00eb \u00ebsht\u00eb jasht\u00eb shtetit dhe nj\u00eb person aktualisht ndodhet n\u00eb stacion policor. Paraprakisht n\u00eb lidhje me veprat penale \u00ebsht\u00eb gjetur nj\u00eb automjet tip Citroen i djegur dhe pas ekspertiz\u00ebs \u00ebsht\u00eb siguruar prova materiale p\u00ebr p\u00ebrfshirjen e personave, p\u00ebr t\u00eb cilat pas dokumentimit t\u00eb plot\u00eb t\u00eb rasteve do t\u00eb b\u00ebhet kall\u00ebzimi p\u00ebrkat\u00ebs penal n\u00eb koordinim me Prokurorin Publik. Nga veprimet hetimore t\u00eb kryera u konstatua se t\u00eb dyja vrasjet jan\u00eb kryer nga t\u00eb nj\u00ebjt\u00ebt persona, motivi i t\u00eb cil\u00ebve ishte \u201cp\u00ebrfitimi\u201d. Gjithashtu, nga masat operative t\u00eb zbatuara \u00ebsht\u00eb konstatuar se e mitura V.G. \u00ebsht\u00eb marr\u00eb me vetur\u00eb nga hyrja e banes\u00ebs dhe nga t\u00eb dh\u00ebnat e marra nga marrja n\u00eb pyetje \u00ebsht\u00eb konstatuar se ajo \u00ebsht\u00eb vrar\u00eb t\u00eb nj\u00ebjt\u00ebn dit\u00eb (27.11.2023) rreth or\u00ebs 10:00.<\/em><\/p>\n\n\n\n<p><em>Menj\u00ebher\u00eb pas marrjes s\u00eb raporteve p\u00ebr personat e zhdukur, jan\u00eb nd\u00ebrmarr\u00eb masa dhe aktivitete p\u00ebr gjetjen e tyre, nd\u00ebrsa n\u00eb SPB Shkup \u00ebsht\u00eb formuar Shtabi i posa\u00e7\u00ebm operativ me n\u00eb krye kryeshefin e SPB Shkup. Jan\u00eb kryer bastisje n\u00eb sht\u00ebpi dhe objekte t\u00eb tjera n\u00eb zonat e SPB Shkup, SPB Veles dhe SPB Shtip, gjat\u00eb t\u00eb cilave jan\u00eb gjetur dhe konfiskuar telefona celular\u00eb, kompjuter\u00eb, vetura etj., jan\u00eb zhvilluar biseda t\u00eb shumta me familjar\u00eb, t\u00eb njohur, miq dhe personat q\u00eb do t\u00eb mund t\u00eb kishin ndonj\u00eb informacion dhe disa qindra polic\u00eb q\u00eb punonin ekskluzivisht n\u00eb k\u00ebto raste p\u00ebrfshiheshin \u00e7do dit\u00eb n\u00eb veprimet hetimore. Prokuror\u00ebt publik\u00eb nga Prokuroria Themelore Publike Shkup dhe nga Prokuroria Themelore Publike Veles kan\u00eb kryer kontrolle n\u00eb dy lokacionet ku jan\u00eb gjetur trupat e t\u00eb zhdukurve. Jan\u00eb dh\u00ebn\u00eb urdhra p\u00ebr autopsi n\u00eb trupat e viktimave dhe p\u00ebr identifikimin e duhur. Gjithashtu jan\u00eb l\u00ebshuar urdhra p\u00ebr mbledhjen dhe ekspertiz\u00ebn e t\u00eb gjitha gjurm\u00ebve dhe provave nga t\u00eb dyja lokacionet.<\/em><\/p>\n","protected":false},"excerpt":{"rendered":"<p>Gjendet trupi i pajet\u00eb i Vanja Gjor\u00e7evska, vajza 14 vje\u00e7are e cila \u00ebsht\u00eb zhdukur q\u00eb nga e h\u00ebna n\u00eb Maqedonin\u00eb e Veriut. Ajo dyshohet se u vra po at\u00eb dit\u00eb q\u00eb u shpall e humbur. Nd\u00ebrkoh\u00eb q\u00eb pran\u00eb trupit t\u00eb Vanj\u00ebs \u00ebsht\u00eb gjetur nj\u00eb tjet\u00ebr i vrar\u00eb, 70 vje\u00e7. Tre nga pes\u00eb t\u00eb dyshuarit p\u00ebr [&hellip;]<\/p>\n","protected":false},"author":2,"featured_media":40811,"comment_status":"open","ping_status":"open","sticky":false,"template":"","format":"standard","meta":{"footnotes":""},"categories":[39],"tags":[],"class_list":{"0":"post-40810","1":"post","2":"type-post","3":"status-publish","4":"format-standard","5":"has-post-thumbnail","7":"category-aktualitet"},"yoast_head":"<!-- This site is optimized with the Yoast SEO plugin v27.4 - https:\/\/yoast.com\/product\/yoast-seo-wordpress\/ -->\n<title>U zhduk p\u00ebr 7 dit\u00eb, gjendet trupi i pajet\u00eb i 14-vje\u00e7ares nga Maqedonia - blogin.al<\/title>\n<meta name=\"robots\" content=\"index, follow, max-snippet:-1, max-image-preview:large, max-video-preview:-1\" \/>\n<link rel=\"canonical\" href=\"https:\/\/blogin.al\/?p=40810\" \/>\n<meta property=\"og:locale\" content=\"en_US\" \/>\n<meta property=\"og:type\" content=\"article\" \/>\n<meta property=\"og:title\" content=\"U zhduk p\u00ebr 7 dit\u00eb, gjendet trupi i pajet\u00eb i 14-vje\u00e7ares nga Maqedonia - blogin.al\" \/>\n<meta property=\"og:description\" content=\"Gjendet trupi i pajet\u00eb i Vanja Gjor\u00e7evska, vajza 14 vje\u00e7are e cila \u00ebsht\u00eb zhdukur q\u00eb nga e h\u00ebna n\u00eb Maqedonin\u00eb e Veriut. Ajo dyshohet se u vra po at\u00eb dit\u00eb q\u00eb u shpall e humbur. Nd\u00ebrkoh\u00eb q\u00eb pran\u00eb trupit t\u00eb Vanj\u00ebs \u00ebsht\u00eb gjetur nj\u00eb tjet\u00ebr i vrar\u00eb, 70 vje\u00e7. Tre nga pes\u00eb t\u00eb dyshuarit p\u00ebr [&hellip;]\" \/>\n<meta property=\"og:url\" content=\"https:\/\/blogin.al\/?p=40810\" \/>\n<meta property=\"og:site_name\" content=\"blogin.al\" \/>\n<meta property=\"article:published_time\" content=\"2023-12-04T09:40:27+00:00\" \/>\n<meta property=\"article:modified_time\" content=\"2023-12-04T09:40:28+00:00\" \/>\n<meta property=\"og:image\" content=\"https:\/\/blogin.al\/wp-content\/uploads\/2023\/12\/image-21.png\" \/>\n\t<meta property=\"og:image:width\" content=\"640\" \/>\n\t<meta property=\"og:image:height\" content=\"400\" \/>\n\t<meta property=\"og:image:type\" content=\"image\/png\" \/>\n<meta name=\"author\" content=\"Blogin al\" \/>\n<meta name=\"twitter:card\" content=\"summary_large_image\" \/>\n<meta name=\"twitter:label1\" content=\"Written by\" \/>\n\t<meta name=\"twitter:data1\" content=\"Blogin al\" \/>\n\t<meta name=\"twitter:label2\" content=\"Est. reading time\" \/>\n\t<meta name=\"twitter:data2\" content=\"2 minutes\" \/>\n<script type=\"application\/ld+json\" class=\"yoast-schema-graph\">{\"@context\":\"https:\\\/\\\/schema.org\",\"@graph\":[{\"@type\":\"Article\",\"@id\":\"https:\\\/\\\/blogin.al\\\/?p=40810#article\",\"isPartOf\":{\"@id\":\"https:\\\/\\\/blogin.al\\\/?p=40810\"},\"author\":{\"name\":\"Blogin al\",\"@id\":\"https:\\\/\\\/blogin.al\\\/#\\\/schema\\\/person\\\/abdd56bc912cd511db877b852b115399\"},\"headline\":\"U zhduk p\u00ebr 7 dit\u00eb, gjendet trupi i pajet\u00eb i 14-vje\u00e7ares nga Maqedonia\",\"datePublished\":\"2023-12-04T09:40:27+00:00\",\"dateModified\":\"2023-12-04T09:40:28+00:00\",\"mainEntityOfPage\":{\"@id\":\"https:\\\/\\\/blogin.al\\\/?p=40810\"},\"wordCount\":490,\"commentCount\":0,\"publisher\":{\"@id\":\"https:\\\/\\\/blogin.al\\\/#organization\"},\"image\":{\"@id\":\"https:\\\/\\\/blogin.al\\\/?p=40810#primaryimage\"},\"thumbnailUrl\":\"https:\\\/\\\/blogin.al\\\/wp-content\\\/uploads\\\/2023\\\/12\\\/image-21.png\",\"articleSection\":[\"AKTUALITET\"],\"inLanguage\":\"en-US\",\"potentialAction\":[{\"@type\":\"CommentAction\",\"name\":\"Comment\",\"target\":[\"https:\\\/\\\/blogin.al\\\/?p=40810#respond\"]}]},{\"@type\":\"WebPage\",\"@id\":\"https:\\\/\\\/blogin.al\\\/?p=40810\",\"url\":\"https:\\\/\\\/blogin.al\\\/?p=40810\",\"name\":\"U zhduk p\u00ebr 7 dit\u00eb, gjendet trupi i pajet\u00eb i 14-vje\u00e7ares nga Maqedonia - blogin.al\",\"isPartOf\":{\"@id\":\"https:\\\/\\\/blogin.al\\\/#website\"},\"primaryImageOfPage\":{\"@id\":\"https:\\\/\\\/blogin.al\\\/?p=40810#primaryimage\"},\"image\":{\"@id\":\"https:\\\/\\\/blogin.al\\\/?p=40810#primaryimage\"},\"thumbnailUrl\":\"https:\\\/\\\/blogin.al\\\/wp-content\\\/uploads\\\/2023\\\/12\\\/image-21.png\",\"datePublished\":\"2023-12-04T09:40:27+00:00\",\"dateModified\":\"2023-12-04T09:40:28+00:00\",\"breadcrumb\":{\"@id\":\"https:\\\/\\\/blogin.al\\\/?p=40810#breadcrumb\"},\"inLanguage\":\"en-US\",\"potentialAction\":[{\"@type\":\"ReadAction\",\"target\":[\"https:\\\/\\\/blogin.al\\\/?p=40810\"]}]},{\"@type\":\"ImageObject\",\"inLanguage\":\"en-US\",\"@id\":\"https:\\\/\\\/blogin.al\\\/?p=40810#primaryimage\",\"url\":\"https:\\\/\\\/blogin.al\\\/wp-content\\\/uploads\\\/2023\\\/12\\\/image-21.png\",\"contentUrl\":\"https:\\\/\\\/blogin.al\\\/wp-content\\\/uploads\\\/2023\\\/12\\\/image-21.png\",\"width\":640,\"height\":400},{\"@type\":\"BreadcrumbList\",\"@id\":\"https:\\\/\\\/blogin.al\\\/?p=40810#breadcrumb\",\"itemListElement\":[{\"@type\":\"ListItem\",\"position\":1,\"name\":\"Home\",\"item\":\"https:\\\/\\\/blogin.al\\\/\"},{\"@type\":\"ListItem\",\"position\":2,\"name\":\"U zhduk p\u00ebr 7 dit\u00eb, gjendet trupi i pajet\u00eb i 14-vje\u00e7ares nga Maqedonia\"}]},{\"@type\":\"WebSite\",\"@id\":\"https:\\\/\\\/blogin.al\\\/#website\",\"url\":\"https:\\\/\\\/blogin.al\\\/\",\"name\":\"blogin.al\",\"description\":\"\",\"publisher\":{\"@id\":\"https:\\\/\\\/blogin.al\\\/#organization\"},\"potentialAction\":[{\"@type\":\"SearchAction\",\"target\":{\"@type\":\"EntryPoint\",\"urlTemplate\":\"https:\\\/\\\/blogin.al\\\/?s={search_term_string}\"},\"query-input\":{\"@type\":\"PropertyValueSpecification\",\"valueRequired\":true,\"valueName\":\"search_term_string\"}}],\"inLanguage\":\"en-US\"},{\"@type\":\"Organization\",\"@id\":\"https:\\\/\\\/blogin.al\\\/#organization\",\"name\":\"BLOGIN.al\",\"url\":\"https:\\\/\\\/blogin.al\\\/\",\"logo\":{\"@type\":\"ImageObject\",\"inLanguage\":\"en-US\",\"@id\":\"https:\\\/\\\/blogin.al\\\/#\\\/schema\\\/logo\\\/image\\\/\",\"url\":\"https:\\\/\\\/blogin.al\\\/wp-content\\\/uploads\\\/2022\\\/05\\\/Untitled-2-01-e1652084456514.png\",\"contentUrl\":\"https:\\\/\\\/blogin.al\\\/wp-content\\\/uploads\\\/2022\\\/05\\\/Untitled-2-01-e1652084456514.png\",\"width\":3723,\"height\":1698,\"caption\":\"BLOGIN.al\"},\"image\":{\"@id\":\"https:\\\/\\\/blogin.al\\\/#\\\/schema\\\/logo\\\/image\\\/\"},\"sameAs\":[\"https:\\\/\\\/instagram.com\\\/blogin.al\\\/\"]},{\"@type\":\"Person\",\"@id\":\"https:\\\/\\\/blogin.al\\\/#\\\/schema\\\/person\\\/abdd56bc912cd511db877b852b115399\",\"name\":\"Blogin al\",\"image\":{\"@type\":\"ImageObject\",\"inLanguage\":\"en-US\",\"@id\":\"https:\\\/\\\/secure.gravatar.com\\\/avatar\\\/60d5661aee6e835fb13dc75d2204cd0c1d61bef2efd137c0083e59ef831e235e?s=96&d=mm&r=g\",\"url\":\"https:\\\/\\\/secure.gravatar.com\\\/avatar\\\/60d5661aee6e835fb13dc75d2204cd0c1d61bef2efd137c0083e59ef831e235e?s=96&d=mm&r=g\",\"contentUrl\":\"https:\\\/\\\/secure.gravatar.com\\\/avatar\\\/60d5661aee6e835fb13dc75d2204cd0c1d61bef2efd137c0083e59ef831e235e?s=96&d=mm&r=g\",\"caption\":\"Blogin al\"},\"sameAs\":[\"https:\\\/\\\/blogin.al\"],\"url\":\"https:\\\/\\\/blogin.al\\\/?author=2\"}]}<\/script>\n<!-- \/ Yoast SEO plugin. -->","yoast_head_json":{"title":"U zhduk p\u00ebr 7 dit\u00eb, gjendet trupi i pajet\u00eb i 14-vje\u00e7ares nga Maqedonia - blogin.al","robots":{"index":"index","follow":"follow","max-snippet":"max-snippet:-1","max-image-preview":"max-image-preview:large","max-video-preview":"max-video-preview:-1"},"canonical":"https:\/\/blogin.al\/?p=40810","og_locale":"en_US","og_type":"article","og_title":"U zhduk p\u00ebr 7 dit\u00eb, gjendet trupi i pajet\u00eb i 14-vje\u00e7ares nga Maqedonia - blogin.al","og_description":"Gjendet trupi i pajet\u00eb i Vanja Gjor\u00e7evska, vajza 14 vje\u00e7are e cila \u00ebsht\u00eb zhdukur q\u00eb nga e h\u00ebna n\u00eb Maqedonin\u00eb e Veriut. Ajo dyshohet se u vra po at\u00eb dit\u00eb q\u00eb u shpall e humbur. Nd\u00ebrkoh\u00eb q\u00eb pran\u00eb trupit t\u00eb Vanj\u00ebs \u00ebsht\u00eb gjetur nj\u00eb tjet\u00ebr i vrar\u00eb, 70 vje\u00e7. Tre nga pes\u00eb t\u00eb dyshuarit p\u00ebr [&hellip;]","og_url":"https:\/\/blogin.al\/?p=40810","og_site_name":"blogin.al","article_published_time":"2023-12-04T09:40:27+00:00","article_modified_time":"2023-12-04T09:40:28+00:00","og_image":[{"width":640,"height":400,"url":"https:\/\/blogin.al\/wp-content\/uploads\/2023\/12\/image-21.png","type":"image\/png"}],"author":"Blogin al","twitter_card":"summary_large_image","twitter_misc":{"Written by":"Blogin al","Est. reading time":"2 minutes"},"schema":{"@context":"https:\/\/schema.org","@graph":[{"@type":"Article","@id":"https:\/\/blogin.al\/?p=40810#article","isPartOf":{"@id":"https:\/\/blogin.al\/?p=40810"},"author":{"name":"Blogin al","@id":"https:\/\/blogin.al\/#\/schema\/person\/abdd56bc912cd511db877b852b115399"},"headline":"U zhduk p\u00ebr 7 dit\u00eb, gjendet trupi i pajet\u00eb i 14-vje\u00e7ares nga Maqedonia","datePublished":"2023-12-04T09:40:27+00:00","dateModified":"2023-12-04T09:40:28+00:00","mainEntityOfPage":{"@id":"https:\/\/blogin.al\/?p=40810"},"wordCount":490,"commentCount":0,"publisher":{"@id":"https:\/\/blogin.al\/#organization"},"image":{"@id":"https:\/\/blogin.al\/?p=40810#primaryimage"},"thumbnailUrl":"https:\/\/blogin.al\/wp-content\/uploads\/2023\/12\/image-21.png","articleSection":["AKTUALITET"],"inLanguage":"en-US","potentialAction":[{"@type":"CommentAction","name":"Comment","target":["https:\/\/blogin.al\/?p=40810#respond"]}]},{"@type":"WebPage","@id":"https:\/\/blogin.al\/?p=40810","url":"https:\/\/blogin.al\/?p=40810","name":"U zhduk p\u00ebr 7 dit\u00eb, gjendet trupi i pajet\u00eb i 14-vje\u00e7ares nga Maqedonia - blogin.al","isPartOf":{"@id":"https:\/\/blogin.al\/#website"},"primaryImageOfPage":{"@id":"https:\/\/blogin.al\/?p=40810#primaryimage"},"image":{"@id":"https:\/\/blogin.al\/?p=40810#primaryimage"},"thumbnailUrl":"https:\/\/blogin.al\/wp-content\/uploads\/2023\/12\/image-21.png","datePublished":"2023-12-04T09:40:27+00:00","dateModified":"2023-12-04T09:40:28+00:00","breadcrumb":{"@id":"https:\/\/blogin.al\/?p=40810#breadcrumb"},"inLanguage":"en-US","potentialAction":[{"@type":"ReadAction","target":["https:\/\/blogin.al\/?p=40810"]}]},{"@type":"ImageObject","inLanguage":"en-US","@id":"https:\/\/blogin.al\/?p=40810#primaryimage","url":"https:\/\/blogin.al\/wp-content\/uploads\/2023\/12\/image-21.png","contentUrl":"https:\/\/blogin.al\/wp-content\/uploads\/2023\/12\/image-21.png","width":640,"height":400},{"@type":"BreadcrumbList","@id":"https:\/\/blogin.al\/?p=40810#breadcrumb","itemListElement":[{"@type":"ListItem","position":1,"name":"Home","item":"https:\/\/blogin.al\/"},{"@type":"ListItem","position":2,"name":"U zhduk p\u00ebr 7 dit\u00eb, gjendet trupi i pajet\u00eb i 14-vje\u00e7ares nga Maqedonia"}]},{"@type":"WebSite","@id":"https:\/\/blogin.al\/#website","url":"https:\/\/blogin.al\/","name":"blogin.al","description":"","publisher":{"@id":"https:\/\/blogin.al\/#organization"},"potentialAction":[{"@type":"SearchAction","target":{"@type":"EntryPoint","urlTemplate":"https:\/\/blogin.al\/?s={search_term_string}"},"query-input":{"@type":"PropertyValueSpecification","valueRequired":true,"valueName":"search_term_string"}}],"inLanguage":"en-US"},{"@type":"Organization","@id":"https:\/\/blogin.al\/#organization","name":"BLOGIN.al","url":"https:\/\/blogin.al\/","logo":{"@type":"ImageObject","inLanguage":"en-US","@id":"https:\/\/blogin.al\/#\/schema\/logo\/image\/","url":"https:\/\/blogin.al\/wp-content\/uploads\/2022\/05\/Untitled-2-01-e1652084456514.png","contentUrl":"https:\/\/blogin.al\/wp-content\/uploads\/2022\/05\/Untitled-2-01-e1652084456514.png","width":3723,"height":1698,"caption":"BLOGIN.al"},"image":{"@id":"https:\/\/blogin.al\/#\/schema\/logo\/image\/"},"sameAs":["https:\/\/instagram.com\/blogin.al\/"]},{"@type":"Person","@id":"https:\/\/blogin.al\/#\/schema\/person\/abdd56bc912cd511db877b852b115399","name":"Blogin al","image":{"@type":"ImageObject","inLanguage":"en-US","@id":"https:\/\/secure.gravatar.com\/avatar\/60d5661aee6e835fb13dc75d2204cd0c1d61bef2efd137c0083e59ef831e235e?s=96&d=mm&r=g","url":"https:\/\/secure.gravatar.com\/avatar\/60d5661aee6e835fb13dc75d2204cd0c1d61bef2efd137c0083e59ef831e235e?s=96&d=mm&r=g","contentUrl":"https:\/\/secure.gravatar.com\/avatar\/60d5661aee6e835fb13dc75d2204cd0c1d61bef2efd137c0083e59ef831e235e?s=96&d=mm&r=g","caption":"Blogin al"},"sameAs":["https:\/\/blogin.al"],"url":"https:\/\/blogin.al\/?author=2"}]}},"_links":{"self":[{"href":"https:\/\/blogin.al\/index.php?rest_route=\/wp\/v2\/posts\/40810","targetHints":{"allow":["GET"]}}],"collection":[{"href":"https:\/\/blogin.al\/index.php?rest_route=\/wp\/v2\/posts"}],"about":[{"href":"https:\/\/blogin.al\/index.php?rest_route=\/wp\/v2\/types\/post"}],"author":[{"embeddable":true,"href":"https:\/\/blogin.al\/index.php?rest_route=\/wp\/v2\/users\/2"}],"replies":[{"embeddable":true,"href":"https:\/\/blogin.al\/index.php?rest_route=%2Fwp%2Fv2%2Fcomments&post=40810"}],"version-history":[{"count":1,"href":"https:\/\/blogin.al\/index.php?rest_route=\/wp\/v2\/posts\/40810\/revisions"}],"predecessor-version":[{"id":40812,"href":"https:\/\/blogin.al\/index.php?rest_route=\/wp\/v2\/posts\/40810\/revisions\/40812"}],"wp:featuredmedia":[{"embeddable":true,"href":"https:\/\/blogin.al\/index.php?rest_route=\/wp\/v2\/media\/40811"}],"wp:attachment":[{"href":"https:\/\/blogin.al\/index.php?rest_route=%2Fwp%2Fv2%2Fmedia&parent=40810"}],"wp:term":[{"taxonomy":"category","embeddable":true,"href":"https:\/\/blogin.al\/index.php?rest_route=%2Fwp%2Fv2%2Fcategories&post=40810"},{"taxonomy":"post_tag","embeddable":true,"href":"https:\/\/blogin.al\/index.php?rest_route=%2Fwp%2Fv2%2Ftags&post=40810"}],"curies":[{"name":"wp","href":"https:\/\/api.w.org\/{rel}","templated":true}]}}