{"id":40826,"date":"2023-12-04T10:23:19","date_gmt":"2023-12-04T10:23:19","guid":{"rendered":"https:\/\/blogin.al\/?p=40826"},"modified":"2023-12-04T10:23:20","modified_gmt":"2023-12-04T10:23:20","slug":"pas-ndarjes-nga-romain-gavras-dua-lipa-kapet-mat-me-kengetarin-e-njohur","status":"publish","type":"post","link":"https:\/\/blogin.al\/?p=40826","title":{"rendered":"Pas ndarjes nga Romain Gavras, Dua Lipa kapet \u201cmat\u201d me k\u00ebng\u00ebtarin e njohur"},"content":{"rendered":"\n<p>Pas lajmeve se k\u00ebng\u00ebtarja shqiptare me fam\u00eb bot\u00ebrore, Dua Lipa i ka dh\u00ebn\u00eb fund lidhjes me regjisorin francez, Romain Gavras, artistja po p\u00ebrflitet se ka nisur nj\u00eb romanc\u00eb me k\u00ebng\u00ebtarin Omar Apollo.<\/p>\n\n\n\n<p>Megjith\u00ebse k\u00ebng\u00ebtari ka deklaruar se \u00ebsht\u00eb homoseksual, fansat jan\u00eb t\u00eb bindur se Dua dhe k\u00ebng\u00ebtari jan\u00eb n\u00eb nj\u00eb lidhje me nj\u00ebri-tjetrin pasi ata jan\u00eb par\u00eb mjaft t\u00eb lumtur teksa largoheshin s\u00eb bashku nga festa e \u2018Balenciaga\u2019.<\/p>\n\n\n\n<figure class=\"wp-block-image size-full is-style-default\"><img fetchpriority=\"high\" decoding=\"async\" width=\"809\" height=\"485\" src=\"https:\/\/blogin.al\/wp-content\/uploads\/2023\/12\/image-25.png\" alt=\"\" class=\"wp-image-40827\" srcset=\"https:\/\/blogin.al\/wp-content\/uploads\/2023\/12\/image-25.png 809w, https:\/\/blogin.al\/wp-content\/uploads\/2023\/12\/image-25-300x180.png 300w, https:\/\/blogin.al\/wp-content\/uploads\/2023\/12\/image-25-768x460.png 768w, https:\/\/blogin.al\/wp-content\/uploads\/2023\/12\/image-25-150x90.png 150w, https:\/\/blogin.al\/wp-content\/uploads\/2023\/12\/image-25-696x417.png 696w\" sizes=\"(max-width: 809px) 100vw, 809px\" \/><\/figure>\n\n\n\n<p>Dua i ka dh\u00ebn\u00eb fund lidhjes s\u00eb saj me regjisorin Romain Gavras, pasi p\u00ebr momentin d\u00ebshiron q\u00eb t\u00eb p\u00ebrqendrohet vet\u00ebm tek muzika p\u00ebrpara publikimit t\u00eb albumit t\u00eb saj t\u00eb tret\u00eb.<\/p>\n\n\n\n<p><em>\u201cDua dhe Romain kan\u00eb b\u00ebr\u00eb rrug\u00eb t\u00eb ndara pas nj\u00eb vere dashurie. Dyshja i dhan\u00eb fund marr\u00ebdh\u00ebnies p\u00ebrpara se gj\u00ebrat t\u00eb p\u00ebrkeq\u00ebsoheshin. Romain e konsideronte Duan si nj\u00eb pun\u00ebtore, por ajo nuk planifikon t\u00eb ngadal\u00ebsoj\u00eb p\u00ebr asgj\u00eb apo ask\u00ebnd\u201d,<\/em>&nbsp;thot\u00eb nj\u00eb burim p\u00ebr \u2018The Sun\u2019.<\/p>\n\n\n\n<p>Yli i muzik\u00ebs pop konfirmoi se kishte nisur nj\u00eb lidhje me Romain n\u00eb mars, kur t\u00eb dy u fotografuan s\u00eb bashku pas p\u00ebrfundimit t\u00eb sfilat\u00ebs s\u00eb Saint Laurent n\u00eb Jav\u00ebn e Mod\u00ebs n\u00eb Paris.<\/p>\n\n\n\n<figure class=\"wp-block-image is-style-default\"><img decoding=\"async\" src=\"https:\/\/gazetashqiptare.al\/wp-content\/uploads\/2023\/12\/dua-lipaa.jpg\" alt=\"\"\/><\/figure>\n\n\n\n<p>K\u00ebng\u00ebtarja u pa p\u00ebr her\u00eb t\u00eb fundit me ish-in e Rita Or\u00ebs, duke shijuar nj\u00eb nat\u00eb s\u00eb bashku muajin e kaluar. Vet\u00eb k\u00ebng\u00ebtarja nuk ka b\u00ebr\u00eb asnj\u00eb reagim publik.<\/p>\n","protected":false},"excerpt":{"rendered":"<p>Pas lajmeve se k\u00ebng\u00ebtarja shqiptare me fam\u00eb bot\u00ebrore, Dua Lipa i ka dh\u00ebn\u00eb fund lidhjes me regjisorin francez, Romain Gavras, artistja po p\u00ebrflitet se ka nisur nj\u00eb romanc\u00eb me k\u00ebng\u00ebtarin Omar Apollo. Megjith\u00ebse k\u00ebng\u00ebtari ka deklaruar se \u00ebsht\u00eb homoseksual, fansat jan\u00eb t\u00eb bindur se Dua dhe k\u00ebng\u00ebtari jan\u00eb n\u00eb nj\u00eb lidhje me nj\u00ebri-tjetrin pasi ata [&hellip;]<\/p>\n","protected":false},"author":2,"featured_media":31495,"comment_status":"open","ping_status":"open","sticky":false,"template":"","format":"standard","meta":{"footnotes":""},"categories":[33],"tags":[],"class_list":{"0":"post-40826","1":"post","2":"type-post","3":"status-publish","4":"format-standard","5":"has-post-thumbnail","7":"category-showbiz"},"yoast_head":"<!-- This site is optimized with the Yoast SEO plugin v27.5 - https:\/\/yoast.com\/product\/yoast-seo-wordpress\/ -->\n<title>Pas ndarjes nga Romain Gavras, Dua Lipa kapet \u201cmat\u201d me k\u00ebng\u00ebtarin e njohur - blogin.al<\/title>\n<meta name=\"robots\" content=\"index, follow, max-snippet:-1, max-image-preview:large, max-video-preview:-1\" \/>\n<link rel=\"canonical\" href=\"https:\/\/blogin.al\/?p=40826\" \/>\n<meta property=\"og:locale\" content=\"en_US\" \/>\n<meta property=\"og:type\" content=\"article\" \/>\n<meta property=\"og:title\" content=\"Pas ndarjes nga Romain Gavras, Dua Lipa kapet \u201cmat\u201d me k\u00ebng\u00ebtarin e njohur - blogin.al\" \/>\n<meta property=\"og:description\" content=\"Pas lajmeve se k\u00ebng\u00ebtarja shqiptare me fam\u00eb bot\u00ebrore, Dua Lipa i ka dh\u00ebn\u00eb fund lidhjes me regjisorin francez, Romain Gavras, artistja po p\u00ebrflitet se ka nisur nj\u00eb romanc\u00eb me k\u00ebng\u00ebtarin Omar Apollo. Megjith\u00ebse k\u00ebng\u00ebtari ka deklaruar se \u00ebsht\u00eb homoseksual, fansat jan\u00eb t\u00eb bindur se Dua dhe k\u00ebng\u00ebtari jan\u00eb n\u00eb nj\u00eb lidhje me nj\u00ebri-tjetrin pasi ata [&hellip;]\" \/>\n<meta property=\"og:url\" content=\"https:\/\/blogin.al\/?p=40826\" \/>\n<meta property=\"og:site_name\" content=\"blogin.al\" \/>\n<meta property=\"article:published_time\" content=\"2023-12-04T10:23:19+00:00\" \/>\n<meta property=\"article:modified_time\" content=\"2023-12-04T10:23:20+00:00\" \/>\n<meta property=\"og:image\" content=\"https:\/\/blogin.al\/wp-content\/uploads\/2023\/05\/100380625.jpg\" \/>\n\t<meta property=\"og:image:width\" content=\"1200\" \/>\n\t<meta property=\"og:image:height\" content=\"900\" \/>\n\t<meta property=\"og:image:type\" content=\"image\/jpeg\" \/>\n<meta name=\"author\" content=\"Blogin al\" \/>\n<meta name=\"twitter:card\" content=\"summary_large_image\" \/>\n<meta name=\"twitter:label1\" content=\"Written by\" \/>\n\t<meta name=\"twitter:data1\" content=\"Blogin al\" \/>\n\t<meta name=\"twitter:label2\" content=\"Est. reading time\" \/>\n\t<meta name=\"twitter:data2\" content=\"2 minutes\" \/>\n<script type=\"application\/ld+json\" class=\"yoast-schema-graph\">{\"@context\":\"https:\\\/\\\/schema.org\",\"@graph\":[{\"@type\":\"Article\",\"@id\":\"https:\\\/\\\/blogin.al\\\/?p=40826#article\",\"isPartOf\":{\"@id\":\"https:\\\/\\\/blogin.al\\\/?p=40826\"},\"author\":{\"name\":\"Blogin al\",\"@id\":\"https:\\\/\\\/blogin.al\\\/#\\\/schema\\\/person\\\/abdd56bc912cd511db877b852b115399\"},\"headline\":\"Pas ndarjes nga Romain Gavras, Dua Lipa kapet \u201cmat\u201d me k\u00ebng\u00ebtarin e njohur\",\"datePublished\":\"2023-12-04T10:23:19+00:00\",\"dateModified\":\"2023-12-04T10:23:20+00:00\",\"mainEntityOfPage\":{\"@id\":\"https:\\\/\\\/blogin.al\\\/?p=40826\"},\"wordCount\":265,\"commentCount\":0,\"publisher\":{\"@id\":\"https:\\\/\\\/blogin.al\\\/#organization\"},\"image\":{\"@id\":\"https:\\\/\\\/blogin.al\\\/?p=40826#primaryimage\"},\"thumbnailUrl\":\"https:\\\/\\\/blogin.al\\\/wp-content\\\/uploads\\\/2023\\\/05\\\/100380625.jpg\",\"articleSection\":[\"SHOWBIZ\"],\"inLanguage\":\"en-US\",\"potentialAction\":[{\"@type\":\"CommentAction\",\"name\":\"Comment\",\"target\":[\"https:\\\/\\\/blogin.al\\\/?p=40826#respond\"]}]},{\"@type\":\"WebPage\",\"@id\":\"https:\\\/\\\/blogin.al\\\/?p=40826\",\"url\":\"https:\\\/\\\/blogin.al\\\/?p=40826\",\"name\":\"Pas ndarjes nga Romain Gavras, Dua Lipa kapet \u201cmat\u201d me k\u00ebng\u00ebtarin e njohur - blogin.al\",\"isPartOf\":{\"@id\":\"https:\\\/\\\/blogin.al\\\/#website\"},\"primaryImageOfPage\":{\"@id\":\"https:\\\/\\\/blogin.al\\\/?p=40826#primaryimage\"},\"image\":{\"@id\":\"https:\\\/\\\/blogin.al\\\/?p=40826#primaryimage\"},\"thumbnailUrl\":\"https:\\\/\\\/blogin.al\\\/wp-content\\\/uploads\\\/2023\\\/05\\\/100380625.jpg\",\"datePublished\":\"2023-12-04T10:23:19+00:00\",\"dateModified\":\"2023-12-04T10:23:20+00:00\",\"breadcrumb\":{\"@id\":\"https:\\\/\\\/blogin.al\\\/?p=40826#breadcrumb\"},\"inLanguage\":\"en-US\",\"potentialAction\":[{\"@type\":\"ReadAction\",\"target\":[\"https:\\\/\\\/blogin.al\\\/?p=40826\"]}]},{\"@type\":\"ImageObject\",\"inLanguage\":\"en-US\",\"@id\":\"https:\\\/\\\/blogin.al\\\/?p=40826#primaryimage\",\"url\":\"https:\\\/\\\/blogin.al\\\/wp-content\\\/uploads\\\/2023\\\/05\\\/100380625.jpg\",\"contentUrl\":\"https:\\\/\\\/blogin.al\\\/wp-content\\\/uploads\\\/2023\\\/05\\\/100380625.jpg\",\"width\":1200,\"height\":900},{\"@type\":\"BreadcrumbList\",\"@id\":\"https:\\\/\\\/blogin.al\\\/?p=40826#breadcrumb\",\"itemListElement\":[{\"@type\":\"ListItem\",\"position\":1,\"name\":\"Home\",\"item\":\"https:\\\/\\\/blogin.al\\\/\"},{\"@type\":\"ListItem\",\"position\":2,\"name\":\"Pas ndarjes nga Romain Gavras, Dua Lipa kapet \u201cmat\u201d me k\u00ebng\u00ebtarin e njohur\"}]},{\"@type\":\"WebSite\",\"@id\":\"https:\\\/\\\/blogin.al\\\/#website\",\"url\":\"https:\\\/\\\/blogin.al\\\/\",\"name\":\"blogin.al\",\"description\":\"\",\"publisher\":{\"@id\":\"https:\\\/\\\/blogin.al\\\/#organization\"},\"potentialAction\":[{\"@type\":\"SearchAction\",\"target\":{\"@type\":\"EntryPoint\",\"urlTemplate\":\"https:\\\/\\\/blogin.al\\\/?s={search_term_string}\"},\"query-input\":{\"@type\":\"PropertyValueSpecification\",\"valueRequired\":true,\"valueName\":\"search_term_string\"}}],\"inLanguage\":\"en-US\"},{\"@type\":\"Organization\",\"@id\":\"https:\\\/\\\/blogin.al\\\/#organization\",\"name\":\"BLOGIN.al\",\"url\":\"https:\\\/\\\/blogin.al\\\/\",\"logo\":{\"@type\":\"ImageObject\",\"inLanguage\":\"en-US\",\"@id\":\"https:\\\/\\\/blogin.al\\\/#\\\/schema\\\/logo\\\/image\\\/\",\"url\":\"https:\\\/\\\/blogin.al\\\/wp-content\\\/uploads\\\/2022\\\/05\\\/Untitled-2-01-e1652084456514.png\",\"contentUrl\":\"https:\\\/\\\/blogin.al\\\/wp-content\\\/uploads\\\/2022\\\/05\\\/Untitled-2-01-e1652084456514.png\",\"width\":3723,\"height\":1698,\"caption\":\"BLOGIN.al\"},\"image\":{\"@id\":\"https:\\\/\\\/blogin.al\\\/#\\\/schema\\\/logo\\\/image\\\/\"},\"sameAs\":[\"https:\\\/\\\/instagram.com\\\/blogin.al\\\/\"]},{\"@type\":\"Person\",\"@id\":\"https:\\\/\\\/blogin.al\\\/#\\\/schema\\\/person\\\/abdd56bc912cd511db877b852b115399\",\"name\":\"Blogin al\",\"image\":{\"@type\":\"ImageObject\",\"inLanguage\":\"en-US\",\"@id\":\"https:\\\/\\\/secure.gravatar.com\\\/avatar\\\/60d5661aee6e835fb13dc75d2204cd0c1d61bef2efd137c0083e59ef831e235e?s=96&d=mm&r=g\",\"url\":\"https:\\\/\\\/secure.gravatar.com\\\/avatar\\\/60d5661aee6e835fb13dc75d2204cd0c1d61bef2efd137c0083e59ef831e235e?s=96&d=mm&r=g\",\"contentUrl\":\"https:\\\/\\\/secure.gravatar.com\\\/avatar\\\/60d5661aee6e835fb13dc75d2204cd0c1d61bef2efd137c0083e59ef831e235e?s=96&d=mm&r=g\",\"caption\":\"Blogin al\"},\"sameAs\":[\"https:\\\/\\\/blogin.al\"],\"url\":\"https:\\\/\\\/blogin.al\\\/?author=2\"}]}<\/script>\n<!-- \/ Yoast SEO plugin. -->","yoast_head_json":{"title":"Pas ndarjes nga Romain Gavras, Dua Lipa kapet \u201cmat\u201d me k\u00ebng\u00ebtarin e njohur - blogin.al","robots":{"index":"index","follow":"follow","max-snippet":"max-snippet:-1","max-image-preview":"max-image-preview:large","max-video-preview":"max-video-preview:-1"},"canonical":"https:\/\/blogin.al\/?p=40826","og_locale":"en_US","og_type":"article","og_title":"Pas ndarjes nga Romain Gavras, Dua Lipa kapet \u201cmat\u201d me k\u00ebng\u00ebtarin e njohur - blogin.al","og_description":"Pas lajmeve se k\u00ebng\u00ebtarja shqiptare me fam\u00eb bot\u00ebrore, Dua Lipa i ka dh\u00ebn\u00eb fund lidhjes me regjisorin francez, Romain Gavras, artistja po p\u00ebrflitet se ka nisur nj\u00eb romanc\u00eb me k\u00ebng\u00ebtarin Omar Apollo. Megjith\u00ebse k\u00ebng\u00ebtari ka deklaruar se \u00ebsht\u00eb homoseksual, fansat jan\u00eb t\u00eb bindur se Dua dhe k\u00ebng\u00ebtari jan\u00eb n\u00eb nj\u00eb lidhje me nj\u00ebri-tjetrin pasi ata [&hellip;]","og_url":"https:\/\/blogin.al\/?p=40826","og_site_name":"blogin.al","article_published_time":"2023-12-04T10:23:19+00:00","article_modified_time":"2023-12-04T10:23:20+00:00","og_image":[{"width":1200,"height":900,"url":"https:\/\/blogin.al\/wp-content\/uploads\/2023\/05\/100380625.jpg","type":"image\/jpeg"}],"author":"Blogin al","twitter_card":"summary_large_image","twitter_misc":{"Written by":"Blogin al","Est. reading time":"2 minutes"},"schema":{"@context":"https:\/\/schema.org","@graph":[{"@type":"Article","@id":"https:\/\/blogin.al\/?p=40826#article","isPartOf":{"@id":"https:\/\/blogin.al\/?p=40826"},"author":{"name":"Blogin al","@id":"https:\/\/blogin.al\/#\/schema\/person\/abdd56bc912cd511db877b852b115399"},"headline":"Pas ndarjes nga Romain Gavras, Dua Lipa kapet \u201cmat\u201d me k\u00ebng\u00ebtarin e njohur","datePublished":"2023-12-04T10:23:19+00:00","dateModified":"2023-12-04T10:23:20+00:00","mainEntityOfPage":{"@id":"https:\/\/blogin.al\/?p=40826"},"wordCount":265,"commentCount":0,"publisher":{"@id":"https:\/\/blogin.al\/#organization"},"image":{"@id":"https:\/\/blogin.al\/?p=40826#primaryimage"},"thumbnailUrl":"https:\/\/blogin.al\/wp-content\/uploads\/2023\/05\/100380625.jpg","articleSection":["SHOWBIZ"],"inLanguage":"en-US","potentialAction":[{"@type":"CommentAction","name":"Comment","target":["https:\/\/blogin.al\/?p=40826#respond"]}]},{"@type":"WebPage","@id":"https:\/\/blogin.al\/?p=40826","url":"https:\/\/blogin.al\/?p=40826","name":"Pas ndarjes nga Romain Gavras, Dua Lipa kapet \u201cmat\u201d me k\u00ebng\u00ebtarin e njohur - blogin.al","isPartOf":{"@id":"https:\/\/blogin.al\/#website"},"primaryImageOfPage":{"@id":"https:\/\/blogin.al\/?p=40826#primaryimage"},"image":{"@id":"https:\/\/blogin.al\/?p=40826#primaryimage"},"thumbnailUrl":"https:\/\/blogin.al\/wp-content\/uploads\/2023\/05\/100380625.jpg","datePublished":"2023-12-04T10:23:19+00:00","dateModified":"2023-12-04T10:23:20+00:00","breadcrumb":{"@id":"https:\/\/blogin.al\/?p=40826#breadcrumb"},"inLanguage":"en-US","potentialAction":[{"@type":"ReadAction","target":["https:\/\/blogin.al\/?p=40826"]}]},{"@type":"ImageObject","inLanguage":"en-US","@id":"https:\/\/blogin.al\/?p=40826#primaryimage","url":"https:\/\/blogin.al\/wp-content\/uploads\/2023\/05\/100380625.jpg","contentUrl":"https:\/\/blogin.al\/wp-content\/uploads\/2023\/05\/100380625.jpg","width":1200,"height":900},{"@type":"BreadcrumbList","@id":"https:\/\/blogin.al\/?p=40826#breadcrumb","itemListElement":[{"@type":"ListItem","position":1,"name":"Home","item":"https:\/\/blogin.al\/"},{"@type":"ListItem","position":2,"name":"Pas ndarjes nga Romain Gavras, Dua Lipa kapet \u201cmat\u201d me k\u00ebng\u00ebtarin e njohur"}]},{"@type":"WebSite","@id":"https:\/\/blogin.al\/#website","url":"https:\/\/blogin.al\/","name":"blogin.al","description":"","publisher":{"@id":"https:\/\/blogin.al\/#organization"},"potentialAction":[{"@type":"SearchAction","target":{"@type":"EntryPoint","urlTemplate":"https:\/\/blogin.al\/?s={search_term_string}"},"query-input":{"@type":"PropertyValueSpecification","valueRequired":true,"valueName":"search_term_string"}}],"inLanguage":"en-US"},{"@type":"Organization","@id":"https:\/\/blogin.al\/#organization","name":"BLOGIN.al","url":"https:\/\/blogin.al\/","logo":{"@type":"ImageObject","inLanguage":"en-US","@id":"https:\/\/blogin.al\/#\/schema\/logo\/image\/","url":"https:\/\/blogin.al\/wp-content\/uploads\/2022\/05\/Untitled-2-01-e1652084456514.png","contentUrl":"https:\/\/blogin.al\/wp-content\/uploads\/2022\/05\/Untitled-2-01-e1652084456514.png","width":3723,"height":1698,"caption":"BLOGIN.al"},"image":{"@id":"https:\/\/blogin.al\/#\/schema\/logo\/image\/"},"sameAs":["https:\/\/instagram.com\/blogin.al\/"]},{"@type":"Person","@id":"https:\/\/blogin.al\/#\/schema\/person\/abdd56bc912cd511db877b852b115399","name":"Blogin al","image":{"@type":"ImageObject","inLanguage":"en-US","@id":"https:\/\/secure.gravatar.com\/avatar\/60d5661aee6e835fb13dc75d2204cd0c1d61bef2efd137c0083e59ef831e235e?s=96&d=mm&r=g","url":"https:\/\/secure.gravatar.com\/avatar\/60d5661aee6e835fb13dc75d2204cd0c1d61bef2efd137c0083e59ef831e235e?s=96&d=mm&r=g","contentUrl":"https:\/\/secure.gravatar.com\/avatar\/60d5661aee6e835fb13dc75d2204cd0c1d61bef2efd137c0083e59ef831e235e?s=96&d=mm&r=g","caption":"Blogin al"},"sameAs":["https:\/\/blogin.al"],"url":"https:\/\/blogin.al\/?author=2"}]}},"_links":{"self":[{"href":"https:\/\/blogin.al\/index.php?rest_route=\/wp\/v2\/posts\/40826","targetHints":{"allow":["GET"]}}],"collection":[{"href":"https:\/\/blogin.al\/index.php?rest_route=\/wp\/v2\/posts"}],"about":[{"href":"https:\/\/blogin.al\/index.php?rest_route=\/wp\/v2\/types\/post"}],"author":[{"embeddable":true,"href":"https:\/\/blogin.al\/index.php?rest_route=\/wp\/v2\/users\/2"}],"replies":[{"embeddable":true,"href":"https:\/\/blogin.al\/index.php?rest_route=%2Fwp%2Fv2%2Fcomments&post=40826"}],"version-history":[{"count":1,"href":"https:\/\/blogin.al\/index.php?rest_route=\/wp\/v2\/posts\/40826\/revisions"}],"predecessor-version":[{"id":40828,"href":"https:\/\/blogin.al\/index.php?rest_route=\/wp\/v2\/posts\/40826\/revisions\/40828"}],"wp:featuredmedia":[{"embeddable":true,"href":"https:\/\/blogin.al\/index.php?rest_route=\/wp\/v2\/media\/31495"}],"wp:attachment":[{"href":"https:\/\/blogin.al\/index.php?rest_route=%2Fwp%2Fv2%2Fmedia&parent=40826"}],"wp:term":[{"taxonomy":"category","embeddable":true,"href":"https:\/\/blogin.al\/index.php?rest_route=%2Fwp%2Fv2%2Fcategories&post=40826"},{"taxonomy":"post_tag","embeddable":true,"href":"https:\/\/blogin.al\/index.php?rest_route=%2Fwp%2Fv2%2Ftags&post=40826"}],"curies":[{"name":"wp","href":"https:\/\/api.w.org\/{rel}","templated":true}]}}