{"id":40829,"date":"2023-12-04T11:06:20","date_gmt":"2023-12-04T11:06:20","guid":{"rendered":"https:\/\/blogin.al\/?p=40829"},"modified":"2023-12-04T11:06:21","modified_gmt":"2023-12-04T11:06:21","slug":"blerando-e-paralajmeron-mirdonin-mos-e-shiko-linden-se-del-keq-ne-spektakel","status":"publish","type":"post","link":"https:\/\/blogin.al\/?p=40829","title":{"rendered":"Blerando e paralajm\u00ebron Mirdonin: Mos e shiko Lind\u00ebn se del keq n\u00eb spektak\u00ebl"},"content":{"rendered":"\n<p>Blerando \u00ebsht\u00eb nj\u00ebri nga banor\u00ebt e Big Brother VIP Kosova 2 q\u00eb p\u00eblqehet mjaft shum\u00eb p\u00ebr loj\u00ebn e tij.<\/p>\n\n\n\n<p>Ai tashm\u00eb ka b\u00ebr\u00eb m\u00eb shum\u00eb se nj\u00eb muaj brenda dhe ka studiuar secilin nga konkurrent\u00ebt.<\/p>\n\n\n\n<p>I nj\u00ebjti s\u00eb fundmi i ka dh\u00ebn\u00eb nj\u00eb k\u00ebshill\u00eb banorit t\u00eb ri t\u00eb k\u00ebtij formati, Mirdon Pacollit.<\/p>\n\n\n\n<figure class=\"wp-block-image is-style-default\" id=\"attachment_3857830\"><img decoding=\"async\" src=\"https:\/\/telegrafi.com\/wp-content\/uploads\/2023\/12\/Screenshot_9.png\" alt=\"\" class=\"wp-image-3857830\"\/><figcaption class=\"wp-element-caption\"><strong>Foto: Screenshot\/YouTube<\/strong><\/figcaption><\/figure>\n\n\n\n<p>Derisa po q\u00ebndronin n\u00eb dhom\u00ebn e ndenjes s\u00eb bashku, aty pran\u00eb n\u00eb kuzhin\u00eb kaloi k\u00ebng\u00ebtarja Linda Halimi.<\/p>\n\n\n\n<p>Blerando i tha q\u00eb t\u00eb mos e shikoj\u00eb pasi do t\u00eb dal\u00eb keq n\u00eb spektak\u00ebl, ku edhe filluan pastaj t\u00eb qeshnin.<\/p>\n\n\n\n<figure class=\"wp-block-image is-style-default\" id=\"attachment_3857832\"><img decoding=\"async\" src=\"https:\/\/telegrafi.com\/wp-content\/uploads\/2023\/12\/Screenshot_10.png\" alt=\"\" class=\"wp-image-3857832\"\/><figcaption class=\"wp-element-caption\"><strong>Foto: Screenshot\/YouTube<\/strong><\/figcaption><\/figure>\n\n\n\n<p>\u201cNuk guxon me e k\u00ebqyr Lind\u00ebn se del keq n\u00eb \u201cPrime\u201d, \u00ebsht\u00eb shprehur ai.<\/p>\n\n\n\n<p>Duket se kjo deklarat\u00eb e Blerandos vjen pas akuzave q\u00eb Linda shpesh ka b\u00ebr\u00eb p\u00ebr djemt\u00eb e sht\u00ebpis\u00eb.<\/p>\n","protected":false},"excerpt":{"rendered":"<p>Blerando \u00ebsht\u00eb nj\u00ebri nga banor\u00ebt e Big Brother VIP Kosova 2 q\u00eb p\u00eblqehet mjaft shum\u00eb p\u00ebr loj\u00ebn e tij. Ai tashm\u00eb ka b\u00ebr\u00eb m\u00eb shum\u00eb se nj\u00eb muaj brenda dhe ka studiuar secilin nga konkurrent\u00ebt. I nj\u00ebjti s\u00eb fundmi i ka dh\u00ebn\u00eb nj\u00eb k\u00ebshill\u00eb banorit t\u00eb ri t\u00eb k\u00ebtij formati, Mirdon Pacollit. Derisa po q\u00ebndronin [&hellip;]<\/p>\n","protected":false},"author":2,"featured_media":40830,"comment_status":"open","ping_status":"open","sticky":false,"template":"","format":"standard","meta":{"footnotes":""},"categories":[33],"tags":[],"class_list":{"0":"post-40829","1":"post","2":"type-post","3":"status-publish","4":"format-standard","5":"has-post-thumbnail","7":"category-showbiz"},"yoast_head":"<!-- This site is optimized with the Yoast SEO plugin v27.5 - https:\/\/yoast.com\/product\/yoast-seo-wordpress\/ -->\n<title>Blerando e paralajm\u00ebron Mirdonin: Mos e shiko Lind\u00ebn se del keq n\u00eb spektak\u00ebl - blogin.al<\/title>\n<meta name=\"robots\" content=\"index, follow, max-snippet:-1, max-image-preview:large, max-video-preview:-1\" \/>\n<link rel=\"canonical\" href=\"https:\/\/blogin.al\/?p=40829\" \/>\n<meta property=\"og:locale\" content=\"en_US\" \/>\n<meta property=\"og:type\" content=\"article\" \/>\n<meta property=\"og:title\" content=\"Blerando e paralajm\u00ebron Mirdonin: Mos e shiko Lind\u00ebn se del keq n\u00eb spektak\u00ebl - blogin.al\" \/>\n<meta property=\"og:description\" content=\"Blerando \u00ebsht\u00eb nj\u00ebri nga banor\u00ebt e Big Brother VIP Kosova 2 q\u00eb p\u00eblqehet mjaft shum\u00eb p\u00ebr loj\u00ebn e tij. Ai tashm\u00eb ka b\u00ebr\u00eb m\u00eb shum\u00eb se nj\u00eb muaj brenda dhe ka studiuar secilin nga konkurrent\u00ebt. I nj\u00ebjti s\u00eb fundmi i ka dh\u00ebn\u00eb nj\u00eb k\u00ebshill\u00eb banorit t\u00eb ri t\u00eb k\u00ebtij formati, Mirdon Pacollit. Derisa po q\u00ebndronin [&hellip;]\" \/>\n<meta property=\"og:url\" content=\"https:\/\/blogin.al\/?p=40829\" \/>\n<meta property=\"og:site_name\" content=\"blogin.al\" \/>\n<meta property=\"article:published_time\" content=\"2023-12-04T11:06:20+00:00\" \/>\n<meta property=\"article:modified_time\" content=\"2023-12-04T11:06:21+00:00\" \/>\n<meta property=\"og:image\" content=\"https:\/\/blogin.al\/wp-content\/uploads\/2023\/12\/image-26.png\" \/>\n\t<meta property=\"og:image:width\" content=\"1130\" \/>\n\t<meta property=\"og:image:height\" content=\"635\" \/>\n\t<meta property=\"og:image:type\" content=\"image\/png\" \/>\n<meta name=\"author\" content=\"Blogin al\" \/>\n<meta name=\"twitter:card\" content=\"summary_large_image\" \/>\n<meta name=\"twitter:label1\" content=\"Written by\" \/>\n\t<meta name=\"twitter:data1\" content=\"Blogin al\" \/>\n\t<meta name=\"twitter:label2\" content=\"Est. reading time\" \/>\n\t<meta name=\"twitter:data2\" content=\"1 minute\" \/>\n<script type=\"application\/ld+json\" class=\"yoast-schema-graph\">{\"@context\":\"https:\\\/\\\/schema.org\",\"@graph\":[{\"@type\":\"Article\",\"@id\":\"https:\\\/\\\/blogin.al\\\/?p=40829#article\",\"isPartOf\":{\"@id\":\"https:\\\/\\\/blogin.al\\\/?p=40829\"},\"author\":{\"name\":\"Blogin al\",\"@id\":\"https:\\\/\\\/blogin.al\\\/#\\\/schema\\\/person\\\/abdd56bc912cd511db877b852b115399\"},\"headline\":\"Blerando e paralajm\u00ebron Mirdonin: Mos e shiko Lind\u00ebn se del keq n\u00eb spektak\u00ebl\",\"datePublished\":\"2023-12-04T11:06:20+00:00\",\"dateModified\":\"2023-12-04T11:06:21+00:00\",\"mainEntityOfPage\":{\"@id\":\"https:\\\/\\\/blogin.al\\\/?p=40829\"},\"wordCount\":164,\"commentCount\":0,\"publisher\":{\"@id\":\"https:\\\/\\\/blogin.al\\\/#organization\"},\"image\":{\"@id\":\"https:\\\/\\\/blogin.al\\\/?p=40829#primaryimage\"},\"thumbnailUrl\":\"https:\\\/\\\/blogin.al\\\/wp-content\\\/uploads\\\/2023\\\/12\\\/image-26.png\",\"articleSection\":[\"SHOWBIZ\"],\"inLanguage\":\"en-US\",\"potentialAction\":[{\"@type\":\"CommentAction\",\"name\":\"Comment\",\"target\":[\"https:\\\/\\\/blogin.al\\\/?p=40829#respond\"]}]},{\"@type\":\"WebPage\",\"@id\":\"https:\\\/\\\/blogin.al\\\/?p=40829\",\"url\":\"https:\\\/\\\/blogin.al\\\/?p=40829\",\"name\":\"Blerando e paralajm\u00ebron Mirdonin: Mos e shiko Lind\u00ebn se del keq n\u00eb spektak\u00ebl - blogin.al\",\"isPartOf\":{\"@id\":\"https:\\\/\\\/blogin.al\\\/#website\"},\"primaryImageOfPage\":{\"@id\":\"https:\\\/\\\/blogin.al\\\/?p=40829#primaryimage\"},\"image\":{\"@id\":\"https:\\\/\\\/blogin.al\\\/?p=40829#primaryimage\"},\"thumbnailUrl\":\"https:\\\/\\\/blogin.al\\\/wp-content\\\/uploads\\\/2023\\\/12\\\/image-26.png\",\"datePublished\":\"2023-12-04T11:06:20+00:00\",\"dateModified\":\"2023-12-04T11:06:21+00:00\",\"breadcrumb\":{\"@id\":\"https:\\\/\\\/blogin.al\\\/?p=40829#breadcrumb\"},\"inLanguage\":\"en-US\",\"potentialAction\":[{\"@type\":\"ReadAction\",\"target\":[\"https:\\\/\\\/blogin.al\\\/?p=40829\"]}]},{\"@type\":\"ImageObject\",\"inLanguage\":\"en-US\",\"@id\":\"https:\\\/\\\/blogin.al\\\/?p=40829#primaryimage\",\"url\":\"https:\\\/\\\/blogin.al\\\/wp-content\\\/uploads\\\/2023\\\/12\\\/image-26.png\",\"contentUrl\":\"https:\\\/\\\/blogin.al\\\/wp-content\\\/uploads\\\/2023\\\/12\\\/image-26.png\",\"width\":1130,\"height\":635},{\"@type\":\"BreadcrumbList\",\"@id\":\"https:\\\/\\\/blogin.al\\\/?p=40829#breadcrumb\",\"itemListElement\":[{\"@type\":\"ListItem\",\"position\":1,\"name\":\"Home\",\"item\":\"https:\\\/\\\/blogin.al\\\/\"},{\"@type\":\"ListItem\",\"position\":2,\"name\":\"Blerando e paralajm\u00ebron Mirdonin: Mos e shiko Lind\u00ebn se del keq n\u00eb spektak\u00ebl\"}]},{\"@type\":\"WebSite\",\"@id\":\"https:\\\/\\\/blogin.al\\\/#website\",\"url\":\"https:\\\/\\\/blogin.al\\\/\",\"name\":\"blogin.al\",\"description\":\"\",\"publisher\":{\"@id\":\"https:\\\/\\\/blogin.al\\\/#organization\"},\"potentialAction\":[{\"@type\":\"SearchAction\",\"target\":{\"@type\":\"EntryPoint\",\"urlTemplate\":\"https:\\\/\\\/blogin.al\\\/?s={search_term_string}\"},\"query-input\":{\"@type\":\"PropertyValueSpecification\",\"valueRequired\":true,\"valueName\":\"search_term_string\"}}],\"inLanguage\":\"en-US\"},{\"@type\":\"Organization\",\"@id\":\"https:\\\/\\\/blogin.al\\\/#organization\",\"name\":\"BLOGIN.al\",\"url\":\"https:\\\/\\\/blogin.al\\\/\",\"logo\":{\"@type\":\"ImageObject\",\"inLanguage\":\"en-US\",\"@id\":\"https:\\\/\\\/blogin.al\\\/#\\\/schema\\\/logo\\\/image\\\/\",\"url\":\"https:\\\/\\\/blogin.al\\\/wp-content\\\/uploads\\\/2022\\\/05\\\/Untitled-2-01-e1652084456514.png\",\"contentUrl\":\"https:\\\/\\\/blogin.al\\\/wp-content\\\/uploads\\\/2022\\\/05\\\/Untitled-2-01-e1652084456514.png\",\"width\":3723,\"height\":1698,\"caption\":\"BLOGIN.al\"},\"image\":{\"@id\":\"https:\\\/\\\/blogin.al\\\/#\\\/schema\\\/logo\\\/image\\\/\"},\"sameAs\":[\"https:\\\/\\\/instagram.com\\\/blogin.al\\\/\"]},{\"@type\":\"Person\",\"@id\":\"https:\\\/\\\/blogin.al\\\/#\\\/schema\\\/person\\\/abdd56bc912cd511db877b852b115399\",\"name\":\"Blogin al\",\"image\":{\"@type\":\"ImageObject\",\"inLanguage\":\"en-US\",\"@id\":\"https:\\\/\\\/secure.gravatar.com\\\/avatar\\\/60d5661aee6e835fb13dc75d2204cd0c1d61bef2efd137c0083e59ef831e235e?s=96&d=mm&r=g\",\"url\":\"https:\\\/\\\/secure.gravatar.com\\\/avatar\\\/60d5661aee6e835fb13dc75d2204cd0c1d61bef2efd137c0083e59ef831e235e?s=96&d=mm&r=g\",\"contentUrl\":\"https:\\\/\\\/secure.gravatar.com\\\/avatar\\\/60d5661aee6e835fb13dc75d2204cd0c1d61bef2efd137c0083e59ef831e235e?s=96&d=mm&r=g\",\"caption\":\"Blogin al\"},\"sameAs\":[\"https:\\\/\\\/blogin.al\"],\"url\":\"https:\\\/\\\/blogin.al\\\/?author=2\"}]}<\/script>\n<!-- \/ Yoast SEO plugin. -->","yoast_head_json":{"title":"Blerando e paralajm\u00ebron Mirdonin: Mos e shiko Lind\u00ebn se del keq n\u00eb spektak\u00ebl - blogin.al","robots":{"index":"index","follow":"follow","max-snippet":"max-snippet:-1","max-image-preview":"max-image-preview:large","max-video-preview":"max-video-preview:-1"},"canonical":"https:\/\/blogin.al\/?p=40829","og_locale":"en_US","og_type":"article","og_title":"Blerando e paralajm\u00ebron Mirdonin: Mos e shiko Lind\u00ebn se del keq n\u00eb spektak\u00ebl - blogin.al","og_description":"Blerando \u00ebsht\u00eb nj\u00ebri nga banor\u00ebt e Big Brother VIP Kosova 2 q\u00eb p\u00eblqehet mjaft shum\u00eb p\u00ebr loj\u00ebn e tij. Ai tashm\u00eb ka b\u00ebr\u00eb m\u00eb shum\u00eb se nj\u00eb muaj brenda dhe ka studiuar secilin nga konkurrent\u00ebt. I nj\u00ebjti s\u00eb fundmi i ka dh\u00ebn\u00eb nj\u00eb k\u00ebshill\u00eb banorit t\u00eb ri t\u00eb k\u00ebtij formati, Mirdon Pacollit. Derisa po q\u00ebndronin [&hellip;]","og_url":"https:\/\/blogin.al\/?p=40829","og_site_name":"blogin.al","article_published_time":"2023-12-04T11:06:20+00:00","article_modified_time":"2023-12-04T11:06:21+00:00","og_image":[{"width":1130,"height":635,"url":"https:\/\/blogin.al\/wp-content\/uploads\/2023\/12\/image-26.png","type":"image\/png"}],"author":"Blogin al","twitter_card":"summary_large_image","twitter_misc":{"Written by":"Blogin al","Est. reading time":"1 minute"},"schema":{"@context":"https:\/\/schema.org","@graph":[{"@type":"Article","@id":"https:\/\/blogin.al\/?p=40829#article","isPartOf":{"@id":"https:\/\/blogin.al\/?p=40829"},"author":{"name":"Blogin al","@id":"https:\/\/blogin.al\/#\/schema\/person\/abdd56bc912cd511db877b852b115399"},"headline":"Blerando e paralajm\u00ebron Mirdonin: Mos e shiko Lind\u00ebn se del keq n\u00eb spektak\u00ebl","datePublished":"2023-12-04T11:06:20+00:00","dateModified":"2023-12-04T11:06:21+00:00","mainEntityOfPage":{"@id":"https:\/\/blogin.al\/?p=40829"},"wordCount":164,"commentCount":0,"publisher":{"@id":"https:\/\/blogin.al\/#organization"},"image":{"@id":"https:\/\/blogin.al\/?p=40829#primaryimage"},"thumbnailUrl":"https:\/\/blogin.al\/wp-content\/uploads\/2023\/12\/image-26.png","articleSection":["SHOWBIZ"],"inLanguage":"en-US","potentialAction":[{"@type":"CommentAction","name":"Comment","target":["https:\/\/blogin.al\/?p=40829#respond"]}]},{"@type":"WebPage","@id":"https:\/\/blogin.al\/?p=40829","url":"https:\/\/blogin.al\/?p=40829","name":"Blerando e paralajm\u00ebron Mirdonin: Mos e shiko Lind\u00ebn se del keq n\u00eb spektak\u00ebl - blogin.al","isPartOf":{"@id":"https:\/\/blogin.al\/#website"},"primaryImageOfPage":{"@id":"https:\/\/blogin.al\/?p=40829#primaryimage"},"image":{"@id":"https:\/\/blogin.al\/?p=40829#primaryimage"},"thumbnailUrl":"https:\/\/blogin.al\/wp-content\/uploads\/2023\/12\/image-26.png","datePublished":"2023-12-04T11:06:20+00:00","dateModified":"2023-12-04T11:06:21+00:00","breadcrumb":{"@id":"https:\/\/blogin.al\/?p=40829#breadcrumb"},"inLanguage":"en-US","potentialAction":[{"@type":"ReadAction","target":["https:\/\/blogin.al\/?p=40829"]}]},{"@type":"ImageObject","inLanguage":"en-US","@id":"https:\/\/blogin.al\/?p=40829#primaryimage","url":"https:\/\/blogin.al\/wp-content\/uploads\/2023\/12\/image-26.png","contentUrl":"https:\/\/blogin.al\/wp-content\/uploads\/2023\/12\/image-26.png","width":1130,"height":635},{"@type":"BreadcrumbList","@id":"https:\/\/blogin.al\/?p=40829#breadcrumb","itemListElement":[{"@type":"ListItem","position":1,"name":"Home","item":"https:\/\/blogin.al\/"},{"@type":"ListItem","position":2,"name":"Blerando e paralajm\u00ebron Mirdonin: Mos e shiko Lind\u00ebn se del keq n\u00eb spektak\u00ebl"}]},{"@type":"WebSite","@id":"https:\/\/blogin.al\/#website","url":"https:\/\/blogin.al\/","name":"blogin.al","description":"","publisher":{"@id":"https:\/\/blogin.al\/#organization"},"potentialAction":[{"@type":"SearchAction","target":{"@type":"EntryPoint","urlTemplate":"https:\/\/blogin.al\/?s={search_term_string}"},"query-input":{"@type":"PropertyValueSpecification","valueRequired":true,"valueName":"search_term_string"}}],"inLanguage":"en-US"},{"@type":"Organization","@id":"https:\/\/blogin.al\/#organization","name":"BLOGIN.al","url":"https:\/\/blogin.al\/","logo":{"@type":"ImageObject","inLanguage":"en-US","@id":"https:\/\/blogin.al\/#\/schema\/logo\/image\/","url":"https:\/\/blogin.al\/wp-content\/uploads\/2022\/05\/Untitled-2-01-e1652084456514.png","contentUrl":"https:\/\/blogin.al\/wp-content\/uploads\/2022\/05\/Untitled-2-01-e1652084456514.png","width":3723,"height":1698,"caption":"BLOGIN.al"},"image":{"@id":"https:\/\/blogin.al\/#\/schema\/logo\/image\/"},"sameAs":["https:\/\/instagram.com\/blogin.al\/"]},{"@type":"Person","@id":"https:\/\/blogin.al\/#\/schema\/person\/abdd56bc912cd511db877b852b115399","name":"Blogin al","image":{"@type":"ImageObject","inLanguage":"en-US","@id":"https:\/\/secure.gravatar.com\/avatar\/60d5661aee6e835fb13dc75d2204cd0c1d61bef2efd137c0083e59ef831e235e?s=96&d=mm&r=g","url":"https:\/\/secure.gravatar.com\/avatar\/60d5661aee6e835fb13dc75d2204cd0c1d61bef2efd137c0083e59ef831e235e?s=96&d=mm&r=g","contentUrl":"https:\/\/secure.gravatar.com\/avatar\/60d5661aee6e835fb13dc75d2204cd0c1d61bef2efd137c0083e59ef831e235e?s=96&d=mm&r=g","caption":"Blogin al"},"sameAs":["https:\/\/blogin.al"],"url":"https:\/\/blogin.al\/?author=2"}]}},"_links":{"self":[{"href":"https:\/\/blogin.al\/index.php?rest_route=\/wp\/v2\/posts\/40829","targetHints":{"allow":["GET"]}}],"collection":[{"href":"https:\/\/blogin.al\/index.php?rest_route=\/wp\/v2\/posts"}],"about":[{"href":"https:\/\/blogin.al\/index.php?rest_route=\/wp\/v2\/types\/post"}],"author":[{"embeddable":true,"href":"https:\/\/blogin.al\/index.php?rest_route=\/wp\/v2\/users\/2"}],"replies":[{"embeddable":true,"href":"https:\/\/blogin.al\/index.php?rest_route=%2Fwp%2Fv2%2Fcomments&post=40829"}],"version-history":[{"count":1,"href":"https:\/\/blogin.al\/index.php?rest_route=\/wp\/v2\/posts\/40829\/revisions"}],"predecessor-version":[{"id":40831,"href":"https:\/\/blogin.al\/index.php?rest_route=\/wp\/v2\/posts\/40829\/revisions\/40831"}],"wp:featuredmedia":[{"embeddable":true,"href":"https:\/\/blogin.al\/index.php?rest_route=\/wp\/v2\/media\/40830"}],"wp:attachment":[{"href":"https:\/\/blogin.al\/index.php?rest_route=%2Fwp%2Fv2%2Fmedia&parent=40829"}],"wp:term":[{"taxonomy":"category","embeddable":true,"href":"https:\/\/blogin.al\/index.php?rest_route=%2Fwp%2Fv2%2Fcategories&post=40829"},{"taxonomy":"post_tag","embeddable":true,"href":"https:\/\/blogin.al\/index.php?rest_route=%2Fwp%2Fv2%2Ftags&post=40829"}],"curies":[{"name":"wp","href":"https:\/\/api.w.org\/{rel}","templated":true}]}}