{"id":40843,"date":"2023-12-04T13:31:36","date_gmt":"2023-12-04T13:31:36","guid":{"rendered":"https:\/\/blogin.al\/?p=40843"},"modified":"2023-12-04T13:31:38","modified_gmt":"2023-12-04T13:31:38","slug":"pas-akuzave-te-vazhdueshme-per-racizem-reagon-kate-middleton","status":"publish","type":"post","link":"https:\/\/blogin.al\/?p=40843","title":{"rendered":"Pas akuzave t\u00eb vazhdueshme p\u00ebr raciz\u00ebm, reagon Kate Middleton!"},"content":{"rendered":"\n<p>Kate Middleton thuhet se \u00ebsht\u00eb \u201ce pik\u00eblluar\u201d q\u00eb emri i saj \u00ebsht\u00eb v\u00ebn\u00eb n\u00eb qend\u00ebr t\u00eb v\u00ebmendjes pas publikimit t\u00eb librit m\u00eb t\u00eb fundit t\u00eb Omid Scobie, sipas nj\u00eb raporti.<\/p>\n\n\n\n<p>N\u00eb p\u00ebrkthimin holandez t\u00eb biografis\u00eb s\u00eb Scobie, \u201cEndgame: Inside the Royal Family and the Monarchy\u2019s Fight for Survival\u201d, u zbuluan emrat e dy an\u00ebtar\u00ebve t\u00eb familjes mbret\u00ebrore q\u00eb dyshohet se b\u00ebn\u00eb nj\u00eb koment \u201cracist\u201d p\u00ebr ngjyr\u00ebn e l\u00ebkur\u00ebs s\u00eb djalit t\u00eb Princit Harry dhe Meghan Markle.<\/p>\n\n\n\n<p>Familjet mbret\u00ebrore q\u00eb dyshohet se i b\u00ebn\u00eb k\u00ebto komente u demaskuan k\u00ebt\u00eb jav\u00eb si Mbreti Charles dhe Princesha e Uellsit \u2013 nj\u00eb pretendim q\u00eb nuk \u00ebsht\u00eb konfirmuar nga Scobie dhe as familja mbret\u00ebrore.<\/p>\n\n\n\n<p>Megjithat\u00eb, Princesha Kate thuhet se ka mbetur e m\u00ebrzitur q\u00eb emri i saj po p\u00ebrmendet n\u00eb bisedat p\u00ebr racizmin. \u201cKate nuk ishte 100 p\u00ebr qind nj\u00eb nga njer\u00ebzit q\u00eb e diskutuan at\u00eb,\u201d tha nj\u00eb burim p\u00ebr&nbsp;Us Weekly. \u201cAjo \u00ebsht\u00eb e trishtuar q\u00eb emri i saj u p\u00ebrfshi n\u00eb k\u00ebt\u00eb, sepse&nbsp; nuk kishte asnj\u00eb lidhje me t\u00eb.\u201d<\/p>\n\n\n\n<p>\u201cKjo ka mbyllur der\u00ebn p\u00ebr \u00e7do pajtim me Meghan p\u00ebr sa i p\u00ebrket Kate,\u201d vazhdoi insajderi. \u201cAjo \u00ebsht\u00eb e lodhur nga mashtrimet e Meghan. Nuk do pajtohet kurr\u00eb me t\u00eb.\u201d<\/p>\n\n\n\n<p>Kate dhe burri i saj, Princi William, jan\u00eb vendosur n\u00eb nj\u00eb front t\u00eb bashkuar q\u00eb kur libri doli n\u00eb raftet k\u00ebt\u00eb jav\u00eb. N\u00eb Performanc\u00ebn e Varieteteve Mbret\u00ebrore n\u00eb Lond\u00ebr t\u00eb enjten, ata shp\u00ebrfill\u00ebn menj\u00ebher\u00eb t\u00eb gjitha pyetjet rreth \u201cEndgame\u201d n\u00eb ngjarje.<\/p>\n\n\n\n<p>N\u00eb mars 2021, William foli&nbsp; gjithashtu p\u00ebr pretendimet e Harry dhe Meghan p\u00ebr raciz\u00ebm brenda familjes mbret\u00ebrore, duke u th\u00ebn\u00eb gazetar\u00ebve: \u201cNe nuk jemi nj\u00eb familje raciste\u201d.<\/p>\n","protected":false},"excerpt":{"rendered":"<p>Kate Middleton thuhet se \u00ebsht\u00eb \u201ce pik\u00eblluar\u201d q\u00eb emri i saj \u00ebsht\u00eb v\u00ebn\u00eb n\u00eb qend\u00ebr t\u00eb v\u00ebmendjes pas publikimit t\u00eb librit m\u00eb t\u00eb fundit t\u00eb Omid Scobie, sipas nj\u00eb raporti. N\u00eb p\u00ebrkthimin holandez t\u00eb biografis\u00eb s\u00eb Scobie, \u201cEndgame: Inside the Royal Family and the Monarchy\u2019s Fight for Survival\u201d, u zbuluan emrat e dy an\u00ebtar\u00ebve t\u00eb [&hellip;]<\/p>\n","protected":false},"author":2,"featured_media":16999,"comment_status":"open","ping_status":"open","sticky":false,"template":"","format":"standard","meta":{"footnotes":""},"categories":[33],"tags":[],"class_list":{"0":"post-40843","1":"post","2":"type-post","3":"status-publish","4":"format-standard","5":"has-post-thumbnail","7":"category-showbiz"},"yoast_head":"<!-- This site is optimized with the Yoast SEO plugin v27.5 - https:\/\/yoast.com\/product\/yoast-seo-wordpress\/ -->\n<title>Pas akuzave t\u00eb vazhdueshme p\u00ebr raciz\u00ebm, reagon Kate Middleton! - blogin.al<\/title>\n<meta name=\"robots\" content=\"index, follow, max-snippet:-1, max-image-preview:large, max-video-preview:-1\" \/>\n<link rel=\"canonical\" href=\"https:\/\/blogin.al\/?p=40843\" \/>\n<meta property=\"og:locale\" content=\"en_US\" \/>\n<meta property=\"og:type\" content=\"article\" \/>\n<meta property=\"og:title\" content=\"Pas akuzave t\u00eb vazhdueshme p\u00ebr raciz\u00ebm, reagon Kate Middleton! - blogin.al\" \/>\n<meta property=\"og:description\" content=\"Kate Middleton thuhet se \u00ebsht\u00eb \u201ce pik\u00eblluar\u201d q\u00eb emri i saj \u00ebsht\u00eb v\u00ebn\u00eb n\u00eb qend\u00ebr t\u00eb v\u00ebmendjes pas publikimit t\u00eb librit m\u00eb t\u00eb fundit t\u00eb Omid Scobie, sipas nj\u00eb raporti. N\u00eb p\u00ebrkthimin holandez t\u00eb biografis\u00eb s\u00eb Scobie, \u201cEndgame: Inside the Royal Family and the Monarchy\u2019s Fight for Survival\u201d, u zbuluan emrat e dy an\u00ebtar\u00ebve t\u00eb [&hellip;]\" \/>\n<meta property=\"og:url\" content=\"https:\/\/blogin.al\/?p=40843\" \/>\n<meta property=\"og:site_name\" content=\"blogin.al\" \/>\n<meta property=\"article:published_time\" content=\"2023-12-04T13:31:36+00:00\" \/>\n<meta property=\"article:modified_time\" content=\"2023-12-04T13:31:38+00:00\" \/>\n<meta property=\"og:image\" content=\"https:\/\/blogin.al\/wp-content\/uploads\/2022\/10\/kate-middleton-yellow-dress-pleated-1665048820.png\" \/>\n\t<meta property=\"og:image:width\" content=\"395\" \/>\n\t<meta property=\"og:image:height\" content=\"395\" \/>\n\t<meta property=\"og:image:type\" content=\"image\/png\" \/>\n<meta name=\"author\" content=\"Blogin al\" \/>\n<meta name=\"twitter:card\" content=\"summary_large_image\" \/>\n<meta name=\"twitter:label1\" content=\"Written by\" \/>\n\t<meta name=\"twitter:data1\" content=\"Blogin al\" \/>\n\t<meta name=\"twitter:label2\" content=\"Est. reading time\" \/>\n\t<meta name=\"twitter:data2\" content=\"2 minutes\" \/>\n<script type=\"application\/ld+json\" class=\"yoast-schema-graph\">{\"@context\":\"https:\\\/\\\/schema.org\",\"@graph\":[{\"@type\":\"Article\",\"@id\":\"https:\\\/\\\/blogin.al\\\/?p=40843#article\",\"isPartOf\":{\"@id\":\"https:\\\/\\\/blogin.al\\\/?p=40843\"},\"author\":{\"name\":\"Blogin al\",\"@id\":\"https:\\\/\\\/blogin.al\\\/#\\\/schema\\\/person\\\/abdd56bc912cd511db877b852b115399\"},\"headline\":\"Pas akuzave t\u00eb vazhdueshme p\u00ebr raciz\u00ebm, reagon Kate Middleton!\",\"datePublished\":\"2023-12-04T13:31:36+00:00\",\"dateModified\":\"2023-12-04T13:31:38+00:00\",\"mainEntityOfPage\":{\"@id\":\"https:\\\/\\\/blogin.al\\\/?p=40843\"},\"wordCount\":319,\"commentCount\":0,\"publisher\":{\"@id\":\"https:\\\/\\\/blogin.al\\\/#organization\"},\"image\":{\"@id\":\"https:\\\/\\\/blogin.al\\\/?p=40843#primaryimage\"},\"thumbnailUrl\":\"https:\\\/\\\/blogin.al\\\/wp-content\\\/uploads\\\/2022\\\/10\\\/kate-middleton-yellow-dress-pleated-1665048820.png\",\"articleSection\":[\"SHOWBIZ\"],\"inLanguage\":\"en-US\",\"potentialAction\":[{\"@type\":\"CommentAction\",\"name\":\"Comment\",\"target\":[\"https:\\\/\\\/blogin.al\\\/?p=40843#respond\"]}]},{\"@type\":\"WebPage\",\"@id\":\"https:\\\/\\\/blogin.al\\\/?p=40843\",\"url\":\"https:\\\/\\\/blogin.al\\\/?p=40843\",\"name\":\"Pas akuzave t\u00eb vazhdueshme p\u00ebr raciz\u00ebm, reagon Kate Middleton! - blogin.al\",\"isPartOf\":{\"@id\":\"https:\\\/\\\/blogin.al\\\/#website\"},\"primaryImageOfPage\":{\"@id\":\"https:\\\/\\\/blogin.al\\\/?p=40843#primaryimage\"},\"image\":{\"@id\":\"https:\\\/\\\/blogin.al\\\/?p=40843#primaryimage\"},\"thumbnailUrl\":\"https:\\\/\\\/blogin.al\\\/wp-content\\\/uploads\\\/2022\\\/10\\\/kate-middleton-yellow-dress-pleated-1665048820.png\",\"datePublished\":\"2023-12-04T13:31:36+00:00\",\"dateModified\":\"2023-12-04T13:31:38+00:00\",\"breadcrumb\":{\"@id\":\"https:\\\/\\\/blogin.al\\\/?p=40843#breadcrumb\"},\"inLanguage\":\"en-US\",\"potentialAction\":[{\"@type\":\"ReadAction\",\"target\":[\"https:\\\/\\\/blogin.al\\\/?p=40843\"]}]},{\"@type\":\"ImageObject\",\"inLanguage\":\"en-US\",\"@id\":\"https:\\\/\\\/blogin.al\\\/?p=40843#primaryimage\",\"url\":\"https:\\\/\\\/blogin.al\\\/wp-content\\\/uploads\\\/2022\\\/10\\\/kate-middleton-yellow-dress-pleated-1665048820.png\",\"contentUrl\":\"https:\\\/\\\/blogin.al\\\/wp-content\\\/uploads\\\/2022\\\/10\\\/kate-middleton-yellow-dress-pleated-1665048820.png\",\"width\":395,\"height\":395},{\"@type\":\"BreadcrumbList\",\"@id\":\"https:\\\/\\\/blogin.al\\\/?p=40843#breadcrumb\",\"itemListElement\":[{\"@type\":\"ListItem\",\"position\":1,\"name\":\"Home\",\"item\":\"https:\\\/\\\/blogin.al\\\/\"},{\"@type\":\"ListItem\",\"position\":2,\"name\":\"Pas akuzave t\u00eb vazhdueshme p\u00ebr raciz\u00ebm, reagon Kate Middleton!\"}]},{\"@type\":\"WebSite\",\"@id\":\"https:\\\/\\\/blogin.al\\\/#website\",\"url\":\"https:\\\/\\\/blogin.al\\\/\",\"name\":\"blogin.al\",\"description\":\"\",\"publisher\":{\"@id\":\"https:\\\/\\\/blogin.al\\\/#organization\"},\"potentialAction\":[{\"@type\":\"SearchAction\",\"target\":{\"@type\":\"EntryPoint\",\"urlTemplate\":\"https:\\\/\\\/blogin.al\\\/?s={search_term_string}\"},\"query-input\":{\"@type\":\"PropertyValueSpecification\",\"valueRequired\":true,\"valueName\":\"search_term_string\"}}],\"inLanguage\":\"en-US\"},{\"@type\":\"Organization\",\"@id\":\"https:\\\/\\\/blogin.al\\\/#organization\",\"name\":\"BLOGIN.al\",\"url\":\"https:\\\/\\\/blogin.al\\\/\",\"logo\":{\"@type\":\"ImageObject\",\"inLanguage\":\"en-US\",\"@id\":\"https:\\\/\\\/blogin.al\\\/#\\\/schema\\\/logo\\\/image\\\/\",\"url\":\"https:\\\/\\\/blogin.al\\\/wp-content\\\/uploads\\\/2022\\\/05\\\/Untitled-2-01-e1652084456514.png\",\"contentUrl\":\"https:\\\/\\\/blogin.al\\\/wp-content\\\/uploads\\\/2022\\\/05\\\/Untitled-2-01-e1652084456514.png\",\"width\":3723,\"height\":1698,\"caption\":\"BLOGIN.al\"},\"image\":{\"@id\":\"https:\\\/\\\/blogin.al\\\/#\\\/schema\\\/logo\\\/image\\\/\"},\"sameAs\":[\"https:\\\/\\\/instagram.com\\\/blogin.al\\\/\"]},{\"@type\":\"Person\",\"@id\":\"https:\\\/\\\/blogin.al\\\/#\\\/schema\\\/person\\\/abdd56bc912cd511db877b852b115399\",\"name\":\"Blogin al\",\"image\":{\"@type\":\"ImageObject\",\"inLanguage\":\"en-US\",\"@id\":\"https:\\\/\\\/secure.gravatar.com\\\/avatar\\\/60d5661aee6e835fb13dc75d2204cd0c1d61bef2efd137c0083e59ef831e235e?s=96&d=mm&r=g\",\"url\":\"https:\\\/\\\/secure.gravatar.com\\\/avatar\\\/60d5661aee6e835fb13dc75d2204cd0c1d61bef2efd137c0083e59ef831e235e?s=96&d=mm&r=g\",\"contentUrl\":\"https:\\\/\\\/secure.gravatar.com\\\/avatar\\\/60d5661aee6e835fb13dc75d2204cd0c1d61bef2efd137c0083e59ef831e235e?s=96&d=mm&r=g\",\"caption\":\"Blogin al\"},\"sameAs\":[\"https:\\\/\\\/blogin.al\"],\"url\":\"https:\\\/\\\/blogin.al\\\/?author=2\"}]}<\/script>\n<!-- \/ Yoast SEO plugin. -->","yoast_head_json":{"title":"Pas akuzave t\u00eb vazhdueshme p\u00ebr raciz\u00ebm, reagon Kate Middleton! - blogin.al","robots":{"index":"index","follow":"follow","max-snippet":"max-snippet:-1","max-image-preview":"max-image-preview:large","max-video-preview":"max-video-preview:-1"},"canonical":"https:\/\/blogin.al\/?p=40843","og_locale":"en_US","og_type":"article","og_title":"Pas akuzave t\u00eb vazhdueshme p\u00ebr raciz\u00ebm, reagon Kate Middleton! - blogin.al","og_description":"Kate Middleton thuhet se \u00ebsht\u00eb \u201ce pik\u00eblluar\u201d q\u00eb emri i saj \u00ebsht\u00eb v\u00ebn\u00eb n\u00eb qend\u00ebr t\u00eb v\u00ebmendjes pas publikimit t\u00eb librit m\u00eb t\u00eb fundit t\u00eb Omid Scobie, sipas nj\u00eb raporti. N\u00eb p\u00ebrkthimin holandez t\u00eb biografis\u00eb s\u00eb Scobie, \u201cEndgame: Inside the Royal Family and the Monarchy\u2019s Fight for Survival\u201d, u zbuluan emrat e dy an\u00ebtar\u00ebve t\u00eb [&hellip;]","og_url":"https:\/\/blogin.al\/?p=40843","og_site_name":"blogin.al","article_published_time":"2023-12-04T13:31:36+00:00","article_modified_time":"2023-12-04T13:31:38+00:00","og_image":[{"width":395,"height":395,"url":"https:\/\/blogin.al\/wp-content\/uploads\/2022\/10\/kate-middleton-yellow-dress-pleated-1665048820.png","type":"image\/png"}],"author":"Blogin al","twitter_card":"summary_large_image","twitter_misc":{"Written by":"Blogin al","Est. reading time":"2 minutes"},"schema":{"@context":"https:\/\/schema.org","@graph":[{"@type":"Article","@id":"https:\/\/blogin.al\/?p=40843#article","isPartOf":{"@id":"https:\/\/blogin.al\/?p=40843"},"author":{"name":"Blogin al","@id":"https:\/\/blogin.al\/#\/schema\/person\/abdd56bc912cd511db877b852b115399"},"headline":"Pas akuzave t\u00eb vazhdueshme p\u00ebr raciz\u00ebm, reagon Kate Middleton!","datePublished":"2023-12-04T13:31:36+00:00","dateModified":"2023-12-04T13:31:38+00:00","mainEntityOfPage":{"@id":"https:\/\/blogin.al\/?p=40843"},"wordCount":319,"commentCount":0,"publisher":{"@id":"https:\/\/blogin.al\/#organization"},"image":{"@id":"https:\/\/blogin.al\/?p=40843#primaryimage"},"thumbnailUrl":"https:\/\/blogin.al\/wp-content\/uploads\/2022\/10\/kate-middleton-yellow-dress-pleated-1665048820.png","articleSection":["SHOWBIZ"],"inLanguage":"en-US","potentialAction":[{"@type":"CommentAction","name":"Comment","target":["https:\/\/blogin.al\/?p=40843#respond"]}]},{"@type":"WebPage","@id":"https:\/\/blogin.al\/?p=40843","url":"https:\/\/blogin.al\/?p=40843","name":"Pas akuzave t\u00eb vazhdueshme p\u00ebr raciz\u00ebm, reagon Kate Middleton! - blogin.al","isPartOf":{"@id":"https:\/\/blogin.al\/#website"},"primaryImageOfPage":{"@id":"https:\/\/blogin.al\/?p=40843#primaryimage"},"image":{"@id":"https:\/\/blogin.al\/?p=40843#primaryimage"},"thumbnailUrl":"https:\/\/blogin.al\/wp-content\/uploads\/2022\/10\/kate-middleton-yellow-dress-pleated-1665048820.png","datePublished":"2023-12-04T13:31:36+00:00","dateModified":"2023-12-04T13:31:38+00:00","breadcrumb":{"@id":"https:\/\/blogin.al\/?p=40843#breadcrumb"},"inLanguage":"en-US","potentialAction":[{"@type":"ReadAction","target":["https:\/\/blogin.al\/?p=40843"]}]},{"@type":"ImageObject","inLanguage":"en-US","@id":"https:\/\/blogin.al\/?p=40843#primaryimage","url":"https:\/\/blogin.al\/wp-content\/uploads\/2022\/10\/kate-middleton-yellow-dress-pleated-1665048820.png","contentUrl":"https:\/\/blogin.al\/wp-content\/uploads\/2022\/10\/kate-middleton-yellow-dress-pleated-1665048820.png","width":395,"height":395},{"@type":"BreadcrumbList","@id":"https:\/\/blogin.al\/?p=40843#breadcrumb","itemListElement":[{"@type":"ListItem","position":1,"name":"Home","item":"https:\/\/blogin.al\/"},{"@type":"ListItem","position":2,"name":"Pas akuzave t\u00eb vazhdueshme p\u00ebr raciz\u00ebm, reagon Kate Middleton!"}]},{"@type":"WebSite","@id":"https:\/\/blogin.al\/#website","url":"https:\/\/blogin.al\/","name":"blogin.al","description":"","publisher":{"@id":"https:\/\/blogin.al\/#organization"},"potentialAction":[{"@type":"SearchAction","target":{"@type":"EntryPoint","urlTemplate":"https:\/\/blogin.al\/?s={search_term_string}"},"query-input":{"@type":"PropertyValueSpecification","valueRequired":true,"valueName":"search_term_string"}}],"inLanguage":"en-US"},{"@type":"Organization","@id":"https:\/\/blogin.al\/#organization","name":"BLOGIN.al","url":"https:\/\/blogin.al\/","logo":{"@type":"ImageObject","inLanguage":"en-US","@id":"https:\/\/blogin.al\/#\/schema\/logo\/image\/","url":"https:\/\/blogin.al\/wp-content\/uploads\/2022\/05\/Untitled-2-01-e1652084456514.png","contentUrl":"https:\/\/blogin.al\/wp-content\/uploads\/2022\/05\/Untitled-2-01-e1652084456514.png","width":3723,"height":1698,"caption":"BLOGIN.al"},"image":{"@id":"https:\/\/blogin.al\/#\/schema\/logo\/image\/"},"sameAs":["https:\/\/instagram.com\/blogin.al\/"]},{"@type":"Person","@id":"https:\/\/blogin.al\/#\/schema\/person\/abdd56bc912cd511db877b852b115399","name":"Blogin al","image":{"@type":"ImageObject","inLanguage":"en-US","@id":"https:\/\/secure.gravatar.com\/avatar\/60d5661aee6e835fb13dc75d2204cd0c1d61bef2efd137c0083e59ef831e235e?s=96&d=mm&r=g","url":"https:\/\/secure.gravatar.com\/avatar\/60d5661aee6e835fb13dc75d2204cd0c1d61bef2efd137c0083e59ef831e235e?s=96&d=mm&r=g","contentUrl":"https:\/\/secure.gravatar.com\/avatar\/60d5661aee6e835fb13dc75d2204cd0c1d61bef2efd137c0083e59ef831e235e?s=96&d=mm&r=g","caption":"Blogin al"},"sameAs":["https:\/\/blogin.al"],"url":"https:\/\/blogin.al\/?author=2"}]}},"_links":{"self":[{"href":"https:\/\/blogin.al\/index.php?rest_route=\/wp\/v2\/posts\/40843","targetHints":{"allow":["GET"]}}],"collection":[{"href":"https:\/\/blogin.al\/index.php?rest_route=\/wp\/v2\/posts"}],"about":[{"href":"https:\/\/blogin.al\/index.php?rest_route=\/wp\/v2\/types\/post"}],"author":[{"embeddable":true,"href":"https:\/\/blogin.al\/index.php?rest_route=\/wp\/v2\/users\/2"}],"replies":[{"embeddable":true,"href":"https:\/\/blogin.al\/index.php?rest_route=%2Fwp%2Fv2%2Fcomments&post=40843"}],"version-history":[{"count":1,"href":"https:\/\/blogin.al\/index.php?rest_route=\/wp\/v2\/posts\/40843\/revisions"}],"predecessor-version":[{"id":40844,"href":"https:\/\/blogin.al\/index.php?rest_route=\/wp\/v2\/posts\/40843\/revisions\/40844"}],"wp:featuredmedia":[{"embeddable":true,"href":"https:\/\/blogin.al\/index.php?rest_route=\/wp\/v2\/media\/16999"}],"wp:attachment":[{"href":"https:\/\/blogin.al\/index.php?rest_route=%2Fwp%2Fv2%2Fmedia&parent=40843"}],"wp:term":[{"taxonomy":"category","embeddable":true,"href":"https:\/\/blogin.al\/index.php?rest_route=%2Fwp%2Fv2%2Fcategories&post=40843"},{"taxonomy":"post_tag","embeddable":true,"href":"https:\/\/blogin.al\/index.php?rest_route=%2Fwp%2Fv2%2Ftags&post=40843"}],"curies":[{"name":"wp","href":"https:\/\/api.w.org\/{rel}","templated":true}]}}