{"id":40845,"date":"2023-12-04T14:37:31","date_gmt":"2023-12-04T14:37:31","guid":{"rendered":"https:\/\/blogin.al\/?p=40845"},"modified":"2023-12-04T14:37:33","modified_gmt":"2023-12-04T14:37:33","slug":"u-diagnostifikua-me-semundjen-e-rende-perkeqesohet-gjendja-shendetesore-e-bruce-willis","status":"publish","type":"post","link":"https:\/\/blogin.al\/?p=40845","title":{"rendered":"U diagnostifikua me s\u00ebmundjen e r\u00ebnd\u00eb, p\u00ebrkeq\u00ebsohet gjendja sh\u00ebndet\u00ebsore e Bruce Willis"},"content":{"rendered":"\n<p>Gjendja sh\u00ebndet\u00ebsore e aktorit t\u00eb njohur Bruce Willis \u00ebsht\u00eb p\u00ebrkeq\u00ebsuar.\u00a0\u00a0<\/p>\n\n\n\n<p>Ai u diagnostifikua me s\u00ebmunden e r\u00ebnd\u00eb, demenc\u00ebs frontotemporale, e cila shkaktohet nga nj\u00eb grup \u00e7rregullimesh q\u00eb gradualisht d\u00ebmtojn\u00eb lobet frontale dhe t\u00eb p\u00ebrkohshme t\u00eb trurit, duke shkaktuar d\u00ebmtime n\u00eb t\u00eb menduarit dhe sjelljen.<\/p>\n\n\n\n<figure class=\"wp-block-image is-style-default\"><img decoding=\"async\" src=\"https:\/\/i.dailymail.co.uk\/1s\/2023\/11\/09\/01\/77583391-12727869-Tribute_In_September_Tallulah_and_Scout_paid_a_special_tribute_t-a-4_1699495041575.jpg\" alt=\"Tribute:\u00a0In September, Tallulah and Scout paid a special tribute to their 'inspirational' stepmother Emma Heming after she opened up on the Today show about her husband's health\"\/><\/figure>\n\n\n\n<p>Dit\u00ebt e fundit, nj\u00eb nga vajzat e tij ka b\u00ebr\u00eb nj\u00eb postim rr\u00ebqeth\u00ebs n\u00eb rrjetet sociale, ku Bruce po i mban p\u00ebr disa sekonda dor\u00ebn.<\/p>\n\n\n\n<figure class=\"wp-block-image is-style-default\"><img decoding=\"async\" src=\"https:\/\/images.hellomagazine.com\/horizon\/landscape\/8f7d446e0acc-rumer-willis-bruce-willis.jpg\" alt=\"Bruce Willis and actress Rumer Willis attend the dedication and unveiling of a new soundstage mural celebrating 25 years of &quot;Die Hard&quot; at Fox Studio Lot on January 31, 2013 in Century City, California\"\/><\/figure>\n\n\n\n<p>Sipas nj\u00eb raporti t\u00eb fundit nga Radar Online, Willis ka t\u00eb gjitha vajzat e tij rreth vetes n\u00eb \u00e7do koh\u00eb pasi gjendja e tij sh\u00ebndet\u00ebsore po p\u00ebrkeq\u00ebsohet akoma m\u00eb shum\u00eb.<\/p>\n\n\n\n<p>Kjo gj\u00eb e ka panikosur aktorin, por edhe familjen e tij t\u00eb cil\u00ebt jan\u00eb shum\u00eb t\u00eb shqet\u00ebsuar p\u00ebr sh\u00ebndetin e Willis.<\/p>\n\n\n\n<figure class=\"wp-block-image is-style-default\"><img decoding=\"async\" src=\"https:\/\/telegrafi.com\/wp-content\/uploads\/2023\/12\/Screenshot_2-7.png\" alt=\"\"\/><\/figure>\n\n\n\n<p>P\u00ebrve\u00e7 bashk\u00ebshortes s\u00eb tij, Emma Hemming e cila kujdeset pa pushim p\u00ebr Bruce, nj\u00eb tjet\u00ebr person q\u00eb gjithashtu p\u00ebrpiqet t\u00eb kaloj\u00eb koh\u00eb me aktorin \u00ebsht\u00eb n\u00ebna e tre vajzave t\u00eb tij t\u00eb para, ish gruaja Demi Moore.<\/p>\n","protected":false},"excerpt":{"rendered":"<p>Gjendja sh\u00ebndet\u00ebsore e aktorit t\u00eb njohur Bruce Willis \u00ebsht\u00eb p\u00ebrkeq\u00ebsuar.\u00a0\u00a0 Ai u diagnostifikua me s\u00ebmunden e r\u00ebnd\u00eb, demenc\u00ebs frontotemporale, e cila shkaktohet nga nj\u00eb grup \u00e7rregullimesh q\u00eb gradualisht d\u00ebmtojn\u00eb lobet frontale dhe t\u00eb p\u00ebrkohshme t\u00eb trurit, duke shkaktuar d\u00ebmtime n\u00eb t\u00eb menduarit dhe sjelljen. Dit\u00ebt e fundit, nj\u00eb nga vajzat e tij ka b\u00ebr\u00eb nj\u00eb [&hellip;]<\/p>\n","protected":false},"author":2,"featured_media":20037,"comment_status":"open","ping_status":"open","sticky":false,"template":"","format":"standard","meta":{"footnotes":""},"categories":[33],"tags":[],"class_list":{"0":"post-40845","1":"post","2":"type-post","3":"status-publish","4":"format-standard","5":"has-post-thumbnail","7":"category-showbiz"},"yoast_head":"<!-- This site is optimized with the Yoast SEO plugin v27.5 - https:\/\/yoast.com\/product\/yoast-seo-wordpress\/ -->\n<title>U diagnostifikua me s\u00ebmundjen e r\u00ebnd\u00eb, p\u00ebrkeq\u00ebsohet gjendja sh\u00ebndet\u00ebsore e Bruce Willis - blogin.al<\/title>\n<meta name=\"robots\" content=\"index, follow, max-snippet:-1, max-image-preview:large, max-video-preview:-1\" \/>\n<link rel=\"canonical\" href=\"https:\/\/blogin.al\/?p=40845\" \/>\n<meta property=\"og:locale\" content=\"en_US\" \/>\n<meta property=\"og:type\" content=\"article\" \/>\n<meta property=\"og:title\" content=\"U diagnostifikua me s\u00ebmundjen e r\u00ebnd\u00eb, p\u00ebrkeq\u00ebsohet gjendja sh\u00ebndet\u00ebsore e Bruce Willis - blogin.al\" \/>\n<meta property=\"og:description\" content=\"Gjendja sh\u00ebndet\u00ebsore e aktorit t\u00eb njohur Bruce Willis \u00ebsht\u00eb p\u00ebrkeq\u00ebsuar.\u00a0\u00a0 Ai u diagnostifikua me s\u00ebmunden e r\u00ebnd\u00eb, demenc\u00ebs frontotemporale, e cila shkaktohet nga nj\u00eb grup \u00e7rregullimesh q\u00eb gradualisht d\u00ebmtojn\u00eb lobet frontale dhe t\u00eb p\u00ebrkohshme t\u00eb trurit, duke shkaktuar d\u00ebmtime n\u00eb t\u00eb menduarit dhe sjelljen. Dit\u00ebt e fundit, nj\u00eb nga vajzat e tij ka b\u00ebr\u00eb nj\u00eb [&hellip;]\" \/>\n<meta property=\"og:url\" content=\"https:\/\/blogin.al\/?p=40845\" \/>\n<meta property=\"og:site_name\" content=\"blogin.al\" \/>\n<meta property=\"article:published_time\" content=\"2023-12-04T14:37:31+00:00\" \/>\n<meta property=\"article:modified_time\" content=\"2023-12-04T14:37:33+00:00\" \/>\n<meta property=\"og:image\" content=\"https:\/\/blogin.al\/wp-content\/uploads\/2022\/12\/bruce-scaled.webp\" \/>\n\t<meta property=\"og:image:width\" content=\"2560\" \/>\n\t<meta property=\"og:image:height\" content=\"1707\" \/>\n\t<meta property=\"og:image:type\" content=\"image\/webp\" \/>\n<meta name=\"author\" content=\"Blogin al\" \/>\n<meta name=\"twitter:card\" content=\"summary_large_image\" \/>\n<meta name=\"twitter:label1\" content=\"Written by\" \/>\n\t<meta name=\"twitter:data1\" content=\"Blogin al\" \/>\n\t<meta name=\"twitter:label2\" content=\"Est. reading time\" \/>\n\t<meta name=\"twitter:data2\" content=\"2 minutes\" \/>\n<script type=\"application\/ld+json\" class=\"yoast-schema-graph\">{\"@context\":\"https:\\\/\\\/schema.org\",\"@graph\":[{\"@type\":\"Article\",\"@id\":\"https:\\\/\\\/blogin.al\\\/?p=40845#article\",\"isPartOf\":{\"@id\":\"https:\\\/\\\/blogin.al\\\/?p=40845\"},\"author\":{\"name\":\"Blogin al\",\"@id\":\"https:\\\/\\\/blogin.al\\\/#\\\/schema\\\/person\\\/abdd56bc912cd511db877b852b115399\"},\"headline\":\"U diagnostifikua me s\u00ebmundjen e r\u00ebnd\u00eb, p\u00ebrkeq\u00ebsohet gjendja sh\u00ebndet\u00ebsore e Bruce Willis\",\"datePublished\":\"2023-12-04T14:37:31+00:00\",\"dateModified\":\"2023-12-04T14:37:33+00:00\",\"mainEntityOfPage\":{\"@id\":\"https:\\\/\\\/blogin.al\\\/?p=40845\"},\"wordCount\":205,\"commentCount\":0,\"publisher\":{\"@id\":\"https:\\\/\\\/blogin.al\\\/#organization\"},\"image\":{\"@id\":\"https:\\\/\\\/blogin.al\\\/?p=40845#primaryimage\"},\"thumbnailUrl\":\"https:\\\/\\\/blogin.al\\\/wp-content\\\/uploads\\\/2022\\\/12\\\/bruce-scaled.webp\",\"articleSection\":[\"SHOWBIZ\"],\"inLanguage\":\"en-US\",\"potentialAction\":[{\"@type\":\"CommentAction\",\"name\":\"Comment\",\"target\":[\"https:\\\/\\\/blogin.al\\\/?p=40845#respond\"]}]},{\"@type\":\"WebPage\",\"@id\":\"https:\\\/\\\/blogin.al\\\/?p=40845\",\"url\":\"https:\\\/\\\/blogin.al\\\/?p=40845\",\"name\":\"U diagnostifikua me s\u00ebmundjen e r\u00ebnd\u00eb, p\u00ebrkeq\u00ebsohet gjendja sh\u00ebndet\u00ebsore e Bruce Willis - blogin.al\",\"isPartOf\":{\"@id\":\"https:\\\/\\\/blogin.al\\\/#website\"},\"primaryImageOfPage\":{\"@id\":\"https:\\\/\\\/blogin.al\\\/?p=40845#primaryimage\"},\"image\":{\"@id\":\"https:\\\/\\\/blogin.al\\\/?p=40845#primaryimage\"},\"thumbnailUrl\":\"https:\\\/\\\/blogin.al\\\/wp-content\\\/uploads\\\/2022\\\/12\\\/bruce-scaled.webp\",\"datePublished\":\"2023-12-04T14:37:31+00:00\",\"dateModified\":\"2023-12-04T14:37:33+00:00\",\"breadcrumb\":{\"@id\":\"https:\\\/\\\/blogin.al\\\/?p=40845#breadcrumb\"},\"inLanguage\":\"en-US\",\"potentialAction\":[{\"@type\":\"ReadAction\",\"target\":[\"https:\\\/\\\/blogin.al\\\/?p=40845\"]}]},{\"@type\":\"ImageObject\",\"inLanguage\":\"en-US\",\"@id\":\"https:\\\/\\\/blogin.al\\\/?p=40845#primaryimage\",\"url\":\"https:\\\/\\\/blogin.al\\\/wp-content\\\/uploads\\\/2022\\\/12\\\/bruce-scaled.webp\",\"contentUrl\":\"https:\\\/\\\/blogin.al\\\/wp-content\\\/uploads\\\/2022\\\/12\\\/bruce-scaled.webp\",\"width\":2560,\"height\":1707},{\"@type\":\"BreadcrumbList\",\"@id\":\"https:\\\/\\\/blogin.al\\\/?p=40845#breadcrumb\",\"itemListElement\":[{\"@type\":\"ListItem\",\"position\":1,\"name\":\"Home\",\"item\":\"https:\\\/\\\/blogin.al\\\/\"},{\"@type\":\"ListItem\",\"position\":2,\"name\":\"U diagnostifikua me s\u00ebmundjen e r\u00ebnd\u00eb, p\u00ebrkeq\u00ebsohet gjendja sh\u00ebndet\u00ebsore e Bruce Willis\"}]},{\"@type\":\"WebSite\",\"@id\":\"https:\\\/\\\/blogin.al\\\/#website\",\"url\":\"https:\\\/\\\/blogin.al\\\/\",\"name\":\"blogin.al\",\"description\":\"\",\"publisher\":{\"@id\":\"https:\\\/\\\/blogin.al\\\/#organization\"},\"potentialAction\":[{\"@type\":\"SearchAction\",\"target\":{\"@type\":\"EntryPoint\",\"urlTemplate\":\"https:\\\/\\\/blogin.al\\\/?s={search_term_string}\"},\"query-input\":{\"@type\":\"PropertyValueSpecification\",\"valueRequired\":true,\"valueName\":\"search_term_string\"}}],\"inLanguage\":\"en-US\"},{\"@type\":\"Organization\",\"@id\":\"https:\\\/\\\/blogin.al\\\/#organization\",\"name\":\"BLOGIN.al\",\"url\":\"https:\\\/\\\/blogin.al\\\/\",\"logo\":{\"@type\":\"ImageObject\",\"inLanguage\":\"en-US\",\"@id\":\"https:\\\/\\\/blogin.al\\\/#\\\/schema\\\/logo\\\/image\\\/\",\"url\":\"https:\\\/\\\/blogin.al\\\/wp-content\\\/uploads\\\/2022\\\/05\\\/Untitled-2-01-e1652084456514.png\",\"contentUrl\":\"https:\\\/\\\/blogin.al\\\/wp-content\\\/uploads\\\/2022\\\/05\\\/Untitled-2-01-e1652084456514.png\",\"width\":3723,\"height\":1698,\"caption\":\"BLOGIN.al\"},\"image\":{\"@id\":\"https:\\\/\\\/blogin.al\\\/#\\\/schema\\\/logo\\\/image\\\/\"},\"sameAs\":[\"https:\\\/\\\/instagram.com\\\/blogin.al\\\/\"]},{\"@type\":\"Person\",\"@id\":\"https:\\\/\\\/blogin.al\\\/#\\\/schema\\\/person\\\/abdd56bc912cd511db877b852b115399\",\"name\":\"Blogin al\",\"image\":{\"@type\":\"ImageObject\",\"inLanguage\":\"en-US\",\"@id\":\"https:\\\/\\\/secure.gravatar.com\\\/avatar\\\/60d5661aee6e835fb13dc75d2204cd0c1d61bef2efd137c0083e59ef831e235e?s=96&d=mm&r=g\",\"url\":\"https:\\\/\\\/secure.gravatar.com\\\/avatar\\\/60d5661aee6e835fb13dc75d2204cd0c1d61bef2efd137c0083e59ef831e235e?s=96&d=mm&r=g\",\"contentUrl\":\"https:\\\/\\\/secure.gravatar.com\\\/avatar\\\/60d5661aee6e835fb13dc75d2204cd0c1d61bef2efd137c0083e59ef831e235e?s=96&d=mm&r=g\",\"caption\":\"Blogin al\"},\"sameAs\":[\"https:\\\/\\\/blogin.al\"],\"url\":\"https:\\\/\\\/blogin.al\\\/?author=2\"}]}<\/script>\n<!-- \/ Yoast SEO plugin. -->","yoast_head_json":{"title":"U diagnostifikua me s\u00ebmundjen e r\u00ebnd\u00eb, p\u00ebrkeq\u00ebsohet gjendja sh\u00ebndet\u00ebsore e Bruce Willis - blogin.al","robots":{"index":"index","follow":"follow","max-snippet":"max-snippet:-1","max-image-preview":"max-image-preview:large","max-video-preview":"max-video-preview:-1"},"canonical":"https:\/\/blogin.al\/?p=40845","og_locale":"en_US","og_type":"article","og_title":"U diagnostifikua me s\u00ebmundjen e r\u00ebnd\u00eb, p\u00ebrkeq\u00ebsohet gjendja sh\u00ebndet\u00ebsore e Bruce Willis - blogin.al","og_description":"Gjendja sh\u00ebndet\u00ebsore e aktorit t\u00eb njohur Bruce Willis \u00ebsht\u00eb p\u00ebrkeq\u00ebsuar.\u00a0\u00a0 Ai u diagnostifikua me s\u00ebmunden e r\u00ebnd\u00eb, demenc\u00ebs frontotemporale, e cila shkaktohet nga nj\u00eb grup \u00e7rregullimesh q\u00eb gradualisht d\u00ebmtojn\u00eb lobet frontale dhe t\u00eb p\u00ebrkohshme t\u00eb trurit, duke shkaktuar d\u00ebmtime n\u00eb t\u00eb menduarit dhe sjelljen. Dit\u00ebt e fundit, nj\u00eb nga vajzat e tij ka b\u00ebr\u00eb nj\u00eb [&hellip;]","og_url":"https:\/\/blogin.al\/?p=40845","og_site_name":"blogin.al","article_published_time":"2023-12-04T14:37:31+00:00","article_modified_time":"2023-12-04T14:37:33+00:00","og_image":[{"width":2560,"height":1707,"url":"https:\/\/blogin.al\/wp-content\/uploads\/2022\/12\/bruce-scaled.webp","type":"image\/webp"}],"author":"Blogin al","twitter_card":"summary_large_image","twitter_misc":{"Written by":"Blogin al","Est. reading time":"2 minutes"},"schema":{"@context":"https:\/\/schema.org","@graph":[{"@type":"Article","@id":"https:\/\/blogin.al\/?p=40845#article","isPartOf":{"@id":"https:\/\/blogin.al\/?p=40845"},"author":{"name":"Blogin al","@id":"https:\/\/blogin.al\/#\/schema\/person\/abdd56bc912cd511db877b852b115399"},"headline":"U diagnostifikua me s\u00ebmundjen e r\u00ebnd\u00eb, p\u00ebrkeq\u00ebsohet gjendja sh\u00ebndet\u00ebsore e Bruce Willis","datePublished":"2023-12-04T14:37:31+00:00","dateModified":"2023-12-04T14:37:33+00:00","mainEntityOfPage":{"@id":"https:\/\/blogin.al\/?p=40845"},"wordCount":205,"commentCount":0,"publisher":{"@id":"https:\/\/blogin.al\/#organization"},"image":{"@id":"https:\/\/blogin.al\/?p=40845#primaryimage"},"thumbnailUrl":"https:\/\/blogin.al\/wp-content\/uploads\/2022\/12\/bruce-scaled.webp","articleSection":["SHOWBIZ"],"inLanguage":"en-US","potentialAction":[{"@type":"CommentAction","name":"Comment","target":["https:\/\/blogin.al\/?p=40845#respond"]}]},{"@type":"WebPage","@id":"https:\/\/blogin.al\/?p=40845","url":"https:\/\/blogin.al\/?p=40845","name":"U diagnostifikua me s\u00ebmundjen e r\u00ebnd\u00eb, p\u00ebrkeq\u00ebsohet gjendja sh\u00ebndet\u00ebsore e Bruce Willis - blogin.al","isPartOf":{"@id":"https:\/\/blogin.al\/#website"},"primaryImageOfPage":{"@id":"https:\/\/blogin.al\/?p=40845#primaryimage"},"image":{"@id":"https:\/\/blogin.al\/?p=40845#primaryimage"},"thumbnailUrl":"https:\/\/blogin.al\/wp-content\/uploads\/2022\/12\/bruce-scaled.webp","datePublished":"2023-12-04T14:37:31+00:00","dateModified":"2023-12-04T14:37:33+00:00","breadcrumb":{"@id":"https:\/\/blogin.al\/?p=40845#breadcrumb"},"inLanguage":"en-US","potentialAction":[{"@type":"ReadAction","target":["https:\/\/blogin.al\/?p=40845"]}]},{"@type":"ImageObject","inLanguage":"en-US","@id":"https:\/\/blogin.al\/?p=40845#primaryimage","url":"https:\/\/blogin.al\/wp-content\/uploads\/2022\/12\/bruce-scaled.webp","contentUrl":"https:\/\/blogin.al\/wp-content\/uploads\/2022\/12\/bruce-scaled.webp","width":2560,"height":1707},{"@type":"BreadcrumbList","@id":"https:\/\/blogin.al\/?p=40845#breadcrumb","itemListElement":[{"@type":"ListItem","position":1,"name":"Home","item":"https:\/\/blogin.al\/"},{"@type":"ListItem","position":2,"name":"U diagnostifikua me s\u00ebmundjen e r\u00ebnd\u00eb, p\u00ebrkeq\u00ebsohet gjendja sh\u00ebndet\u00ebsore e Bruce Willis"}]},{"@type":"WebSite","@id":"https:\/\/blogin.al\/#website","url":"https:\/\/blogin.al\/","name":"blogin.al","description":"","publisher":{"@id":"https:\/\/blogin.al\/#organization"},"potentialAction":[{"@type":"SearchAction","target":{"@type":"EntryPoint","urlTemplate":"https:\/\/blogin.al\/?s={search_term_string}"},"query-input":{"@type":"PropertyValueSpecification","valueRequired":true,"valueName":"search_term_string"}}],"inLanguage":"en-US"},{"@type":"Organization","@id":"https:\/\/blogin.al\/#organization","name":"BLOGIN.al","url":"https:\/\/blogin.al\/","logo":{"@type":"ImageObject","inLanguage":"en-US","@id":"https:\/\/blogin.al\/#\/schema\/logo\/image\/","url":"https:\/\/blogin.al\/wp-content\/uploads\/2022\/05\/Untitled-2-01-e1652084456514.png","contentUrl":"https:\/\/blogin.al\/wp-content\/uploads\/2022\/05\/Untitled-2-01-e1652084456514.png","width":3723,"height":1698,"caption":"BLOGIN.al"},"image":{"@id":"https:\/\/blogin.al\/#\/schema\/logo\/image\/"},"sameAs":["https:\/\/instagram.com\/blogin.al\/"]},{"@type":"Person","@id":"https:\/\/blogin.al\/#\/schema\/person\/abdd56bc912cd511db877b852b115399","name":"Blogin al","image":{"@type":"ImageObject","inLanguage":"en-US","@id":"https:\/\/secure.gravatar.com\/avatar\/60d5661aee6e835fb13dc75d2204cd0c1d61bef2efd137c0083e59ef831e235e?s=96&d=mm&r=g","url":"https:\/\/secure.gravatar.com\/avatar\/60d5661aee6e835fb13dc75d2204cd0c1d61bef2efd137c0083e59ef831e235e?s=96&d=mm&r=g","contentUrl":"https:\/\/secure.gravatar.com\/avatar\/60d5661aee6e835fb13dc75d2204cd0c1d61bef2efd137c0083e59ef831e235e?s=96&d=mm&r=g","caption":"Blogin al"},"sameAs":["https:\/\/blogin.al"],"url":"https:\/\/blogin.al\/?author=2"}]}},"_links":{"self":[{"href":"https:\/\/blogin.al\/index.php?rest_route=\/wp\/v2\/posts\/40845","targetHints":{"allow":["GET"]}}],"collection":[{"href":"https:\/\/blogin.al\/index.php?rest_route=\/wp\/v2\/posts"}],"about":[{"href":"https:\/\/blogin.al\/index.php?rest_route=\/wp\/v2\/types\/post"}],"author":[{"embeddable":true,"href":"https:\/\/blogin.al\/index.php?rest_route=\/wp\/v2\/users\/2"}],"replies":[{"embeddable":true,"href":"https:\/\/blogin.al\/index.php?rest_route=%2Fwp%2Fv2%2Fcomments&post=40845"}],"version-history":[{"count":1,"href":"https:\/\/blogin.al\/index.php?rest_route=\/wp\/v2\/posts\/40845\/revisions"}],"predecessor-version":[{"id":40846,"href":"https:\/\/blogin.al\/index.php?rest_route=\/wp\/v2\/posts\/40845\/revisions\/40846"}],"wp:featuredmedia":[{"embeddable":true,"href":"https:\/\/blogin.al\/index.php?rest_route=\/wp\/v2\/media\/20037"}],"wp:attachment":[{"href":"https:\/\/blogin.al\/index.php?rest_route=%2Fwp%2Fv2%2Fmedia&parent=40845"}],"wp:term":[{"taxonomy":"category","embeddable":true,"href":"https:\/\/blogin.al\/index.php?rest_route=%2Fwp%2Fv2%2Fcategories&post=40845"},{"taxonomy":"post_tag","embeddable":true,"href":"https:\/\/blogin.al\/index.php?rest_route=%2Fwp%2Fv2%2Ftags&post=40845"}],"curies":[{"name":"wp","href":"https:\/\/api.w.org\/{rel}","templated":true}]}}