{"id":40865,"date":"2023-12-05T10:35:33","date_gmt":"2023-12-05T10:35:33","guid":{"rendered":"https:\/\/blogin.al\/?p=40865"},"modified":"2023-12-05T10:35:35","modified_gmt":"2023-12-05T10:35:35","slug":"ndarja-e-tyre-skeme-per-tu-futur-ne-bbv3-olsi-bylyku-dhe-egli-tako-banore-ne-edicionin-e-ri","status":"publish","type":"post","link":"https:\/\/blogin.al\/?p=40865","title":{"rendered":"Ndarja e tyre skem\u00eb p\u00ebr t\u2019u futur n\u00eb \u201cBBV3\u201d? Olsi Bylyku dhe Egli Tako banor\u00eb n\u00eb edicionin e ri?"},"content":{"rendered":"\n<p>Big Brother Vip Albania\u201d \u00ebsht\u00eb spektakli m\u00eb i ndjekur n\u00eb Shqip\u00ebri, ku banor\u00ebt transmetojn\u00eb shum\u00eb emocione t\u00eb forta teksa rr\u00ebfejn\u00eb historit\u00eb e tyre apo edhe gjat\u00eb p\u00ebrditshm\u00ebris\u00eb, konflikteve dhe raporteve me nj\u00ebri-tjetrin. &nbsp;Ai \u00ebsht\u00eb nj\u00eb show televiziv q\u00eb zhvillohet t\u00ebr\u00ebsisht brenda kufijve t\u00eb nj\u00eb sht\u00ebpie, krijuar posa\u00e7\u00ebrisht p\u00ebr personat e famsh\u00ebm q\u00eb b\u00ebhen pjes\u00eb t\u00eb k\u00ebtij programi, duke u cil\u00ebsuar me titullin banor\u00eb. &nbsp;Jo vet\u00ebm q\u00eb do t\u00eb ket\u00eb nj\u00eb edicion t\u00eb tret\u00eb, por&nbsp; faqja zyrtare e Instagramit t\u00eb \u201cBBV\u201d ka treguar se kur do t\u00eb nis\u00eb. Edhe pse t\u00eb gjith\u00eb shpresonim se do t\u00eb ishte fundi i k\u00ebtij viti, edicioni i tret\u00eb do t\u00eb jet\u00eb n\u00eb janar 2024.<\/p>\n\n\n\n<p>Deri m\u00eb tani kan\u00eb qen\u00eb t\u00eb shumt\u00eb emrat e personazheve VIP, t\u00eb cil\u00ebt jan\u00eb aluduar se do t\u00eb jen\u00eb pjes\u00eb si banor\u00eb k\u00ebt\u00eb edicion, por ende nuk \u00ebsht\u00eb konfirmuar asgj\u00eb. T\u00eb ftuar sonte n\u00eb \u201cShqip\u00ebria Live\u201d me Arjon Mu\u00e7a kan\u00eb qen\u00eb t\u00eb ftuar Monika Lubonja, Andi Vrapi dhe Liesa Haxhiasllani p\u00ebr t\u00eb komentuar emrat e p\u00ebrfolur se do t\u00eb jen\u00eb pjes\u00eb.<\/p>\n\n\n\n<blockquote class=\"wp-block-quote is-layout-flow wp-block-quote-is-layout-flow\">\n<p><em>Liesa: O do futet Olsi o egli<\/em><\/p>\n\n\n\n<p><em>Arjoni: Mund t\u00eb hyjn\u00eb t\u00eb dy<\/em><\/p>\n\n\n\n<p><em>Andi: Nuk mendoj se do futen t\u00eb dy n\u00eb nj\u00eb koh\u00eb sepse nuk kan\u00eb dh\u00ebn\u00eb iden\u00eb q\u00eb jan\u00eb ndar\u00eb n\u00eb m\u00ebnyr\u00eb t\u00eb paqt\u00eb me nj\u00ebri-tjetrin<\/em><\/p>\n\n\n\n<p><em>Mendoj se do futet Olsi se i vlen m\u00eb shum\u00eb p\u00ebr karrir\u00ebn sepse efgk\\li ka then qe do heq dore nga pal dhe dp t bej nj ejt te shende Elgin do e kemi p\u00ebr ndonj\u00eb situat\u00eb alla Bora-Donald<\/em><\/p>\n<\/blockquote>\n","protected":false},"excerpt":{"rendered":"<p>Big Brother Vip Albania\u201d \u00ebsht\u00eb spektakli m\u00eb i ndjekur n\u00eb Shqip\u00ebri, ku banor\u00ebt transmetojn\u00eb shum\u00eb emocione t\u00eb forta teksa rr\u00ebfejn\u00eb historit\u00eb e tyre apo edhe gjat\u00eb p\u00ebrditshm\u00ebris\u00eb, konflikteve dhe raporteve me nj\u00ebri-tjetrin. &nbsp;Ai \u00ebsht\u00eb nj\u00eb show televiziv q\u00eb zhvillohet t\u00ebr\u00ebsisht brenda kufijve t\u00eb nj\u00eb sht\u00ebpie, krijuar posa\u00e7\u00ebrisht p\u00ebr personat e famsh\u00ebm q\u00eb b\u00ebhen pjes\u00eb t\u00eb [&hellip;]<\/p>\n","protected":false},"author":2,"featured_media":38719,"comment_status":"open","ping_status":"open","sticky":false,"template":"","format":"standard","meta":{"footnotes":""},"categories":[33],"tags":[],"class_list":{"0":"post-40865","1":"post","2":"type-post","3":"status-publish","4":"format-standard","5":"has-post-thumbnail","7":"category-showbiz"},"yoast_head":"<!-- This site is optimized with the Yoast SEO plugin v27.5 - https:\/\/yoast.com\/product\/yoast-seo-wordpress\/ -->\n<title>Ndarja e tyre skem\u00eb p\u00ebr t\u2019u futur n\u00eb \u201cBBV3\u201d? Olsi Bylyku dhe Egli Tako banor\u00eb n\u00eb edicionin e ri? - blogin.al<\/title>\n<meta name=\"robots\" content=\"index, follow, max-snippet:-1, max-image-preview:large, max-video-preview:-1\" \/>\n<link rel=\"canonical\" href=\"https:\/\/blogin.al\/?p=40865\" \/>\n<meta property=\"og:locale\" content=\"en_US\" \/>\n<meta property=\"og:type\" content=\"article\" \/>\n<meta property=\"og:title\" content=\"Ndarja e tyre skem\u00eb p\u00ebr t\u2019u futur n\u00eb \u201cBBV3\u201d? Olsi Bylyku dhe Egli Tako banor\u00eb n\u00eb edicionin e ri? - blogin.al\" \/>\n<meta property=\"og:description\" content=\"Big Brother Vip Albania\u201d \u00ebsht\u00eb spektakli m\u00eb i ndjekur n\u00eb Shqip\u00ebri, ku banor\u00ebt transmetojn\u00eb shum\u00eb emocione t\u00eb forta teksa rr\u00ebfejn\u00eb historit\u00eb e tyre apo edhe gjat\u00eb p\u00ebrditshm\u00ebris\u00eb, konflikteve dhe raporteve me nj\u00ebri-tjetrin. &nbsp;Ai \u00ebsht\u00eb nj\u00eb show televiziv q\u00eb zhvillohet t\u00ebr\u00ebsisht brenda kufijve t\u00eb nj\u00eb sht\u00ebpie, krijuar posa\u00e7\u00ebrisht p\u00ebr personat e famsh\u00ebm q\u00eb b\u00ebhen pjes\u00eb t\u00eb [&hellip;]\" \/>\n<meta property=\"og:url\" content=\"https:\/\/blogin.al\/?p=40865\" \/>\n<meta property=\"og:site_name\" content=\"blogin.al\" \/>\n<meta property=\"article:published_time\" content=\"2023-12-05T10:35:33+00:00\" \/>\n<meta property=\"article:modified_time\" content=\"2023-12-05T10:35:35+00:00\" \/>\n<meta property=\"og:image\" content=\"https:\/\/blogin.al\/wp-content\/uploads\/2023\/10\/olsi.jpeg\" \/>\n\t<meta property=\"og:image:width\" content=\"640\" \/>\n\t<meta property=\"og:image:height\" content=\"800\" \/>\n\t<meta property=\"og:image:type\" content=\"image\/jpeg\" \/>\n<meta name=\"author\" content=\"Blogin al\" \/>\n<meta name=\"twitter:card\" content=\"summary_large_image\" \/>\n<meta name=\"twitter:label1\" content=\"Written by\" \/>\n\t<meta name=\"twitter:data1\" content=\"Blogin al\" \/>\n\t<meta name=\"twitter:label2\" content=\"Est. reading time\" \/>\n\t<meta name=\"twitter:data2\" content=\"1 minute\" \/>\n<script type=\"application\/ld+json\" class=\"yoast-schema-graph\">{\"@context\":\"https:\\\/\\\/schema.org\",\"@graph\":[{\"@type\":\"Article\",\"@id\":\"https:\\\/\\\/blogin.al\\\/?p=40865#article\",\"isPartOf\":{\"@id\":\"https:\\\/\\\/blogin.al\\\/?p=40865\"},\"author\":{\"name\":\"Blogin al\",\"@id\":\"https:\\\/\\\/blogin.al\\\/#\\\/schema\\\/person\\\/abdd56bc912cd511db877b852b115399\"},\"headline\":\"Ndarja e tyre skem\u00eb p\u00ebr t\u2019u futur n\u00eb \u201cBBV3\u201d? Olsi Bylyku dhe Egli Tako banor\u00eb n\u00eb edicionin e ri?\",\"datePublished\":\"2023-12-05T10:35:33+00:00\",\"dateModified\":\"2023-12-05T10:35:35+00:00\",\"mainEntityOfPage\":{\"@id\":\"https:\\\/\\\/blogin.al\\\/?p=40865\"},\"wordCount\":300,\"commentCount\":0,\"publisher\":{\"@id\":\"https:\\\/\\\/blogin.al\\\/#organization\"},\"image\":{\"@id\":\"https:\\\/\\\/blogin.al\\\/?p=40865#primaryimage\"},\"thumbnailUrl\":\"https:\\\/\\\/blogin.al\\\/wp-content\\\/uploads\\\/2023\\\/10\\\/olsi.jpeg\",\"articleSection\":[\"SHOWBIZ\"],\"inLanguage\":\"en-US\",\"potentialAction\":[{\"@type\":\"CommentAction\",\"name\":\"Comment\",\"target\":[\"https:\\\/\\\/blogin.al\\\/?p=40865#respond\"]}]},{\"@type\":\"WebPage\",\"@id\":\"https:\\\/\\\/blogin.al\\\/?p=40865\",\"url\":\"https:\\\/\\\/blogin.al\\\/?p=40865\",\"name\":\"Ndarja e tyre skem\u00eb p\u00ebr t\u2019u futur n\u00eb \u201cBBV3\u201d? Olsi Bylyku dhe Egli Tako banor\u00eb n\u00eb edicionin e ri? - blogin.al\",\"isPartOf\":{\"@id\":\"https:\\\/\\\/blogin.al\\\/#website\"},\"primaryImageOfPage\":{\"@id\":\"https:\\\/\\\/blogin.al\\\/?p=40865#primaryimage\"},\"image\":{\"@id\":\"https:\\\/\\\/blogin.al\\\/?p=40865#primaryimage\"},\"thumbnailUrl\":\"https:\\\/\\\/blogin.al\\\/wp-content\\\/uploads\\\/2023\\\/10\\\/olsi.jpeg\",\"datePublished\":\"2023-12-05T10:35:33+00:00\",\"dateModified\":\"2023-12-05T10:35:35+00:00\",\"breadcrumb\":{\"@id\":\"https:\\\/\\\/blogin.al\\\/?p=40865#breadcrumb\"},\"inLanguage\":\"en-US\",\"potentialAction\":[{\"@type\":\"ReadAction\",\"target\":[\"https:\\\/\\\/blogin.al\\\/?p=40865\"]}]},{\"@type\":\"ImageObject\",\"inLanguage\":\"en-US\",\"@id\":\"https:\\\/\\\/blogin.al\\\/?p=40865#primaryimage\",\"url\":\"https:\\\/\\\/blogin.al\\\/wp-content\\\/uploads\\\/2023\\\/10\\\/olsi.jpeg\",\"contentUrl\":\"https:\\\/\\\/blogin.al\\\/wp-content\\\/uploads\\\/2023\\\/10\\\/olsi.jpeg\",\"width\":640,\"height\":800},{\"@type\":\"BreadcrumbList\",\"@id\":\"https:\\\/\\\/blogin.al\\\/?p=40865#breadcrumb\",\"itemListElement\":[{\"@type\":\"ListItem\",\"position\":1,\"name\":\"Home\",\"item\":\"https:\\\/\\\/blogin.al\\\/\"},{\"@type\":\"ListItem\",\"position\":2,\"name\":\"Ndarja e tyre skem\u00eb p\u00ebr t\u2019u futur n\u00eb \u201cBBV3\u201d? Olsi Bylyku dhe Egli Tako banor\u00eb n\u00eb edicionin e ri?\"}]},{\"@type\":\"WebSite\",\"@id\":\"https:\\\/\\\/blogin.al\\\/#website\",\"url\":\"https:\\\/\\\/blogin.al\\\/\",\"name\":\"blogin.al\",\"description\":\"\",\"publisher\":{\"@id\":\"https:\\\/\\\/blogin.al\\\/#organization\"},\"potentialAction\":[{\"@type\":\"SearchAction\",\"target\":{\"@type\":\"EntryPoint\",\"urlTemplate\":\"https:\\\/\\\/blogin.al\\\/?s={search_term_string}\"},\"query-input\":{\"@type\":\"PropertyValueSpecification\",\"valueRequired\":true,\"valueName\":\"search_term_string\"}}],\"inLanguage\":\"en-US\"},{\"@type\":\"Organization\",\"@id\":\"https:\\\/\\\/blogin.al\\\/#organization\",\"name\":\"BLOGIN.al\",\"url\":\"https:\\\/\\\/blogin.al\\\/\",\"logo\":{\"@type\":\"ImageObject\",\"inLanguage\":\"en-US\",\"@id\":\"https:\\\/\\\/blogin.al\\\/#\\\/schema\\\/logo\\\/image\\\/\",\"url\":\"https:\\\/\\\/blogin.al\\\/wp-content\\\/uploads\\\/2022\\\/05\\\/Untitled-2-01-e1652084456514.png\",\"contentUrl\":\"https:\\\/\\\/blogin.al\\\/wp-content\\\/uploads\\\/2022\\\/05\\\/Untitled-2-01-e1652084456514.png\",\"width\":3723,\"height\":1698,\"caption\":\"BLOGIN.al\"},\"image\":{\"@id\":\"https:\\\/\\\/blogin.al\\\/#\\\/schema\\\/logo\\\/image\\\/\"},\"sameAs\":[\"https:\\\/\\\/instagram.com\\\/blogin.al\\\/\"]},{\"@type\":\"Person\",\"@id\":\"https:\\\/\\\/blogin.al\\\/#\\\/schema\\\/person\\\/abdd56bc912cd511db877b852b115399\",\"name\":\"Blogin al\",\"image\":{\"@type\":\"ImageObject\",\"inLanguage\":\"en-US\",\"@id\":\"https:\\\/\\\/secure.gravatar.com\\\/avatar\\\/60d5661aee6e835fb13dc75d2204cd0c1d61bef2efd137c0083e59ef831e235e?s=96&d=mm&r=g\",\"url\":\"https:\\\/\\\/secure.gravatar.com\\\/avatar\\\/60d5661aee6e835fb13dc75d2204cd0c1d61bef2efd137c0083e59ef831e235e?s=96&d=mm&r=g\",\"contentUrl\":\"https:\\\/\\\/secure.gravatar.com\\\/avatar\\\/60d5661aee6e835fb13dc75d2204cd0c1d61bef2efd137c0083e59ef831e235e?s=96&d=mm&r=g\",\"caption\":\"Blogin al\"},\"sameAs\":[\"https:\\\/\\\/blogin.al\"],\"url\":\"https:\\\/\\\/blogin.al\\\/?author=2\"}]}<\/script>\n<!-- \/ Yoast SEO plugin. -->","yoast_head_json":{"title":"Ndarja e tyre skem\u00eb p\u00ebr t\u2019u futur n\u00eb \u201cBBV3\u201d? Olsi Bylyku dhe Egli Tako banor\u00eb n\u00eb edicionin e ri? - blogin.al","robots":{"index":"index","follow":"follow","max-snippet":"max-snippet:-1","max-image-preview":"max-image-preview:large","max-video-preview":"max-video-preview:-1"},"canonical":"https:\/\/blogin.al\/?p=40865","og_locale":"en_US","og_type":"article","og_title":"Ndarja e tyre skem\u00eb p\u00ebr t\u2019u futur n\u00eb \u201cBBV3\u201d? Olsi Bylyku dhe Egli Tako banor\u00eb n\u00eb edicionin e ri? - blogin.al","og_description":"Big Brother Vip Albania\u201d \u00ebsht\u00eb spektakli m\u00eb i ndjekur n\u00eb Shqip\u00ebri, ku banor\u00ebt transmetojn\u00eb shum\u00eb emocione t\u00eb forta teksa rr\u00ebfejn\u00eb historit\u00eb e tyre apo edhe gjat\u00eb p\u00ebrditshm\u00ebris\u00eb, konflikteve dhe raporteve me nj\u00ebri-tjetrin. &nbsp;Ai \u00ebsht\u00eb nj\u00eb show televiziv q\u00eb zhvillohet t\u00ebr\u00ebsisht brenda kufijve t\u00eb nj\u00eb sht\u00ebpie, krijuar posa\u00e7\u00ebrisht p\u00ebr personat e famsh\u00ebm q\u00eb b\u00ebhen pjes\u00eb t\u00eb [&hellip;]","og_url":"https:\/\/blogin.al\/?p=40865","og_site_name":"blogin.al","article_published_time":"2023-12-05T10:35:33+00:00","article_modified_time":"2023-12-05T10:35:35+00:00","og_image":[{"width":640,"height":800,"url":"https:\/\/blogin.al\/wp-content\/uploads\/2023\/10\/olsi.jpeg","type":"image\/jpeg"}],"author":"Blogin al","twitter_card":"summary_large_image","twitter_misc":{"Written by":"Blogin al","Est. reading time":"1 minute"},"schema":{"@context":"https:\/\/schema.org","@graph":[{"@type":"Article","@id":"https:\/\/blogin.al\/?p=40865#article","isPartOf":{"@id":"https:\/\/blogin.al\/?p=40865"},"author":{"name":"Blogin al","@id":"https:\/\/blogin.al\/#\/schema\/person\/abdd56bc912cd511db877b852b115399"},"headline":"Ndarja e tyre skem\u00eb p\u00ebr t\u2019u futur n\u00eb \u201cBBV3\u201d? Olsi Bylyku dhe Egli Tako banor\u00eb n\u00eb edicionin e ri?","datePublished":"2023-12-05T10:35:33+00:00","dateModified":"2023-12-05T10:35:35+00:00","mainEntityOfPage":{"@id":"https:\/\/blogin.al\/?p=40865"},"wordCount":300,"commentCount":0,"publisher":{"@id":"https:\/\/blogin.al\/#organization"},"image":{"@id":"https:\/\/blogin.al\/?p=40865#primaryimage"},"thumbnailUrl":"https:\/\/blogin.al\/wp-content\/uploads\/2023\/10\/olsi.jpeg","articleSection":["SHOWBIZ"],"inLanguage":"en-US","potentialAction":[{"@type":"CommentAction","name":"Comment","target":["https:\/\/blogin.al\/?p=40865#respond"]}]},{"@type":"WebPage","@id":"https:\/\/blogin.al\/?p=40865","url":"https:\/\/blogin.al\/?p=40865","name":"Ndarja e tyre skem\u00eb p\u00ebr t\u2019u futur n\u00eb \u201cBBV3\u201d? Olsi Bylyku dhe Egli Tako banor\u00eb n\u00eb edicionin e ri? - blogin.al","isPartOf":{"@id":"https:\/\/blogin.al\/#website"},"primaryImageOfPage":{"@id":"https:\/\/blogin.al\/?p=40865#primaryimage"},"image":{"@id":"https:\/\/blogin.al\/?p=40865#primaryimage"},"thumbnailUrl":"https:\/\/blogin.al\/wp-content\/uploads\/2023\/10\/olsi.jpeg","datePublished":"2023-12-05T10:35:33+00:00","dateModified":"2023-12-05T10:35:35+00:00","breadcrumb":{"@id":"https:\/\/blogin.al\/?p=40865#breadcrumb"},"inLanguage":"en-US","potentialAction":[{"@type":"ReadAction","target":["https:\/\/blogin.al\/?p=40865"]}]},{"@type":"ImageObject","inLanguage":"en-US","@id":"https:\/\/blogin.al\/?p=40865#primaryimage","url":"https:\/\/blogin.al\/wp-content\/uploads\/2023\/10\/olsi.jpeg","contentUrl":"https:\/\/blogin.al\/wp-content\/uploads\/2023\/10\/olsi.jpeg","width":640,"height":800},{"@type":"BreadcrumbList","@id":"https:\/\/blogin.al\/?p=40865#breadcrumb","itemListElement":[{"@type":"ListItem","position":1,"name":"Home","item":"https:\/\/blogin.al\/"},{"@type":"ListItem","position":2,"name":"Ndarja e tyre skem\u00eb p\u00ebr t\u2019u futur n\u00eb \u201cBBV3\u201d? Olsi Bylyku dhe Egli Tako banor\u00eb n\u00eb edicionin e ri?"}]},{"@type":"WebSite","@id":"https:\/\/blogin.al\/#website","url":"https:\/\/blogin.al\/","name":"blogin.al","description":"","publisher":{"@id":"https:\/\/blogin.al\/#organization"},"potentialAction":[{"@type":"SearchAction","target":{"@type":"EntryPoint","urlTemplate":"https:\/\/blogin.al\/?s={search_term_string}"},"query-input":{"@type":"PropertyValueSpecification","valueRequired":true,"valueName":"search_term_string"}}],"inLanguage":"en-US"},{"@type":"Organization","@id":"https:\/\/blogin.al\/#organization","name":"BLOGIN.al","url":"https:\/\/blogin.al\/","logo":{"@type":"ImageObject","inLanguage":"en-US","@id":"https:\/\/blogin.al\/#\/schema\/logo\/image\/","url":"https:\/\/blogin.al\/wp-content\/uploads\/2022\/05\/Untitled-2-01-e1652084456514.png","contentUrl":"https:\/\/blogin.al\/wp-content\/uploads\/2022\/05\/Untitled-2-01-e1652084456514.png","width":3723,"height":1698,"caption":"BLOGIN.al"},"image":{"@id":"https:\/\/blogin.al\/#\/schema\/logo\/image\/"},"sameAs":["https:\/\/instagram.com\/blogin.al\/"]},{"@type":"Person","@id":"https:\/\/blogin.al\/#\/schema\/person\/abdd56bc912cd511db877b852b115399","name":"Blogin al","image":{"@type":"ImageObject","inLanguage":"en-US","@id":"https:\/\/secure.gravatar.com\/avatar\/60d5661aee6e835fb13dc75d2204cd0c1d61bef2efd137c0083e59ef831e235e?s=96&d=mm&r=g","url":"https:\/\/secure.gravatar.com\/avatar\/60d5661aee6e835fb13dc75d2204cd0c1d61bef2efd137c0083e59ef831e235e?s=96&d=mm&r=g","contentUrl":"https:\/\/secure.gravatar.com\/avatar\/60d5661aee6e835fb13dc75d2204cd0c1d61bef2efd137c0083e59ef831e235e?s=96&d=mm&r=g","caption":"Blogin al"},"sameAs":["https:\/\/blogin.al"],"url":"https:\/\/blogin.al\/?author=2"}]}},"_links":{"self":[{"href":"https:\/\/blogin.al\/index.php?rest_route=\/wp\/v2\/posts\/40865","targetHints":{"allow":["GET"]}}],"collection":[{"href":"https:\/\/blogin.al\/index.php?rest_route=\/wp\/v2\/posts"}],"about":[{"href":"https:\/\/blogin.al\/index.php?rest_route=\/wp\/v2\/types\/post"}],"author":[{"embeddable":true,"href":"https:\/\/blogin.al\/index.php?rest_route=\/wp\/v2\/users\/2"}],"replies":[{"embeddable":true,"href":"https:\/\/blogin.al\/index.php?rest_route=%2Fwp%2Fv2%2Fcomments&post=40865"}],"version-history":[{"count":1,"href":"https:\/\/blogin.al\/index.php?rest_route=\/wp\/v2\/posts\/40865\/revisions"}],"predecessor-version":[{"id":40866,"href":"https:\/\/blogin.al\/index.php?rest_route=\/wp\/v2\/posts\/40865\/revisions\/40866"}],"wp:featuredmedia":[{"embeddable":true,"href":"https:\/\/blogin.al\/index.php?rest_route=\/wp\/v2\/media\/38719"}],"wp:attachment":[{"href":"https:\/\/blogin.al\/index.php?rest_route=%2Fwp%2Fv2%2Fmedia&parent=40865"}],"wp:term":[{"taxonomy":"category","embeddable":true,"href":"https:\/\/blogin.al\/index.php?rest_route=%2Fwp%2Fv2%2Fcategories&post=40865"},{"taxonomy":"post_tag","embeddable":true,"href":"https:\/\/blogin.al\/index.php?rest_route=%2Fwp%2Fv2%2Ftags&post=40865"}],"curies":[{"name":"wp","href":"https:\/\/api.w.org\/{rel}","templated":true}]}}