{"id":40878,"date":"2023-12-05T13:06:00","date_gmt":"2023-12-05T13:06:00","guid":{"rendered":"https:\/\/blogin.al\/?p=40878"},"modified":"2023-12-05T13:06:01","modified_gmt":"2023-12-05T13:06:01","slug":"luiz-ejllit-i-mbyllin-serish-instagram-in-kallezon-rastin-ne-polici-dikush-e-ben-per-inat","status":"publish","type":"post","link":"https:\/\/blogin.al\/?p=40878","title":{"rendered":"Luiz Ejllit i mbyllin s\u00ebrish \u201cInstagram&#8221;-in, kall\u00ebzon rastin n\u00eb polici: Dikush e b\u00ebn p\u00ebr inat"},"content":{"rendered":"\n<p>K\u00ebng\u00ebtarit t\u00eb dashur p\u00ebr publikun, Luiz Ejllit, i kan\u00eb mbyllur s\u00ebrish profilin e tij n\u00eb rrjetin social, \u201cInstagram\u201d.<\/p>\n\n\n\n<p>Fituesi i edicionit t\u00eb dyt\u00eb t\u00eb \u201cBig Brother VIP\u201d ka kall\u00ebzuar rastin n\u00eb sektorin e krimit kibernetik.<\/p>\n\n\n\n<p>\u201cJam te drejtoria e policis\u00eb p\u00ebr t\u00eb b\u00ebr\u00eb kall\u00ebzimin, sepse \u00ebsht\u00eb nj\u00eb rast q\u00eb po p\u00ebrs\u00ebritet dhe dikush e b\u00ebn p\u00ebr inat\u201d, ka th\u00ebn\u00eb Luiz Ejlli p\u00ebr Top Channel.<\/p>\n\n\n\n<p>Mbr\u00ebmjen e djeshme, Luizi lajm\u00ebroi fansat p\u00ebrmes nj\u00eb postimi n\u00eb \u201cInstagram\u201d-in e partneres s\u00eb tij, Kiara Tito\u201d se kishte probleme me profilin e tij.<\/p>\n\n\n\n<p>\u201cMu mbyll Instagram-i prap\u00eb se \u00ebsht\u00eb b\u00ebr\u00eb rrug\u00eb tani, por m\u00eb than\u00eb q\u00eb do e rregullojn\u00eb nes\u00ebr n\u00eb m\u00ebngjes, direkt sa t\u00eb zgjohen k\u00ebta t\u00eb Acromax. K\u00ebshtu q\u00eb deri n\u00eb m\u00ebngjes nuk kam Instagram. Po mos u shqet\u00ebsoni se kam t\u00eb gruas\u201d, tha Luizi n\u00eb nj\u00eb video t\u00eb postuar n\u00eb \u201cInstastory\u201d-n e Kiar\u00ebs.<\/p>\n\n\n\n<p>Nd\u00ebrkoh\u00eb m\u00ebngjesin e sot\u00ebm k\u00ebng\u00ebtari b\u00ebri nj\u00eb postim ku tregonte se i ishte rikthyer \u201cInstagram\u201d-i. Madje ai b\u00ebri edhe nj\u00eb postim p\u00ebr ndarjen nga jeta t\u00eb Mirush Kabashit, ku postoi nj\u00eb foto n\u00eb \u201cInstastory\u201d.<\/p>\n\n\n\n<p>Por mesa duket \u201cInstagram\u201d-i i k\u00ebng\u00ebtarit t\u00eb dashur p\u00ebr publikun ka s\u00ebrish probleme dhe ai ka vendosur q\u00eb t\u00eb marr\u00eb hapa ligjor\u00eb.<\/p>\n\n\n\n<p>Kujtojm\u00eb se kjo \u00ebsht\u00eb hera e tret\u00eb q\u00eb k\u00ebng\u00ebtarit t\u00eb njohur i mbyllin profilin e tij zyrtar n\u00eb \u201cInstagram\u201d.<\/p>\n","protected":false},"excerpt":{"rendered":"<p>K\u00ebng\u00ebtarit t\u00eb dashur p\u00ebr publikun, Luiz Ejllit, i kan\u00eb mbyllur s\u00ebrish profilin e tij n\u00eb rrjetin social, \u201cInstagram\u201d. Fituesi i edicionit t\u00eb dyt\u00eb t\u00eb \u201cBig Brother VIP\u201d ka kall\u00ebzuar rastin n\u00eb sektorin e krimit kibernetik. \u201cJam te drejtoria e policis\u00eb p\u00ebr t\u00eb b\u00ebr\u00eb kall\u00ebzimin, sepse \u00ebsht\u00eb nj\u00eb rast q\u00eb po p\u00ebrs\u00ebritet dhe dikush e b\u00ebn [&hellip;]<\/p>\n","protected":false},"author":2,"featured_media":34824,"comment_status":"open","ping_status":"open","sticky":false,"template":"","format":"standard","meta":{"footnotes":""},"categories":[33],"tags":[],"class_list":{"0":"post-40878","1":"post","2":"type-post","3":"status-publish","4":"format-standard","5":"has-post-thumbnail","7":"category-showbiz"},"yoast_head":"<!-- This site is optimized with the Yoast SEO plugin v27.5 - https:\/\/yoast.com\/product\/yoast-seo-wordpress\/ -->\n<title>Luiz Ejllit i mbyllin s\u00ebrish \u201cInstagram&quot;-in, kall\u00ebzon rastin n\u00eb polici: Dikush e b\u00ebn p\u00ebr inat - blogin.al<\/title>\n<meta name=\"robots\" content=\"index, follow, max-snippet:-1, max-image-preview:large, max-video-preview:-1\" \/>\n<link rel=\"canonical\" href=\"https:\/\/blogin.al\/?p=40878\" \/>\n<meta property=\"og:locale\" content=\"en_US\" \/>\n<meta property=\"og:type\" content=\"article\" \/>\n<meta property=\"og:title\" content=\"Luiz Ejllit i mbyllin s\u00ebrish \u201cInstagram&quot;-in, kall\u00ebzon rastin n\u00eb polici: Dikush e b\u00ebn p\u00ebr inat - blogin.al\" \/>\n<meta property=\"og:description\" content=\"K\u00ebng\u00ebtarit t\u00eb dashur p\u00ebr publikun, Luiz Ejllit, i kan\u00eb mbyllur s\u00ebrish profilin e tij n\u00eb rrjetin social, \u201cInstagram\u201d. Fituesi i edicionit t\u00eb dyt\u00eb t\u00eb \u201cBig Brother VIP\u201d ka kall\u00ebzuar rastin n\u00eb sektorin e krimit kibernetik. \u201cJam te drejtoria e policis\u00eb p\u00ebr t\u00eb b\u00ebr\u00eb kall\u00ebzimin, sepse \u00ebsht\u00eb nj\u00eb rast q\u00eb po p\u00ebrs\u00ebritet dhe dikush e b\u00ebn [&hellip;]\" \/>\n<meta property=\"og:url\" content=\"https:\/\/blogin.al\/?p=40878\" \/>\n<meta property=\"og:site_name\" content=\"blogin.al\" \/>\n<meta property=\"article:published_time\" content=\"2023-12-05T13:06:00+00:00\" \/>\n<meta property=\"article:modified_time\" content=\"2023-12-05T13:06:01+00:00\" \/>\n<meta property=\"og:image\" content=\"https:\/\/blogin.al\/wp-content\/uploads\/2023\/07\/20230615_075301-2.jpg\" \/>\n\t<meta property=\"og:image:width\" content=\"1440\" \/>\n\t<meta property=\"og:image:height\" content=\"1716\" \/>\n\t<meta property=\"og:image:type\" content=\"image\/jpeg\" \/>\n<meta name=\"author\" content=\"Blogin al\" \/>\n<meta name=\"twitter:card\" content=\"summary_large_image\" \/>\n<meta name=\"twitter:label1\" content=\"Written by\" \/>\n\t<meta name=\"twitter:data1\" content=\"Blogin al\" \/>\n\t<meta name=\"twitter:label2\" content=\"Est. reading time\" \/>\n\t<meta name=\"twitter:data2\" content=\"1 minute\" \/>\n<script type=\"application\/ld+json\" class=\"yoast-schema-graph\">{\"@context\":\"https:\\\/\\\/schema.org\",\"@graph\":[{\"@type\":\"Article\",\"@id\":\"https:\\\/\\\/blogin.al\\\/?p=40878#article\",\"isPartOf\":{\"@id\":\"https:\\\/\\\/blogin.al\\\/?p=40878\"},\"author\":{\"name\":\"Blogin al\",\"@id\":\"https:\\\/\\\/blogin.al\\\/#\\\/schema\\\/person\\\/abdd56bc912cd511db877b852b115399\"},\"headline\":\"Luiz Ejllit i mbyllin s\u00ebrish \u201cInstagram&#8221;-in, kall\u00ebzon rastin n\u00eb polici: Dikush e b\u00ebn p\u00ebr inat\",\"datePublished\":\"2023-12-05T13:06:00+00:00\",\"dateModified\":\"2023-12-05T13:06:01+00:00\",\"mainEntityOfPage\":{\"@id\":\"https:\\\/\\\/blogin.al\\\/?p=40878\"},\"wordCount\":279,\"commentCount\":0,\"publisher\":{\"@id\":\"https:\\\/\\\/blogin.al\\\/#organization\"},\"image\":{\"@id\":\"https:\\\/\\\/blogin.al\\\/?p=40878#primaryimage\"},\"thumbnailUrl\":\"https:\\\/\\\/blogin.al\\\/wp-content\\\/uploads\\\/2023\\\/07\\\/20230615_075301-2.jpg\",\"articleSection\":[\"SHOWBIZ\"],\"inLanguage\":\"en-US\",\"potentialAction\":[{\"@type\":\"CommentAction\",\"name\":\"Comment\",\"target\":[\"https:\\\/\\\/blogin.al\\\/?p=40878#respond\"]}]},{\"@type\":\"WebPage\",\"@id\":\"https:\\\/\\\/blogin.al\\\/?p=40878\",\"url\":\"https:\\\/\\\/blogin.al\\\/?p=40878\",\"name\":\"Luiz Ejllit i mbyllin s\u00ebrish \u201cInstagram\\\"-in, kall\u00ebzon rastin n\u00eb polici: Dikush e b\u00ebn p\u00ebr inat - blogin.al\",\"isPartOf\":{\"@id\":\"https:\\\/\\\/blogin.al\\\/#website\"},\"primaryImageOfPage\":{\"@id\":\"https:\\\/\\\/blogin.al\\\/?p=40878#primaryimage\"},\"image\":{\"@id\":\"https:\\\/\\\/blogin.al\\\/?p=40878#primaryimage\"},\"thumbnailUrl\":\"https:\\\/\\\/blogin.al\\\/wp-content\\\/uploads\\\/2023\\\/07\\\/20230615_075301-2.jpg\",\"datePublished\":\"2023-12-05T13:06:00+00:00\",\"dateModified\":\"2023-12-05T13:06:01+00:00\",\"breadcrumb\":{\"@id\":\"https:\\\/\\\/blogin.al\\\/?p=40878#breadcrumb\"},\"inLanguage\":\"en-US\",\"potentialAction\":[{\"@type\":\"ReadAction\",\"target\":[\"https:\\\/\\\/blogin.al\\\/?p=40878\"]}]},{\"@type\":\"ImageObject\",\"inLanguage\":\"en-US\",\"@id\":\"https:\\\/\\\/blogin.al\\\/?p=40878#primaryimage\",\"url\":\"https:\\\/\\\/blogin.al\\\/wp-content\\\/uploads\\\/2023\\\/07\\\/20230615_075301-2.jpg\",\"contentUrl\":\"https:\\\/\\\/blogin.al\\\/wp-content\\\/uploads\\\/2023\\\/07\\\/20230615_075301-2.jpg\",\"width\":1440,\"height\":1716},{\"@type\":\"BreadcrumbList\",\"@id\":\"https:\\\/\\\/blogin.al\\\/?p=40878#breadcrumb\",\"itemListElement\":[{\"@type\":\"ListItem\",\"position\":1,\"name\":\"Home\",\"item\":\"https:\\\/\\\/blogin.al\\\/\"},{\"@type\":\"ListItem\",\"position\":2,\"name\":\"Luiz Ejllit i mbyllin s\u00ebrish \u201cInstagram&#8221;-in, kall\u00ebzon rastin n\u00eb polici: Dikush e b\u00ebn p\u00ebr inat\"}]},{\"@type\":\"WebSite\",\"@id\":\"https:\\\/\\\/blogin.al\\\/#website\",\"url\":\"https:\\\/\\\/blogin.al\\\/\",\"name\":\"blogin.al\",\"description\":\"\",\"publisher\":{\"@id\":\"https:\\\/\\\/blogin.al\\\/#organization\"},\"potentialAction\":[{\"@type\":\"SearchAction\",\"target\":{\"@type\":\"EntryPoint\",\"urlTemplate\":\"https:\\\/\\\/blogin.al\\\/?s={search_term_string}\"},\"query-input\":{\"@type\":\"PropertyValueSpecification\",\"valueRequired\":true,\"valueName\":\"search_term_string\"}}],\"inLanguage\":\"en-US\"},{\"@type\":\"Organization\",\"@id\":\"https:\\\/\\\/blogin.al\\\/#organization\",\"name\":\"BLOGIN.al\",\"url\":\"https:\\\/\\\/blogin.al\\\/\",\"logo\":{\"@type\":\"ImageObject\",\"inLanguage\":\"en-US\",\"@id\":\"https:\\\/\\\/blogin.al\\\/#\\\/schema\\\/logo\\\/image\\\/\",\"url\":\"https:\\\/\\\/blogin.al\\\/wp-content\\\/uploads\\\/2022\\\/05\\\/Untitled-2-01-e1652084456514.png\",\"contentUrl\":\"https:\\\/\\\/blogin.al\\\/wp-content\\\/uploads\\\/2022\\\/05\\\/Untitled-2-01-e1652084456514.png\",\"width\":3723,\"height\":1698,\"caption\":\"BLOGIN.al\"},\"image\":{\"@id\":\"https:\\\/\\\/blogin.al\\\/#\\\/schema\\\/logo\\\/image\\\/\"},\"sameAs\":[\"https:\\\/\\\/instagram.com\\\/blogin.al\\\/\"]},{\"@type\":\"Person\",\"@id\":\"https:\\\/\\\/blogin.al\\\/#\\\/schema\\\/person\\\/abdd56bc912cd511db877b852b115399\",\"name\":\"Blogin al\",\"image\":{\"@type\":\"ImageObject\",\"inLanguage\":\"en-US\",\"@id\":\"https:\\\/\\\/secure.gravatar.com\\\/avatar\\\/60d5661aee6e835fb13dc75d2204cd0c1d61bef2efd137c0083e59ef831e235e?s=96&d=mm&r=g\",\"url\":\"https:\\\/\\\/secure.gravatar.com\\\/avatar\\\/60d5661aee6e835fb13dc75d2204cd0c1d61bef2efd137c0083e59ef831e235e?s=96&d=mm&r=g\",\"contentUrl\":\"https:\\\/\\\/secure.gravatar.com\\\/avatar\\\/60d5661aee6e835fb13dc75d2204cd0c1d61bef2efd137c0083e59ef831e235e?s=96&d=mm&r=g\",\"caption\":\"Blogin al\"},\"sameAs\":[\"https:\\\/\\\/blogin.al\"],\"url\":\"https:\\\/\\\/blogin.al\\\/?author=2\"}]}<\/script>\n<!-- \/ Yoast SEO plugin. -->","yoast_head_json":{"title":"Luiz Ejllit i mbyllin s\u00ebrish \u201cInstagram\"-in, kall\u00ebzon rastin n\u00eb polici: Dikush e b\u00ebn p\u00ebr inat - blogin.al","robots":{"index":"index","follow":"follow","max-snippet":"max-snippet:-1","max-image-preview":"max-image-preview:large","max-video-preview":"max-video-preview:-1"},"canonical":"https:\/\/blogin.al\/?p=40878","og_locale":"en_US","og_type":"article","og_title":"Luiz Ejllit i mbyllin s\u00ebrish \u201cInstagram\"-in, kall\u00ebzon rastin n\u00eb polici: Dikush e b\u00ebn p\u00ebr inat - blogin.al","og_description":"K\u00ebng\u00ebtarit t\u00eb dashur p\u00ebr publikun, Luiz Ejllit, i kan\u00eb mbyllur s\u00ebrish profilin e tij n\u00eb rrjetin social, \u201cInstagram\u201d. Fituesi i edicionit t\u00eb dyt\u00eb t\u00eb \u201cBig Brother VIP\u201d ka kall\u00ebzuar rastin n\u00eb sektorin e krimit kibernetik. \u201cJam te drejtoria e policis\u00eb p\u00ebr t\u00eb b\u00ebr\u00eb kall\u00ebzimin, sepse \u00ebsht\u00eb nj\u00eb rast q\u00eb po p\u00ebrs\u00ebritet dhe dikush e b\u00ebn [&hellip;]","og_url":"https:\/\/blogin.al\/?p=40878","og_site_name":"blogin.al","article_published_time":"2023-12-05T13:06:00+00:00","article_modified_time":"2023-12-05T13:06:01+00:00","og_image":[{"width":1440,"height":1716,"url":"https:\/\/blogin.al\/wp-content\/uploads\/2023\/07\/20230615_075301-2.jpg","type":"image\/jpeg"}],"author":"Blogin al","twitter_card":"summary_large_image","twitter_misc":{"Written by":"Blogin al","Est. reading time":"1 minute"},"schema":{"@context":"https:\/\/schema.org","@graph":[{"@type":"Article","@id":"https:\/\/blogin.al\/?p=40878#article","isPartOf":{"@id":"https:\/\/blogin.al\/?p=40878"},"author":{"name":"Blogin al","@id":"https:\/\/blogin.al\/#\/schema\/person\/abdd56bc912cd511db877b852b115399"},"headline":"Luiz Ejllit i mbyllin s\u00ebrish \u201cInstagram&#8221;-in, kall\u00ebzon rastin n\u00eb polici: Dikush e b\u00ebn p\u00ebr inat","datePublished":"2023-12-05T13:06:00+00:00","dateModified":"2023-12-05T13:06:01+00:00","mainEntityOfPage":{"@id":"https:\/\/blogin.al\/?p=40878"},"wordCount":279,"commentCount":0,"publisher":{"@id":"https:\/\/blogin.al\/#organization"},"image":{"@id":"https:\/\/blogin.al\/?p=40878#primaryimage"},"thumbnailUrl":"https:\/\/blogin.al\/wp-content\/uploads\/2023\/07\/20230615_075301-2.jpg","articleSection":["SHOWBIZ"],"inLanguage":"en-US","potentialAction":[{"@type":"CommentAction","name":"Comment","target":["https:\/\/blogin.al\/?p=40878#respond"]}]},{"@type":"WebPage","@id":"https:\/\/blogin.al\/?p=40878","url":"https:\/\/blogin.al\/?p=40878","name":"Luiz Ejllit i mbyllin s\u00ebrish \u201cInstagram\"-in, kall\u00ebzon rastin n\u00eb polici: Dikush e b\u00ebn p\u00ebr inat - blogin.al","isPartOf":{"@id":"https:\/\/blogin.al\/#website"},"primaryImageOfPage":{"@id":"https:\/\/blogin.al\/?p=40878#primaryimage"},"image":{"@id":"https:\/\/blogin.al\/?p=40878#primaryimage"},"thumbnailUrl":"https:\/\/blogin.al\/wp-content\/uploads\/2023\/07\/20230615_075301-2.jpg","datePublished":"2023-12-05T13:06:00+00:00","dateModified":"2023-12-05T13:06:01+00:00","breadcrumb":{"@id":"https:\/\/blogin.al\/?p=40878#breadcrumb"},"inLanguage":"en-US","potentialAction":[{"@type":"ReadAction","target":["https:\/\/blogin.al\/?p=40878"]}]},{"@type":"ImageObject","inLanguage":"en-US","@id":"https:\/\/blogin.al\/?p=40878#primaryimage","url":"https:\/\/blogin.al\/wp-content\/uploads\/2023\/07\/20230615_075301-2.jpg","contentUrl":"https:\/\/blogin.al\/wp-content\/uploads\/2023\/07\/20230615_075301-2.jpg","width":1440,"height":1716},{"@type":"BreadcrumbList","@id":"https:\/\/blogin.al\/?p=40878#breadcrumb","itemListElement":[{"@type":"ListItem","position":1,"name":"Home","item":"https:\/\/blogin.al\/"},{"@type":"ListItem","position":2,"name":"Luiz Ejllit i mbyllin s\u00ebrish \u201cInstagram&#8221;-in, kall\u00ebzon rastin n\u00eb polici: Dikush e b\u00ebn p\u00ebr inat"}]},{"@type":"WebSite","@id":"https:\/\/blogin.al\/#website","url":"https:\/\/blogin.al\/","name":"blogin.al","description":"","publisher":{"@id":"https:\/\/blogin.al\/#organization"},"potentialAction":[{"@type":"SearchAction","target":{"@type":"EntryPoint","urlTemplate":"https:\/\/blogin.al\/?s={search_term_string}"},"query-input":{"@type":"PropertyValueSpecification","valueRequired":true,"valueName":"search_term_string"}}],"inLanguage":"en-US"},{"@type":"Organization","@id":"https:\/\/blogin.al\/#organization","name":"BLOGIN.al","url":"https:\/\/blogin.al\/","logo":{"@type":"ImageObject","inLanguage":"en-US","@id":"https:\/\/blogin.al\/#\/schema\/logo\/image\/","url":"https:\/\/blogin.al\/wp-content\/uploads\/2022\/05\/Untitled-2-01-e1652084456514.png","contentUrl":"https:\/\/blogin.al\/wp-content\/uploads\/2022\/05\/Untitled-2-01-e1652084456514.png","width":3723,"height":1698,"caption":"BLOGIN.al"},"image":{"@id":"https:\/\/blogin.al\/#\/schema\/logo\/image\/"},"sameAs":["https:\/\/instagram.com\/blogin.al\/"]},{"@type":"Person","@id":"https:\/\/blogin.al\/#\/schema\/person\/abdd56bc912cd511db877b852b115399","name":"Blogin al","image":{"@type":"ImageObject","inLanguage":"en-US","@id":"https:\/\/secure.gravatar.com\/avatar\/60d5661aee6e835fb13dc75d2204cd0c1d61bef2efd137c0083e59ef831e235e?s=96&d=mm&r=g","url":"https:\/\/secure.gravatar.com\/avatar\/60d5661aee6e835fb13dc75d2204cd0c1d61bef2efd137c0083e59ef831e235e?s=96&d=mm&r=g","contentUrl":"https:\/\/secure.gravatar.com\/avatar\/60d5661aee6e835fb13dc75d2204cd0c1d61bef2efd137c0083e59ef831e235e?s=96&d=mm&r=g","caption":"Blogin al"},"sameAs":["https:\/\/blogin.al"],"url":"https:\/\/blogin.al\/?author=2"}]}},"_links":{"self":[{"href":"https:\/\/blogin.al\/index.php?rest_route=\/wp\/v2\/posts\/40878","targetHints":{"allow":["GET"]}}],"collection":[{"href":"https:\/\/blogin.al\/index.php?rest_route=\/wp\/v2\/posts"}],"about":[{"href":"https:\/\/blogin.al\/index.php?rest_route=\/wp\/v2\/types\/post"}],"author":[{"embeddable":true,"href":"https:\/\/blogin.al\/index.php?rest_route=\/wp\/v2\/users\/2"}],"replies":[{"embeddable":true,"href":"https:\/\/blogin.al\/index.php?rest_route=%2Fwp%2Fv2%2Fcomments&post=40878"}],"version-history":[{"count":1,"href":"https:\/\/blogin.al\/index.php?rest_route=\/wp\/v2\/posts\/40878\/revisions"}],"predecessor-version":[{"id":40879,"href":"https:\/\/blogin.al\/index.php?rest_route=\/wp\/v2\/posts\/40878\/revisions\/40879"}],"wp:featuredmedia":[{"embeddable":true,"href":"https:\/\/blogin.al\/index.php?rest_route=\/wp\/v2\/media\/34824"}],"wp:attachment":[{"href":"https:\/\/blogin.al\/index.php?rest_route=%2Fwp%2Fv2%2Fmedia&parent=40878"}],"wp:term":[{"taxonomy":"category","embeddable":true,"href":"https:\/\/blogin.al\/index.php?rest_route=%2Fwp%2Fv2%2Fcategories&post=40878"},{"taxonomy":"post_tag","embeddable":true,"href":"https:\/\/blogin.al\/index.php?rest_route=%2Fwp%2Fv2%2Ftags&post=40878"}],"curies":[{"name":"wp","href":"https:\/\/api.w.org\/{rel}","templated":true}]}}