{"id":40889,"date":"2023-12-05T14:32:23","date_gmt":"2023-12-05T14:32:23","guid":{"rendered":"https:\/\/blogin.al\/?p=40889"},"modified":"2023-12-05T14:32:25","modified_gmt":"2023-12-05T14:32:25","slug":"eshte-ndare-nga-livia-mevlani-me-thone-e-ke-fajin-ti-qe-ste-rrine-grate","status":"publish","type":"post","link":"https:\/\/blogin.al\/?p=40889","title":{"rendered":"\u00cbsht\u00eb ndar\u00eb nga Livia? Mevlani: M\u00eb thon\u00eb \u2018e ke fajin ti q\u00eb s\u2019t\u00eb rrin\u00eb grat\u00eb\u2019"},"content":{"rendered":"\n<p>Ish-konkurrenti i \u201cP\u00ebr\u2019puthen\u201d, Mevlan Shaba, ishte m\u00ebngjesin e k\u00ebsaj t\u00eb marte i ftuar n\u00eb emisionin \u201cWake Up\u201d, ku gjat\u00eb bised\u00ebs foli edhe p\u00ebr jet\u00ebn e tij personale.<\/p>\n\n\n\n<p>K\u00ebng\u00ebtari konfirmoi se nuk \u00ebsht\u00eb ndar\u00eb me Livia Brunga dhe se jeton i lumtur me t\u00eb. Ai shtoi se nuk ka dashur q\u00eb t\u2019a b\u00ebj\u00eb publike derisa t\u00eb jen\u00eb t\u00eb bindur s\u00eb bashku.<\/p>\n\n\n\n<p><strong>Pjes\u00eb nga biseda:<\/strong><\/p>\n\n\n\n<p>Blendi Salaj: Ti si po e gjen veten k\u00ebto koh\u00eb? Je n\u00eb krah t\u00eb dashuris\u00eb apo\u2026<\/p>\n\n\n\n<p>Mevlan Shaba: Jam shum\u00eb i lumtur me th\u00ebn\u00eb t\u00eb drejt\u00ebn k\u00ebt\u00eb koh\u00eb<\/p>\n\n\n\n<p>Blendi Salaj: Lumturisht i dashuruar<\/p>\n\n\n\n<p>Mevlan Shaba: Po<\/p>\n\n\n\n<p>Neada Mu\u00e7aj: Me at\u00eb q\u00eb dim\u00eb ne?<\/p>\n\n\n\n<p>Blendi Salaj: Me Livian?<\/p>\n\n\n\n<p>Mevlan Shaba: Kush? \u00c7a di ti m\u00eb fal?<\/p>\n\n\n\n<p>Blendi Salaj: Me Livian po?<\/p>\n\n\n\n<p>Mevlan Shaba: Jam i lumtur. Dometh\u00ebn\u00eb p\u00ebr momentin jam i stabilizuar pak, jam shum\u00eb i qet\u00eb<\/p>\n\n\n\n<p>Blendi Salaj: Jam shum\u00eb i k\u00ebnaqur p\u00ebr ty, sinqerisht ta them. Pra po ndiheni mir\u00eb, po kaloni mir\u00eb me nj\u00ebri-tjetrin?<\/p>\n\n\n\n<p>Mevlan Shaba: Po, p\u00ebr momentin dhe shpresoj q\u00eb t\u00eb zgjas\u00eb sa m\u00eb shum\u00eb. Arsyeja se pse nuk kam dashur q\u00eb ta b\u00ebj publike, \u00ebsht\u00eb se dua ta ruaj p\u00ebr vete k\u00ebt\u00eb histori deri n\u00eb momentin q\u00eb t\u00eb jemi t\u00eb bindur s\u00eb bashku.<\/p>\n\n\n\n<p>Neada Mu\u00e7aj: Por ti beson i \u00e7ik te syri?<\/p>\n\n\n\n<p>Mevlan Shaba: Besoj, sot kam harruar t\u00eb marr hudhr\u00ebn me vete se gjithmon\u00eb m\u2019a jep mami. Problemi \u00ebsht\u00eb se duke qen\u00eb q\u00eb lidhjet e m\u00ebparshme nuk kan\u00eb pasur sukses, pastaj njer\u00ebzit kritikojn\u00eb. Edhe ma\u2019a v\u00ebn\u00eb fajin mua. Thon\u00eb \u2018e ke fajin ti q\u00eb nuk t\u00eb rrin\u00eb grat\u00eb\u2019. Pavar\u00ebsisht se ndoshta nuk ke gjetur personin e duhur ose ti nuk ke qen\u00eb i duhur p\u00ebr t\u00eb.<\/p>\n","protected":false},"excerpt":{"rendered":"<p>Ish-konkurrenti i \u201cP\u00ebr\u2019puthen\u201d, Mevlan Shaba, ishte m\u00ebngjesin e k\u00ebsaj t\u00eb marte i ftuar n\u00eb emisionin \u201cWake Up\u201d, ku gjat\u00eb bised\u00ebs foli edhe p\u00ebr jet\u00ebn e tij personale. K\u00ebng\u00ebtari konfirmoi se nuk \u00ebsht\u00eb ndar\u00eb me Livia Brunga dhe se jeton i lumtur me t\u00eb. Ai shtoi se nuk ka dashur q\u00eb t\u2019a b\u00ebj\u00eb publike derisa t\u00eb [&hellip;]<\/p>\n","protected":false},"author":2,"featured_media":40890,"comment_status":"open","ping_status":"open","sticky":false,"template":"","format":"standard","meta":{"footnotes":""},"categories":[33],"tags":[],"class_list":{"0":"post-40889","1":"post","2":"type-post","3":"status-publish","4":"format-standard","5":"has-post-thumbnail","7":"category-showbiz"},"yoast_head":"<!-- This site is optimized with the Yoast SEO plugin v27.5 - https:\/\/yoast.com\/product\/yoast-seo-wordpress\/ -->\n<title>\u00cbsht\u00eb ndar\u00eb nga Livia? Mevlani: M\u00eb thon\u00eb \u2018e ke fajin ti q\u00eb s\u2019t\u00eb rrin\u00eb grat\u00eb\u2019 - blogin.al<\/title>\n<meta name=\"robots\" content=\"index, follow, max-snippet:-1, max-image-preview:large, max-video-preview:-1\" \/>\n<link rel=\"canonical\" href=\"https:\/\/blogin.al\/?p=40889\" \/>\n<meta property=\"og:locale\" content=\"en_US\" \/>\n<meta property=\"og:type\" content=\"article\" \/>\n<meta property=\"og:title\" content=\"\u00cbsht\u00eb ndar\u00eb nga Livia? Mevlani: M\u00eb thon\u00eb \u2018e ke fajin ti q\u00eb s\u2019t\u00eb rrin\u00eb grat\u00eb\u2019 - blogin.al\" \/>\n<meta property=\"og:description\" content=\"Ish-konkurrenti i \u201cP\u00ebr\u2019puthen\u201d, Mevlan Shaba, ishte m\u00ebngjesin e k\u00ebsaj t\u00eb marte i ftuar n\u00eb emisionin \u201cWake Up\u201d, ku gjat\u00eb bised\u00ebs foli edhe p\u00ebr jet\u00ebn e tij personale. K\u00ebng\u00ebtari konfirmoi se nuk \u00ebsht\u00eb ndar\u00eb me Livia Brunga dhe se jeton i lumtur me t\u00eb. Ai shtoi se nuk ka dashur q\u00eb t\u2019a b\u00ebj\u00eb publike derisa t\u00eb [&hellip;]\" \/>\n<meta property=\"og:url\" content=\"https:\/\/blogin.al\/?p=40889\" \/>\n<meta property=\"og:site_name\" content=\"blogin.al\" \/>\n<meta property=\"article:published_time\" content=\"2023-12-05T14:32:23+00:00\" \/>\n<meta property=\"article:modified_time\" content=\"2023-12-05T14:32:25+00:00\" \/>\n<meta property=\"og:image\" content=\"https:\/\/blogin.al\/wp-content\/uploads\/2023\/12\/image-37.png\" \/>\n\t<meta property=\"og:image:width\" content=\"1200\" \/>\n\t<meta property=\"og:image:height\" content=\"628\" \/>\n\t<meta property=\"og:image:type\" content=\"image\/png\" \/>\n<meta name=\"author\" content=\"Blogin al\" \/>\n<meta name=\"twitter:card\" content=\"summary_large_image\" \/>\n<meta name=\"twitter:label1\" content=\"Written by\" \/>\n\t<meta name=\"twitter:data1\" content=\"Blogin al\" \/>\n\t<meta name=\"twitter:label2\" content=\"Est. reading time\" \/>\n\t<meta name=\"twitter:data2\" content=\"2 minutes\" \/>\n<script type=\"application\/ld+json\" class=\"yoast-schema-graph\">{\"@context\":\"https:\\\/\\\/schema.org\",\"@graph\":[{\"@type\":\"Article\",\"@id\":\"https:\\\/\\\/blogin.al\\\/?p=40889#article\",\"isPartOf\":{\"@id\":\"https:\\\/\\\/blogin.al\\\/?p=40889\"},\"author\":{\"name\":\"Blogin al\",\"@id\":\"https:\\\/\\\/blogin.al\\\/#\\\/schema\\\/person\\\/abdd56bc912cd511db877b852b115399\"},\"headline\":\"\u00cbsht\u00eb ndar\u00eb nga Livia? Mevlani: M\u00eb thon\u00eb \u2018e ke fajin ti q\u00eb s\u2019t\u00eb rrin\u00eb grat\u00eb\u2019\",\"datePublished\":\"2023-12-05T14:32:23+00:00\",\"dateModified\":\"2023-12-05T14:32:25+00:00\",\"mainEntityOfPage\":{\"@id\":\"https:\\\/\\\/blogin.al\\\/?p=40889\"},\"wordCount\":325,\"commentCount\":0,\"publisher\":{\"@id\":\"https:\\\/\\\/blogin.al\\\/#organization\"},\"image\":{\"@id\":\"https:\\\/\\\/blogin.al\\\/?p=40889#primaryimage\"},\"thumbnailUrl\":\"https:\\\/\\\/blogin.al\\\/wp-content\\\/uploads\\\/2023\\\/12\\\/image-37.png\",\"articleSection\":[\"SHOWBIZ\"],\"inLanguage\":\"en-US\",\"potentialAction\":[{\"@type\":\"CommentAction\",\"name\":\"Comment\",\"target\":[\"https:\\\/\\\/blogin.al\\\/?p=40889#respond\"]}]},{\"@type\":\"WebPage\",\"@id\":\"https:\\\/\\\/blogin.al\\\/?p=40889\",\"url\":\"https:\\\/\\\/blogin.al\\\/?p=40889\",\"name\":\"\u00cbsht\u00eb ndar\u00eb nga Livia? Mevlani: M\u00eb thon\u00eb \u2018e ke fajin ti q\u00eb s\u2019t\u00eb rrin\u00eb grat\u00eb\u2019 - blogin.al\",\"isPartOf\":{\"@id\":\"https:\\\/\\\/blogin.al\\\/#website\"},\"primaryImageOfPage\":{\"@id\":\"https:\\\/\\\/blogin.al\\\/?p=40889#primaryimage\"},\"image\":{\"@id\":\"https:\\\/\\\/blogin.al\\\/?p=40889#primaryimage\"},\"thumbnailUrl\":\"https:\\\/\\\/blogin.al\\\/wp-content\\\/uploads\\\/2023\\\/12\\\/image-37.png\",\"datePublished\":\"2023-12-05T14:32:23+00:00\",\"dateModified\":\"2023-12-05T14:32:25+00:00\",\"breadcrumb\":{\"@id\":\"https:\\\/\\\/blogin.al\\\/?p=40889#breadcrumb\"},\"inLanguage\":\"en-US\",\"potentialAction\":[{\"@type\":\"ReadAction\",\"target\":[\"https:\\\/\\\/blogin.al\\\/?p=40889\"]}]},{\"@type\":\"ImageObject\",\"inLanguage\":\"en-US\",\"@id\":\"https:\\\/\\\/blogin.al\\\/?p=40889#primaryimage\",\"url\":\"https:\\\/\\\/blogin.al\\\/wp-content\\\/uploads\\\/2023\\\/12\\\/image-37.png\",\"contentUrl\":\"https:\\\/\\\/blogin.al\\\/wp-content\\\/uploads\\\/2023\\\/12\\\/image-37.png\",\"width\":1200,\"height\":628},{\"@type\":\"BreadcrumbList\",\"@id\":\"https:\\\/\\\/blogin.al\\\/?p=40889#breadcrumb\",\"itemListElement\":[{\"@type\":\"ListItem\",\"position\":1,\"name\":\"Home\",\"item\":\"https:\\\/\\\/blogin.al\\\/\"},{\"@type\":\"ListItem\",\"position\":2,\"name\":\"\u00cbsht\u00eb ndar\u00eb nga Livia? Mevlani: M\u00eb thon\u00eb \u2018e ke fajin ti q\u00eb s\u2019t\u00eb rrin\u00eb grat\u00eb\u2019\"}]},{\"@type\":\"WebSite\",\"@id\":\"https:\\\/\\\/blogin.al\\\/#website\",\"url\":\"https:\\\/\\\/blogin.al\\\/\",\"name\":\"blogin.al\",\"description\":\"\",\"publisher\":{\"@id\":\"https:\\\/\\\/blogin.al\\\/#organization\"},\"potentialAction\":[{\"@type\":\"SearchAction\",\"target\":{\"@type\":\"EntryPoint\",\"urlTemplate\":\"https:\\\/\\\/blogin.al\\\/?s={search_term_string}\"},\"query-input\":{\"@type\":\"PropertyValueSpecification\",\"valueRequired\":true,\"valueName\":\"search_term_string\"}}],\"inLanguage\":\"en-US\"},{\"@type\":\"Organization\",\"@id\":\"https:\\\/\\\/blogin.al\\\/#organization\",\"name\":\"BLOGIN.al\",\"url\":\"https:\\\/\\\/blogin.al\\\/\",\"logo\":{\"@type\":\"ImageObject\",\"inLanguage\":\"en-US\",\"@id\":\"https:\\\/\\\/blogin.al\\\/#\\\/schema\\\/logo\\\/image\\\/\",\"url\":\"https:\\\/\\\/blogin.al\\\/wp-content\\\/uploads\\\/2022\\\/05\\\/Untitled-2-01-e1652084456514.png\",\"contentUrl\":\"https:\\\/\\\/blogin.al\\\/wp-content\\\/uploads\\\/2022\\\/05\\\/Untitled-2-01-e1652084456514.png\",\"width\":3723,\"height\":1698,\"caption\":\"BLOGIN.al\"},\"image\":{\"@id\":\"https:\\\/\\\/blogin.al\\\/#\\\/schema\\\/logo\\\/image\\\/\"},\"sameAs\":[\"https:\\\/\\\/instagram.com\\\/blogin.al\\\/\"]},{\"@type\":\"Person\",\"@id\":\"https:\\\/\\\/blogin.al\\\/#\\\/schema\\\/person\\\/abdd56bc912cd511db877b852b115399\",\"name\":\"Blogin al\",\"image\":{\"@type\":\"ImageObject\",\"inLanguage\":\"en-US\",\"@id\":\"https:\\\/\\\/secure.gravatar.com\\\/avatar\\\/60d5661aee6e835fb13dc75d2204cd0c1d61bef2efd137c0083e59ef831e235e?s=96&d=mm&r=g\",\"url\":\"https:\\\/\\\/secure.gravatar.com\\\/avatar\\\/60d5661aee6e835fb13dc75d2204cd0c1d61bef2efd137c0083e59ef831e235e?s=96&d=mm&r=g\",\"contentUrl\":\"https:\\\/\\\/secure.gravatar.com\\\/avatar\\\/60d5661aee6e835fb13dc75d2204cd0c1d61bef2efd137c0083e59ef831e235e?s=96&d=mm&r=g\",\"caption\":\"Blogin al\"},\"sameAs\":[\"https:\\\/\\\/blogin.al\"],\"url\":\"https:\\\/\\\/blogin.al\\\/?author=2\"}]}<\/script>\n<!-- \/ Yoast SEO plugin. -->","yoast_head_json":{"title":"\u00cbsht\u00eb ndar\u00eb nga Livia? Mevlani: M\u00eb thon\u00eb \u2018e ke fajin ti q\u00eb s\u2019t\u00eb rrin\u00eb grat\u00eb\u2019 - blogin.al","robots":{"index":"index","follow":"follow","max-snippet":"max-snippet:-1","max-image-preview":"max-image-preview:large","max-video-preview":"max-video-preview:-1"},"canonical":"https:\/\/blogin.al\/?p=40889","og_locale":"en_US","og_type":"article","og_title":"\u00cbsht\u00eb ndar\u00eb nga Livia? Mevlani: M\u00eb thon\u00eb \u2018e ke fajin ti q\u00eb s\u2019t\u00eb rrin\u00eb grat\u00eb\u2019 - blogin.al","og_description":"Ish-konkurrenti i \u201cP\u00ebr\u2019puthen\u201d, Mevlan Shaba, ishte m\u00ebngjesin e k\u00ebsaj t\u00eb marte i ftuar n\u00eb emisionin \u201cWake Up\u201d, ku gjat\u00eb bised\u00ebs foli edhe p\u00ebr jet\u00ebn e tij personale. K\u00ebng\u00ebtari konfirmoi se nuk \u00ebsht\u00eb ndar\u00eb me Livia Brunga dhe se jeton i lumtur me t\u00eb. Ai shtoi se nuk ka dashur q\u00eb t\u2019a b\u00ebj\u00eb publike derisa t\u00eb [&hellip;]","og_url":"https:\/\/blogin.al\/?p=40889","og_site_name":"blogin.al","article_published_time":"2023-12-05T14:32:23+00:00","article_modified_time":"2023-12-05T14:32:25+00:00","og_image":[{"width":1200,"height":628,"url":"https:\/\/blogin.al\/wp-content\/uploads\/2023\/12\/image-37.png","type":"image\/png"}],"author":"Blogin al","twitter_card":"summary_large_image","twitter_misc":{"Written by":"Blogin al","Est. reading time":"2 minutes"},"schema":{"@context":"https:\/\/schema.org","@graph":[{"@type":"Article","@id":"https:\/\/blogin.al\/?p=40889#article","isPartOf":{"@id":"https:\/\/blogin.al\/?p=40889"},"author":{"name":"Blogin al","@id":"https:\/\/blogin.al\/#\/schema\/person\/abdd56bc912cd511db877b852b115399"},"headline":"\u00cbsht\u00eb ndar\u00eb nga Livia? Mevlani: M\u00eb thon\u00eb \u2018e ke fajin ti q\u00eb s\u2019t\u00eb rrin\u00eb grat\u00eb\u2019","datePublished":"2023-12-05T14:32:23+00:00","dateModified":"2023-12-05T14:32:25+00:00","mainEntityOfPage":{"@id":"https:\/\/blogin.al\/?p=40889"},"wordCount":325,"commentCount":0,"publisher":{"@id":"https:\/\/blogin.al\/#organization"},"image":{"@id":"https:\/\/blogin.al\/?p=40889#primaryimage"},"thumbnailUrl":"https:\/\/blogin.al\/wp-content\/uploads\/2023\/12\/image-37.png","articleSection":["SHOWBIZ"],"inLanguage":"en-US","potentialAction":[{"@type":"CommentAction","name":"Comment","target":["https:\/\/blogin.al\/?p=40889#respond"]}]},{"@type":"WebPage","@id":"https:\/\/blogin.al\/?p=40889","url":"https:\/\/blogin.al\/?p=40889","name":"\u00cbsht\u00eb ndar\u00eb nga Livia? Mevlani: M\u00eb thon\u00eb \u2018e ke fajin ti q\u00eb s\u2019t\u00eb rrin\u00eb grat\u00eb\u2019 - blogin.al","isPartOf":{"@id":"https:\/\/blogin.al\/#website"},"primaryImageOfPage":{"@id":"https:\/\/blogin.al\/?p=40889#primaryimage"},"image":{"@id":"https:\/\/blogin.al\/?p=40889#primaryimage"},"thumbnailUrl":"https:\/\/blogin.al\/wp-content\/uploads\/2023\/12\/image-37.png","datePublished":"2023-12-05T14:32:23+00:00","dateModified":"2023-12-05T14:32:25+00:00","breadcrumb":{"@id":"https:\/\/blogin.al\/?p=40889#breadcrumb"},"inLanguage":"en-US","potentialAction":[{"@type":"ReadAction","target":["https:\/\/blogin.al\/?p=40889"]}]},{"@type":"ImageObject","inLanguage":"en-US","@id":"https:\/\/blogin.al\/?p=40889#primaryimage","url":"https:\/\/blogin.al\/wp-content\/uploads\/2023\/12\/image-37.png","contentUrl":"https:\/\/blogin.al\/wp-content\/uploads\/2023\/12\/image-37.png","width":1200,"height":628},{"@type":"BreadcrumbList","@id":"https:\/\/blogin.al\/?p=40889#breadcrumb","itemListElement":[{"@type":"ListItem","position":1,"name":"Home","item":"https:\/\/blogin.al\/"},{"@type":"ListItem","position":2,"name":"\u00cbsht\u00eb ndar\u00eb nga Livia? Mevlani: M\u00eb thon\u00eb \u2018e ke fajin ti q\u00eb s\u2019t\u00eb rrin\u00eb grat\u00eb\u2019"}]},{"@type":"WebSite","@id":"https:\/\/blogin.al\/#website","url":"https:\/\/blogin.al\/","name":"blogin.al","description":"","publisher":{"@id":"https:\/\/blogin.al\/#organization"},"potentialAction":[{"@type":"SearchAction","target":{"@type":"EntryPoint","urlTemplate":"https:\/\/blogin.al\/?s={search_term_string}"},"query-input":{"@type":"PropertyValueSpecification","valueRequired":true,"valueName":"search_term_string"}}],"inLanguage":"en-US"},{"@type":"Organization","@id":"https:\/\/blogin.al\/#organization","name":"BLOGIN.al","url":"https:\/\/blogin.al\/","logo":{"@type":"ImageObject","inLanguage":"en-US","@id":"https:\/\/blogin.al\/#\/schema\/logo\/image\/","url":"https:\/\/blogin.al\/wp-content\/uploads\/2022\/05\/Untitled-2-01-e1652084456514.png","contentUrl":"https:\/\/blogin.al\/wp-content\/uploads\/2022\/05\/Untitled-2-01-e1652084456514.png","width":3723,"height":1698,"caption":"BLOGIN.al"},"image":{"@id":"https:\/\/blogin.al\/#\/schema\/logo\/image\/"},"sameAs":["https:\/\/instagram.com\/blogin.al\/"]},{"@type":"Person","@id":"https:\/\/blogin.al\/#\/schema\/person\/abdd56bc912cd511db877b852b115399","name":"Blogin al","image":{"@type":"ImageObject","inLanguage":"en-US","@id":"https:\/\/secure.gravatar.com\/avatar\/60d5661aee6e835fb13dc75d2204cd0c1d61bef2efd137c0083e59ef831e235e?s=96&d=mm&r=g","url":"https:\/\/secure.gravatar.com\/avatar\/60d5661aee6e835fb13dc75d2204cd0c1d61bef2efd137c0083e59ef831e235e?s=96&d=mm&r=g","contentUrl":"https:\/\/secure.gravatar.com\/avatar\/60d5661aee6e835fb13dc75d2204cd0c1d61bef2efd137c0083e59ef831e235e?s=96&d=mm&r=g","caption":"Blogin al"},"sameAs":["https:\/\/blogin.al"],"url":"https:\/\/blogin.al\/?author=2"}]}},"_links":{"self":[{"href":"https:\/\/blogin.al\/index.php?rest_route=\/wp\/v2\/posts\/40889","targetHints":{"allow":["GET"]}}],"collection":[{"href":"https:\/\/blogin.al\/index.php?rest_route=\/wp\/v2\/posts"}],"about":[{"href":"https:\/\/blogin.al\/index.php?rest_route=\/wp\/v2\/types\/post"}],"author":[{"embeddable":true,"href":"https:\/\/blogin.al\/index.php?rest_route=\/wp\/v2\/users\/2"}],"replies":[{"embeddable":true,"href":"https:\/\/blogin.al\/index.php?rest_route=%2Fwp%2Fv2%2Fcomments&post=40889"}],"version-history":[{"count":1,"href":"https:\/\/blogin.al\/index.php?rest_route=\/wp\/v2\/posts\/40889\/revisions"}],"predecessor-version":[{"id":40891,"href":"https:\/\/blogin.al\/index.php?rest_route=\/wp\/v2\/posts\/40889\/revisions\/40891"}],"wp:featuredmedia":[{"embeddable":true,"href":"https:\/\/blogin.al\/index.php?rest_route=\/wp\/v2\/media\/40890"}],"wp:attachment":[{"href":"https:\/\/blogin.al\/index.php?rest_route=%2Fwp%2Fv2%2Fmedia&parent=40889"}],"wp:term":[{"taxonomy":"category","embeddable":true,"href":"https:\/\/blogin.al\/index.php?rest_route=%2Fwp%2Fv2%2Fcategories&post=40889"},{"taxonomy":"post_tag","embeddable":true,"href":"https:\/\/blogin.al\/index.php?rest_route=%2Fwp%2Fv2%2Ftags&post=40889"}],"curies":[{"name":"wp","href":"https:\/\/api.w.org\/{rel}","templated":true}]}}