{"id":40904,"date":"2023-12-06T08:21:38","date_gmt":"2023-12-06T08:21:38","guid":{"rendered":"https:\/\/blogin.al\/?p=40904"},"modified":"2023-12-06T08:21:39","modified_gmt":"2023-12-06T08:21:39","slug":"a-po-planifikon-martesen-fifi-rrefen-raportin-me-partnerin-dhe-ish-bashkeshorten-e-tij-adrola-dushi","status":"publish","type":"post","link":"https:\/\/blogin.al\/?p=40904","title":{"rendered":"A po planifikon martes\u00ebn? Fifi rr\u00ebfen raportin me partnerin dhe ish-bashk\u00ebshorten e tij, Adrola Dushi"},"content":{"rendered":"\n<p>K\u00ebng\u00ebtarja e njohur, Fifi, ka folur s\u00eb fundmi p\u00ebr raporti me partnerin e saj t\u00eb jet\u00ebs, Adis Patushin, eksperienc\u00ebn e saj si n\u00ebn\u00eb dhe raportin me djalin e madh t\u00eb Adisit.<\/p>\n\n\n\n<p>K\u00ebng\u00ebtarja e cila tashm\u00eb \u00ebsht\u00eb n\u00ebn\u00eb e nj\u00eb djali, ka treguar n\u00eb studion e \u201cLive From Tirana\u201d, se si po e p\u00ebrjeton ajo k\u00ebt\u00eb periudh\u00eb t\u00eb jet\u00ebs s\u00eb saj.<\/p>\n\n\n\n<p>Fifi \u00ebsht\u00eb shprehur se ndonj\u00ebher\u00eb njer\u00ebzit harrojn\u00eb q\u00eb ajo \u00ebsht\u00eb n\u00ebn\u00eb, nd\u00ebrsa thekson q\u00eb edhe ajo vete nuk ka d\u00ebshiruar q\u00eb ta shfryt\u00ebzoj k\u00ebt\u00eb pjes\u00eb p\u00ebr marketing.<\/p>\n\n\n\n<p><em>\u201cNuk ma v\u00ebn\u00eb shum\u00eb re q\u00eb t\u00eb m\u00eb thon\u00eb \u2018ti je n\u00ebn\u00eb, duhet t\u00eb jesh kujdes\u2019. Madje disa her\u00eb njer\u00ebzit po harrojn\u00eb fare q\u00eb un\u00eb jam b\u00ebr\u00eb n\u00ebn\u00eb. Un\u00eb kam zgjedhur q\u00eb t\u00eb mos e b\u00ebj publike q\u00eb n\u00eb fillim (t\u00eb shtatz\u00ebnis\u00eb), e b\u00ebra publike 2-3 muaj para se t\u00eb lindja. Nuk kam dashur ta pompoj shum\u00eb si gj\u00eb. Plus nuk kam dashur ta shfryt\u00ebzoj shum\u00eb p\u00ebr marketing pjes\u00ebn q\u00eb un\u00eb u b\u00ebra n\u00ebn\u00eb, nuk m\u00eb dukej shum\u00eb e rrug\u00ebs q\u00eb ta p\u00ebrdorja nj\u00eb gj\u00eb t\u00eb till\u00eb\u201d,<\/em>&nbsp;ka th\u00ebn\u00eb Fifi.<\/p>\n\n\n\n<p>E pyetur mbi partnerin e saj, Adisin, n\u00ebse jan\u00eb duke planifikuar nj\u00eb dat\u00eb p\u00ebr dasm\u00ebn e tyre apo jo, Fifi \u00ebsht\u00eb shprehur se ja ka l\u00ebn\u00eb n\u00eb dor\u00eb partnerit, nd\u00ebrsa ka treguar q\u00eb akoma nuk i ka ardhur propozimi.<\/p>\n\n\n\n<p><em>\u201cIa kam l\u00ebn\u00eb n\u00eb dor\u00eb atij. Nuk ka ardhur akoma propozimi\u2026\u201d,<\/em>&nbsp;ka treguar Fifi.<\/p>\n\n\n\n<p>Nd\u00ebr t\u00eb tjera, k\u00ebng\u00ebtarja \u00ebsht\u00eb pyetur edhe p\u00ebr marr\u00ebdh\u00ebnien e saj me ish-partneren e Adisit, modelen e njohur Adrola Dushi dhe djalin q\u00eb ata kan\u00eb s\u00eb bashku.<\/p>\n\n\n\n<p><strong>Pyetje:<\/strong>&nbsp;Cili \u00ebsht\u00eb \u00e7el\u00ebsi i k\u00ebsaj marr\u00ebdh\u00ebnie kaq korrekte?<\/p>\n\n\n\n<p><strong>Fifi:<\/strong>&nbsp;\u00c7el\u00ebsi \u00ebsht\u00eb f\u00ebmija i Adisit. N\u00ebse un\u00eb nuk e respektoj f\u00ebmij\u00ebn e tij, i bie q\u00eb un\u00eb nuk e respektoj at\u00eb q\u00eb kam n\u00eb krah. Nuk \u00ebsht\u00eb thjesht q\u00eb duhet patjet\u00ebr t\u00eb b\u00ebsh kompromis. Por dhe nga ana njer\u00ebzore duhet t\u00eb ndalesh t\u00eb mendosh q\u00eb aty n\u00eb mes \u00ebsht\u00eb nj\u00eb f\u00ebmij\u00eb q\u00eb ka nevoj\u00eb p\u00ebr babain e tij.<\/p>\n\n\n\n<p>N\u00eb jet\u00eb nuk ia uroj kurr\u00eb dikujt q\u00eb t\u00eb mos ket\u00eb n\u00ebn\u00eb apo baba.Un\u00eb kam 8 vjet q\u00eb jam larg familjes sime dhe shpesh m\u00eb mungon babi dhe mami. N\u00eb k\u00ebt\u00eb rast, un\u00eb e di se sa shum\u00eb mund t\u2019i mungoj\u00eb atij babai i vet. E shoh shum\u00eb m\u00eb t\u00eb brendshme nga sa duket nga jasht\u00eb. N\u00eb fund t\u00eb dit\u00ebs, duhet t\u00eb jemi njer\u00ebzor\u00eb.<\/p>\n","protected":false},"excerpt":{"rendered":"<p>K\u00ebng\u00ebtarja e njohur, Fifi, ka folur s\u00eb fundmi p\u00ebr raporti me partnerin e saj t\u00eb jet\u00ebs, Adis Patushin, eksperienc\u00ebn e saj si n\u00ebn\u00eb dhe raportin me djalin e madh t\u00eb Adisit. K\u00ebng\u00ebtarja e cila tashm\u00eb \u00ebsht\u00eb n\u00ebn\u00eb e nj\u00eb djali, ka treguar n\u00eb studion e \u201cLive From Tirana\u201d, se si po e p\u00ebrjeton ajo k\u00ebt\u00eb [&hellip;]<\/p>\n","protected":false},"author":2,"featured_media":18813,"comment_status":"open","ping_status":"open","sticky":false,"template":"","format":"standard","meta":{"footnotes":""},"categories":[33],"tags":[],"class_list":{"0":"post-40904","1":"post","2":"type-post","3":"status-publish","4":"format-standard","5":"has-post-thumbnail","7":"category-showbiz"},"yoast_head":"<!-- This site is optimized with the Yoast SEO plugin v27.5 - https:\/\/yoast.com\/product\/yoast-seo-wordpress\/ -->\n<title>A po planifikon martes\u00ebn? Fifi rr\u00ebfen raportin me partnerin dhe ish-bashk\u00ebshorten e tij, Adrola Dushi - blogin.al<\/title>\n<meta name=\"robots\" content=\"index, follow, max-snippet:-1, max-image-preview:large, max-video-preview:-1\" \/>\n<link rel=\"canonical\" href=\"https:\/\/blogin.al\/?p=40904\" \/>\n<meta property=\"og:locale\" content=\"en_US\" \/>\n<meta property=\"og:type\" content=\"article\" \/>\n<meta property=\"og:title\" content=\"A po planifikon martes\u00ebn? Fifi rr\u00ebfen raportin me partnerin dhe ish-bashk\u00ebshorten e tij, Adrola Dushi - blogin.al\" \/>\n<meta property=\"og:description\" content=\"K\u00ebng\u00ebtarja e njohur, Fifi, ka folur s\u00eb fundmi p\u00ebr raporti me partnerin e saj t\u00eb jet\u00ebs, Adis Patushin, eksperienc\u00ebn e saj si n\u00ebn\u00eb dhe raportin me djalin e madh t\u00eb Adisit. K\u00ebng\u00ebtarja e cila tashm\u00eb \u00ebsht\u00eb n\u00ebn\u00eb e nj\u00eb djali, ka treguar n\u00eb studion e \u201cLive From Tirana\u201d, se si po e p\u00ebrjeton ajo k\u00ebt\u00eb [&hellip;]\" \/>\n<meta property=\"og:url\" content=\"https:\/\/blogin.al\/?p=40904\" \/>\n<meta property=\"og:site_name\" content=\"blogin.al\" \/>\n<meta property=\"article:published_time\" content=\"2023-12-06T08:21:38+00:00\" \/>\n<meta property=\"article:modified_time\" content=\"2023-12-06T08:21:39+00:00\" \/>\n<meta property=\"og:image\" content=\"https:\/\/blogin.al\/wp-content\/uploads\/2022\/11\/20221125_110750-scaled.jpg\" \/>\n\t<meta property=\"og:image:width\" content=\"2560\" \/>\n\t<meta property=\"og:image:height\" content=\"2560\" \/>\n\t<meta property=\"og:image:type\" content=\"image\/jpeg\" \/>\n<meta name=\"author\" content=\"Blogin al\" \/>\n<meta name=\"twitter:card\" content=\"summary_large_image\" \/>\n<meta name=\"twitter:label1\" content=\"Written by\" \/>\n\t<meta name=\"twitter:data1\" content=\"Blogin al\" \/>\n\t<meta name=\"twitter:label2\" content=\"Est. reading time\" \/>\n\t<meta name=\"twitter:data2\" content=\"2 minutes\" \/>\n<script type=\"application\/ld+json\" class=\"yoast-schema-graph\">{\"@context\":\"https:\\\/\\\/schema.org\",\"@graph\":[{\"@type\":\"Article\",\"@id\":\"https:\\\/\\\/blogin.al\\\/?p=40904#article\",\"isPartOf\":{\"@id\":\"https:\\\/\\\/blogin.al\\\/?p=40904\"},\"author\":{\"name\":\"Blogin al\",\"@id\":\"https:\\\/\\\/blogin.al\\\/#\\\/schema\\\/person\\\/abdd56bc912cd511db877b852b115399\"},\"headline\":\"A po planifikon martes\u00ebn? Fifi rr\u00ebfen raportin me partnerin dhe ish-bashk\u00ebshorten e tij, Adrola Dushi\",\"datePublished\":\"2023-12-06T08:21:38+00:00\",\"dateModified\":\"2023-12-06T08:21:39+00:00\",\"mainEntityOfPage\":{\"@id\":\"https:\\\/\\\/blogin.al\\\/?p=40904\"},\"wordCount\":478,\"commentCount\":0,\"publisher\":{\"@id\":\"https:\\\/\\\/blogin.al\\\/#organization\"},\"image\":{\"@id\":\"https:\\\/\\\/blogin.al\\\/?p=40904#primaryimage\"},\"thumbnailUrl\":\"https:\\\/\\\/blogin.al\\\/wp-content\\\/uploads\\\/2022\\\/11\\\/20221125_110750-scaled.jpg\",\"articleSection\":[\"SHOWBIZ\"],\"inLanguage\":\"en-US\",\"potentialAction\":[{\"@type\":\"CommentAction\",\"name\":\"Comment\",\"target\":[\"https:\\\/\\\/blogin.al\\\/?p=40904#respond\"]}]},{\"@type\":\"WebPage\",\"@id\":\"https:\\\/\\\/blogin.al\\\/?p=40904\",\"url\":\"https:\\\/\\\/blogin.al\\\/?p=40904\",\"name\":\"A po planifikon martes\u00ebn? Fifi rr\u00ebfen raportin me partnerin dhe ish-bashk\u00ebshorten e tij, Adrola Dushi - blogin.al\",\"isPartOf\":{\"@id\":\"https:\\\/\\\/blogin.al\\\/#website\"},\"primaryImageOfPage\":{\"@id\":\"https:\\\/\\\/blogin.al\\\/?p=40904#primaryimage\"},\"image\":{\"@id\":\"https:\\\/\\\/blogin.al\\\/?p=40904#primaryimage\"},\"thumbnailUrl\":\"https:\\\/\\\/blogin.al\\\/wp-content\\\/uploads\\\/2022\\\/11\\\/20221125_110750-scaled.jpg\",\"datePublished\":\"2023-12-06T08:21:38+00:00\",\"dateModified\":\"2023-12-06T08:21:39+00:00\",\"breadcrumb\":{\"@id\":\"https:\\\/\\\/blogin.al\\\/?p=40904#breadcrumb\"},\"inLanguage\":\"en-US\",\"potentialAction\":[{\"@type\":\"ReadAction\",\"target\":[\"https:\\\/\\\/blogin.al\\\/?p=40904\"]}]},{\"@type\":\"ImageObject\",\"inLanguage\":\"en-US\",\"@id\":\"https:\\\/\\\/blogin.al\\\/?p=40904#primaryimage\",\"url\":\"https:\\\/\\\/blogin.al\\\/wp-content\\\/uploads\\\/2022\\\/11\\\/20221125_110750-scaled.jpg\",\"contentUrl\":\"https:\\\/\\\/blogin.al\\\/wp-content\\\/uploads\\\/2022\\\/11\\\/20221125_110750-scaled.jpg\",\"width\":2560,\"height\":2560},{\"@type\":\"BreadcrumbList\",\"@id\":\"https:\\\/\\\/blogin.al\\\/?p=40904#breadcrumb\",\"itemListElement\":[{\"@type\":\"ListItem\",\"position\":1,\"name\":\"Home\",\"item\":\"https:\\\/\\\/blogin.al\\\/\"},{\"@type\":\"ListItem\",\"position\":2,\"name\":\"A po planifikon martes\u00ebn? Fifi rr\u00ebfen raportin me partnerin dhe ish-bashk\u00ebshorten e tij, Adrola Dushi\"}]},{\"@type\":\"WebSite\",\"@id\":\"https:\\\/\\\/blogin.al\\\/#website\",\"url\":\"https:\\\/\\\/blogin.al\\\/\",\"name\":\"blogin.al\",\"description\":\"\",\"publisher\":{\"@id\":\"https:\\\/\\\/blogin.al\\\/#organization\"},\"potentialAction\":[{\"@type\":\"SearchAction\",\"target\":{\"@type\":\"EntryPoint\",\"urlTemplate\":\"https:\\\/\\\/blogin.al\\\/?s={search_term_string}\"},\"query-input\":{\"@type\":\"PropertyValueSpecification\",\"valueRequired\":true,\"valueName\":\"search_term_string\"}}],\"inLanguage\":\"en-US\"},{\"@type\":\"Organization\",\"@id\":\"https:\\\/\\\/blogin.al\\\/#organization\",\"name\":\"BLOGIN.al\",\"url\":\"https:\\\/\\\/blogin.al\\\/\",\"logo\":{\"@type\":\"ImageObject\",\"inLanguage\":\"en-US\",\"@id\":\"https:\\\/\\\/blogin.al\\\/#\\\/schema\\\/logo\\\/image\\\/\",\"url\":\"https:\\\/\\\/blogin.al\\\/wp-content\\\/uploads\\\/2022\\\/05\\\/Untitled-2-01-e1652084456514.png\",\"contentUrl\":\"https:\\\/\\\/blogin.al\\\/wp-content\\\/uploads\\\/2022\\\/05\\\/Untitled-2-01-e1652084456514.png\",\"width\":3723,\"height\":1698,\"caption\":\"BLOGIN.al\"},\"image\":{\"@id\":\"https:\\\/\\\/blogin.al\\\/#\\\/schema\\\/logo\\\/image\\\/\"},\"sameAs\":[\"https:\\\/\\\/instagram.com\\\/blogin.al\\\/\"]},{\"@type\":\"Person\",\"@id\":\"https:\\\/\\\/blogin.al\\\/#\\\/schema\\\/person\\\/abdd56bc912cd511db877b852b115399\",\"name\":\"Blogin al\",\"image\":{\"@type\":\"ImageObject\",\"inLanguage\":\"en-US\",\"@id\":\"https:\\\/\\\/secure.gravatar.com\\\/avatar\\\/60d5661aee6e835fb13dc75d2204cd0c1d61bef2efd137c0083e59ef831e235e?s=96&d=mm&r=g\",\"url\":\"https:\\\/\\\/secure.gravatar.com\\\/avatar\\\/60d5661aee6e835fb13dc75d2204cd0c1d61bef2efd137c0083e59ef831e235e?s=96&d=mm&r=g\",\"contentUrl\":\"https:\\\/\\\/secure.gravatar.com\\\/avatar\\\/60d5661aee6e835fb13dc75d2204cd0c1d61bef2efd137c0083e59ef831e235e?s=96&d=mm&r=g\",\"caption\":\"Blogin al\"},\"sameAs\":[\"https:\\\/\\\/blogin.al\"],\"url\":\"https:\\\/\\\/blogin.al\\\/?author=2\"}]}<\/script>\n<!-- \/ Yoast SEO plugin. -->","yoast_head_json":{"title":"A po planifikon martes\u00ebn? Fifi rr\u00ebfen raportin me partnerin dhe ish-bashk\u00ebshorten e tij, Adrola Dushi - blogin.al","robots":{"index":"index","follow":"follow","max-snippet":"max-snippet:-1","max-image-preview":"max-image-preview:large","max-video-preview":"max-video-preview:-1"},"canonical":"https:\/\/blogin.al\/?p=40904","og_locale":"en_US","og_type":"article","og_title":"A po planifikon martes\u00ebn? Fifi rr\u00ebfen raportin me partnerin dhe ish-bashk\u00ebshorten e tij, Adrola Dushi - blogin.al","og_description":"K\u00ebng\u00ebtarja e njohur, Fifi, ka folur s\u00eb fundmi p\u00ebr raporti me partnerin e saj t\u00eb jet\u00ebs, Adis Patushin, eksperienc\u00ebn e saj si n\u00ebn\u00eb dhe raportin me djalin e madh t\u00eb Adisit. K\u00ebng\u00ebtarja e cila tashm\u00eb \u00ebsht\u00eb n\u00ebn\u00eb e nj\u00eb djali, ka treguar n\u00eb studion e \u201cLive From Tirana\u201d, se si po e p\u00ebrjeton ajo k\u00ebt\u00eb [&hellip;]","og_url":"https:\/\/blogin.al\/?p=40904","og_site_name":"blogin.al","article_published_time":"2023-12-06T08:21:38+00:00","article_modified_time":"2023-12-06T08:21:39+00:00","og_image":[{"width":2560,"height":2560,"url":"https:\/\/blogin.al\/wp-content\/uploads\/2022\/11\/20221125_110750-scaled.jpg","type":"image\/jpeg"}],"author":"Blogin al","twitter_card":"summary_large_image","twitter_misc":{"Written by":"Blogin al","Est. reading time":"2 minutes"},"schema":{"@context":"https:\/\/schema.org","@graph":[{"@type":"Article","@id":"https:\/\/blogin.al\/?p=40904#article","isPartOf":{"@id":"https:\/\/blogin.al\/?p=40904"},"author":{"name":"Blogin al","@id":"https:\/\/blogin.al\/#\/schema\/person\/abdd56bc912cd511db877b852b115399"},"headline":"A po planifikon martes\u00ebn? Fifi rr\u00ebfen raportin me partnerin dhe ish-bashk\u00ebshorten e tij, Adrola Dushi","datePublished":"2023-12-06T08:21:38+00:00","dateModified":"2023-12-06T08:21:39+00:00","mainEntityOfPage":{"@id":"https:\/\/blogin.al\/?p=40904"},"wordCount":478,"commentCount":0,"publisher":{"@id":"https:\/\/blogin.al\/#organization"},"image":{"@id":"https:\/\/blogin.al\/?p=40904#primaryimage"},"thumbnailUrl":"https:\/\/blogin.al\/wp-content\/uploads\/2022\/11\/20221125_110750-scaled.jpg","articleSection":["SHOWBIZ"],"inLanguage":"en-US","potentialAction":[{"@type":"CommentAction","name":"Comment","target":["https:\/\/blogin.al\/?p=40904#respond"]}]},{"@type":"WebPage","@id":"https:\/\/blogin.al\/?p=40904","url":"https:\/\/blogin.al\/?p=40904","name":"A po planifikon martes\u00ebn? Fifi rr\u00ebfen raportin me partnerin dhe ish-bashk\u00ebshorten e tij, Adrola Dushi - blogin.al","isPartOf":{"@id":"https:\/\/blogin.al\/#website"},"primaryImageOfPage":{"@id":"https:\/\/blogin.al\/?p=40904#primaryimage"},"image":{"@id":"https:\/\/blogin.al\/?p=40904#primaryimage"},"thumbnailUrl":"https:\/\/blogin.al\/wp-content\/uploads\/2022\/11\/20221125_110750-scaled.jpg","datePublished":"2023-12-06T08:21:38+00:00","dateModified":"2023-12-06T08:21:39+00:00","breadcrumb":{"@id":"https:\/\/blogin.al\/?p=40904#breadcrumb"},"inLanguage":"en-US","potentialAction":[{"@type":"ReadAction","target":["https:\/\/blogin.al\/?p=40904"]}]},{"@type":"ImageObject","inLanguage":"en-US","@id":"https:\/\/blogin.al\/?p=40904#primaryimage","url":"https:\/\/blogin.al\/wp-content\/uploads\/2022\/11\/20221125_110750-scaled.jpg","contentUrl":"https:\/\/blogin.al\/wp-content\/uploads\/2022\/11\/20221125_110750-scaled.jpg","width":2560,"height":2560},{"@type":"BreadcrumbList","@id":"https:\/\/blogin.al\/?p=40904#breadcrumb","itemListElement":[{"@type":"ListItem","position":1,"name":"Home","item":"https:\/\/blogin.al\/"},{"@type":"ListItem","position":2,"name":"A po planifikon martes\u00ebn? Fifi rr\u00ebfen raportin me partnerin dhe ish-bashk\u00ebshorten e tij, Adrola Dushi"}]},{"@type":"WebSite","@id":"https:\/\/blogin.al\/#website","url":"https:\/\/blogin.al\/","name":"blogin.al","description":"","publisher":{"@id":"https:\/\/blogin.al\/#organization"},"potentialAction":[{"@type":"SearchAction","target":{"@type":"EntryPoint","urlTemplate":"https:\/\/blogin.al\/?s={search_term_string}"},"query-input":{"@type":"PropertyValueSpecification","valueRequired":true,"valueName":"search_term_string"}}],"inLanguage":"en-US"},{"@type":"Organization","@id":"https:\/\/blogin.al\/#organization","name":"BLOGIN.al","url":"https:\/\/blogin.al\/","logo":{"@type":"ImageObject","inLanguage":"en-US","@id":"https:\/\/blogin.al\/#\/schema\/logo\/image\/","url":"https:\/\/blogin.al\/wp-content\/uploads\/2022\/05\/Untitled-2-01-e1652084456514.png","contentUrl":"https:\/\/blogin.al\/wp-content\/uploads\/2022\/05\/Untitled-2-01-e1652084456514.png","width":3723,"height":1698,"caption":"BLOGIN.al"},"image":{"@id":"https:\/\/blogin.al\/#\/schema\/logo\/image\/"},"sameAs":["https:\/\/instagram.com\/blogin.al\/"]},{"@type":"Person","@id":"https:\/\/blogin.al\/#\/schema\/person\/abdd56bc912cd511db877b852b115399","name":"Blogin al","image":{"@type":"ImageObject","inLanguage":"en-US","@id":"https:\/\/secure.gravatar.com\/avatar\/60d5661aee6e835fb13dc75d2204cd0c1d61bef2efd137c0083e59ef831e235e?s=96&d=mm&r=g","url":"https:\/\/secure.gravatar.com\/avatar\/60d5661aee6e835fb13dc75d2204cd0c1d61bef2efd137c0083e59ef831e235e?s=96&d=mm&r=g","contentUrl":"https:\/\/secure.gravatar.com\/avatar\/60d5661aee6e835fb13dc75d2204cd0c1d61bef2efd137c0083e59ef831e235e?s=96&d=mm&r=g","caption":"Blogin al"},"sameAs":["https:\/\/blogin.al"],"url":"https:\/\/blogin.al\/?author=2"}]}},"_links":{"self":[{"href":"https:\/\/blogin.al\/index.php?rest_route=\/wp\/v2\/posts\/40904","targetHints":{"allow":["GET"]}}],"collection":[{"href":"https:\/\/blogin.al\/index.php?rest_route=\/wp\/v2\/posts"}],"about":[{"href":"https:\/\/blogin.al\/index.php?rest_route=\/wp\/v2\/types\/post"}],"author":[{"embeddable":true,"href":"https:\/\/blogin.al\/index.php?rest_route=\/wp\/v2\/users\/2"}],"replies":[{"embeddable":true,"href":"https:\/\/blogin.al\/index.php?rest_route=%2Fwp%2Fv2%2Fcomments&post=40904"}],"version-history":[{"count":1,"href":"https:\/\/blogin.al\/index.php?rest_route=\/wp\/v2\/posts\/40904\/revisions"}],"predecessor-version":[{"id":40905,"href":"https:\/\/blogin.al\/index.php?rest_route=\/wp\/v2\/posts\/40904\/revisions\/40905"}],"wp:featuredmedia":[{"embeddable":true,"href":"https:\/\/blogin.al\/index.php?rest_route=\/wp\/v2\/media\/18813"}],"wp:attachment":[{"href":"https:\/\/blogin.al\/index.php?rest_route=%2Fwp%2Fv2%2Fmedia&parent=40904"}],"wp:term":[{"taxonomy":"category","embeddable":true,"href":"https:\/\/blogin.al\/index.php?rest_route=%2Fwp%2Fv2%2Fcategories&post=40904"},{"taxonomy":"post_tag","embeddable":true,"href":"https:\/\/blogin.al\/index.php?rest_route=%2Fwp%2Fv2%2Ftags&post=40904"}],"curies":[{"name":"wp","href":"https:\/\/api.w.org\/{rel}","templated":true}]}}