{"id":40912,"date":"2023-12-06T11:36:32","date_gmt":"2023-12-06T11:36:32","guid":{"rendered":"https:\/\/blogin.al\/?p=40912"},"modified":"2023-12-06T11:36:34","modified_gmt":"2023-12-06T11:36:34","slug":"puthja-e-sares-ne-film-arsyeja-e-ndarjes-nga-ledri","status":"publish","type":"post","link":"https:\/\/blogin.al\/?p=40912","title":{"rendered":"Puthja e Sar\u00ebs n\u00eb film, arsyeja e ndarjes nga Ledri?"},"content":{"rendered":"\n<p>Ndarja e Sara Hoxh\u00ebs dhe Ledri Vul\u00ebs ka marr\u00eb nj\u00eb v\u00ebmendje t\u00eb madhe nga ndjek\u00ebsit, megjith\u00ebse asnj\u00ebri prej tyre nuk e ka pranuar ende k\u00ebt\u00eb.<\/p>\n\n\n\n<p>I ftuar n\u00eb emisionin \u201cNat\u00ebn me Aulon\u00ebn\u201d, aktori Roerd To\u00e7e, ka folur p\u00ebr eksperienc\u00ebn e tij gjat\u00eb xhirimit t\u00eb filmit \u201cN\u00eb Kuad\u00ebr t\u00eb Dashuris\u00eb\u201d.<\/p>\n\n\n\n<p>N\u00eb filmin ai kishte rolin sikur kishte simpati p\u00ebr Sar\u00ebn, ku kan\u00eb shk\u00ebmbyer edhe disa puthje.<\/p>\n\n\n\n<p>Aulona e pyet se si ndihet kur ai p\u00ebrmend fjal\u00ebn puthje, pasi n\u00eb media \u00ebsht\u00eb p\u00ebrfolur q\u00eb Ledri nuk ishte n\u00eb dijeni p\u00ebr puthjen q\u00eb ata t\u00eb dy do t\u00eb shk\u00ebmbenin dhe kjo \u00ebsht\u00eb arsyeja q\u00eb jan\u00eb ndar\u00eb.<\/p>\n\n\n\n<blockquote class=\"wp-block-quote is-layout-flow wp-block-quote-is-layout-flow\">\n<p>\u201cLarg qoft\u00eb! T\u00eb gjykosh nj\u00eb aktor pse shk\u00ebmbeu nj\u00eb puthje \u00ebsht\u00eb si t\u2019i thuash pse fole n\u00eb film. Roli, skenari dhe teksti jan\u00eb t\u00eb tilla, regjisori ka detyr\u00eb t\u00eb t\u00eb jap\u00eb nj\u00eb rol q\u00eb t\u00eb ndihesh sa m\u00eb komfort q\u00eb t\u00eb transmetohet mir\u00eb tek publiku. Sara e ka arritur k\u00ebt\u00eb\u201d, u shpreh Roerdi.<\/p>\n<\/blockquote>\n\n\n\n<p>Roerdi e mohon totalisht se kjo mund t\u00eb jet\u00eb nj\u00eb arsye se pse ata t\u00eb dy jan\u00eb ndar\u00eb sepse n\u00eb film k\u00ebto gj\u00ebra jan\u00eb normale.<\/p>\n","protected":false},"excerpt":{"rendered":"<p>Ndarja e Sara Hoxh\u00ebs dhe Ledri Vul\u00ebs ka marr\u00eb nj\u00eb v\u00ebmendje t\u00eb madhe nga ndjek\u00ebsit, megjith\u00ebse asnj\u00ebri prej tyre nuk e ka pranuar ende k\u00ebt\u00eb. I ftuar n\u00eb emisionin \u201cNat\u00ebn me Aulon\u00ebn\u201d, aktori Roerd To\u00e7e, ka folur p\u00ebr eksperienc\u00ebn e tij gjat\u00eb xhirimit t\u00eb filmit \u201cN\u00eb Kuad\u00ebr t\u00eb Dashuris\u00eb\u201d. N\u00eb filmin ai kishte rolin sikur [&hellip;]<\/p>\n","protected":false},"author":2,"featured_media":32152,"comment_status":"open","ping_status":"open","sticky":false,"template":"","format":"standard","meta":{"footnotes":""},"categories":[33],"tags":[],"class_list":{"0":"post-40912","1":"post","2":"type-post","3":"status-publish","4":"format-standard","5":"has-post-thumbnail","7":"category-showbiz"},"yoast_head":"<!-- This site is optimized with the Yoast SEO plugin v27.5 - https:\/\/yoast.com\/product\/yoast-seo-wordpress\/ -->\n<title>Puthja e Sar\u00ebs n\u00eb film, arsyeja e ndarjes nga Ledri? - blogin.al<\/title>\n<meta name=\"robots\" content=\"index, follow, max-snippet:-1, max-image-preview:large, max-video-preview:-1\" \/>\n<link rel=\"canonical\" href=\"https:\/\/blogin.al\/?p=40912\" \/>\n<meta property=\"og:locale\" content=\"en_US\" \/>\n<meta property=\"og:type\" content=\"article\" \/>\n<meta property=\"og:title\" content=\"Puthja e Sar\u00ebs n\u00eb film, arsyeja e ndarjes nga Ledri? - blogin.al\" \/>\n<meta property=\"og:description\" content=\"Ndarja e Sara Hoxh\u00ebs dhe Ledri Vul\u00ebs ka marr\u00eb nj\u00eb v\u00ebmendje t\u00eb madhe nga ndjek\u00ebsit, megjith\u00ebse asnj\u00ebri prej tyre nuk e ka pranuar ende k\u00ebt\u00eb. I ftuar n\u00eb emisionin \u201cNat\u00ebn me Aulon\u00ebn\u201d, aktori Roerd To\u00e7e, ka folur p\u00ebr eksperienc\u00ebn e tij gjat\u00eb xhirimit t\u00eb filmit \u201cN\u00eb Kuad\u00ebr t\u00eb Dashuris\u00eb\u201d. N\u00eb filmin ai kishte rolin sikur [&hellip;]\" \/>\n<meta property=\"og:url\" content=\"https:\/\/blogin.al\/?p=40912\" \/>\n<meta property=\"og:site_name\" content=\"blogin.al\" \/>\n<meta property=\"article:published_time\" content=\"2023-12-06T11:36:32+00:00\" \/>\n<meta property=\"article:modified_time\" content=\"2023-12-06T11:36:34+00:00\" \/>\n<meta property=\"og:image\" content=\"https:\/\/blogin.al\/wp-content\/uploads\/2023\/06\/Sa-1-7.jpg\" \/>\n\t<meta property=\"og:image:width\" content=\"1000\" \/>\n\t<meta property=\"og:image:height\" content=\"741\" \/>\n\t<meta property=\"og:image:type\" content=\"image\/jpeg\" \/>\n<meta name=\"author\" content=\"Blogin al\" \/>\n<meta name=\"twitter:card\" content=\"summary_large_image\" \/>\n<meta name=\"twitter:label1\" content=\"Written by\" \/>\n\t<meta name=\"twitter:data1\" content=\"Blogin al\" \/>\n\t<meta name=\"twitter:label2\" content=\"Est. reading time\" \/>\n\t<meta name=\"twitter:data2\" content=\"1 minute\" \/>\n<script type=\"application\/ld+json\" class=\"yoast-schema-graph\">{\"@context\":\"https:\\\/\\\/schema.org\",\"@graph\":[{\"@type\":\"Article\",\"@id\":\"https:\\\/\\\/blogin.al\\\/?p=40912#article\",\"isPartOf\":{\"@id\":\"https:\\\/\\\/blogin.al\\\/?p=40912\"},\"author\":{\"name\":\"Blogin al\",\"@id\":\"https:\\\/\\\/blogin.al\\\/#\\\/schema\\\/person\\\/abdd56bc912cd511db877b852b115399\"},\"headline\":\"Puthja e Sar\u00ebs n\u00eb film, arsyeja e ndarjes nga Ledri?\",\"datePublished\":\"2023-12-06T11:36:32+00:00\",\"dateModified\":\"2023-12-06T11:36:34+00:00\",\"mainEntityOfPage\":{\"@id\":\"https:\\\/\\\/blogin.al\\\/?p=40912\"},\"wordCount\":218,\"commentCount\":0,\"publisher\":{\"@id\":\"https:\\\/\\\/blogin.al\\\/#organization\"},\"image\":{\"@id\":\"https:\\\/\\\/blogin.al\\\/?p=40912#primaryimage\"},\"thumbnailUrl\":\"https:\\\/\\\/blogin.al\\\/wp-content\\\/uploads\\\/2023\\\/06\\\/Sa-1-7.jpg\",\"articleSection\":[\"SHOWBIZ\"],\"inLanguage\":\"en-US\",\"potentialAction\":[{\"@type\":\"CommentAction\",\"name\":\"Comment\",\"target\":[\"https:\\\/\\\/blogin.al\\\/?p=40912#respond\"]}]},{\"@type\":\"WebPage\",\"@id\":\"https:\\\/\\\/blogin.al\\\/?p=40912\",\"url\":\"https:\\\/\\\/blogin.al\\\/?p=40912\",\"name\":\"Puthja e Sar\u00ebs n\u00eb film, arsyeja e ndarjes nga Ledri? - blogin.al\",\"isPartOf\":{\"@id\":\"https:\\\/\\\/blogin.al\\\/#website\"},\"primaryImageOfPage\":{\"@id\":\"https:\\\/\\\/blogin.al\\\/?p=40912#primaryimage\"},\"image\":{\"@id\":\"https:\\\/\\\/blogin.al\\\/?p=40912#primaryimage\"},\"thumbnailUrl\":\"https:\\\/\\\/blogin.al\\\/wp-content\\\/uploads\\\/2023\\\/06\\\/Sa-1-7.jpg\",\"datePublished\":\"2023-12-06T11:36:32+00:00\",\"dateModified\":\"2023-12-06T11:36:34+00:00\",\"breadcrumb\":{\"@id\":\"https:\\\/\\\/blogin.al\\\/?p=40912#breadcrumb\"},\"inLanguage\":\"en-US\",\"potentialAction\":[{\"@type\":\"ReadAction\",\"target\":[\"https:\\\/\\\/blogin.al\\\/?p=40912\"]}]},{\"@type\":\"ImageObject\",\"inLanguage\":\"en-US\",\"@id\":\"https:\\\/\\\/blogin.al\\\/?p=40912#primaryimage\",\"url\":\"https:\\\/\\\/blogin.al\\\/wp-content\\\/uploads\\\/2023\\\/06\\\/Sa-1-7.jpg\",\"contentUrl\":\"https:\\\/\\\/blogin.al\\\/wp-content\\\/uploads\\\/2023\\\/06\\\/Sa-1-7.jpg\",\"width\":1000,\"height\":741},{\"@type\":\"BreadcrumbList\",\"@id\":\"https:\\\/\\\/blogin.al\\\/?p=40912#breadcrumb\",\"itemListElement\":[{\"@type\":\"ListItem\",\"position\":1,\"name\":\"Home\",\"item\":\"https:\\\/\\\/blogin.al\\\/\"},{\"@type\":\"ListItem\",\"position\":2,\"name\":\"Puthja e Sar\u00ebs n\u00eb film, arsyeja e ndarjes nga Ledri?\"}]},{\"@type\":\"WebSite\",\"@id\":\"https:\\\/\\\/blogin.al\\\/#website\",\"url\":\"https:\\\/\\\/blogin.al\\\/\",\"name\":\"blogin.al\",\"description\":\"\",\"publisher\":{\"@id\":\"https:\\\/\\\/blogin.al\\\/#organization\"},\"potentialAction\":[{\"@type\":\"SearchAction\",\"target\":{\"@type\":\"EntryPoint\",\"urlTemplate\":\"https:\\\/\\\/blogin.al\\\/?s={search_term_string}\"},\"query-input\":{\"@type\":\"PropertyValueSpecification\",\"valueRequired\":true,\"valueName\":\"search_term_string\"}}],\"inLanguage\":\"en-US\"},{\"@type\":\"Organization\",\"@id\":\"https:\\\/\\\/blogin.al\\\/#organization\",\"name\":\"BLOGIN.al\",\"url\":\"https:\\\/\\\/blogin.al\\\/\",\"logo\":{\"@type\":\"ImageObject\",\"inLanguage\":\"en-US\",\"@id\":\"https:\\\/\\\/blogin.al\\\/#\\\/schema\\\/logo\\\/image\\\/\",\"url\":\"https:\\\/\\\/blogin.al\\\/wp-content\\\/uploads\\\/2022\\\/05\\\/Untitled-2-01-e1652084456514.png\",\"contentUrl\":\"https:\\\/\\\/blogin.al\\\/wp-content\\\/uploads\\\/2022\\\/05\\\/Untitled-2-01-e1652084456514.png\",\"width\":3723,\"height\":1698,\"caption\":\"BLOGIN.al\"},\"image\":{\"@id\":\"https:\\\/\\\/blogin.al\\\/#\\\/schema\\\/logo\\\/image\\\/\"},\"sameAs\":[\"https:\\\/\\\/instagram.com\\\/blogin.al\\\/\"]},{\"@type\":\"Person\",\"@id\":\"https:\\\/\\\/blogin.al\\\/#\\\/schema\\\/person\\\/abdd56bc912cd511db877b852b115399\",\"name\":\"Blogin al\",\"image\":{\"@type\":\"ImageObject\",\"inLanguage\":\"en-US\",\"@id\":\"https:\\\/\\\/secure.gravatar.com\\\/avatar\\\/60d5661aee6e835fb13dc75d2204cd0c1d61bef2efd137c0083e59ef831e235e?s=96&d=mm&r=g\",\"url\":\"https:\\\/\\\/secure.gravatar.com\\\/avatar\\\/60d5661aee6e835fb13dc75d2204cd0c1d61bef2efd137c0083e59ef831e235e?s=96&d=mm&r=g\",\"contentUrl\":\"https:\\\/\\\/secure.gravatar.com\\\/avatar\\\/60d5661aee6e835fb13dc75d2204cd0c1d61bef2efd137c0083e59ef831e235e?s=96&d=mm&r=g\",\"caption\":\"Blogin al\"},\"sameAs\":[\"https:\\\/\\\/blogin.al\"],\"url\":\"https:\\\/\\\/blogin.al\\\/?author=2\"}]}<\/script>\n<!-- \/ Yoast SEO plugin. -->","yoast_head_json":{"title":"Puthja e Sar\u00ebs n\u00eb film, arsyeja e ndarjes nga Ledri? - blogin.al","robots":{"index":"index","follow":"follow","max-snippet":"max-snippet:-1","max-image-preview":"max-image-preview:large","max-video-preview":"max-video-preview:-1"},"canonical":"https:\/\/blogin.al\/?p=40912","og_locale":"en_US","og_type":"article","og_title":"Puthja e Sar\u00ebs n\u00eb film, arsyeja e ndarjes nga Ledri? - blogin.al","og_description":"Ndarja e Sara Hoxh\u00ebs dhe Ledri Vul\u00ebs ka marr\u00eb nj\u00eb v\u00ebmendje t\u00eb madhe nga ndjek\u00ebsit, megjith\u00ebse asnj\u00ebri prej tyre nuk e ka pranuar ende k\u00ebt\u00eb. I ftuar n\u00eb emisionin \u201cNat\u00ebn me Aulon\u00ebn\u201d, aktori Roerd To\u00e7e, ka folur p\u00ebr eksperienc\u00ebn e tij gjat\u00eb xhirimit t\u00eb filmit \u201cN\u00eb Kuad\u00ebr t\u00eb Dashuris\u00eb\u201d. N\u00eb filmin ai kishte rolin sikur [&hellip;]","og_url":"https:\/\/blogin.al\/?p=40912","og_site_name":"blogin.al","article_published_time":"2023-12-06T11:36:32+00:00","article_modified_time":"2023-12-06T11:36:34+00:00","og_image":[{"width":1000,"height":741,"url":"https:\/\/blogin.al\/wp-content\/uploads\/2023\/06\/Sa-1-7.jpg","type":"image\/jpeg"}],"author":"Blogin al","twitter_card":"summary_large_image","twitter_misc":{"Written by":"Blogin al","Est. reading time":"1 minute"},"schema":{"@context":"https:\/\/schema.org","@graph":[{"@type":"Article","@id":"https:\/\/blogin.al\/?p=40912#article","isPartOf":{"@id":"https:\/\/blogin.al\/?p=40912"},"author":{"name":"Blogin al","@id":"https:\/\/blogin.al\/#\/schema\/person\/abdd56bc912cd511db877b852b115399"},"headline":"Puthja e Sar\u00ebs n\u00eb film, arsyeja e ndarjes nga Ledri?","datePublished":"2023-12-06T11:36:32+00:00","dateModified":"2023-12-06T11:36:34+00:00","mainEntityOfPage":{"@id":"https:\/\/blogin.al\/?p=40912"},"wordCount":218,"commentCount":0,"publisher":{"@id":"https:\/\/blogin.al\/#organization"},"image":{"@id":"https:\/\/blogin.al\/?p=40912#primaryimage"},"thumbnailUrl":"https:\/\/blogin.al\/wp-content\/uploads\/2023\/06\/Sa-1-7.jpg","articleSection":["SHOWBIZ"],"inLanguage":"en-US","potentialAction":[{"@type":"CommentAction","name":"Comment","target":["https:\/\/blogin.al\/?p=40912#respond"]}]},{"@type":"WebPage","@id":"https:\/\/blogin.al\/?p=40912","url":"https:\/\/blogin.al\/?p=40912","name":"Puthja e Sar\u00ebs n\u00eb film, arsyeja e ndarjes nga Ledri? - blogin.al","isPartOf":{"@id":"https:\/\/blogin.al\/#website"},"primaryImageOfPage":{"@id":"https:\/\/blogin.al\/?p=40912#primaryimage"},"image":{"@id":"https:\/\/blogin.al\/?p=40912#primaryimage"},"thumbnailUrl":"https:\/\/blogin.al\/wp-content\/uploads\/2023\/06\/Sa-1-7.jpg","datePublished":"2023-12-06T11:36:32+00:00","dateModified":"2023-12-06T11:36:34+00:00","breadcrumb":{"@id":"https:\/\/blogin.al\/?p=40912#breadcrumb"},"inLanguage":"en-US","potentialAction":[{"@type":"ReadAction","target":["https:\/\/blogin.al\/?p=40912"]}]},{"@type":"ImageObject","inLanguage":"en-US","@id":"https:\/\/blogin.al\/?p=40912#primaryimage","url":"https:\/\/blogin.al\/wp-content\/uploads\/2023\/06\/Sa-1-7.jpg","contentUrl":"https:\/\/blogin.al\/wp-content\/uploads\/2023\/06\/Sa-1-7.jpg","width":1000,"height":741},{"@type":"BreadcrumbList","@id":"https:\/\/blogin.al\/?p=40912#breadcrumb","itemListElement":[{"@type":"ListItem","position":1,"name":"Home","item":"https:\/\/blogin.al\/"},{"@type":"ListItem","position":2,"name":"Puthja e Sar\u00ebs n\u00eb film, arsyeja e ndarjes nga Ledri?"}]},{"@type":"WebSite","@id":"https:\/\/blogin.al\/#website","url":"https:\/\/blogin.al\/","name":"blogin.al","description":"","publisher":{"@id":"https:\/\/blogin.al\/#organization"},"potentialAction":[{"@type":"SearchAction","target":{"@type":"EntryPoint","urlTemplate":"https:\/\/blogin.al\/?s={search_term_string}"},"query-input":{"@type":"PropertyValueSpecification","valueRequired":true,"valueName":"search_term_string"}}],"inLanguage":"en-US"},{"@type":"Organization","@id":"https:\/\/blogin.al\/#organization","name":"BLOGIN.al","url":"https:\/\/blogin.al\/","logo":{"@type":"ImageObject","inLanguage":"en-US","@id":"https:\/\/blogin.al\/#\/schema\/logo\/image\/","url":"https:\/\/blogin.al\/wp-content\/uploads\/2022\/05\/Untitled-2-01-e1652084456514.png","contentUrl":"https:\/\/blogin.al\/wp-content\/uploads\/2022\/05\/Untitled-2-01-e1652084456514.png","width":3723,"height":1698,"caption":"BLOGIN.al"},"image":{"@id":"https:\/\/blogin.al\/#\/schema\/logo\/image\/"},"sameAs":["https:\/\/instagram.com\/blogin.al\/"]},{"@type":"Person","@id":"https:\/\/blogin.al\/#\/schema\/person\/abdd56bc912cd511db877b852b115399","name":"Blogin al","image":{"@type":"ImageObject","inLanguage":"en-US","@id":"https:\/\/secure.gravatar.com\/avatar\/60d5661aee6e835fb13dc75d2204cd0c1d61bef2efd137c0083e59ef831e235e?s=96&d=mm&r=g","url":"https:\/\/secure.gravatar.com\/avatar\/60d5661aee6e835fb13dc75d2204cd0c1d61bef2efd137c0083e59ef831e235e?s=96&d=mm&r=g","contentUrl":"https:\/\/secure.gravatar.com\/avatar\/60d5661aee6e835fb13dc75d2204cd0c1d61bef2efd137c0083e59ef831e235e?s=96&d=mm&r=g","caption":"Blogin al"},"sameAs":["https:\/\/blogin.al"],"url":"https:\/\/blogin.al\/?author=2"}]}},"_links":{"self":[{"href":"https:\/\/blogin.al\/index.php?rest_route=\/wp\/v2\/posts\/40912","targetHints":{"allow":["GET"]}}],"collection":[{"href":"https:\/\/blogin.al\/index.php?rest_route=\/wp\/v2\/posts"}],"about":[{"href":"https:\/\/blogin.al\/index.php?rest_route=\/wp\/v2\/types\/post"}],"author":[{"embeddable":true,"href":"https:\/\/blogin.al\/index.php?rest_route=\/wp\/v2\/users\/2"}],"replies":[{"embeddable":true,"href":"https:\/\/blogin.al\/index.php?rest_route=%2Fwp%2Fv2%2Fcomments&post=40912"}],"version-history":[{"count":1,"href":"https:\/\/blogin.al\/index.php?rest_route=\/wp\/v2\/posts\/40912\/revisions"}],"predecessor-version":[{"id":40913,"href":"https:\/\/blogin.al\/index.php?rest_route=\/wp\/v2\/posts\/40912\/revisions\/40913"}],"wp:featuredmedia":[{"embeddable":true,"href":"https:\/\/blogin.al\/index.php?rest_route=\/wp\/v2\/media\/32152"}],"wp:attachment":[{"href":"https:\/\/blogin.al\/index.php?rest_route=%2Fwp%2Fv2%2Fmedia&parent=40912"}],"wp:term":[{"taxonomy":"category","embeddable":true,"href":"https:\/\/blogin.al\/index.php?rest_route=%2Fwp%2Fv2%2Fcategories&post=40912"},{"taxonomy":"post_tag","embeddable":true,"href":"https:\/\/blogin.al\/index.php?rest_route=%2Fwp%2Fv2%2Ftags&post=40912"}],"curies":[{"name":"wp","href":"https:\/\/api.w.org\/{rel}","templated":true}]}}