{"id":40960,"date":"2023-12-07T14:09:13","date_gmt":"2023-12-07T14:09:13","guid":{"rendered":"https:\/\/blogin.al\/?p=40960"},"modified":"2023-12-07T14:09:14","modified_gmt":"2023-12-07T14:09:14","slug":"do-e-pranonte-ftesen-per-ne-bb-vip-3-agron-llakaj-kur-hyri-donaldi-une-i-thashe","status":"publish","type":"post","link":"https:\/\/blogin.al\/?p=40960","title":{"rendered":"Do e pranonte ftes\u00ebn p\u00ebr n\u00eb BB VIP 3? Agron Llakaj: Kur hyri Donaldi, un\u00eb i thash\u00eb\u2026"},"content":{"rendered":"\n<p>Aktori i mir\u00ebnjohur, Agron Llakaj, ishte sot i ftuar n\u00eb emisionin \u201cWake Up\u201d, ku ka folur p\u00ebr karrier\u00ebn dhe jet\u00ebn e tij private. Nd\u00ebr t\u00eb tjera, artisti \u00ebsht\u00eb pyetur n\u00ebse do t\u2019a pranonte ftes\u00ebn p\u00ebr t\u00eb qen\u00eb pjes\u00eb e \u201cBig Brother VIP 3\u201d, pasi njer\u00ebzit jan\u00eb kurioz\u00eb t\u2019a shikonin n\u00eb k\u00ebt\u00eb format.<\/p>\n\n\n\n<p>Llakaj tha se do t\u00eb jet\u00eb i sinqert\u00eb me p\u00ebrgjigjen e tij, dhe kujtoi se \u00e7far\u00eb i ka th\u00ebn\u00eb Donald Veshajt kur \u00ebsht\u00eb b\u00ebr\u00eb pjes\u00eb e edicionit t\u00eb par\u00eb.<\/p>\n\n\n\n<p>\u201cN\u00eb qoft\u00eb se duhet t\u00eb jemi t\u00eb sinqert\u00eb se nga Tepelena flasim drejtp\u00ebrs\u00ebdrejti. Un\u00eb nuk kam asgj\u00eb me Big Brother sepse mbaj mend se ku ka vajtur Donaldo, un\u00eb kam p\u00ebrcjell\u00eb nj\u00eb mesazh. I kam th\u00ebn\u00eb Donaldit \u2018un\u00eb investova dhe t\u00eb rrita p\u00ebr luan pylli, jo p\u00ebr luan kafazi\u2019. \u00cbsht\u00eb nj\u00eb jet\u00eb e mbyllur dhe duke qen\u00eb si e till\u00eb, \u00ebsht\u00eb nj\u00eb projekt q\u00eb njer\u00ebzit e mb\u00ebshtesin. N\u00eb momentin q\u00eb n\u00eb televizionin q\u00eb investohet, kur shikon q\u00eb ajo nuk ec\u00ebn, natyrisht q\u00eb nuk riinvestohet. Njer\u00ebzit e p\u00eblqejn\u00eb, nuk e di\u201d, tha Llakaj.<\/p>\n\n\n\n<p>Kur moderatorja e njohur, Neada Mu\u00e7aj i tha se \u2018ju personalisht nuk e p\u00eblqeni\u2019, artisti u shpreh<\/p>\n\n\n\n<p>\u201cNuk mund t\u00eb them fjal\u00ebn nuk e p\u00eblqej. Ajo nuk ka asnj\u00eb gj\u00eb t\u00eb keqe, nuk m\u00eb duket se ai q\u00eb futet aty tregon vlerat, do t\u00eb tregoj\u00eb veten, m\u00eb t\u00eb mirat. Jemi k\u00ebtu n\u00eb radio, hajde trego veten k\u00ebtu apo n\u00eb televizion.<\/p>\n\n\n\n<p>Ai \u00ebsht\u00eb nj\u00eb spektak\u00ebl shum\u00eb i suksessh\u00ebm, un\u00eb jam marr\u00eb dhe kam b\u00ebr\u00eb humor me t\u00eb edhe n\u00eb Portokalli kur kam qen\u00eb, por edhe n\u00eb Al Pazar. Por nuk do t\u00eb thot\u00eb se mosdakord\u00ebsia ime do t\u00eb thot\u00eb se k\u00ebshtu \u00ebsht\u00eb\u201d.<\/p>\n","protected":false},"excerpt":{"rendered":"<p>Aktori i mir\u00ebnjohur, Agron Llakaj, ishte sot i ftuar n\u00eb emisionin \u201cWake Up\u201d, ku ka folur p\u00ebr karrier\u00ebn dhe jet\u00ebn e tij private. Nd\u00ebr t\u00eb tjera, artisti \u00ebsht\u00eb pyetur n\u00ebse do t\u2019a pranonte ftes\u00ebn p\u00ebr t\u00eb qen\u00eb pjes\u00eb e \u201cBig Brother VIP 3\u201d, pasi njer\u00ebzit jan\u00eb kurioz\u00eb t\u2019a shikonin n\u00eb k\u00ebt\u00eb format. Llakaj tha se [&hellip;]<\/p>\n","protected":false},"author":2,"featured_media":5003,"comment_status":"open","ping_status":"open","sticky":false,"template":"","format":"standard","meta":{"footnotes":""},"categories":[33],"tags":[],"class_list":{"0":"post-40960","1":"post","2":"type-post","3":"status-publish","4":"format-standard","5":"has-post-thumbnail","7":"category-showbiz"},"yoast_head":"<!-- This site is optimized with the Yoast SEO plugin v27.5 - https:\/\/yoast.com\/product\/yoast-seo-wordpress\/ -->\n<title>Do e pranonte ftes\u00ebn p\u00ebr n\u00eb BB VIP 3? Agron Llakaj: Kur hyri Donaldi, un\u00eb i thash\u00eb\u2026 - blogin.al<\/title>\n<meta name=\"robots\" content=\"index, follow, max-snippet:-1, max-image-preview:large, max-video-preview:-1\" \/>\n<link rel=\"canonical\" href=\"https:\/\/blogin.al\/?p=40960\" \/>\n<meta property=\"og:locale\" content=\"en_US\" \/>\n<meta property=\"og:type\" content=\"article\" \/>\n<meta property=\"og:title\" content=\"Do e pranonte ftes\u00ebn p\u00ebr n\u00eb BB VIP 3? Agron Llakaj: Kur hyri Donaldi, un\u00eb i thash\u00eb\u2026 - blogin.al\" \/>\n<meta property=\"og:description\" content=\"Aktori i mir\u00ebnjohur, Agron Llakaj, ishte sot i ftuar n\u00eb emisionin \u201cWake Up\u201d, ku ka folur p\u00ebr karrier\u00ebn dhe jet\u00ebn e tij private. Nd\u00ebr t\u00eb tjera, artisti \u00ebsht\u00eb pyetur n\u00ebse do t\u2019a pranonte ftes\u00ebn p\u00ebr t\u00eb qen\u00eb pjes\u00eb e \u201cBig Brother VIP 3\u201d, pasi njer\u00ebzit jan\u00eb kurioz\u00eb t\u2019a shikonin n\u00eb k\u00ebt\u00eb format. Llakaj tha se [&hellip;]\" \/>\n<meta property=\"og:url\" content=\"https:\/\/blogin.al\/?p=40960\" \/>\n<meta property=\"og:site_name\" content=\"blogin.al\" \/>\n<meta property=\"article:published_time\" content=\"2023-12-07T14:09:13+00:00\" \/>\n<meta property=\"article:modified_time\" content=\"2023-12-07T14:09:14+00:00\" \/>\n<meta property=\"og:image\" content=\"https:\/\/blogin.al\/wp-content\/uploads\/2022\/05\/agron-llakaj.jpg\" \/>\n\t<meta property=\"og:image:width\" content=\"1280\" \/>\n\t<meta property=\"og:image:height\" content=\"720\" \/>\n\t<meta property=\"og:image:type\" content=\"image\/jpeg\" \/>\n<meta name=\"author\" content=\"Blogin al\" \/>\n<meta name=\"twitter:card\" content=\"summary_large_image\" \/>\n<meta name=\"twitter:label1\" content=\"Written by\" \/>\n\t<meta name=\"twitter:data1\" content=\"Blogin al\" \/>\n\t<meta name=\"twitter:label2\" content=\"Est. reading time\" \/>\n\t<meta name=\"twitter:data2\" content=\"2 minutes\" \/>\n<script type=\"application\/ld+json\" class=\"yoast-schema-graph\">{\"@context\":\"https:\\\/\\\/schema.org\",\"@graph\":[{\"@type\":\"Article\",\"@id\":\"https:\\\/\\\/blogin.al\\\/?p=40960#article\",\"isPartOf\":{\"@id\":\"https:\\\/\\\/blogin.al\\\/?p=40960\"},\"author\":{\"name\":\"Blogin al\",\"@id\":\"https:\\\/\\\/blogin.al\\\/#\\\/schema\\\/person\\\/abdd56bc912cd511db877b852b115399\"},\"headline\":\"Do e pranonte ftes\u00ebn p\u00ebr n\u00eb BB VIP 3? Agron Llakaj: Kur hyri Donaldi, un\u00eb i thash\u00eb\u2026\",\"datePublished\":\"2023-12-07T14:09:13+00:00\",\"dateModified\":\"2023-12-07T14:09:14+00:00\",\"mainEntityOfPage\":{\"@id\":\"https:\\\/\\\/blogin.al\\\/?p=40960\"},\"wordCount\":328,\"commentCount\":0,\"publisher\":{\"@id\":\"https:\\\/\\\/blogin.al\\\/#organization\"},\"image\":{\"@id\":\"https:\\\/\\\/blogin.al\\\/?p=40960#primaryimage\"},\"thumbnailUrl\":\"https:\\\/\\\/blogin.al\\\/wp-content\\\/uploads\\\/2022\\\/05\\\/agron-llakaj.jpg\",\"articleSection\":[\"SHOWBIZ\"],\"inLanguage\":\"en-US\",\"potentialAction\":[{\"@type\":\"CommentAction\",\"name\":\"Comment\",\"target\":[\"https:\\\/\\\/blogin.al\\\/?p=40960#respond\"]}]},{\"@type\":\"WebPage\",\"@id\":\"https:\\\/\\\/blogin.al\\\/?p=40960\",\"url\":\"https:\\\/\\\/blogin.al\\\/?p=40960\",\"name\":\"Do e pranonte ftes\u00ebn p\u00ebr n\u00eb BB VIP 3? Agron Llakaj: Kur hyri Donaldi, un\u00eb i thash\u00eb\u2026 - blogin.al\",\"isPartOf\":{\"@id\":\"https:\\\/\\\/blogin.al\\\/#website\"},\"primaryImageOfPage\":{\"@id\":\"https:\\\/\\\/blogin.al\\\/?p=40960#primaryimage\"},\"image\":{\"@id\":\"https:\\\/\\\/blogin.al\\\/?p=40960#primaryimage\"},\"thumbnailUrl\":\"https:\\\/\\\/blogin.al\\\/wp-content\\\/uploads\\\/2022\\\/05\\\/agron-llakaj.jpg\",\"datePublished\":\"2023-12-07T14:09:13+00:00\",\"dateModified\":\"2023-12-07T14:09:14+00:00\",\"breadcrumb\":{\"@id\":\"https:\\\/\\\/blogin.al\\\/?p=40960#breadcrumb\"},\"inLanguage\":\"en-US\",\"potentialAction\":[{\"@type\":\"ReadAction\",\"target\":[\"https:\\\/\\\/blogin.al\\\/?p=40960\"]}]},{\"@type\":\"ImageObject\",\"inLanguage\":\"en-US\",\"@id\":\"https:\\\/\\\/blogin.al\\\/?p=40960#primaryimage\",\"url\":\"https:\\\/\\\/blogin.al\\\/wp-content\\\/uploads\\\/2022\\\/05\\\/agron-llakaj.jpg\",\"contentUrl\":\"https:\\\/\\\/blogin.al\\\/wp-content\\\/uploads\\\/2022\\\/05\\\/agron-llakaj.jpg\",\"width\":1280,\"height\":720},{\"@type\":\"BreadcrumbList\",\"@id\":\"https:\\\/\\\/blogin.al\\\/?p=40960#breadcrumb\",\"itemListElement\":[{\"@type\":\"ListItem\",\"position\":1,\"name\":\"Home\",\"item\":\"https:\\\/\\\/blogin.al\\\/\"},{\"@type\":\"ListItem\",\"position\":2,\"name\":\"Do e pranonte ftes\u00ebn p\u00ebr n\u00eb BB VIP 3? Agron Llakaj: Kur hyri Donaldi, un\u00eb i thash\u00eb\u2026\"}]},{\"@type\":\"WebSite\",\"@id\":\"https:\\\/\\\/blogin.al\\\/#website\",\"url\":\"https:\\\/\\\/blogin.al\\\/\",\"name\":\"blogin.al\",\"description\":\"\",\"publisher\":{\"@id\":\"https:\\\/\\\/blogin.al\\\/#organization\"},\"potentialAction\":[{\"@type\":\"SearchAction\",\"target\":{\"@type\":\"EntryPoint\",\"urlTemplate\":\"https:\\\/\\\/blogin.al\\\/?s={search_term_string}\"},\"query-input\":{\"@type\":\"PropertyValueSpecification\",\"valueRequired\":true,\"valueName\":\"search_term_string\"}}],\"inLanguage\":\"en-US\"},{\"@type\":\"Organization\",\"@id\":\"https:\\\/\\\/blogin.al\\\/#organization\",\"name\":\"BLOGIN.al\",\"url\":\"https:\\\/\\\/blogin.al\\\/\",\"logo\":{\"@type\":\"ImageObject\",\"inLanguage\":\"en-US\",\"@id\":\"https:\\\/\\\/blogin.al\\\/#\\\/schema\\\/logo\\\/image\\\/\",\"url\":\"https:\\\/\\\/blogin.al\\\/wp-content\\\/uploads\\\/2022\\\/05\\\/Untitled-2-01-e1652084456514.png\",\"contentUrl\":\"https:\\\/\\\/blogin.al\\\/wp-content\\\/uploads\\\/2022\\\/05\\\/Untitled-2-01-e1652084456514.png\",\"width\":3723,\"height\":1698,\"caption\":\"BLOGIN.al\"},\"image\":{\"@id\":\"https:\\\/\\\/blogin.al\\\/#\\\/schema\\\/logo\\\/image\\\/\"},\"sameAs\":[\"https:\\\/\\\/instagram.com\\\/blogin.al\\\/\"]},{\"@type\":\"Person\",\"@id\":\"https:\\\/\\\/blogin.al\\\/#\\\/schema\\\/person\\\/abdd56bc912cd511db877b852b115399\",\"name\":\"Blogin al\",\"image\":{\"@type\":\"ImageObject\",\"inLanguage\":\"en-US\",\"@id\":\"https:\\\/\\\/secure.gravatar.com\\\/avatar\\\/60d5661aee6e835fb13dc75d2204cd0c1d61bef2efd137c0083e59ef831e235e?s=96&d=mm&r=g\",\"url\":\"https:\\\/\\\/secure.gravatar.com\\\/avatar\\\/60d5661aee6e835fb13dc75d2204cd0c1d61bef2efd137c0083e59ef831e235e?s=96&d=mm&r=g\",\"contentUrl\":\"https:\\\/\\\/secure.gravatar.com\\\/avatar\\\/60d5661aee6e835fb13dc75d2204cd0c1d61bef2efd137c0083e59ef831e235e?s=96&d=mm&r=g\",\"caption\":\"Blogin al\"},\"sameAs\":[\"https:\\\/\\\/blogin.al\"],\"url\":\"https:\\\/\\\/blogin.al\\\/?author=2\"}]}<\/script>\n<!-- \/ Yoast SEO plugin. -->","yoast_head_json":{"title":"Do e pranonte ftes\u00ebn p\u00ebr n\u00eb BB VIP 3? Agron Llakaj: Kur hyri Donaldi, un\u00eb i thash\u00eb\u2026 - blogin.al","robots":{"index":"index","follow":"follow","max-snippet":"max-snippet:-1","max-image-preview":"max-image-preview:large","max-video-preview":"max-video-preview:-1"},"canonical":"https:\/\/blogin.al\/?p=40960","og_locale":"en_US","og_type":"article","og_title":"Do e pranonte ftes\u00ebn p\u00ebr n\u00eb BB VIP 3? Agron Llakaj: Kur hyri Donaldi, un\u00eb i thash\u00eb\u2026 - blogin.al","og_description":"Aktori i mir\u00ebnjohur, Agron Llakaj, ishte sot i ftuar n\u00eb emisionin \u201cWake Up\u201d, ku ka folur p\u00ebr karrier\u00ebn dhe jet\u00ebn e tij private. Nd\u00ebr t\u00eb tjera, artisti \u00ebsht\u00eb pyetur n\u00ebse do t\u2019a pranonte ftes\u00ebn p\u00ebr t\u00eb qen\u00eb pjes\u00eb e \u201cBig Brother VIP 3\u201d, pasi njer\u00ebzit jan\u00eb kurioz\u00eb t\u2019a shikonin n\u00eb k\u00ebt\u00eb format. Llakaj tha se [&hellip;]","og_url":"https:\/\/blogin.al\/?p=40960","og_site_name":"blogin.al","article_published_time":"2023-12-07T14:09:13+00:00","article_modified_time":"2023-12-07T14:09:14+00:00","og_image":[{"width":1280,"height":720,"url":"https:\/\/blogin.al\/wp-content\/uploads\/2022\/05\/agron-llakaj.jpg","type":"image\/jpeg"}],"author":"Blogin al","twitter_card":"summary_large_image","twitter_misc":{"Written by":"Blogin al","Est. reading time":"2 minutes"},"schema":{"@context":"https:\/\/schema.org","@graph":[{"@type":"Article","@id":"https:\/\/blogin.al\/?p=40960#article","isPartOf":{"@id":"https:\/\/blogin.al\/?p=40960"},"author":{"name":"Blogin al","@id":"https:\/\/blogin.al\/#\/schema\/person\/abdd56bc912cd511db877b852b115399"},"headline":"Do e pranonte ftes\u00ebn p\u00ebr n\u00eb BB VIP 3? Agron Llakaj: Kur hyri Donaldi, un\u00eb i thash\u00eb\u2026","datePublished":"2023-12-07T14:09:13+00:00","dateModified":"2023-12-07T14:09:14+00:00","mainEntityOfPage":{"@id":"https:\/\/blogin.al\/?p=40960"},"wordCount":328,"commentCount":0,"publisher":{"@id":"https:\/\/blogin.al\/#organization"},"image":{"@id":"https:\/\/blogin.al\/?p=40960#primaryimage"},"thumbnailUrl":"https:\/\/blogin.al\/wp-content\/uploads\/2022\/05\/agron-llakaj.jpg","articleSection":["SHOWBIZ"],"inLanguage":"en-US","potentialAction":[{"@type":"CommentAction","name":"Comment","target":["https:\/\/blogin.al\/?p=40960#respond"]}]},{"@type":"WebPage","@id":"https:\/\/blogin.al\/?p=40960","url":"https:\/\/blogin.al\/?p=40960","name":"Do e pranonte ftes\u00ebn p\u00ebr n\u00eb BB VIP 3? Agron Llakaj: Kur hyri Donaldi, un\u00eb i thash\u00eb\u2026 - blogin.al","isPartOf":{"@id":"https:\/\/blogin.al\/#website"},"primaryImageOfPage":{"@id":"https:\/\/blogin.al\/?p=40960#primaryimage"},"image":{"@id":"https:\/\/blogin.al\/?p=40960#primaryimage"},"thumbnailUrl":"https:\/\/blogin.al\/wp-content\/uploads\/2022\/05\/agron-llakaj.jpg","datePublished":"2023-12-07T14:09:13+00:00","dateModified":"2023-12-07T14:09:14+00:00","breadcrumb":{"@id":"https:\/\/blogin.al\/?p=40960#breadcrumb"},"inLanguage":"en-US","potentialAction":[{"@type":"ReadAction","target":["https:\/\/blogin.al\/?p=40960"]}]},{"@type":"ImageObject","inLanguage":"en-US","@id":"https:\/\/blogin.al\/?p=40960#primaryimage","url":"https:\/\/blogin.al\/wp-content\/uploads\/2022\/05\/agron-llakaj.jpg","contentUrl":"https:\/\/blogin.al\/wp-content\/uploads\/2022\/05\/agron-llakaj.jpg","width":1280,"height":720},{"@type":"BreadcrumbList","@id":"https:\/\/blogin.al\/?p=40960#breadcrumb","itemListElement":[{"@type":"ListItem","position":1,"name":"Home","item":"https:\/\/blogin.al\/"},{"@type":"ListItem","position":2,"name":"Do e pranonte ftes\u00ebn p\u00ebr n\u00eb BB VIP 3? Agron Llakaj: Kur hyri Donaldi, un\u00eb i thash\u00eb\u2026"}]},{"@type":"WebSite","@id":"https:\/\/blogin.al\/#website","url":"https:\/\/blogin.al\/","name":"blogin.al","description":"","publisher":{"@id":"https:\/\/blogin.al\/#organization"},"potentialAction":[{"@type":"SearchAction","target":{"@type":"EntryPoint","urlTemplate":"https:\/\/blogin.al\/?s={search_term_string}"},"query-input":{"@type":"PropertyValueSpecification","valueRequired":true,"valueName":"search_term_string"}}],"inLanguage":"en-US"},{"@type":"Organization","@id":"https:\/\/blogin.al\/#organization","name":"BLOGIN.al","url":"https:\/\/blogin.al\/","logo":{"@type":"ImageObject","inLanguage":"en-US","@id":"https:\/\/blogin.al\/#\/schema\/logo\/image\/","url":"https:\/\/blogin.al\/wp-content\/uploads\/2022\/05\/Untitled-2-01-e1652084456514.png","contentUrl":"https:\/\/blogin.al\/wp-content\/uploads\/2022\/05\/Untitled-2-01-e1652084456514.png","width":3723,"height":1698,"caption":"BLOGIN.al"},"image":{"@id":"https:\/\/blogin.al\/#\/schema\/logo\/image\/"},"sameAs":["https:\/\/instagram.com\/blogin.al\/"]},{"@type":"Person","@id":"https:\/\/blogin.al\/#\/schema\/person\/abdd56bc912cd511db877b852b115399","name":"Blogin al","image":{"@type":"ImageObject","inLanguage":"en-US","@id":"https:\/\/secure.gravatar.com\/avatar\/60d5661aee6e835fb13dc75d2204cd0c1d61bef2efd137c0083e59ef831e235e?s=96&d=mm&r=g","url":"https:\/\/secure.gravatar.com\/avatar\/60d5661aee6e835fb13dc75d2204cd0c1d61bef2efd137c0083e59ef831e235e?s=96&d=mm&r=g","contentUrl":"https:\/\/secure.gravatar.com\/avatar\/60d5661aee6e835fb13dc75d2204cd0c1d61bef2efd137c0083e59ef831e235e?s=96&d=mm&r=g","caption":"Blogin al"},"sameAs":["https:\/\/blogin.al"],"url":"https:\/\/blogin.al\/?author=2"}]}},"_links":{"self":[{"href":"https:\/\/blogin.al\/index.php?rest_route=\/wp\/v2\/posts\/40960","targetHints":{"allow":["GET"]}}],"collection":[{"href":"https:\/\/blogin.al\/index.php?rest_route=\/wp\/v2\/posts"}],"about":[{"href":"https:\/\/blogin.al\/index.php?rest_route=\/wp\/v2\/types\/post"}],"author":[{"embeddable":true,"href":"https:\/\/blogin.al\/index.php?rest_route=\/wp\/v2\/users\/2"}],"replies":[{"embeddable":true,"href":"https:\/\/blogin.al\/index.php?rest_route=%2Fwp%2Fv2%2Fcomments&post=40960"}],"version-history":[{"count":1,"href":"https:\/\/blogin.al\/index.php?rest_route=\/wp\/v2\/posts\/40960\/revisions"}],"predecessor-version":[{"id":40961,"href":"https:\/\/blogin.al\/index.php?rest_route=\/wp\/v2\/posts\/40960\/revisions\/40961"}],"wp:featuredmedia":[{"embeddable":true,"href":"https:\/\/blogin.al\/index.php?rest_route=\/wp\/v2\/media\/5003"}],"wp:attachment":[{"href":"https:\/\/blogin.al\/index.php?rest_route=%2Fwp%2Fv2%2Fmedia&parent=40960"}],"wp:term":[{"taxonomy":"category","embeddable":true,"href":"https:\/\/blogin.al\/index.php?rest_route=%2Fwp%2Fv2%2Fcategories&post=40960"},{"taxonomy":"post_tag","embeddable":true,"href":"https:\/\/blogin.al\/index.php?rest_route=%2Fwp%2Fv2%2Ftags&post=40960"}],"curies":[{"name":"wp","href":"https:\/\/api.w.org\/{rel}","templated":true}]}}