{"id":40973,"date":"2023-12-08T13:12:06","date_gmt":"2023-12-08T13:12:06","guid":{"rendered":"https:\/\/blogin.al\/?p=40973"},"modified":"2023-12-08T14:07:20","modified_gmt":"2023-12-08T14:07:20","slug":"u-denua-me-burg-pasi-falsifikoi-firmen-e-ish-burrit-per-te-nxjerre-vajzen-jashte-vendit-rudina-dembacaj-reagon-per-here-te-pare","status":"publish","type":"post","link":"https:\/\/blogin.al\/?p=40973","title":{"rendered":"U d\u00ebnua me burg pasi falsifikoi firm\u00ebn e ish-burrit p\u00ebr t\u00eb nxjerr\u00eb vajz\u00ebn jasht\u00eb vendit, Rudina Dembacaj reagon p\u00ebr her\u00eb t\u00eb par\u00eb"},"content":{"rendered":"\n<p>Aktorja e njohur e humorit, Rudina Dembacaj dit\u00ebn e sotme ka reaguar p\u00ebr her\u00eb t\u00eb par\u00eb pasi u d\u00ebnua nga Gjykata e Apelit me 6 muaj burg, p\u00ebr shkak se falsifikoi firm\u00ebn e ish-bashk\u00ebshortit t\u00eb saj, p\u00ebr t\u00eb nxjerr\u00eb vajz\u00ebn e tyre jasht\u00eb shtetit.<\/p>\n\n\n\n<p>Sipas burimeve p\u00ebr \u201cZ\u00ebri\u201d aktores s\u00eb humorit d\u00ebnimi i \u00ebsht\u00eb konvertuar n\u00eb 80 or\u00eb sh\u00ebrbim prove.<\/p>\n\n\n\n<p>P\u00ebrmes nj\u00eb postimi n\u00eb llogarin\u00eb e saj t\u00eb Instagram, Rudina ka b\u00ebr\u00eb nj\u00eb shkrim t\u00eb gjat\u00eb duke treguar sfidat q\u00eb kalon \u00e7do grua.<\/p>\n\n\n\n<p><em>\u201c\u00c7do vajz\u00eb, \u00e7do grua ka sfidat, fitoret, vuajtjet, g\u00ebzimet, ulje- ngritjet, kryengritjet e saj. Punon, duron, mbijeton, p\u00ebr veten, p\u00ebr f\u00ebmij\u00ebt, p\u00ebr familjen e saj. Flet shum\u00eb edhe at\u00ebhet\u00eb kur zgjedh me hesht.<\/em><\/p>\n\n\n\n<p><em>Pavarsisht se \u00e7far\u00eb i ndodh n\u00eb jet\u00eb e me k\u00eb duhet t\u00eb p\u00ebrballet, betej\u00ebn m\u00eb t\u00eb madhe e ka me veten, q\u00eb t\u00eb mund t\u00eb ruaj\u00eb dinjitetin, integritetin edhe n\u00eb koh\u00eb t\u00eb v\u00ebshtira. Lum kush ja del, sepse respekti p\u00ebr veten, \u00ebsht\u00eb fuqia m\u00eb e madhe p\u00ebr t\u00eb ecur ve\u00e7 p\u00ebrpara.<\/em><\/p>\n\n\n\n<p><em>\u201c7 minuta\u201d, m\u00eb mjaftuan, q\u00eb ashtu e strukur n\u00ebn l\u00ebkur\u00ebn e personazhit q\u00eb kisha n\u00eb shfaqje, t\u2019ia rikujtova prap fort vetes se s\u2019duhet kurr\u00eb me u dor\u00ebzu e s\u2019duhet me leju ask\u00ebnd me na vendos\u00eb kufijt e n\u00ebnshtrimit, ku do me t\u00eb pa. Ishim 11 vajza e gra n\u00eb at\u00eb sken\u00eb, me jet\u00eb e karaktere t\u00eb ndyshme, deri n\u00eb ekstreme. Un\u00eb, isha mal\u00ebsorja q\u00eb n\u00eb fillim u frik\u00ebsova, u hutova u l\u00ebkunda p\u00ebrball\u00eb rrezikut q\u00eb po na kanosej\u2026.derisa e gjeta forc\u00ebn e n\u00eb fund i thashe JO humbjes s\u00eb dinjitetit tim<\/em>\u201d \u2013 ka shkruar aktorja krahas disa fotove.<\/p>\n\n\n\n<figure class=\"wp-block-image size-large\"><img fetchpriority=\"high\" decoding=\"async\" width=\"1024\" height=\"717\" src=\"https:\/\/blogin.al\/wp-content\/uploads\/2023\/12\/R6Y76-1024x717.gif\" alt=\"\" class=\"wp-image-40971\" srcset=\"https:\/\/blogin.al\/wp-content\/uploads\/2023\/12\/R6Y76-1024x717.gif 1024w, https:\/\/blogin.al\/wp-content\/uploads\/2023\/12\/R6Y76-300x210.gif 300w, https:\/\/blogin.al\/wp-content\/uploads\/2023\/12\/R6Y76-768x538.gif 768w, https:\/\/blogin.al\/wp-content\/uploads\/2023\/12\/R6Y76-150x105.gif 150w, https:\/\/blogin.al\/wp-content\/uploads\/2023\/12\/R6Y76-696x487.gif 696w, https:\/\/blogin.al\/wp-content\/uploads\/2023\/12\/R6Y76-1068x748.gif 1068w\" sizes=\"(max-width: 1024px) 100vw, 1024px\" \/><\/figure>\n","protected":false},"excerpt":{"rendered":"<p>Aktorja e njohur e humorit, Rudina Dembacaj dit\u00ebn e sotme ka reaguar p\u00ebr her\u00eb t\u00eb par\u00eb pasi u d\u00ebnua nga Gjykata e Apelit me 6 muaj burg, p\u00ebr shkak se falsifikoi firm\u00ebn e ish-bashk\u00ebshortit t\u00eb saj, p\u00ebr t\u00eb nxjerr\u00eb vajz\u00ebn e tyre jasht\u00eb shtetit. Sipas burimeve p\u00ebr \u201cZ\u00ebri\u201d aktores s\u00eb humorit d\u00ebnimi i \u00ebsht\u00eb konvertuar [&hellip;]<\/p>\n","protected":false},"author":2,"featured_media":40972,"comment_status":"open","ping_status":"open","sticky":false,"template":"","format":"standard","meta":{"footnotes":""},"categories":[33],"tags":[],"class_list":{"0":"post-40973","1":"post","2":"type-post","3":"status-publish","4":"format-standard","5":"has-post-thumbnail","7":"category-showbiz"},"yoast_head":"<!-- This site is optimized with the Yoast SEO plugin v27.5 - https:\/\/yoast.com\/product\/yoast-seo-wordpress\/ -->\n<title>U d\u00ebnua me burg pasi falsifikoi firm\u00ebn e ish-burrit p\u00ebr t\u00eb nxjerr\u00eb vajz\u00ebn jasht\u00eb vendit, Rudina Dembacaj reagon p\u00ebr her\u00eb t\u00eb par\u00eb - blogin.al<\/title>\n<meta name=\"robots\" content=\"index, follow, max-snippet:-1, max-image-preview:large, max-video-preview:-1\" \/>\n<link rel=\"canonical\" href=\"https:\/\/blogin.al\/?p=40973\" \/>\n<meta property=\"og:locale\" content=\"en_US\" \/>\n<meta property=\"og:type\" content=\"article\" \/>\n<meta property=\"og:title\" content=\"U d\u00ebnua me burg pasi falsifikoi firm\u00ebn e ish-burrit p\u00ebr t\u00eb nxjerr\u00eb vajz\u00ebn jasht\u00eb vendit, Rudina Dembacaj reagon p\u00ebr her\u00eb t\u00eb par\u00eb - blogin.al\" \/>\n<meta property=\"og:description\" content=\"Aktorja e njohur e humorit, Rudina Dembacaj dit\u00ebn e sotme ka reaguar p\u00ebr her\u00eb t\u00eb par\u00eb pasi u d\u00ebnua nga Gjykata e Apelit me 6 muaj burg, p\u00ebr shkak se falsifikoi firm\u00ebn e ish-bashk\u00ebshortit t\u00eb saj, p\u00ebr t\u00eb nxjerr\u00eb vajz\u00ebn e tyre jasht\u00eb shtetit. Sipas burimeve p\u00ebr \u201cZ\u00ebri\u201d aktores s\u00eb humorit d\u00ebnimi i \u00ebsht\u00eb konvertuar [&hellip;]\" \/>\n<meta property=\"og:url\" content=\"https:\/\/blogin.al\/?p=40973\" \/>\n<meta property=\"og:site_name\" content=\"blogin.al\" \/>\n<meta property=\"article:published_time\" content=\"2023-12-08T13:12:06+00:00\" \/>\n<meta property=\"article:modified_time\" content=\"2023-12-08T14:07:20+00:00\" \/>\n<meta property=\"og:image\" content=\"https:\/\/blogin.al\/wp-content\/uploads\/2023\/12\/download-1.jpeg\" \/>\n\t<meta property=\"og:image:width\" content=\"262\" \/>\n\t<meta property=\"og:image:height\" content=\"192\" \/>\n\t<meta property=\"og:image:type\" content=\"image\/jpeg\" \/>\n<meta name=\"author\" content=\"Blogin al\" \/>\n<meta name=\"twitter:card\" content=\"summary_large_image\" \/>\n<meta name=\"twitter:label1\" content=\"Written by\" \/>\n\t<meta name=\"twitter:data1\" content=\"Blogin al\" \/>\n\t<meta name=\"twitter:label2\" content=\"Est. reading time\" \/>\n\t<meta name=\"twitter:data2\" content=\"2 minutes\" \/>\n<script type=\"application\/ld+json\" class=\"yoast-schema-graph\">{\"@context\":\"https:\\\/\\\/schema.org\",\"@graph\":[{\"@type\":\"Article\",\"@id\":\"https:\\\/\\\/blogin.al\\\/?p=40973#article\",\"isPartOf\":{\"@id\":\"https:\\\/\\\/blogin.al\\\/?p=40973\"},\"author\":{\"name\":\"Blogin al\",\"@id\":\"https:\\\/\\\/blogin.al\\\/#\\\/schema\\\/person\\\/abdd56bc912cd511db877b852b115399\"},\"headline\":\"U d\u00ebnua me burg pasi falsifikoi firm\u00ebn e ish-burrit p\u00ebr t\u00eb nxjerr\u00eb vajz\u00ebn jasht\u00eb vendit, Rudina Dembacaj reagon p\u00ebr her\u00eb t\u00eb par\u00eb\",\"datePublished\":\"2023-12-08T13:12:06+00:00\",\"dateModified\":\"2023-12-08T14:07:20+00:00\",\"mainEntityOfPage\":{\"@id\":\"https:\\\/\\\/blogin.al\\\/?p=40973\"},\"wordCount\":329,\"commentCount\":0,\"publisher\":{\"@id\":\"https:\\\/\\\/blogin.al\\\/#organization\"},\"image\":{\"@id\":\"https:\\\/\\\/blogin.al\\\/?p=40973#primaryimage\"},\"thumbnailUrl\":\"https:\\\/\\\/blogin.al\\\/wp-content\\\/uploads\\\/2023\\\/12\\\/download-1.jpeg\",\"articleSection\":[\"SHOWBIZ\"],\"inLanguage\":\"en-US\",\"potentialAction\":[{\"@type\":\"CommentAction\",\"name\":\"Comment\",\"target\":[\"https:\\\/\\\/blogin.al\\\/?p=40973#respond\"]}]},{\"@type\":\"WebPage\",\"@id\":\"https:\\\/\\\/blogin.al\\\/?p=40973\",\"url\":\"https:\\\/\\\/blogin.al\\\/?p=40973\",\"name\":\"U d\u00ebnua me burg pasi falsifikoi firm\u00ebn e ish-burrit p\u00ebr t\u00eb nxjerr\u00eb vajz\u00ebn jasht\u00eb vendit, Rudina Dembacaj reagon p\u00ebr her\u00eb t\u00eb par\u00eb - blogin.al\",\"isPartOf\":{\"@id\":\"https:\\\/\\\/blogin.al\\\/#website\"},\"primaryImageOfPage\":{\"@id\":\"https:\\\/\\\/blogin.al\\\/?p=40973#primaryimage\"},\"image\":{\"@id\":\"https:\\\/\\\/blogin.al\\\/?p=40973#primaryimage\"},\"thumbnailUrl\":\"https:\\\/\\\/blogin.al\\\/wp-content\\\/uploads\\\/2023\\\/12\\\/download-1.jpeg\",\"datePublished\":\"2023-12-08T13:12:06+00:00\",\"dateModified\":\"2023-12-08T14:07:20+00:00\",\"breadcrumb\":{\"@id\":\"https:\\\/\\\/blogin.al\\\/?p=40973#breadcrumb\"},\"inLanguage\":\"en-US\",\"potentialAction\":[{\"@type\":\"ReadAction\",\"target\":[\"https:\\\/\\\/blogin.al\\\/?p=40973\"]}]},{\"@type\":\"ImageObject\",\"inLanguage\":\"en-US\",\"@id\":\"https:\\\/\\\/blogin.al\\\/?p=40973#primaryimage\",\"url\":\"https:\\\/\\\/blogin.al\\\/wp-content\\\/uploads\\\/2023\\\/12\\\/download-1.jpeg\",\"contentUrl\":\"https:\\\/\\\/blogin.al\\\/wp-content\\\/uploads\\\/2023\\\/12\\\/download-1.jpeg\",\"width\":262,\"height\":192},{\"@type\":\"BreadcrumbList\",\"@id\":\"https:\\\/\\\/blogin.al\\\/?p=40973#breadcrumb\",\"itemListElement\":[{\"@type\":\"ListItem\",\"position\":1,\"name\":\"Home\",\"item\":\"https:\\\/\\\/blogin.al\\\/\"},{\"@type\":\"ListItem\",\"position\":2,\"name\":\"U d\u00ebnua me burg pasi falsifikoi firm\u00ebn e ish-burrit p\u00ebr t\u00eb nxjerr\u00eb vajz\u00ebn jasht\u00eb vendit, Rudina Dembacaj reagon p\u00ebr her\u00eb t\u00eb par\u00eb\"}]},{\"@type\":\"WebSite\",\"@id\":\"https:\\\/\\\/blogin.al\\\/#website\",\"url\":\"https:\\\/\\\/blogin.al\\\/\",\"name\":\"blogin.al\",\"description\":\"\",\"publisher\":{\"@id\":\"https:\\\/\\\/blogin.al\\\/#organization\"},\"potentialAction\":[{\"@type\":\"SearchAction\",\"target\":{\"@type\":\"EntryPoint\",\"urlTemplate\":\"https:\\\/\\\/blogin.al\\\/?s={search_term_string}\"},\"query-input\":{\"@type\":\"PropertyValueSpecification\",\"valueRequired\":true,\"valueName\":\"search_term_string\"}}],\"inLanguage\":\"en-US\"},{\"@type\":\"Organization\",\"@id\":\"https:\\\/\\\/blogin.al\\\/#organization\",\"name\":\"BLOGIN.al\",\"url\":\"https:\\\/\\\/blogin.al\\\/\",\"logo\":{\"@type\":\"ImageObject\",\"inLanguage\":\"en-US\",\"@id\":\"https:\\\/\\\/blogin.al\\\/#\\\/schema\\\/logo\\\/image\\\/\",\"url\":\"https:\\\/\\\/blogin.al\\\/wp-content\\\/uploads\\\/2022\\\/05\\\/Untitled-2-01-e1652084456514.png\",\"contentUrl\":\"https:\\\/\\\/blogin.al\\\/wp-content\\\/uploads\\\/2022\\\/05\\\/Untitled-2-01-e1652084456514.png\",\"width\":3723,\"height\":1698,\"caption\":\"BLOGIN.al\"},\"image\":{\"@id\":\"https:\\\/\\\/blogin.al\\\/#\\\/schema\\\/logo\\\/image\\\/\"},\"sameAs\":[\"https:\\\/\\\/instagram.com\\\/blogin.al\\\/\"]},{\"@type\":\"Person\",\"@id\":\"https:\\\/\\\/blogin.al\\\/#\\\/schema\\\/person\\\/abdd56bc912cd511db877b852b115399\",\"name\":\"Blogin al\",\"image\":{\"@type\":\"ImageObject\",\"inLanguage\":\"en-US\",\"@id\":\"https:\\\/\\\/secure.gravatar.com\\\/avatar\\\/60d5661aee6e835fb13dc75d2204cd0c1d61bef2efd137c0083e59ef831e235e?s=96&d=mm&r=g\",\"url\":\"https:\\\/\\\/secure.gravatar.com\\\/avatar\\\/60d5661aee6e835fb13dc75d2204cd0c1d61bef2efd137c0083e59ef831e235e?s=96&d=mm&r=g\",\"contentUrl\":\"https:\\\/\\\/secure.gravatar.com\\\/avatar\\\/60d5661aee6e835fb13dc75d2204cd0c1d61bef2efd137c0083e59ef831e235e?s=96&d=mm&r=g\",\"caption\":\"Blogin al\"},\"sameAs\":[\"https:\\\/\\\/blogin.al\"],\"url\":\"https:\\\/\\\/blogin.al\\\/?author=2\"}]}<\/script>\n<!-- \/ Yoast SEO plugin. -->","yoast_head_json":{"title":"U d\u00ebnua me burg pasi falsifikoi firm\u00ebn e ish-burrit p\u00ebr t\u00eb nxjerr\u00eb vajz\u00ebn jasht\u00eb vendit, Rudina Dembacaj reagon p\u00ebr her\u00eb t\u00eb par\u00eb - blogin.al","robots":{"index":"index","follow":"follow","max-snippet":"max-snippet:-1","max-image-preview":"max-image-preview:large","max-video-preview":"max-video-preview:-1"},"canonical":"https:\/\/blogin.al\/?p=40973","og_locale":"en_US","og_type":"article","og_title":"U d\u00ebnua me burg pasi falsifikoi firm\u00ebn e ish-burrit p\u00ebr t\u00eb nxjerr\u00eb vajz\u00ebn jasht\u00eb vendit, Rudina Dembacaj reagon p\u00ebr her\u00eb t\u00eb par\u00eb - blogin.al","og_description":"Aktorja e njohur e humorit, Rudina Dembacaj dit\u00ebn e sotme ka reaguar p\u00ebr her\u00eb t\u00eb par\u00eb pasi u d\u00ebnua nga Gjykata e Apelit me 6 muaj burg, p\u00ebr shkak se falsifikoi firm\u00ebn e ish-bashk\u00ebshortit t\u00eb saj, p\u00ebr t\u00eb nxjerr\u00eb vajz\u00ebn e tyre jasht\u00eb shtetit. Sipas burimeve p\u00ebr \u201cZ\u00ebri\u201d aktores s\u00eb humorit d\u00ebnimi i \u00ebsht\u00eb konvertuar [&hellip;]","og_url":"https:\/\/blogin.al\/?p=40973","og_site_name":"blogin.al","article_published_time":"2023-12-08T13:12:06+00:00","article_modified_time":"2023-12-08T14:07:20+00:00","og_image":[{"width":262,"height":192,"url":"https:\/\/blogin.al\/wp-content\/uploads\/2023\/12\/download-1.jpeg","type":"image\/jpeg"}],"author":"Blogin al","twitter_card":"summary_large_image","twitter_misc":{"Written by":"Blogin al","Est. reading time":"2 minutes"},"schema":{"@context":"https:\/\/schema.org","@graph":[{"@type":"Article","@id":"https:\/\/blogin.al\/?p=40973#article","isPartOf":{"@id":"https:\/\/blogin.al\/?p=40973"},"author":{"name":"Blogin al","@id":"https:\/\/blogin.al\/#\/schema\/person\/abdd56bc912cd511db877b852b115399"},"headline":"U d\u00ebnua me burg pasi falsifikoi firm\u00ebn e ish-burrit p\u00ebr t\u00eb nxjerr\u00eb vajz\u00ebn jasht\u00eb vendit, Rudina Dembacaj reagon p\u00ebr her\u00eb t\u00eb par\u00eb","datePublished":"2023-12-08T13:12:06+00:00","dateModified":"2023-12-08T14:07:20+00:00","mainEntityOfPage":{"@id":"https:\/\/blogin.al\/?p=40973"},"wordCount":329,"commentCount":0,"publisher":{"@id":"https:\/\/blogin.al\/#organization"},"image":{"@id":"https:\/\/blogin.al\/?p=40973#primaryimage"},"thumbnailUrl":"https:\/\/blogin.al\/wp-content\/uploads\/2023\/12\/download-1.jpeg","articleSection":["SHOWBIZ"],"inLanguage":"en-US","potentialAction":[{"@type":"CommentAction","name":"Comment","target":["https:\/\/blogin.al\/?p=40973#respond"]}]},{"@type":"WebPage","@id":"https:\/\/blogin.al\/?p=40973","url":"https:\/\/blogin.al\/?p=40973","name":"U d\u00ebnua me burg pasi falsifikoi firm\u00ebn e ish-burrit p\u00ebr t\u00eb nxjerr\u00eb vajz\u00ebn jasht\u00eb vendit, Rudina Dembacaj reagon p\u00ebr her\u00eb t\u00eb par\u00eb - blogin.al","isPartOf":{"@id":"https:\/\/blogin.al\/#website"},"primaryImageOfPage":{"@id":"https:\/\/blogin.al\/?p=40973#primaryimage"},"image":{"@id":"https:\/\/blogin.al\/?p=40973#primaryimage"},"thumbnailUrl":"https:\/\/blogin.al\/wp-content\/uploads\/2023\/12\/download-1.jpeg","datePublished":"2023-12-08T13:12:06+00:00","dateModified":"2023-12-08T14:07:20+00:00","breadcrumb":{"@id":"https:\/\/blogin.al\/?p=40973#breadcrumb"},"inLanguage":"en-US","potentialAction":[{"@type":"ReadAction","target":["https:\/\/blogin.al\/?p=40973"]}]},{"@type":"ImageObject","inLanguage":"en-US","@id":"https:\/\/blogin.al\/?p=40973#primaryimage","url":"https:\/\/blogin.al\/wp-content\/uploads\/2023\/12\/download-1.jpeg","contentUrl":"https:\/\/blogin.al\/wp-content\/uploads\/2023\/12\/download-1.jpeg","width":262,"height":192},{"@type":"BreadcrumbList","@id":"https:\/\/blogin.al\/?p=40973#breadcrumb","itemListElement":[{"@type":"ListItem","position":1,"name":"Home","item":"https:\/\/blogin.al\/"},{"@type":"ListItem","position":2,"name":"U d\u00ebnua me burg pasi falsifikoi firm\u00ebn e ish-burrit p\u00ebr t\u00eb nxjerr\u00eb vajz\u00ebn jasht\u00eb vendit, Rudina Dembacaj reagon p\u00ebr her\u00eb t\u00eb par\u00eb"}]},{"@type":"WebSite","@id":"https:\/\/blogin.al\/#website","url":"https:\/\/blogin.al\/","name":"blogin.al","description":"","publisher":{"@id":"https:\/\/blogin.al\/#organization"},"potentialAction":[{"@type":"SearchAction","target":{"@type":"EntryPoint","urlTemplate":"https:\/\/blogin.al\/?s={search_term_string}"},"query-input":{"@type":"PropertyValueSpecification","valueRequired":true,"valueName":"search_term_string"}}],"inLanguage":"en-US"},{"@type":"Organization","@id":"https:\/\/blogin.al\/#organization","name":"BLOGIN.al","url":"https:\/\/blogin.al\/","logo":{"@type":"ImageObject","inLanguage":"en-US","@id":"https:\/\/blogin.al\/#\/schema\/logo\/image\/","url":"https:\/\/blogin.al\/wp-content\/uploads\/2022\/05\/Untitled-2-01-e1652084456514.png","contentUrl":"https:\/\/blogin.al\/wp-content\/uploads\/2022\/05\/Untitled-2-01-e1652084456514.png","width":3723,"height":1698,"caption":"BLOGIN.al"},"image":{"@id":"https:\/\/blogin.al\/#\/schema\/logo\/image\/"},"sameAs":["https:\/\/instagram.com\/blogin.al\/"]},{"@type":"Person","@id":"https:\/\/blogin.al\/#\/schema\/person\/abdd56bc912cd511db877b852b115399","name":"Blogin al","image":{"@type":"ImageObject","inLanguage":"en-US","@id":"https:\/\/secure.gravatar.com\/avatar\/60d5661aee6e835fb13dc75d2204cd0c1d61bef2efd137c0083e59ef831e235e?s=96&d=mm&r=g","url":"https:\/\/secure.gravatar.com\/avatar\/60d5661aee6e835fb13dc75d2204cd0c1d61bef2efd137c0083e59ef831e235e?s=96&d=mm&r=g","contentUrl":"https:\/\/secure.gravatar.com\/avatar\/60d5661aee6e835fb13dc75d2204cd0c1d61bef2efd137c0083e59ef831e235e?s=96&d=mm&r=g","caption":"Blogin al"},"sameAs":["https:\/\/blogin.al"],"url":"https:\/\/blogin.al\/?author=2"}]}},"_links":{"self":[{"href":"https:\/\/blogin.al\/index.php?rest_route=\/wp\/v2\/posts\/40973","targetHints":{"allow":["GET"]}}],"collection":[{"href":"https:\/\/blogin.al\/index.php?rest_route=\/wp\/v2\/posts"}],"about":[{"href":"https:\/\/blogin.al\/index.php?rest_route=\/wp\/v2\/types\/post"}],"author":[{"embeddable":true,"href":"https:\/\/blogin.al\/index.php?rest_route=\/wp\/v2\/users\/2"}],"replies":[{"embeddable":true,"href":"https:\/\/blogin.al\/index.php?rest_route=%2Fwp%2Fv2%2Fcomments&post=40973"}],"version-history":[{"count":1,"href":"https:\/\/blogin.al\/index.php?rest_route=\/wp\/v2\/posts\/40973\/revisions"}],"predecessor-version":[{"id":40974,"href":"https:\/\/blogin.al\/index.php?rest_route=\/wp\/v2\/posts\/40973\/revisions\/40974"}],"wp:featuredmedia":[{"embeddable":true,"href":"https:\/\/blogin.al\/index.php?rest_route=\/wp\/v2\/media\/40972"}],"wp:attachment":[{"href":"https:\/\/blogin.al\/index.php?rest_route=%2Fwp%2Fv2%2Fmedia&parent=40973"}],"wp:term":[{"taxonomy":"category","embeddable":true,"href":"https:\/\/blogin.al\/index.php?rest_route=%2Fwp%2Fv2%2Fcategories&post=40973"},{"taxonomy":"post_tag","embeddable":true,"href":"https:\/\/blogin.al\/index.php?rest_route=%2Fwp%2Fv2%2Ftags&post=40973"}],"curies":[{"name":"wp","href":"https:\/\/api.w.org\/{rel}","templated":true}]}}