{"id":41017,"date":"2023-12-09T09:00:25","date_gmt":"2023-12-09T09:00:25","guid":{"rendered":"https:\/\/blogin.al\/?p=41017"},"modified":"2023-12-09T10:42:25","modified_gmt":"2023-12-09T10:42:25","slug":"irgen-cela-aksidenti-i-prinderve-me-dha-goditjen-e-jetes","status":"publish","type":"post","link":"https:\/\/blogin.al\/?p=41017","title":{"rendered":"Rr\u00ebfimi i aktorit Irgen \u00c7ela: Aksidenti i prind\u00ebrve me dha goditjen e jet\u00ebs"},"content":{"rendered":"\n<p>Aktori i njohur i humorit, Irgen \u00c7ela, rr\u00ebfeu n\u00eb \u201cDancing With The Stars\u201d vitin n\u00eb t\u00eb cilin ka marr\u00eb goditjen e v\u00ebshtir\u00eb t\u00eb jet\u00ebs.<\/p>\n\n\n\n<p>Aksidenti i prind\u00ebrve, q\u00eb ka ndodhur m\u00eb 4 gusht t\u00eb vitit 2000, \u00ebsht\u00eb rr\u00ebnjosur thell\u00eb n\u00eb memorien e aktorit.<\/p>\n\n\n\n<p>Irgeni deklaroi se n\u00eb momentin q\u00eb \u00ebsht\u00eb kthyer nga udh\u00ebtimi q\u00eb po b\u00ebnte me ekipin e futbollit, i ati nuk e ka pritur, aty ka kuptuar q\u00eb di\u00e7ka ka ndodhur.<\/p>\n\n\n\n<p>\u00c7ela tregoi se \u00ebsht\u00eb shum\u00eb e v\u00ebshtir\u00eb t\u00eb shoh\u00ebsh babin n\u00eb gjendje t\u00eb v\u00ebshtir\u00eb sh\u00ebndet\u00ebsore, e teksa sot ai l\u00ebviz me paterica.<\/p>\n\n\n\n<p>\u201cBa, ky k\u00ebrcim \u00ebsht\u00eb p\u00ebr ty\u201d, e mbylli aktori rr\u00ebfimin e tij.<\/p>\n\n\n\n<p>Rr\u00ebfimi i Irgen \u00c7el\u00ebs:<\/p>\n\n\n\n<p>\u201cData 4 gusht \u00ebsht\u00eb nj\u00ebkoh\u00ebsisht edhe data m\u00eb e trisht\u00eb n\u00eb jet\u00ebn time por edhe m\u00eb e lumtura gjithashtu. N\u00eb kat\u00ebr gusht t\u00eb viti 2000 prind\u00ebrit e mi kan\u00eb b\u00ebr\u00eb aksident automobilistik, nd\u00ebrsa rreth 15 vite m\u00eb von\u00eb n\u00eb 2015 ka lindur djali im. Kur ka ndodhur aksidenti un\u00eb nuk kam qen\u00eb n\u00eb makin\u00eb, kam qen\u00eb n\u00eb Maqedoni n\u00eb ekipin e futbollit, por kur u ktheva nuk m\u00eb priti babai. Menj\u00ebher\u00eb mendova se di\u00e7ka ka ndodhur. Ai sot ec\u00ebn me paterica dhe ishte e dhimbshme ta shihje babin nga nj\u00eb njeri q\u00eb l\u00ebvizte vazhdimisht t\u00eb kthehej n\u00eb nj\u00eb person q\u00eb luftonte me jet\u00ebn n\u00eb shtrat.<\/p>\n\n\n\n<p>Do doja t\u00eb m\u00eb shoq\u00ebronte n\u00eb vende t\u00eb caktuara, n\u00eb DWTS do doja t\u00eb ishte i ulur n\u00eb publik, nuk do ta p\u00ebrballoja dot. Dhe ai besoj nuk do ta kishte t\u00eb leht\u00eb. Dit\u00ebn kur do t\u00eb performoj k\u00ebrcimin \u00ebsht\u00eb edhe dit\u00eblindja e babit. Kontemporanja ka t\u00eb b\u00ebj\u00eb me luft\u00ebn e brendshme t\u00eb jet\u00ebs sime dhe shum\u00eb sfida q\u00eb i kemi kaluar bashk\u00eb. Ba, ky k\u00ebrcim \u00ebsht\u00eb p\u00ebr ty, ti je forca ime!\u201d.<\/p>\n\n\n\n<p>Nd\u00ebrkoh\u00eb Irgeni dhe Jora performuan nj\u00eb kontemporane, q\u00eb u ndoq n\u00eb publik edhe nga babai i konkurrentit. Ai realizoi m\u00eb s\u00eb miri nj\u00eb performanc\u00eb t\u00eb cil\u00ebn ia dedikoi njeriut t\u00eb shtrenjt\u00eb, i cili nj\u00ebkoh\u00ebsisht festonte dit\u00eblindjen.<\/p>\n","protected":false},"excerpt":{"rendered":"<p>Aktori i njohur i humorit, Irgen \u00c7ela, rr\u00ebfeu n\u00eb \u201cDancing With The Stars\u201d vitin n\u00eb t\u00eb cilin ka marr\u00eb goditjen e v\u00ebshtir\u00eb t\u00eb jet\u00ebs. Aksidenti i prind\u00ebrve, q\u00eb ka ndodhur m\u00eb 4 gusht t\u00eb vitit 2000, \u00ebsht\u00eb rr\u00ebnjosur thell\u00eb n\u00eb memorien e aktorit. Irgeni deklaroi se n\u00eb momentin q\u00eb \u00ebsht\u00eb kthyer nga udh\u00ebtimi q\u00eb po [&hellip;]<\/p>\n","protected":false},"author":2,"featured_media":41018,"comment_status":"open","ping_status":"open","sticky":false,"template":"","format":"standard","meta":{"footnotes":""},"categories":[33],"tags":[],"class_list":{"0":"post-41017","1":"post","2":"type-post","3":"status-publish","4":"format-standard","5":"has-post-thumbnail","7":"category-showbiz"},"yoast_head":"<!-- This site is optimized with the Yoast SEO plugin v27.5 - https:\/\/yoast.com\/product\/yoast-seo-wordpress\/ -->\n<title>Rr\u00ebfimi i aktorit Irgen \u00c7ela: Aksidenti i prind\u00ebrve me dha goditjen e jet\u00ebs - blogin.al<\/title>\n<meta name=\"robots\" content=\"index, follow, max-snippet:-1, max-image-preview:large, max-video-preview:-1\" \/>\n<link rel=\"canonical\" href=\"https:\/\/blogin.al\/?p=41017\" \/>\n<meta property=\"og:locale\" content=\"en_US\" \/>\n<meta property=\"og:type\" content=\"article\" \/>\n<meta property=\"og:title\" content=\"Rr\u00ebfimi i aktorit Irgen \u00c7ela: Aksidenti i prind\u00ebrve me dha goditjen e jet\u00ebs - blogin.al\" \/>\n<meta property=\"og:description\" content=\"Aktori i njohur i humorit, Irgen \u00c7ela, rr\u00ebfeu n\u00eb \u201cDancing With The Stars\u201d vitin n\u00eb t\u00eb cilin ka marr\u00eb goditjen e v\u00ebshtir\u00eb t\u00eb jet\u00ebs. Aksidenti i prind\u00ebrve, q\u00eb ka ndodhur m\u00eb 4 gusht t\u00eb vitit 2000, \u00ebsht\u00eb rr\u00ebnjosur thell\u00eb n\u00eb memorien e aktorit. Irgeni deklaroi se n\u00eb momentin q\u00eb \u00ebsht\u00eb kthyer nga udh\u00ebtimi q\u00eb po [&hellip;]\" \/>\n<meta property=\"og:url\" content=\"https:\/\/blogin.al\/?p=41017\" \/>\n<meta property=\"og:site_name\" content=\"blogin.al\" \/>\n<meta property=\"article:published_time\" content=\"2023-12-09T09:00:25+00:00\" \/>\n<meta property=\"article:modified_time\" content=\"2023-12-09T10:42:25+00:00\" \/>\n<meta property=\"og:image\" content=\"https:\/\/blogin.al\/wp-content\/uploads\/2023\/12\/image-55.png\" \/>\n\t<meta property=\"og:image:width\" content=\"1280\" \/>\n\t<meta property=\"og:image:height\" content=\"720\" \/>\n\t<meta property=\"og:image:type\" content=\"image\/png\" \/>\n<meta name=\"author\" content=\"Blogin al\" \/>\n<meta name=\"twitter:card\" content=\"summary_large_image\" \/>\n<meta name=\"twitter:label1\" content=\"Written by\" \/>\n\t<meta name=\"twitter:data1\" content=\"Blogin al\" \/>\n\t<meta name=\"twitter:label2\" content=\"Est. reading time\" \/>\n\t<meta name=\"twitter:data2\" content=\"2 minutes\" \/>\n<script type=\"application\/ld+json\" class=\"yoast-schema-graph\">{\"@context\":\"https:\\\/\\\/schema.org\",\"@graph\":[{\"@type\":\"Article\",\"@id\":\"https:\\\/\\\/blogin.al\\\/?p=41017#article\",\"isPartOf\":{\"@id\":\"https:\\\/\\\/blogin.al\\\/?p=41017\"},\"author\":{\"name\":\"Blogin al\",\"@id\":\"https:\\\/\\\/blogin.al\\\/#\\\/schema\\\/person\\\/abdd56bc912cd511db877b852b115399\"},\"headline\":\"Rr\u00ebfimi i aktorit Irgen \u00c7ela: Aksidenti i prind\u00ebrve me dha goditjen e jet\u00ebs\",\"datePublished\":\"2023-12-09T09:00:25+00:00\",\"dateModified\":\"2023-12-09T10:42:25+00:00\",\"mainEntityOfPage\":{\"@id\":\"https:\\\/\\\/blogin.al\\\/?p=41017\"},\"wordCount\":381,\"commentCount\":0,\"publisher\":{\"@id\":\"https:\\\/\\\/blogin.al\\\/#organization\"},\"image\":{\"@id\":\"https:\\\/\\\/blogin.al\\\/?p=41017#primaryimage\"},\"thumbnailUrl\":\"https:\\\/\\\/blogin.al\\\/wp-content\\\/uploads\\\/2023\\\/12\\\/image-55.png\",\"articleSection\":[\"SHOWBIZ\"],\"inLanguage\":\"en-US\",\"potentialAction\":[{\"@type\":\"CommentAction\",\"name\":\"Comment\",\"target\":[\"https:\\\/\\\/blogin.al\\\/?p=41017#respond\"]}]},{\"@type\":\"WebPage\",\"@id\":\"https:\\\/\\\/blogin.al\\\/?p=41017\",\"url\":\"https:\\\/\\\/blogin.al\\\/?p=41017\",\"name\":\"Rr\u00ebfimi i aktorit Irgen \u00c7ela: Aksidenti i prind\u00ebrve me dha goditjen e jet\u00ebs - blogin.al\",\"isPartOf\":{\"@id\":\"https:\\\/\\\/blogin.al\\\/#website\"},\"primaryImageOfPage\":{\"@id\":\"https:\\\/\\\/blogin.al\\\/?p=41017#primaryimage\"},\"image\":{\"@id\":\"https:\\\/\\\/blogin.al\\\/?p=41017#primaryimage\"},\"thumbnailUrl\":\"https:\\\/\\\/blogin.al\\\/wp-content\\\/uploads\\\/2023\\\/12\\\/image-55.png\",\"datePublished\":\"2023-12-09T09:00:25+00:00\",\"dateModified\":\"2023-12-09T10:42:25+00:00\",\"breadcrumb\":{\"@id\":\"https:\\\/\\\/blogin.al\\\/?p=41017#breadcrumb\"},\"inLanguage\":\"en-US\",\"potentialAction\":[{\"@type\":\"ReadAction\",\"target\":[\"https:\\\/\\\/blogin.al\\\/?p=41017\"]}]},{\"@type\":\"ImageObject\",\"inLanguage\":\"en-US\",\"@id\":\"https:\\\/\\\/blogin.al\\\/?p=41017#primaryimage\",\"url\":\"https:\\\/\\\/blogin.al\\\/wp-content\\\/uploads\\\/2023\\\/12\\\/image-55.png\",\"contentUrl\":\"https:\\\/\\\/blogin.al\\\/wp-content\\\/uploads\\\/2023\\\/12\\\/image-55.png\",\"width\":1280,\"height\":720},{\"@type\":\"BreadcrumbList\",\"@id\":\"https:\\\/\\\/blogin.al\\\/?p=41017#breadcrumb\",\"itemListElement\":[{\"@type\":\"ListItem\",\"position\":1,\"name\":\"Home\",\"item\":\"https:\\\/\\\/blogin.al\\\/\"},{\"@type\":\"ListItem\",\"position\":2,\"name\":\"Rr\u00ebfimi i aktorit Irgen \u00c7ela: Aksidenti i prind\u00ebrve me dha goditjen e jet\u00ebs\"}]},{\"@type\":\"WebSite\",\"@id\":\"https:\\\/\\\/blogin.al\\\/#website\",\"url\":\"https:\\\/\\\/blogin.al\\\/\",\"name\":\"blogin.al\",\"description\":\"\",\"publisher\":{\"@id\":\"https:\\\/\\\/blogin.al\\\/#organization\"},\"potentialAction\":[{\"@type\":\"SearchAction\",\"target\":{\"@type\":\"EntryPoint\",\"urlTemplate\":\"https:\\\/\\\/blogin.al\\\/?s={search_term_string}\"},\"query-input\":{\"@type\":\"PropertyValueSpecification\",\"valueRequired\":true,\"valueName\":\"search_term_string\"}}],\"inLanguage\":\"en-US\"},{\"@type\":\"Organization\",\"@id\":\"https:\\\/\\\/blogin.al\\\/#organization\",\"name\":\"BLOGIN.al\",\"url\":\"https:\\\/\\\/blogin.al\\\/\",\"logo\":{\"@type\":\"ImageObject\",\"inLanguage\":\"en-US\",\"@id\":\"https:\\\/\\\/blogin.al\\\/#\\\/schema\\\/logo\\\/image\\\/\",\"url\":\"https:\\\/\\\/blogin.al\\\/wp-content\\\/uploads\\\/2022\\\/05\\\/Untitled-2-01-e1652084456514.png\",\"contentUrl\":\"https:\\\/\\\/blogin.al\\\/wp-content\\\/uploads\\\/2022\\\/05\\\/Untitled-2-01-e1652084456514.png\",\"width\":3723,\"height\":1698,\"caption\":\"BLOGIN.al\"},\"image\":{\"@id\":\"https:\\\/\\\/blogin.al\\\/#\\\/schema\\\/logo\\\/image\\\/\"},\"sameAs\":[\"https:\\\/\\\/instagram.com\\\/blogin.al\\\/\"]},{\"@type\":\"Person\",\"@id\":\"https:\\\/\\\/blogin.al\\\/#\\\/schema\\\/person\\\/abdd56bc912cd511db877b852b115399\",\"name\":\"Blogin al\",\"image\":{\"@type\":\"ImageObject\",\"inLanguage\":\"en-US\",\"@id\":\"https:\\\/\\\/secure.gravatar.com\\\/avatar\\\/60d5661aee6e835fb13dc75d2204cd0c1d61bef2efd137c0083e59ef831e235e?s=96&d=mm&r=g\",\"url\":\"https:\\\/\\\/secure.gravatar.com\\\/avatar\\\/60d5661aee6e835fb13dc75d2204cd0c1d61bef2efd137c0083e59ef831e235e?s=96&d=mm&r=g\",\"contentUrl\":\"https:\\\/\\\/secure.gravatar.com\\\/avatar\\\/60d5661aee6e835fb13dc75d2204cd0c1d61bef2efd137c0083e59ef831e235e?s=96&d=mm&r=g\",\"caption\":\"Blogin al\"},\"sameAs\":[\"https:\\\/\\\/blogin.al\"],\"url\":\"https:\\\/\\\/blogin.al\\\/?author=2\"}]}<\/script>\n<!-- \/ Yoast SEO plugin. -->","yoast_head_json":{"title":"Rr\u00ebfimi i aktorit Irgen \u00c7ela: Aksidenti i prind\u00ebrve me dha goditjen e jet\u00ebs - blogin.al","robots":{"index":"index","follow":"follow","max-snippet":"max-snippet:-1","max-image-preview":"max-image-preview:large","max-video-preview":"max-video-preview:-1"},"canonical":"https:\/\/blogin.al\/?p=41017","og_locale":"en_US","og_type":"article","og_title":"Rr\u00ebfimi i aktorit Irgen \u00c7ela: Aksidenti i prind\u00ebrve me dha goditjen e jet\u00ebs - blogin.al","og_description":"Aktori i njohur i humorit, Irgen \u00c7ela, rr\u00ebfeu n\u00eb \u201cDancing With The Stars\u201d vitin n\u00eb t\u00eb cilin ka marr\u00eb goditjen e v\u00ebshtir\u00eb t\u00eb jet\u00ebs. Aksidenti i prind\u00ebrve, q\u00eb ka ndodhur m\u00eb 4 gusht t\u00eb vitit 2000, \u00ebsht\u00eb rr\u00ebnjosur thell\u00eb n\u00eb memorien e aktorit. Irgeni deklaroi se n\u00eb momentin q\u00eb \u00ebsht\u00eb kthyer nga udh\u00ebtimi q\u00eb po [&hellip;]","og_url":"https:\/\/blogin.al\/?p=41017","og_site_name":"blogin.al","article_published_time":"2023-12-09T09:00:25+00:00","article_modified_time":"2023-12-09T10:42:25+00:00","og_image":[{"width":1280,"height":720,"url":"https:\/\/blogin.al\/wp-content\/uploads\/2023\/12\/image-55.png","type":"image\/png"}],"author":"Blogin al","twitter_card":"summary_large_image","twitter_misc":{"Written by":"Blogin al","Est. reading time":"2 minutes"},"schema":{"@context":"https:\/\/schema.org","@graph":[{"@type":"Article","@id":"https:\/\/blogin.al\/?p=41017#article","isPartOf":{"@id":"https:\/\/blogin.al\/?p=41017"},"author":{"name":"Blogin al","@id":"https:\/\/blogin.al\/#\/schema\/person\/abdd56bc912cd511db877b852b115399"},"headline":"Rr\u00ebfimi i aktorit Irgen \u00c7ela: Aksidenti i prind\u00ebrve me dha goditjen e jet\u00ebs","datePublished":"2023-12-09T09:00:25+00:00","dateModified":"2023-12-09T10:42:25+00:00","mainEntityOfPage":{"@id":"https:\/\/blogin.al\/?p=41017"},"wordCount":381,"commentCount":0,"publisher":{"@id":"https:\/\/blogin.al\/#organization"},"image":{"@id":"https:\/\/blogin.al\/?p=41017#primaryimage"},"thumbnailUrl":"https:\/\/blogin.al\/wp-content\/uploads\/2023\/12\/image-55.png","articleSection":["SHOWBIZ"],"inLanguage":"en-US","potentialAction":[{"@type":"CommentAction","name":"Comment","target":["https:\/\/blogin.al\/?p=41017#respond"]}]},{"@type":"WebPage","@id":"https:\/\/blogin.al\/?p=41017","url":"https:\/\/blogin.al\/?p=41017","name":"Rr\u00ebfimi i aktorit Irgen \u00c7ela: Aksidenti i prind\u00ebrve me dha goditjen e jet\u00ebs - blogin.al","isPartOf":{"@id":"https:\/\/blogin.al\/#website"},"primaryImageOfPage":{"@id":"https:\/\/blogin.al\/?p=41017#primaryimage"},"image":{"@id":"https:\/\/blogin.al\/?p=41017#primaryimage"},"thumbnailUrl":"https:\/\/blogin.al\/wp-content\/uploads\/2023\/12\/image-55.png","datePublished":"2023-12-09T09:00:25+00:00","dateModified":"2023-12-09T10:42:25+00:00","breadcrumb":{"@id":"https:\/\/blogin.al\/?p=41017#breadcrumb"},"inLanguage":"en-US","potentialAction":[{"@type":"ReadAction","target":["https:\/\/blogin.al\/?p=41017"]}]},{"@type":"ImageObject","inLanguage":"en-US","@id":"https:\/\/blogin.al\/?p=41017#primaryimage","url":"https:\/\/blogin.al\/wp-content\/uploads\/2023\/12\/image-55.png","contentUrl":"https:\/\/blogin.al\/wp-content\/uploads\/2023\/12\/image-55.png","width":1280,"height":720},{"@type":"BreadcrumbList","@id":"https:\/\/blogin.al\/?p=41017#breadcrumb","itemListElement":[{"@type":"ListItem","position":1,"name":"Home","item":"https:\/\/blogin.al\/"},{"@type":"ListItem","position":2,"name":"Rr\u00ebfimi i aktorit Irgen \u00c7ela: Aksidenti i prind\u00ebrve me dha goditjen e jet\u00ebs"}]},{"@type":"WebSite","@id":"https:\/\/blogin.al\/#website","url":"https:\/\/blogin.al\/","name":"blogin.al","description":"","publisher":{"@id":"https:\/\/blogin.al\/#organization"},"potentialAction":[{"@type":"SearchAction","target":{"@type":"EntryPoint","urlTemplate":"https:\/\/blogin.al\/?s={search_term_string}"},"query-input":{"@type":"PropertyValueSpecification","valueRequired":true,"valueName":"search_term_string"}}],"inLanguage":"en-US"},{"@type":"Organization","@id":"https:\/\/blogin.al\/#organization","name":"BLOGIN.al","url":"https:\/\/blogin.al\/","logo":{"@type":"ImageObject","inLanguage":"en-US","@id":"https:\/\/blogin.al\/#\/schema\/logo\/image\/","url":"https:\/\/blogin.al\/wp-content\/uploads\/2022\/05\/Untitled-2-01-e1652084456514.png","contentUrl":"https:\/\/blogin.al\/wp-content\/uploads\/2022\/05\/Untitled-2-01-e1652084456514.png","width":3723,"height":1698,"caption":"BLOGIN.al"},"image":{"@id":"https:\/\/blogin.al\/#\/schema\/logo\/image\/"},"sameAs":["https:\/\/instagram.com\/blogin.al\/"]},{"@type":"Person","@id":"https:\/\/blogin.al\/#\/schema\/person\/abdd56bc912cd511db877b852b115399","name":"Blogin al","image":{"@type":"ImageObject","inLanguage":"en-US","@id":"https:\/\/secure.gravatar.com\/avatar\/60d5661aee6e835fb13dc75d2204cd0c1d61bef2efd137c0083e59ef831e235e?s=96&d=mm&r=g","url":"https:\/\/secure.gravatar.com\/avatar\/60d5661aee6e835fb13dc75d2204cd0c1d61bef2efd137c0083e59ef831e235e?s=96&d=mm&r=g","contentUrl":"https:\/\/secure.gravatar.com\/avatar\/60d5661aee6e835fb13dc75d2204cd0c1d61bef2efd137c0083e59ef831e235e?s=96&d=mm&r=g","caption":"Blogin al"},"sameAs":["https:\/\/blogin.al"],"url":"https:\/\/blogin.al\/?author=2"}]}},"_links":{"self":[{"href":"https:\/\/blogin.al\/index.php?rest_route=\/wp\/v2\/posts\/41017","targetHints":{"allow":["GET"]}}],"collection":[{"href":"https:\/\/blogin.al\/index.php?rest_route=\/wp\/v2\/posts"}],"about":[{"href":"https:\/\/blogin.al\/index.php?rest_route=\/wp\/v2\/types\/post"}],"author":[{"embeddable":true,"href":"https:\/\/blogin.al\/index.php?rest_route=\/wp\/v2\/users\/2"}],"replies":[{"embeddable":true,"href":"https:\/\/blogin.al\/index.php?rest_route=%2Fwp%2Fv2%2Fcomments&post=41017"}],"version-history":[{"count":2,"href":"https:\/\/blogin.al\/index.php?rest_route=\/wp\/v2\/posts\/41017\/revisions"}],"predecessor-version":[{"id":41031,"href":"https:\/\/blogin.al\/index.php?rest_route=\/wp\/v2\/posts\/41017\/revisions\/41031"}],"wp:featuredmedia":[{"embeddable":true,"href":"https:\/\/blogin.al\/index.php?rest_route=\/wp\/v2\/media\/41018"}],"wp:attachment":[{"href":"https:\/\/blogin.al\/index.php?rest_route=%2Fwp%2Fv2%2Fmedia&parent=41017"}],"wp:term":[{"taxonomy":"category","embeddable":true,"href":"https:\/\/blogin.al\/index.php?rest_route=%2Fwp%2Fv2%2Fcategories&post=41017"},{"taxonomy":"post_tag","embeddable":true,"href":"https:\/\/blogin.al\/index.php?rest_route=%2Fwp%2Fv2%2Ftags&post=41017"}],"curies":[{"name":"wp","href":"https:\/\/api.w.org\/{rel}","templated":true}]}}