{"id":41029,"date":"2023-12-09T09:23:34","date_gmt":"2023-12-09T09:23:34","guid":{"rendered":"https:\/\/blogin.al\/?p=41029"},"modified":"2023-12-09T09:23:35","modified_gmt":"2023-12-09T09:23:35","slug":"nuk-ka-paqe-pas-ndarjes-pique-kercenon-shakiren-me-publikimin-e-disa-provave-tronditese","status":"publish","type":"post","link":"https:\/\/blogin.al\/?p=41029","title":{"rendered":"Nuk ka paqe pas ndarjes! Pique k\u00ebrc\u00ebnon Shakir\u00ebn me publikimin e disa provave trondit\u00ebse"},"content":{"rendered":"\n<p>Pas ndarjes s\u00eb Shakir\u00ebs dhe Gerard Piqu\u00e9 u tha se \u00e7ifti i ndau rrug\u00ebt nj\u00ebher\u00eb e mir\u00eb. Por kur t\u00eb gjith\u00eb menduan se ata kishin arritur marr\u00ebveshje p\u00ebr ndarjen e tyre, detaje t\u00eb tjera kan\u00eb dal\u00eb n\u00eb drit\u00eb.<\/p>\n\n\n\n<p>Gazetari Jordi Mart\u00edn n\u00eb programin e Amerik\u00ebs s\u00eb Veriut \u2018El Gordo y la Flaca\u2019 tha se:<\/p>\n\n\n\n<p>\u201cPique dhe Shakira kan\u00eb probleme p\u00ebr shkak t\u00eb pushimeve shkollore t\u00eb f\u00ebmij\u00ebve t\u00eb tyre, p\u00ebrve\u00e7 faktit q\u00eb nuk mund t\u00eb pranojn\u00eb t\u00eb shesin sht\u00ebpin\u00eb q\u00eb kan\u00eb s\u00eb bashku n\u00eb Barcelon\u00eb\u201d, kan\u00eb nisur duke shpjeguar \u2018paparac\u00ebt\u2019. \u201cM\u00eb kan\u00eb th\u00ebn\u00eb se Pique po i b\u00ebn presion Shakir\u00ebs q\u00eb t\u00eb pranoj\u00eb t\u00eb shes\u00eb sht\u00ebpin\u00eb\u201d.<\/p>\n\n\n\n<p>Dhe, p\u00ebr ta b\u00ebr\u00eb k\u00ebt\u00eb, ish-lojtari i FC Barcelona do t\u00eb ishte i gatsh\u00ebm t\u00eb shkonte deri n\u00eb fund: \u201cAi mund t\u00eb ket\u00eb prova q\u00eb mund t\u00eb komplikojn\u00eb \u00e7\u00ebshtjen q\u00eb k\u00ebng\u00ebtarja ka edhe me Tatimet kund\u00ebr tij\u201d, thot\u00eb katalanasi.<\/p>\n\n\n\n<p>\u201cP\u00ebrve\u00e7 k\u00ebsaj, ai k\u00ebrkon m\u00eb shum\u00eb dit\u00eb p\u00ebr t\u00eb shijuar f\u00ebmij\u00ebt e tij. Arma q\u00eb ka Pique \u00ebsht\u00eb se marr\u00ebveshja q\u00eb ata n\u00ebnshkruan n\u00eb Barcelon\u00eb nuk u ratifikua kurr\u00eb n\u00eb Miami, gj\u00eb q\u00eb l\u00eb nj\u00eb vakum ligjor q\u00eb ai d\u00ebshiron t\u00eb p\u00ebrfitoj\u00eb\u201d, shpjegoi gazetari.<\/p>\n","protected":false},"excerpt":{"rendered":"<p>Pas ndarjes s\u00eb Shakir\u00ebs dhe Gerard Piqu\u00e9 u tha se \u00e7ifti i ndau rrug\u00ebt nj\u00ebher\u00eb e mir\u00eb. Por kur t\u00eb gjith\u00eb menduan se ata kishin arritur marr\u00ebveshje p\u00ebr ndarjen e tyre, detaje t\u00eb tjera kan\u00eb dal\u00eb n\u00eb drit\u00eb. Gazetari Jordi Mart\u00edn n\u00eb programin e Amerik\u00ebs s\u00eb Veriut \u2018El Gordo y la Flaca\u2019 tha se: \u201cPique [&hellip;]<\/p>\n","protected":false},"author":2,"featured_media":7009,"comment_status":"open","ping_status":"open","sticky":false,"template":"","format":"standard","meta":{"footnotes":""},"categories":[33],"tags":[],"class_list":{"0":"post-41029","1":"post","2":"type-post","3":"status-publish","4":"format-standard","5":"has-post-thumbnail","7":"category-showbiz"},"yoast_head":"<!-- This site is optimized with the Yoast SEO plugin v27.5 - https:\/\/yoast.com\/product\/yoast-seo-wordpress\/ -->\n<title>Nuk ka paqe pas ndarjes! Pique k\u00ebrc\u00ebnon Shakir\u00ebn me publikimin e disa provave trondit\u00ebse - blogin.al<\/title>\n<meta name=\"robots\" content=\"index, follow, max-snippet:-1, max-image-preview:large, max-video-preview:-1\" \/>\n<link rel=\"canonical\" href=\"https:\/\/blogin.al\/?p=41029\" \/>\n<meta property=\"og:locale\" content=\"en_US\" \/>\n<meta property=\"og:type\" content=\"article\" \/>\n<meta property=\"og:title\" content=\"Nuk ka paqe pas ndarjes! Pique k\u00ebrc\u00ebnon Shakir\u00ebn me publikimin e disa provave trondit\u00ebse - blogin.al\" \/>\n<meta property=\"og:description\" content=\"Pas ndarjes s\u00eb Shakir\u00ebs dhe Gerard Piqu\u00e9 u tha se \u00e7ifti i ndau rrug\u00ebt nj\u00ebher\u00eb e mir\u00eb. Por kur t\u00eb gjith\u00eb menduan se ata kishin arritur marr\u00ebveshje p\u00ebr ndarjen e tyre, detaje t\u00eb tjera kan\u00eb dal\u00eb n\u00eb drit\u00eb. Gazetari Jordi Mart\u00edn n\u00eb programin e Amerik\u00ebs s\u00eb Veriut \u2018El Gordo y la Flaca\u2019 tha se: \u201cPique [&hellip;]\" \/>\n<meta property=\"og:url\" content=\"https:\/\/blogin.al\/?p=41029\" \/>\n<meta property=\"og:site_name\" content=\"blogin.al\" \/>\n<meta property=\"article:published_time\" content=\"2023-12-09T09:23:34+00:00\" \/>\n<meta property=\"article:modified_time\" content=\"2023-12-09T09:23:35+00:00\" \/>\n<meta property=\"og:image\" content=\"https:\/\/blogin.al\/wp-content\/uploads\/2022\/06\/220604-shakira-pique-mjf-1037-c5339f_3f7ef5c545acec21bcd130e5e65837c265e692bb.jpg\" \/>\n\t<meta property=\"og:image:width\" content=\"2500\" \/>\n\t<meta property=\"og:image:height\" content=\"1667\" \/>\n\t<meta property=\"og:image:type\" content=\"image\/jpeg\" \/>\n<meta name=\"author\" content=\"Blogin al\" \/>\n<meta name=\"twitter:card\" content=\"summary_large_image\" \/>\n<meta name=\"twitter:label1\" content=\"Written by\" \/>\n\t<meta name=\"twitter:data1\" content=\"Blogin al\" \/>\n\t<meta name=\"twitter:label2\" content=\"Est. reading time\" \/>\n\t<meta name=\"twitter:data2\" content=\"1 minute\" \/>\n<script type=\"application\/ld+json\" class=\"yoast-schema-graph\">{\"@context\":\"https:\\\/\\\/schema.org\",\"@graph\":[{\"@type\":\"Article\",\"@id\":\"https:\\\/\\\/blogin.al\\\/?p=41029#article\",\"isPartOf\":{\"@id\":\"https:\\\/\\\/blogin.al\\\/?p=41029\"},\"author\":{\"name\":\"Blogin al\",\"@id\":\"https:\\\/\\\/blogin.al\\\/#\\\/schema\\\/person\\\/abdd56bc912cd511db877b852b115399\"},\"headline\":\"Nuk ka paqe pas ndarjes! Pique k\u00ebrc\u00ebnon Shakir\u00ebn me publikimin e disa provave trondit\u00ebse\",\"datePublished\":\"2023-12-09T09:23:34+00:00\",\"dateModified\":\"2023-12-09T09:23:35+00:00\",\"mainEntityOfPage\":{\"@id\":\"https:\\\/\\\/blogin.al\\\/?p=41029\"},\"wordCount\":240,\"commentCount\":0,\"publisher\":{\"@id\":\"https:\\\/\\\/blogin.al\\\/#organization\"},\"image\":{\"@id\":\"https:\\\/\\\/blogin.al\\\/?p=41029#primaryimage\"},\"thumbnailUrl\":\"https:\\\/\\\/blogin.al\\\/wp-content\\\/uploads\\\/2022\\\/06\\\/220604-shakira-pique-mjf-1037-c5339f_3f7ef5c545acec21bcd130e5e65837c265e692bb.jpg\",\"articleSection\":[\"SHOWBIZ\"],\"inLanguage\":\"en-US\",\"potentialAction\":[{\"@type\":\"CommentAction\",\"name\":\"Comment\",\"target\":[\"https:\\\/\\\/blogin.al\\\/?p=41029#respond\"]}]},{\"@type\":\"WebPage\",\"@id\":\"https:\\\/\\\/blogin.al\\\/?p=41029\",\"url\":\"https:\\\/\\\/blogin.al\\\/?p=41029\",\"name\":\"Nuk ka paqe pas ndarjes! Pique k\u00ebrc\u00ebnon Shakir\u00ebn me publikimin e disa provave trondit\u00ebse - blogin.al\",\"isPartOf\":{\"@id\":\"https:\\\/\\\/blogin.al\\\/#website\"},\"primaryImageOfPage\":{\"@id\":\"https:\\\/\\\/blogin.al\\\/?p=41029#primaryimage\"},\"image\":{\"@id\":\"https:\\\/\\\/blogin.al\\\/?p=41029#primaryimage\"},\"thumbnailUrl\":\"https:\\\/\\\/blogin.al\\\/wp-content\\\/uploads\\\/2022\\\/06\\\/220604-shakira-pique-mjf-1037-c5339f_3f7ef5c545acec21bcd130e5e65837c265e692bb.jpg\",\"datePublished\":\"2023-12-09T09:23:34+00:00\",\"dateModified\":\"2023-12-09T09:23:35+00:00\",\"breadcrumb\":{\"@id\":\"https:\\\/\\\/blogin.al\\\/?p=41029#breadcrumb\"},\"inLanguage\":\"en-US\",\"potentialAction\":[{\"@type\":\"ReadAction\",\"target\":[\"https:\\\/\\\/blogin.al\\\/?p=41029\"]}]},{\"@type\":\"ImageObject\",\"inLanguage\":\"en-US\",\"@id\":\"https:\\\/\\\/blogin.al\\\/?p=41029#primaryimage\",\"url\":\"https:\\\/\\\/blogin.al\\\/wp-content\\\/uploads\\\/2022\\\/06\\\/220604-shakira-pique-mjf-1037-c5339f_3f7ef5c545acec21bcd130e5e65837c265e692bb.jpg\",\"contentUrl\":\"https:\\\/\\\/blogin.al\\\/wp-content\\\/uploads\\\/2022\\\/06\\\/220604-shakira-pique-mjf-1037-c5339f_3f7ef5c545acec21bcd130e5e65837c265e692bb.jpg\",\"width\":2500,\"height\":1667},{\"@type\":\"BreadcrumbList\",\"@id\":\"https:\\\/\\\/blogin.al\\\/?p=41029#breadcrumb\",\"itemListElement\":[{\"@type\":\"ListItem\",\"position\":1,\"name\":\"Home\",\"item\":\"https:\\\/\\\/blogin.al\\\/\"},{\"@type\":\"ListItem\",\"position\":2,\"name\":\"Nuk ka paqe pas ndarjes! Pique k\u00ebrc\u00ebnon Shakir\u00ebn me publikimin e disa provave trondit\u00ebse\"}]},{\"@type\":\"WebSite\",\"@id\":\"https:\\\/\\\/blogin.al\\\/#website\",\"url\":\"https:\\\/\\\/blogin.al\\\/\",\"name\":\"blogin.al\",\"description\":\"\",\"publisher\":{\"@id\":\"https:\\\/\\\/blogin.al\\\/#organization\"},\"potentialAction\":[{\"@type\":\"SearchAction\",\"target\":{\"@type\":\"EntryPoint\",\"urlTemplate\":\"https:\\\/\\\/blogin.al\\\/?s={search_term_string}\"},\"query-input\":{\"@type\":\"PropertyValueSpecification\",\"valueRequired\":true,\"valueName\":\"search_term_string\"}}],\"inLanguage\":\"en-US\"},{\"@type\":\"Organization\",\"@id\":\"https:\\\/\\\/blogin.al\\\/#organization\",\"name\":\"BLOGIN.al\",\"url\":\"https:\\\/\\\/blogin.al\\\/\",\"logo\":{\"@type\":\"ImageObject\",\"inLanguage\":\"en-US\",\"@id\":\"https:\\\/\\\/blogin.al\\\/#\\\/schema\\\/logo\\\/image\\\/\",\"url\":\"https:\\\/\\\/blogin.al\\\/wp-content\\\/uploads\\\/2022\\\/05\\\/Untitled-2-01-e1652084456514.png\",\"contentUrl\":\"https:\\\/\\\/blogin.al\\\/wp-content\\\/uploads\\\/2022\\\/05\\\/Untitled-2-01-e1652084456514.png\",\"width\":3723,\"height\":1698,\"caption\":\"BLOGIN.al\"},\"image\":{\"@id\":\"https:\\\/\\\/blogin.al\\\/#\\\/schema\\\/logo\\\/image\\\/\"},\"sameAs\":[\"https:\\\/\\\/instagram.com\\\/blogin.al\\\/\"]},{\"@type\":\"Person\",\"@id\":\"https:\\\/\\\/blogin.al\\\/#\\\/schema\\\/person\\\/abdd56bc912cd511db877b852b115399\",\"name\":\"Blogin al\",\"image\":{\"@type\":\"ImageObject\",\"inLanguage\":\"en-US\",\"@id\":\"https:\\\/\\\/secure.gravatar.com\\\/avatar\\\/60d5661aee6e835fb13dc75d2204cd0c1d61bef2efd137c0083e59ef831e235e?s=96&d=mm&r=g\",\"url\":\"https:\\\/\\\/secure.gravatar.com\\\/avatar\\\/60d5661aee6e835fb13dc75d2204cd0c1d61bef2efd137c0083e59ef831e235e?s=96&d=mm&r=g\",\"contentUrl\":\"https:\\\/\\\/secure.gravatar.com\\\/avatar\\\/60d5661aee6e835fb13dc75d2204cd0c1d61bef2efd137c0083e59ef831e235e?s=96&d=mm&r=g\",\"caption\":\"Blogin al\"},\"sameAs\":[\"https:\\\/\\\/blogin.al\"],\"url\":\"https:\\\/\\\/blogin.al\\\/?author=2\"}]}<\/script>\n<!-- \/ Yoast SEO plugin. -->","yoast_head_json":{"title":"Nuk ka paqe pas ndarjes! Pique k\u00ebrc\u00ebnon Shakir\u00ebn me publikimin e disa provave trondit\u00ebse - blogin.al","robots":{"index":"index","follow":"follow","max-snippet":"max-snippet:-1","max-image-preview":"max-image-preview:large","max-video-preview":"max-video-preview:-1"},"canonical":"https:\/\/blogin.al\/?p=41029","og_locale":"en_US","og_type":"article","og_title":"Nuk ka paqe pas ndarjes! Pique k\u00ebrc\u00ebnon Shakir\u00ebn me publikimin e disa provave trondit\u00ebse - blogin.al","og_description":"Pas ndarjes s\u00eb Shakir\u00ebs dhe Gerard Piqu\u00e9 u tha se \u00e7ifti i ndau rrug\u00ebt nj\u00ebher\u00eb e mir\u00eb. Por kur t\u00eb gjith\u00eb menduan se ata kishin arritur marr\u00ebveshje p\u00ebr ndarjen e tyre, detaje t\u00eb tjera kan\u00eb dal\u00eb n\u00eb drit\u00eb. Gazetari Jordi Mart\u00edn n\u00eb programin e Amerik\u00ebs s\u00eb Veriut \u2018El Gordo y la Flaca\u2019 tha se: \u201cPique [&hellip;]","og_url":"https:\/\/blogin.al\/?p=41029","og_site_name":"blogin.al","article_published_time":"2023-12-09T09:23:34+00:00","article_modified_time":"2023-12-09T09:23:35+00:00","og_image":[{"width":2500,"height":1667,"url":"https:\/\/blogin.al\/wp-content\/uploads\/2022\/06\/220604-shakira-pique-mjf-1037-c5339f_3f7ef5c545acec21bcd130e5e65837c265e692bb.jpg","type":"image\/jpeg"}],"author":"Blogin al","twitter_card":"summary_large_image","twitter_misc":{"Written by":"Blogin al","Est. reading time":"1 minute"},"schema":{"@context":"https:\/\/schema.org","@graph":[{"@type":"Article","@id":"https:\/\/blogin.al\/?p=41029#article","isPartOf":{"@id":"https:\/\/blogin.al\/?p=41029"},"author":{"name":"Blogin al","@id":"https:\/\/blogin.al\/#\/schema\/person\/abdd56bc912cd511db877b852b115399"},"headline":"Nuk ka paqe pas ndarjes! Pique k\u00ebrc\u00ebnon Shakir\u00ebn me publikimin e disa provave trondit\u00ebse","datePublished":"2023-12-09T09:23:34+00:00","dateModified":"2023-12-09T09:23:35+00:00","mainEntityOfPage":{"@id":"https:\/\/blogin.al\/?p=41029"},"wordCount":240,"commentCount":0,"publisher":{"@id":"https:\/\/blogin.al\/#organization"},"image":{"@id":"https:\/\/blogin.al\/?p=41029#primaryimage"},"thumbnailUrl":"https:\/\/blogin.al\/wp-content\/uploads\/2022\/06\/220604-shakira-pique-mjf-1037-c5339f_3f7ef5c545acec21bcd130e5e65837c265e692bb.jpg","articleSection":["SHOWBIZ"],"inLanguage":"en-US","potentialAction":[{"@type":"CommentAction","name":"Comment","target":["https:\/\/blogin.al\/?p=41029#respond"]}]},{"@type":"WebPage","@id":"https:\/\/blogin.al\/?p=41029","url":"https:\/\/blogin.al\/?p=41029","name":"Nuk ka paqe pas ndarjes! Pique k\u00ebrc\u00ebnon Shakir\u00ebn me publikimin e disa provave trondit\u00ebse - blogin.al","isPartOf":{"@id":"https:\/\/blogin.al\/#website"},"primaryImageOfPage":{"@id":"https:\/\/blogin.al\/?p=41029#primaryimage"},"image":{"@id":"https:\/\/blogin.al\/?p=41029#primaryimage"},"thumbnailUrl":"https:\/\/blogin.al\/wp-content\/uploads\/2022\/06\/220604-shakira-pique-mjf-1037-c5339f_3f7ef5c545acec21bcd130e5e65837c265e692bb.jpg","datePublished":"2023-12-09T09:23:34+00:00","dateModified":"2023-12-09T09:23:35+00:00","breadcrumb":{"@id":"https:\/\/blogin.al\/?p=41029#breadcrumb"},"inLanguage":"en-US","potentialAction":[{"@type":"ReadAction","target":["https:\/\/blogin.al\/?p=41029"]}]},{"@type":"ImageObject","inLanguage":"en-US","@id":"https:\/\/blogin.al\/?p=41029#primaryimage","url":"https:\/\/blogin.al\/wp-content\/uploads\/2022\/06\/220604-shakira-pique-mjf-1037-c5339f_3f7ef5c545acec21bcd130e5e65837c265e692bb.jpg","contentUrl":"https:\/\/blogin.al\/wp-content\/uploads\/2022\/06\/220604-shakira-pique-mjf-1037-c5339f_3f7ef5c545acec21bcd130e5e65837c265e692bb.jpg","width":2500,"height":1667},{"@type":"BreadcrumbList","@id":"https:\/\/blogin.al\/?p=41029#breadcrumb","itemListElement":[{"@type":"ListItem","position":1,"name":"Home","item":"https:\/\/blogin.al\/"},{"@type":"ListItem","position":2,"name":"Nuk ka paqe pas ndarjes! Pique k\u00ebrc\u00ebnon Shakir\u00ebn me publikimin e disa provave trondit\u00ebse"}]},{"@type":"WebSite","@id":"https:\/\/blogin.al\/#website","url":"https:\/\/blogin.al\/","name":"blogin.al","description":"","publisher":{"@id":"https:\/\/blogin.al\/#organization"},"potentialAction":[{"@type":"SearchAction","target":{"@type":"EntryPoint","urlTemplate":"https:\/\/blogin.al\/?s={search_term_string}"},"query-input":{"@type":"PropertyValueSpecification","valueRequired":true,"valueName":"search_term_string"}}],"inLanguage":"en-US"},{"@type":"Organization","@id":"https:\/\/blogin.al\/#organization","name":"BLOGIN.al","url":"https:\/\/blogin.al\/","logo":{"@type":"ImageObject","inLanguage":"en-US","@id":"https:\/\/blogin.al\/#\/schema\/logo\/image\/","url":"https:\/\/blogin.al\/wp-content\/uploads\/2022\/05\/Untitled-2-01-e1652084456514.png","contentUrl":"https:\/\/blogin.al\/wp-content\/uploads\/2022\/05\/Untitled-2-01-e1652084456514.png","width":3723,"height":1698,"caption":"BLOGIN.al"},"image":{"@id":"https:\/\/blogin.al\/#\/schema\/logo\/image\/"},"sameAs":["https:\/\/instagram.com\/blogin.al\/"]},{"@type":"Person","@id":"https:\/\/blogin.al\/#\/schema\/person\/abdd56bc912cd511db877b852b115399","name":"Blogin al","image":{"@type":"ImageObject","inLanguage":"en-US","@id":"https:\/\/secure.gravatar.com\/avatar\/60d5661aee6e835fb13dc75d2204cd0c1d61bef2efd137c0083e59ef831e235e?s=96&d=mm&r=g","url":"https:\/\/secure.gravatar.com\/avatar\/60d5661aee6e835fb13dc75d2204cd0c1d61bef2efd137c0083e59ef831e235e?s=96&d=mm&r=g","contentUrl":"https:\/\/secure.gravatar.com\/avatar\/60d5661aee6e835fb13dc75d2204cd0c1d61bef2efd137c0083e59ef831e235e?s=96&d=mm&r=g","caption":"Blogin al"},"sameAs":["https:\/\/blogin.al"],"url":"https:\/\/blogin.al\/?author=2"}]}},"_links":{"self":[{"href":"https:\/\/blogin.al\/index.php?rest_route=\/wp\/v2\/posts\/41029","targetHints":{"allow":["GET"]}}],"collection":[{"href":"https:\/\/blogin.al\/index.php?rest_route=\/wp\/v2\/posts"}],"about":[{"href":"https:\/\/blogin.al\/index.php?rest_route=\/wp\/v2\/types\/post"}],"author":[{"embeddable":true,"href":"https:\/\/blogin.al\/index.php?rest_route=\/wp\/v2\/users\/2"}],"replies":[{"embeddable":true,"href":"https:\/\/blogin.al\/index.php?rest_route=%2Fwp%2Fv2%2Fcomments&post=41029"}],"version-history":[{"count":1,"href":"https:\/\/blogin.al\/index.php?rest_route=\/wp\/v2\/posts\/41029\/revisions"}],"predecessor-version":[{"id":41030,"href":"https:\/\/blogin.al\/index.php?rest_route=\/wp\/v2\/posts\/41029\/revisions\/41030"}],"wp:featuredmedia":[{"embeddable":true,"href":"https:\/\/blogin.al\/index.php?rest_route=\/wp\/v2\/media\/7009"}],"wp:attachment":[{"href":"https:\/\/blogin.al\/index.php?rest_route=%2Fwp%2Fv2%2Fmedia&parent=41029"}],"wp:term":[{"taxonomy":"category","embeddable":true,"href":"https:\/\/blogin.al\/index.php?rest_route=%2Fwp%2Fv2%2Fcategories&post=41029"},{"taxonomy":"post_tag","embeddable":true,"href":"https:\/\/blogin.al\/index.php?rest_route=%2Fwp%2Fv2%2Ftags&post=41029"}],"curies":[{"name":"wp","href":"https:\/\/api.w.org\/{rel}","templated":true}]}}