{"id":41059,"date":"2023-12-10T08:06:38","date_gmt":"2023-12-10T08:06:38","guid":{"rendered":"https:\/\/blogin.al\/?p=41059"},"modified":"2023-12-10T09:25:21","modified_gmt":"2023-12-10T09:25:21","slug":"rudina-dembacaj-u-denua-me-burg-se-falsifikoi-firmen-e-tij-ish-bashkeshorti-sdo-te-jem-kurre-nje-baba-i-keq","status":"publish","type":"post","link":"https:\/\/blogin.al\/?p=41059","title":{"rendered":"Rudina Dembacaj u d\u00ebnua me burg se falsifikoi firm\u00ebn e tij, ish-bashk\u00ebshorti: S\u2019do t\u00eb jem kurr\u00eb nj\u00eb baba i keq!"},"content":{"rendered":"\n<p>Dit\u00ebn e djeshme u publikua lajmi se aktorja e njohur e humorit, Rudina Dembacaj, ishte d\u00ebnuar me 6 muaj burg, p\u00ebr falsifikimin e prokur\u00ebs s\u00eb vajz\u00ebs s\u00eb saj.<\/p>\n\n\n\n<p>Pas k\u00ebtyre lajmeve ka reaguar ka reaguar ish-bashk\u00ebshorti i aktores, Aleksand\u00ebr Varfaj, i cili me an\u00eb t\u00eb nj\u00eb postimi n\u00eb instagram shkruan nuk do jet\u00eb kurr\u00eb nj\u00eb baba i keq.<\/p>\n\n\n\n<p>Ish-bashk\u00ebshorti i Rudina Dembacajt \u00ebsht\u00eb ankuar vazhdimisht se aktorja nuk e l\u00eb q\u00eb t\u00eb ket\u00eb nj\u00eb marr\u00ebdh\u00ebnie normale me vajz\u00ebn e tij, dhe p\u00ebrplasja mes tyre ka shkuar deri n\u00eb gjykat\u00eb.<\/p>\n\n\n\n<figure class=\"wp-block-image size-full is-style-default\"><img fetchpriority=\"high\" decoding=\"async\" width=\"640\" height=\"945\" src=\"https:\/\/blogin.al\/wp-content\/uploads\/2023\/12\/image-62.png\" alt=\"\" class=\"wp-image-41060\" srcset=\"https:\/\/blogin.al\/wp-content\/uploads\/2023\/12\/image-62.png 640w, https:\/\/blogin.al\/wp-content\/uploads\/2023\/12\/image-62-203x300.png 203w, https:\/\/blogin.al\/wp-content\/uploads\/2023\/12\/image-62-150x221.png 150w, https:\/\/blogin.al\/wp-content\/uploads\/2023\/12\/image-62-300x443.png 300w\" sizes=\"(max-width: 640px) 100vw, 640px\" \/><\/figure>\n","protected":false},"excerpt":{"rendered":"<p>Dit\u00ebn e djeshme u publikua lajmi se aktorja e njohur e humorit, Rudina Dembacaj, ishte d\u00ebnuar me 6 muaj burg, p\u00ebr falsifikimin e prokur\u00ebs s\u00eb vajz\u00ebs s\u00eb saj. Pas k\u00ebtyre lajmeve ka reaguar ka reaguar ish-bashk\u00ebshorti i aktores, Aleksand\u00ebr Varfaj, i cili me an\u00eb t\u00eb nj\u00eb postimi n\u00eb instagram shkruan nuk do jet\u00eb kurr\u00eb nj\u00eb [&hellip;]<\/p>\n","protected":false},"author":2,"featured_media":20880,"comment_status":"open","ping_status":"open","sticky":false,"template":"","format":"standard","meta":{"footnotes":""},"categories":[33],"tags":[],"class_list":{"0":"post-41059","1":"post","2":"type-post","3":"status-publish","4":"format-standard","5":"has-post-thumbnail","7":"category-showbiz"},"yoast_head":"<!-- This site is optimized with the Yoast SEO plugin v27.5 - https:\/\/yoast.com\/product\/yoast-seo-wordpress\/ -->\n<title>Rudina Dembacaj u d\u00ebnua me burg se falsifikoi firm\u00ebn e tij, ish-bashk\u00ebshorti: S\u2019do t\u00eb jem kurr\u00eb nj\u00eb baba i keq! - blogin.al<\/title>\n<meta name=\"robots\" content=\"index, follow, max-snippet:-1, max-image-preview:large, max-video-preview:-1\" \/>\n<link rel=\"canonical\" href=\"https:\/\/blogin.al\/?p=41059\" \/>\n<meta property=\"og:locale\" content=\"en_US\" \/>\n<meta property=\"og:type\" content=\"article\" \/>\n<meta property=\"og:title\" content=\"Rudina Dembacaj u d\u00ebnua me burg se falsifikoi firm\u00ebn e tij, ish-bashk\u00ebshorti: S\u2019do t\u00eb jem kurr\u00eb nj\u00eb baba i keq! - blogin.al\" \/>\n<meta property=\"og:description\" content=\"Dit\u00ebn e djeshme u publikua lajmi se aktorja e njohur e humorit, Rudina Dembacaj, ishte d\u00ebnuar me 6 muaj burg, p\u00ebr falsifikimin e prokur\u00ebs s\u00eb vajz\u00ebs s\u00eb saj. Pas k\u00ebtyre lajmeve ka reaguar ka reaguar ish-bashk\u00ebshorti i aktores, Aleksand\u00ebr Varfaj, i cili me an\u00eb t\u00eb nj\u00eb postimi n\u00eb instagram shkruan nuk do jet\u00eb kurr\u00eb nj\u00eb [&hellip;]\" \/>\n<meta property=\"og:url\" content=\"https:\/\/blogin.al\/?p=41059\" \/>\n<meta property=\"og:site_name\" content=\"blogin.al\" \/>\n<meta property=\"article:published_time\" content=\"2023-12-10T08:06:38+00:00\" \/>\n<meta property=\"article:modified_time\" content=\"2023-12-10T09:25:21+00:00\" \/>\n<meta property=\"og:image\" content=\"https:\/\/blogin.al\/wp-content\/uploads\/2022\/12\/rudina-dembacaj-viktoria.jpg\" \/>\n\t<meta property=\"og:image:width\" content=\"1080\" \/>\n\t<meta property=\"og:image:height\" content=\"1350\" \/>\n\t<meta property=\"og:image:type\" content=\"image\/jpeg\" \/>\n<meta name=\"author\" content=\"Blogin al\" \/>\n<meta name=\"twitter:card\" content=\"summary_large_image\" \/>\n<meta name=\"twitter:label1\" content=\"Written by\" \/>\n\t<meta name=\"twitter:data1\" content=\"Blogin al\" \/>\n\t<meta name=\"twitter:label2\" content=\"Est. reading time\" \/>\n\t<meta name=\"twitter:data2\" content=\"1 minute\" \/>\n<script type=\"application\/ld+json\" class=\"yoast-schema-graph\">{\"@context\":\"https:\\\/\\\/schema.org\",\"@graph\":[{\"@type\":\"Article\",\"@id\":\"https:\\\/\\\/blogin.al\\\/?p=41059#article\",\"isPartOf\":{\"@id\":\"https:\\\/\\\/blogin.al\\\/?p=41059\"},\"author\":{\"name\":\"Blogin al\",\"@id\":\"https:\\\/\\\/blogin.al\\\/#\\\/schema\\\/person\\\/abdd56bc912cd511db877b852b115399\"},\"headline\":\"Rudina Dembacaj u d\u00ebnua me burg se falsifikoi firm\u00ebn e tij, ish-bashk\u00ebshorti: S\u2019do t\u00eb jem kurr\u00eb nj\u00eb baba i keq!\",\"datePublished\":\"2023-12-10T08:06:38+00:00\",\"dateModified\":\"2023-12-10T09:25:21+00:00\",\"mainEntityOfPage\":{\"@id\":\"https:\\\/\\\/blogin.al\\\/?p=41059\"},\"wordCount\":125,\"commentCount\":0,\"publisher\":{\"@id\":\"https:\\\/\\\/blogin.al\\\/#organization\"},\"image\":{\"@id\":\"https:\\\/\\\/blogin.al\\\/?p=41059#primaryimage\"},\"thumbnailUrl\":\"https:\\\/\\\/blogin.al\\\/wp-content\\\/uploads\\\/2022\\\/12\\\/rudina-dembacaj-viktoria.jpg\",\"articleSection\":[\"SHOWBIZ\"],\"inLanguage\":\"en-US\",\"potentialAction\":[{\"@type\":\"CommentAction\",\"name\":\"Comment\",\"target\":[\"https:\\\/\\\/blogin.al\\\/?p=41059#respond\"]}]},{\"@type\":\"WebPage\",\"@id\":\"https:\\\/\\\/blogin.al\\\/?p=41059\",\"url\":\"https:\\\/\\\/blogin.al\\\/?p=41059\",\"name\":\"Rudina Dembacaj u d\u00ebnua me burg se falsifikoi firm\u00ebn e tij, ish-bashk\u00ebshorti: S\u2019do t\u00eb jem kurr\u00eb nj\u00eb baba i keq! - blogin.al\",\"isPartOf\":{\"@id\":\"https:\\\/\\\/blogin.al\\\/#website\"},\"primaryImageOfPage\":{\"@id\":\"https:\\\/\\\/blogin.al\\\/?p=41059#primaryimage\"},\"image\":{\"@id\":\"https:\\\/\\\/blogin.al\\\/?p=41059#primaryimage\"},\"thumbnailUrl\":\"https:\\\/\\\/blogin.al\\\/wp-content\\\/uploads\\\/2022\\\/12\\\/rudina-dembacaj-viktoria.jpg\",\"datePublished\":\"2023-12-10T08:06:38+00:00\",\"dateModified\":\"2023-12-10T09:25:21+00:00\",\"breadcrumb\":{\"@id\":\"https:\\\/\\\/blogin.al\\\/?p=41059#breadcrumb\"},\"inLanguage\":\"en-US\",\"potentialAction\":[{\"@type\":\"ReadAction\",\"target\":[\"https:\\\/\\\/blogin.al\\\/?p=41059\"]}]},{\"@type\":\"ImageObject\",\"inLanguage\":\"en-US\",\"@id\":\"https:\\\/\\\/blogin.al\\\/?p=41059#primaryimage\",\"url\":\"https:\\\/\\\/blogin.al\\\/wp-content\\\/uploads\\\/2022\\\/12\\\/rudina-dembacaj-viktoria.jpg\",\"contentUrl\":\"https:\\\/\\\/blogin.al\\\/wp-content\\\/uploads\\\/2022\\\/12\\\/rudina-dembacaj-viktoria.jpg\",\"width\":1080,\"height\":1350},{\"@type\":\"BreadcrumbList\",\"@id\":\"https:\\\/\\\/blogin.al\\\/?p=41059#breadcrumb\",\"itemListElement\":[{\"@type\":\"ListItem\",\"position\":1,\"name\":\"Home\",\"item\":\"https:\\\/\\\/blogin.al\\\/\"},{\"@type\":\"ListItem\",\"position\":2,\"name\":\"Rudina Dembacaj u d\u00ebnua me burg se falsifikoi firm\u00ebn e tij, ish-bashk\u00ebshorti: S\u2019do t\u00eb jem kurr\u00eb nj\u00eb baba i keq!\"}]},{\"@type\":\"WebSite\",\"@id\":\"https:\\\/\\\/blogin.al\\\/#website\",\"url\":\"https:\\\/\\\/blogin.al\\\/\",\"name\":\"blogin.al\",\"description\":\"\",\"publisher\":{\"@id\":\"https:\\\/\\\/blogin.al\\\/#organization\"},\"potentialAction\":[{\"@type\":\"SearchAction\",\"target\":{\"@type\":\"EntryPoint\",\"urlTemplate\":\"https:\\\/\\\/blogin.al\\\/?s={search_term_string}\"},\"query-input\":{\"@type\":\"PropertyValueSpecification\",\"valueRequired\":true,\"valueName\":\"search_term_string\"}}],\"inLanguage\":\"en-US\"},{\"@type\":\"Organization\",\"@id\":\"https:\\\/\\\/blogin.al\\\/#organization\",\"name\":\"BLOGIN.al\",\"url\":\"https:\\\/\\\/blogin.al\\\/\",\"logo\":{\"@type\":\"ImageObject\",\"inLanguage\":\"en-US\",\"@id\":\"https:\\\/\\\/blogin.al\\\/#\\\/schema\\\/logo\\\/image\\\/\",\"url\":\"https:\\\/\\\/blogin.al\\\/wp-content\\\/uploads\\\/2022\\\/05\\\/Untitled-2-01-e1652084456514.png\",\"contentUrl\":\"https:\\\/\\\/blogin.al\\\/wp-content\\\/uploads\\\/2022\\\/05\\\/Untitled-2-01-e1652084456514.png\",\"width\":3723,\"height\":1698,\"caption\":\"BLOGIN.al\"},\"image\":{\"@id\":\"https:\\\/\\\/blogin.al\\\/#\\\/schema\\\/logo\\\/image\\\/\"},\"sameAs\":[\"https:\\\/\\\/instagram.com\\\/blogin.al\\\/\"]},{\"@type\":\"Person\",\"@id\":\"https:\\\/\\\/blogin.al\\\/#\\\/schema\\\/person\\\/abdd56bc912cd511db877b852b115399\",\"name\":\"Blogin al\",\"image\":{\"@type\":\"ImageObject\",\"inLanguage\":\"en-US\",\"@id\":\"https:\\\/\\\/secure.gravatar.com\\\/avatar\\\/60d5661aee6e835fb13dc75d2204cd0c1d61bef2efd137c0083e59ef831e235e?s=96&d=mm&r=g\",\"url\":\"https:\\\/\\\/secure.gravatar.com\\\/avatar\\\/60d5661aee6e835fb13dc75d2204cd0c1d61bef2efd137c0083e59ef831e235e?s=96&d=mm&r=g\",\"contentUrl\":\"https:\\\/\\\/secure.gravatar.com\\\/avatar\\\/60d5661aee6e835fb13dc75d2204cd0c1d61bef2efd137c0083e59ef831e235e?s=96&d=mm&r=g\",\"caption\":\"Blogin al\"},\"sameAs\":[\"https:\\\/\\\/blogin.al\"],\"url\":\"https:\\\/\\\/blogin.al\\\/?author=2\"}]}<\/script>\n<!-- \/ Yoast SEO plugin. -->","yoast_head_json":{"title":"Rudina Dembacaj u d\u00ebnua me burg se falsifikoi firm\u00ebn e tij, ish-bashk\u00ebshorti: S\u2019do t\u00eb jem kurr\u00eb nj\u00eb baba i keq! - blogin.al","robots":{"index":"index","follow":"follow","max-snippet":"max-snippet:-1","max-image-preview":"max-image-preview:large","max-video-preview":"max-video-preview:-1"},"canonical":"https:\/\/blogin.al\/?p=41059","og_locale":"en_US","og_type":"article","og_title":"Rudina Dembacaj u d\u00ebnua me burg se falsifikoi firm\u00ebn e tij, ish-bashk\u00ebshorti: S\u2019do t\u00eb jem kurr\u00eb nj\u00eb baba i keq! - blogin.al","og_description":"Dit\u00ebn e djeshme u publikua lajmi se aktorja e njohur e humorit, Rudina Dembacaj, ishte d\u00ebnuar me 6 muaj burg, p\u00ebr falsifikimin e prokur\u00ebs s\u00eb vajz\u00ebs s\u00eb saj. Pas k\u00ebtyre lajmeve ka reaguar ka reaguar ish-bashk\u00ebshorti i aktores, Aleksand\u00ebr Varfaj, i cili me an\u00eb t\u00eb nj\u00eb postimi n\u00eb instagram shkruan nuk do jet\u00eb kurr\u00eb nj\u00eb [&hellip;]","og_url":"https:\/\/blogin.al\/?p=41059","og_site_name":"blogin.al","article_published_time":"2023-12-10T08:06:38+00:00","article_modified_time":"2023-12-10T09:25:21+00:00","og_image":[{"width":1080,"height":1350,"url":"https:\/\/blogin.al\/wp-content\/uploads\/2022\/12\/rudina-dembacaj-viktoria.jpg","type":"image\/jpeg"}],"author":"Blogin al","twitter_card":"summary_large_image","twitter_misc":{"Written by":"Blogin al","Est. reading time":"1 minute"},"schema":{"@context":"https:\/\/schema.org","@graph":[{"@type":"Article","@id":"https:\/\/blogin.al\/?p=41059#article","isPartOf":{"@id":"https:\/\/blogin.al\/?p=41059"},"author":{"name":"Blogin al","@id":"https:\/\/blogin.al\/#\/schema\/person\/abdd56bc912cd511db877b852b115399"},"headline":"Rudina Dembacaj u d\u00ebnua me burg se falsifikoi firm\u00ebn e tij, ish-bashk\u00ebshorti: S\u2019do t\u00eb jem kurr\u00eb nj\u00eb baba i keq!","datePublished":"2023-12-10T08:06:38+00:00","dateModified":"2023-12-10T09:25:21+00:00","mainEntityOfPage":{"@id":"https:\/\/blogin.al\/?p=41059"},"wordCount":125,"commentCount":0,"publisher":{"@id":"https:\/\/blogin.al\/#organization"},"image":{"@id":"https:\/\/blogin.al\/?p=41059#primaryimage"},"thumbnailUrl":"https:\/\/blogin.al\/wp-content\/uploads\/2022\/12\/rudina-dembacaj-viktoria.jpg","articleSection":["SHOWBIZ"],"inLanguage":"en-US","potentialAction":[{"@type":"CommentAction","name":"Comment","target":["https:\/\/blogin.al\/?p=41059#respond"]}]},{"@type":"WebPage","@id":"https:\/\/blogin.al\/?p=41059","url":"https:\/\/blogin.al\/?p=41059","name":"Rudina Dembacaj u d\u00ebnua me burg se falsifikoi firm\u00ebn e tij, ish-bashk\u00ebshorti: S\u2019do t\u00eb jem kurr\u00eb nj\u00eb baba i keq! - blogin.al","isPartOf":{"@id":"https:\/\/blogin.al\/#website"},"primaryImageOfPage":{"@id":"https:\/\/blogin.al\/?p=41059#primaryimage"},"image":{"@id":"https:\/\/blogin.al\/?p=41059#primaryimage"},"thumbnailUrl":"https:\/\/blogin.al\/wp-content\/uploads\/2022\/12\/rudina-dembacaj-viktoria.jpg","datePublished":"2023-12-10T08:06:38+00:00","dateModified":"2023-12-10T09:25:21+00:00","breadcrumb":{"@id":"https:\/\/blogin.al\/?p=41059#breadcrumb"},"inLanguage":"en-US","potentialAction":[{"@type":"ReadAction","target":["https:\/\/blogin.al\/?p=41059"]}]},{"@type":"ImageObject","inLanguage":"en-US","@id":"https:\/\/blogin.al\/?p=41059#primaryimage","url":"https:\/\/blogin.al\/wp-content\/uploads\/2022\/12\/rudina-dembacaj-viktoria.jpg","contentUrl":"https:\/\/blogin.al\/wp-content\/uploads\/2022\/12\/rudina-dembacaj-viktoria.jpg","width":1080,"height":1350},{"@type":"BreadcrumbList","@id":"https:\/\/blogin.al\/?p=41059#breadcrumb","itemListElement":[{"@type":"ListItem","position":1,"name":"Home","item":"https:\/\/blogin.al\/"},{"@type":"ListItem","position":2,"name":"Rudina Dembacaj u d\u00ebnua me burg se falsifikoi firm\u00ebn e tij, ish-bashk\u00ebshorti: S\u2019do t\u00eb jem kurr\u00eb nj\u00eb baba i keq!"}]},{"@type":"WebSite","@id":"https:\/\/blogin.al\/#website","url":"https:\/\/blogin.al\/","name":"blogin.al","description":"","publisher":{"@id":"https:\/\/blogin.al\/#organization"},"potentialAction":[{"@type":"SearchAction","target":{"@type":"EntryPoint","urlTemplate":"https:\/\/blogin.al\/?s={search_term_string}"},"query-input":{"@type":"PropertyValueSpecification","valueRequired":true,"valueName":"search_term_string"}}],"inLanguage":"en-US"},{"@type":"Organization","@id":"https:\/\/blogin.al\/#organization","name":"BLOGIN.al","url":"https:\/\/blogin.al\/","logo":{"@type":"ImageObject","inLanguage":"en-US","@id":"https:\/\/blogin.al\/#\/schema\/logo\/image\/","url":"https:\/\/blogin.al\/wp-content\/uploads\/2022\/05\/Untitled-2-01-e1652084456514.png","contentUrl":"https:\/\/blogin.al\/wp-content\/uploads\/2022\/05\/Untitled-2-01-e1652084456514.png","width":3723,"height":1698,"caption":"BLOGIN.al"},"image":{"@id":"https:\/\/blogin.al\/#\/schema\/logo\/image\/"},"sameAs":["https:\/\/instagram.com\/blogin.al\/"]},{"@type":"Person","@id":"https:\/\/blogin.al\/#\/schema\/person\/abdd56bc912cd511db877b852b115399","name":"Blogin al","image":{"@type":"ImageObject","inLanguage":"en-US","@id":"https:\/\/secure.gravatar.com\/avatar\/60d5661aee6e835fb13dc75d2204cd0c1d61bef2efd137c0083e59ef831e235e?s=96&d=mm&r=g","url":"https:\/\/secure.gravatar.com\/avatar\/60d5661aee6e835fb13dc75d2204cd0c1d61bef2efd137c0083e59ef831e235e?s=96&d=mm&r=g","contentUrl":"https:\/\/secure.gravatar.com\/avatar\/60d5661aee6e835fb13dc75d2204cd0c1d61bef2efd137c0083e59ef831e235e?s=96&d=mm&r=g","caption":"Blogin al"},"sameAs":["https:\/\/blogin.al"],"url":"https:\/\/blogin.al\/?author=2"}]}},"_links":{"self":[{"href":"https:\/\/blogin.al\/index.php?rest_route=\/wp\/v2\/posts\/41059","targetHints":{"allow":["GET"]}}],"collection":[{"href":"https:\/\/blogin.al\/index.php?rest_route=\/wp\/v2\/posts"}],"about":[{"href":"https:\/\/blogin.al\/index.php?rest_route=\/wp\/v2\/types\/post"}],"author":[{"embeddable":true,"href":"https:\/\/blogin.al\/index.php?rest_route=\/wp\/v2\/users\/2"}],"replies":[{"embeddable":true,"href":"https:\/\/blogin.al\/index.php?rest_route=%2Fwp%2Fv2%2Fcomments&post=41059"}],"version-history":[{"count":1,"href":"https:\/\/blogin.al\/index.php?rest_route=\/wp\/v2\/posts\/41059\/revisions"}],"predecessor-version":[{"id":41061,"href":"https:\/\/blogin.al\/index.php?rest_route=\/wp\/v2\/posts\/41059\/revisions\/41061"}],"wp:featuredmedia":[{"embeddable":true,"href":"https:\/\/blogin.al\/index.php?rest_route=\/wp\/v2\/media\/20880"}],"wp:attachment":[{"href":"https:\/\/blogin.al\/index.php?rest_route=%2Fwp%2Fv2%2Fmedia&parent=41059"}],"wp:term":[{"taxonomy":"category","embeddable":true,"href":"https:\/\/blogin.al\/index.php?rest_route=%2Fwp%2Fv2%2Fcategories&post=41059"},{"taxonomy":"post_tag","embeddable":true,"href":"https:\/\/blogin.al\/index.php?rest_route=%2Fwp%2Fv2%2Ftags&post=41059"}],"curies":[{"name":"wp","href":"https:\/\/api.w.org\/{rel}","templated":true}]}}