{"id":41095,"date":"2023-12-11T08:22:23","date_gmt":"2023-12-11T08:22:23","guid":{"rendered":"https:\/\/blogin.al\/?p=41095"},"modified":"2023-12-11T08:22:41","modified_gmt":"2023-12-11T08:22:41","slug":"nuk-kam-pasur-guximin-qe-ta-shikoj-donaldi-tregon-reagimin-e-bores-per-puthjen-e-famshme-ne-big-brother","status":"publish","type":"post","link":"https:\/\/blogin.al\/?p=41095","title":{"rendered":"\u201cNuk kam pasur guximin q\u00eb ta shikoj&#8221;\/ Donaldi tregon reagimin e Bor\u00ebs p\u00ebr puthjen e famshme ne Big Brother"},"content":{"rendered":"\n<p>Moderatori i njohur Donald Veshaj s\u00eb fundmi ka qen\u00eb i ftuar n\u00eb \u201cE diell\u201d, n\u00eb rubrik\u00ebn \u201cGaleri\u201d ku ka folur p\u00ebr her\u00eb t\u00eb par\u00eb p\u00ebr puthjen me partneren e tij Bora Zemani gjat\u00eb eksperienc\u00eb s\u00eb tij n\u00eb \u2018Big Brother Vip 1\u2019, puthje e cila s i shnd\u00ebrroi ata n\u00eb nj\u00eb nd\u00ebr \u00e7iftet m\u00eb t\u00eb dashura nga publiku shqiptar.&nbsp;&nbsp;<\/p>\n\n\n\n<p>Teksa n\u00eb ekran u shfaq fotoja e puthjes, ai tregoi se kjo \u00ebsht\u00eb hera e par\u00eb q\u00eb e ka shikuar pasi nuk ka pasur guximin q\u00eb t\u00eb shikonte edhe nj\u00eb her\u00eb.<\/p>\n\n\n\n<p><em>\u201cUn\u00eb tani po e shikoj. Q\u00eb kur kam dal\u00eb nga Big-u un\u00eb nuk e kam par\u00eb, nuk e kam patur at\u00eb guximin m\u00eb sakt\u00eb. K\u00ebt\u00eb video e ka publikuar Romeo. Ka qen\u00eb takimi im me Bor\u00ebn, shum\u00eb emocional, shum\u00eb drith\u00ebrues. T\u00eb gjitha emocionet, kan\u00eb qen\u00eb emocione t\u00eb forta\u201d<\/em>, tha ai.<\/p>\n\n\n\n<p>Videoja e \u00e7iftit duke u puthur n\u00eb \u201cBBV\u201d shum\u00eb shpejt u b\u00eb virale, duke u shnd\u00ebrruar n\u00eb nj\u00eb nd\u00ebr m\u00eb t\u00eb klikuarat, nd\u00ebrsa p\u00ebr k\u00ebt\u00eb Donaldi tha: \u201c<em>Un\u00eb nuk besoj shum\u00eb tek statistikat, se nuk rri t\u2019i shoh dhe t\u2019i kontrolloj por si emocione dhe moment ka qen\u00eb shum\u00eb i fort\u00eb dhe mendoj se \u00ebsht\u00eb nj\u00eb nga ato emocione q\u00eb nuk ka p\u00ebr t\u2019u larguar ndonj\u00ebher\u00eb nga mendja dhe nuk kan\u00eb p\u00ebr t\u2019u harruar kollaj. Ka qen\u00eb nj\u00eb emocion i v\u00ebrtet\u00eb, nj\u00eb emocion i sinqert\u00eb, nj\u00eb situat\u00eb e komplikuar dhe nj\u00eb ndjenj\u00eb shum\u00eb shum\u00eb e fort\u00eb\u201d.<\/em><\/p>\n\n\n\n<p>I pyetur nga moderatori n\u00ebse e ka diskutuar me Bor\u00ebn k\u00ebt\u00eb moment, ai \u00ebsht\u00eb p\u00ebrgjigjur:<em>\u201cKa patur diskutime, debate, sherre, luft\u00eb, bomba, mina dhe t\u00eb gjitha. Kan\u00eb kaluar por un\u00eb personalisht q\u00eb t\u00eb futem dhe ta shikoj, nuk kam patur guximin ta b\u00ebj sepse nuk kam dashur t\u2019i kthehem edhe nj\u00ebher\u00eb emocioneve, e kam patur me frik\u00eb<\/em>\u201c.<\/p>\n","protected":false},"excerpt":{"rendered":"<p>Moderatori i njohur Donald Veshaj s\u00eb fundmi ka qen\u00eb i ftuar n\u00eb \u201cE diell\u201d, n\u00eb rubrik\u00ebn \u201cGaleri\u201d ku ka folur p\u00ebr her\u00eb t\u00eb par\u00eb p\u00ebr puthjen me partneren e tij Bora Zemani gjat\u00eb eksperienc\u00eb s\u00eb tij n\u00eb \u2018Big Brother Vip 1\u2019, puthje e cila s i shnd\u00ebrroi ata n\u00eb nj\u00eb nd\u00ebr \u00e7iftet m\u00eb t\u00eb dashura [&hellip;]<\/p>\n","protected":false},"author":2,"featured_media":10077,"comment_status":"open","ping_status":"open","sticky":false,"template":"","format":"standard","meta":{"footnotes":""},"categories":[33],"tags":[],"class_list":{"0":"post-41095","1":"post","2":"type-post","3":"status-publish","4":"format-standard","5":"has-post-thumbnail","7":"category-showbiz"},"yoast_head":"<!-- This site is optimized with the Yoast SEO plugin v27.5 - https:\/\/yoast.com\/product\/yoast-seo-wordpress\/ -->\n<title>\u201cNuk kam pasur guximin q\u00eb ta shikoj&quot;\/ Donaldi tregon reagimin e Bor\u00ebs p\u00ebr puthjen e famshme ne Big Brother - blogin.al<\/title>\n<meta name=\"robots\" content=\"index, follow, max-snippet:-1, max-image-preview:large, max-video-preview:-1\" \/>\n<link rel=\"canonical\" href=\"https:\/\/blogin.al\/?p=41095\" \/>\n<meta property=\"og:locale\" content=\"en_US\" \/>\n<meta property=\"og:type\" content=\"article\" \/>\n<meta property=\"og:title\" content=\"\u201cNuk kam pasur guximin q\u00eb ta shikoj&quot;\/ Donaldi tregon reagimin e Bor\u00ebs p\u00ebr puthjen e famshme ne Big Brother - blogin.al\" \/>\n<meta property=\"og:description\" content=\"Moderatori i njohur Donald Veshaj s\u00eb fundmi ka qen\u00eb i ftuar n\u00eb \u201cE diell\u201d, n\u00eb rubrik\u00ebn \u201cGaleri\u201d ku ka folur p\u00ebr her\u00eb t\u00eb par\u00eb p\u00ebr puthjen me partneren e tij Bora Zemani gjat\u00eb eksperienc\u00eb s\u00eb tij n\u00eb \u2018Big Brother Vip 1\u2019, puthje e cila s i shnd\u00ebrroi ata n\u00eb nj\u00eb nd\u00ebr \u00e7iftet m\u00eb t\u00eb dashura [&hellip;]\" \/>\n<meta property=\"og:url\" content=\"https:\/\/blogin.al\/?p=41095\" \/>\n<meta property=\"og:site_name\" content=\"blogin.al\" \/>\n<meta property=\"article:published_time\" content=\"2023-12-11T08:22:23+00:00\" \/>\n<meta property=\"article:modified_time\" content=\"2023-12-11T08:22:41+00:00\" \/>\n<meta property=\"og:image\" content=\"https:\/\/blogin.al\/wp-content\/uploads\/2022\/07\/bora-donald.webp\" \/>\n\t<meta property=\"og:image:width\" content=\"857\" \/>\n\t<meta property=\"og:image:height\" content=\"484\" \/>\n\t<meta property=\"og:image:type\" content=\"image\/webp\" \/>\n<meta name=\"author\" content=\"Blogin al\" \/>\n<meta name=\"twitter:card\" content=\"summary_large_image\" \/>\n<meta name=\"twitter:label1\" content=\"Written by\" \/>\n\t<meta name=\"twitter:data1\" content=\"Blogin al\" \/>\n\t<meta name=\"twitter:label2\" content=\"Est. reading time\" \/>\n\t<meta name=\"twitter:data2\" content=\"2 minutes\" \/>\n<script type=\"application\/ld+json\" class=\"yoast-schema-graph\">{\"@context\":\"https:\\\/\\\/schema.org\",\"@graph\":[{\"@type\":\"Article\",\"@id\":\"https:\\\/\\\/blogin.al\\\/?p=41095#article\",\"isPartOf\":{\"@id\":\"https:\\\/\\\/blogin.al\\\/?p=41095\"},\"author\":{\"name\":\"Blogin al\",\"@id\":\"https:\\\/\\\/blogin.al\\\/#\\\/schema\\\/person\\\/abdd56bc912cd511db877b852b115399\"},\"headline\":\"\u201cNuk kam pasur guximin q\u00eb ta shikoj&#8221;\\\/ Donaldi tregon reagimin e Bor\u00ebs p\u00ebr puthjen e famshme ne Big Brother\",\"datePublished\":\"2023-12-11T08:22:23+00:00\",\"dateModified\":\"2023-12-11T08:22:41+00:00\",\"mainEntityOfPage\":{\"@id\":\"https:\\\/\\\/blogin.al\\\/?p=41095\"},\"wordCount\":342,\"commentCount\":0,\"publisher\":{\"@id\":\"https:\\\/\\\/blogin.al\\\/#organization\"},\"image\":{\"@id\":\"https:\\\/\\\/blogin.al\\\/?p=41095#primaryimage\"},\"thumbnailUrl\":\"https:\\\/\\\/blogin.al\\\/wp-content\\\/uploads\\\/2022\\\/07\\\/bora-donald.webp\",\"articleSection\":[\"SHOWBIZ\"],\"inLanguage\":\"en-US\",\"potentialAction\":[{\"@type\":\"CommentAction\",\"name\":\"Comment\",\"target\":[\"https:\\\/\\\/blogin.al\\\/?p=41095#respond\"]}]},{\"@type\":\"WebPage\",\"@id\":\"https:\\\/\\\/blogin.al\\\/?p=41095\",\"url\":\"https:\\\/\\\/blogin.al\\\/?p=41095\",\"name\":\"\u201cNuk kam pasur guximin q\u00eb ta shikoj\\\"\\\/ Donaldi tregon reagimin e Bor\u00ebs p\u00ebr puthjen e famshme ne Big Brother - blogin.al\",\"isPartOf\":{\"@id\":\"https:\\\/\\\/blogin.al\\\/#website\"},\"primaryImageOfPage\":{\"@id\":\"https:\\\/\\\/blogin.al\\\/?p=41095#primaryimage\"},\"image\":{\"@id\":\"https:\\\/\\\/blogin.al\\\/?p=41095#primaryimage\"},\"thumbnailUrl\":\"https:\\\/\\\/blogin.al\\\/wp-content\\\/uploads\\\/2022\\\/07\\\/bora-donald.webp\",\"datePublished\":\"2023-12-11T08:22:23+00:00\",\"dateModified\":\"2023-12-11T08:22:41+00:00\",\"breadcrumb\":{\"@id\":\"https:\\\/\\\/blogin.al\\\/?p=41095#breadcrumb\"},\"inLanguage\":\"en-US\",\"potentialAction\":[{\"@type\":\"ReadAction\",\"target\":[\"https:\\\/\\\/blogin.al\\\/?p=41095\"]}]},{\"@type\":\"ImageObject\",\"inLanguage\":\"en-US\",\"@id\":\"https:\\\/\\\/blogin.al\\\/?p=41095#primaryimage\",\"url\":\"https:\\\/\\\/blogin.al\\\/wp-content\\\/uploads\\\/2022\\\/07\\\/bora-donald.webp\",\"contentUrl\":\"https:\\\/\\\/blogin.al\\\/wp-content\\\/uploads\\\/2022\\\/07\\\/bora-donald.webp\",\"width\":857,\"height\":484},{\"@type\":\"BreadcrumbList\",\"@id\":\"https:\\\/\\\/blogin.al\\\/?p=41095#breadcrumb\",\"itemListElement\":[{\"@type\":\"ListItem\",\"position\":1,\"name\":\"Home\",\"item\":\"https:\\\/\\\/blogin.al\\\/\"},{\"@type\":\"ListItem\",\"position\":2,\"name\":\"\u201cNuk kam pasur guximin q\u00eb ta shikoj&#8221;\\\/ Donaldi tregon reagimin e Bor\u00ebs p\u00ebr puthjen e famshme ne Big Brother\"}]},{\"@type\":\"WebSite\",\"@id\":\"https:\\\/\\\/blogin.al\\\/#website\",\"url\":\"https:\\\/\\\/blogin.al\\\/\",\"name\":\"blogin.al\",\"description\":\"\",\"publisher\":{\"@id\":\"https:\\\/\\\/blogin.al\\\/#organization\"},\"potentialAction\":[{\"@type\":\"SearchAction\",\"target\":{\"@type\":\"EntryPoint\",\"urlTemplate\":\"https:\\\/\\\/blogin.al\\\/?s={search_term_string}\"},\"query-input\":{\"@type\":\"PropertyValueSpecification\",\"valueRequired\":true,\"valueName\":\"search_term_string\"}}],\"inLanguage\":\"en-US\"},{\"@type\":\"Organization\",\"@id\":\"https:\\\/\\\/blogin.al\\\/#organization\",\"name\":\"BLOGIN.al\",\"url\":\"https:\\\/\\\/blogin.al\\\/\",\"logo\":{\"@type\":\"ImageObject\",\"inLanguage\":\"en-US\",\"@id\":\"https:\\\/\\\/blogin.al\\\/#\\\/schema\\\/logo\\\/image\\\/\",\"url\":\"https:\\\/\\\/blogin.al\\\/wp-content\\\/uploads\\\/2022\\\/05\\\/Untitled-2-01-e1652084456514.png\",\"contentUrl\":\"https:\\\/\\\/blogin.al\\\/wp-content\\\/uploads\\\/2022\\\/05\\\/Untitled-2-01-e1652084456514.png\",\"width\":3723,\"height\":1698,\"caption\":\"BLOGIN.al\"},\"image\":{\"@id\":\"https:\\\/\\\/blogin.al\\\/#\\\/schema\\\/logo\\\/image\\\/\"},\"sameAs\":[\"https:\\\/\\\/instagram.com\\\/blogin.al\\\/\"]},{\"@type\":\"Person\",\"@id\":\"https:\\\/\\\/blogin.al\\\/#\\\/schema\\\/person\\\/abdd56bc912cd511db877b852b115399\",\"name\":\"Blogin al\",\"image\":{\"@type\":\"ImageObject\",\"inLanguage\":\"en-US\",\"@id\":\"https:\\\/\\\/secure.gravatar.com\\\/avatar\\\/60d5661aee6e835fb13dc75d2204cd0c1d61bef2efd137c0083e59ef831e235e?s=96&d=mm&r=g\",\"url\":\"https:\\\/\\\/secure.gravatar.com\\\/avatar\\\/60d5661aee6e835fb13dc75d2204cd0c1d61bef2efd137c0083e59ef831e235e?s=96&d=mm&r=g\",\"contentUrl\":\"https:\\\/\\\/secure.gravatar.com\\\/avatar\\\/60d5661aee6e835fb13dc75d2204cd0c1d61bef2efd137c0083e59ef831e235e?s=96&d=mm&r=g\",\"caption\":\"Blogin al\"},\"sameAs\":[\"https:\\\/\\\/blogin.al\"],\"url\":\"https:\\\/\\\/blogin.al\\\/?author=2\"}]}<\/script>\n<!-- \/ Yoast SEO plugin. -->","yoast_head_json":{"title":"\u201cNuk kam pasur guximin q\u00eb ta shikoj\"\/ Donaldi tregon reagimin e Bor\u00ebs p\u00ebr puthjen e famshme ne Big Brother - blogin.al","robots":{"index":"index","follow":"follow","max-snippet":"max-snippet:-1","max-image-preview":"max-image-preview:large","max-video-preview":"max-video-preview:-1"},"canonical":"https:\/\/blogin.al\/?p=41095","og_locale":"en_US","og_type":"article","og_title":"\u201cNuk kam pasur guximin q\u00eb ta shikoj\"\/ Donaldi tregon reagimin e Bor\u00ebs p\u00ebr puthjen e famshme ne Big Brother - blogin.al","og_description":"Moderatori i njohur Donald Veshaj s\u00eb fundmi ka qen\u00eb i ftuar n\u00eb \u201cE diell\u201d, n\u00eb rubrik\u00ebn \u201cGaleri\u201d ku ka folur p\u00ebr her\u00eb t\u00eb par\u00eb p\u00ebr puthjen me partneren e tij Bora Zemani gjat\u00eb eksperienc\u00eb s\u00eb tij n\u00eb \u2018Big Brother Vip 1\u2019, puthje e cila s i shnd\u00ebrroi ata n\u00eb nj\u00eb nd\u00ebr \u00e7iftet m\u00eb t\u00eb dashura [&hellip;]","og_url":"https:\/\/blogin.al\/?p=41095","og_site_name":"blogin.al","article_published_time":"2023-12-11T08:22:23+00:00","article_modified_time":"2023-12-11T08:22:41+00:00","og_image":[{"width":857,"height":484,"url":"https:\/\/blogin.al\/wp-content\/uploads\/2022\/07\/bora-donald.webp","type":"image\/webp"}],"author":"Blogin al","twitter_card":"summary_large_image","twitter_misc":{"Written by":"Blogin al","Est. reading time":"2 minutes"},"schema":{"@context":"https:\/\/schema.org","@graph":[{"@type":"Article","@id":"https:\/\/blogin.al\/?p=41095#article","isPartOf":{"@id":"https:\/\/blogin.al\/?p=41095"},"author":{"name":"Blogin al","@id":"https:\/\/blogin.al\/#\/schema\/person\/abdd56bc912cd511db877b852b115399"},"headline":"\u201cNuk kam pasur guximin q\u00eb ta shikoj&#8221;\/ Donaldi tregon reagimin e Bor\u00ebs p\u00ebr puthjen e famshme ne Big Brother","datePublished":"2023-12-11T08:22:23+00:00","dateModified":"2023-12-11T08:22:41+00:00","mainEntityOfPage":{"@id":"https:\/\/blogin.al\/?p=41095"},"wordCount":342,"commentCount":0,"publisher":{"@id":"https:\/\/blogin.al\/#organization"},"image":{"@id":"https:\/\/blogin.al\/?p=41095#primaryimage"},"thumbnailUrl":"https:\/\/blogin.al\/wp-content\/uploads\/2022\/07\/bora-donald.webp","articleSection":["SHOWBIZ"],"inLanguage":"en-US","potentialAction":[{"@type":"CommentAction","name":"Comment","target":["https:\/\/blogin.al\/?p=41095#respond"]}]},{"@type":"WebPage","@id":"https:\/\/blogin.al\/?p=41095","url":"https:\/\/blogin.al\/?p=41095","name":"\u201cNuk kam pasur guximin q\u00eb ta shikoj\"\/ Donaldi tregon reagimin e Bor\u00ebs p\u00ebr puthjen e famshme ne Big Brother - blogin.al","isPartOf":{"@id":"https:\/\/blogin.al\/#website"},"primaryImageOfPage":{"@id":"https:\/\/blogin.al\/?p=41095#primaryimage"},"image":{"@id":"https:\/\/blogin.al\/?p=41095#primaryimage"},"thumbnailUrl":"https:\/\/blogin.al\/wp-content\/uploads\/2022\/07\/bora-donald.webp","datePublished":"2023-12-11T08:22:23+00:00","dateModified":"2023-12-11T08:22:41+00:00","breadcrumb":{"@id":"https:\/\/blogin.al\/?p=41095#breadcrumb"},"inLanguage":"en-US","potentialAction":[{"@type":"ReadAction","target":["https:\/\/blogin.al\/?p=41095"]}]},{"@type":"ImageObject","inLanguage":"en-US","@id":"https:\/\/blogin.al\/?p=41095#primaryimage","url":"https:\/\/blogin.al\/wp-content\/uploads\/2022\/07\/bora-donald.webp","contentUrl":"https:\/\/blogin.al\/wp-content\/uploads\/2022\/07\/bora-donald.webp","width":857,"height":484},{"@type":"BreadcrumbList","@id":"https:\/\/blogin.al\/?p=41095#breadcrumb","itemListElement":[{"@type":"ListItem","position":1,"name":"Home","item":"https:\/\/blogin.al\/"},{"@type":"ListItem","position":2,"name":"\u201cNuk kam pasur guximin q\u00eb ta shikoj&#8221;\/ Donaldi tregon reagimin e Bor\u00ebs p\u00ebr puthjen e famshme ne Big Brother"}]},{"@type":"WebSite","@id":"https:\/\/blogin.al\/#website","url":"https:\/\/blogin.al\/","name":"blogin.al","description":"","publisher":{"@id":"https:\/\/blogin.al\/#organization"},"potentialAction":[{"@type":"SearchAction","target":{"@type":"EntryPoint","urlTemplate":"https:\/\/blogin.al\/?s={search_term_string}"},"query-input":{"@type":"PropertyValueSpecification","valueRequired":true,"valueName":"search_term_string"}}],"inLanguage":"en-US"},{"@type":"Organization","@id":"https:\/\/blogin.al\/#organization","name":"BLOGIN.al","url":"https:\/\/blogin.al\/","logo":{"@type":"ImageObject","inLanguage":"en-US","@id":"https:\/\/blogin.al\/#\/schema\/logo\/image\/","url":"https:\/\/blogin.al\/wp-content\/uploads\/2022\/05\/Untitled-2-01-e1652084456514.png","contentUrl":"https:\/\/blogin.al\/wp-content\/uploads\/2022\/05\/Untitled-2-01-e1652084456514.png","width":3723,"height":1698,"caption":"BLOGIN.al"},"image":{"@id":"https:\/\/blogin.al\/#\/schema\/logo\/image\/"},"sameAs":["https:\/\/instagram.com\/blogin.al\/"]},{"@type":"Person","@id":"https:\/\/blogin.al\/#\/schema\/person\/abdd56bc912cd511db877b852b115399","name":"Blogin al","image":{"@type":"ImageObject","inLanguage":"en-US","@id":"https:\/\/secure.gravatar.com\/avatar\/60d5661aee6e835fb13dc75d2204cd0c1d61bef2efd137c0083e59ef831e235e?s=96&d=mm&r=g","url":"https:\/\/secure.gravatar.com\/avatar\/60d5661aee6e835fb13dc75d2204cd0c1d61bef2efd137c0083e59ef831e235e?s=96&d=mm&r=g","contentUrl":"https:\/\/secure.gravatar.com\/avatar\/60d5661aee6e835fb13dc75d2204cd0c1d61bef2efd137c0083e59ef831e235e?s=96&d=mm&r=g","caption":"Blogin al"},"sameAs":["https:\/\/blogin.al"],"url":"https:\/\/blogin.al\/?author=2"}]}},"_links":{"self":[{"href":"https:\/\/blogin.al\/index.php?rest_route=\/wp\/v2\/posts\/41095","targetHints":{"allow":["GET"]}}],"collection":[{"href":"https:\/\/blogin.al\/index.php?rest_route=\/wp\/v2\/posts"}],"about":[{"href":"https:\/\/blogin.al\/index.php?rest_route=\/wp\/v2\/types\/post"}],"author":[{"embeddable":true,"href":"https:\/\/blogin.al\/index.php?rest_route=\/wp\/v2\/users\/2"}],"replies":[{"embeddable":true,"href":"https:\/\/blogin.al\/index.php?rest_route=%2Fwp%2Fv2%2Fcomments&post=41095"}],"version-history":[{"count":2,"href":"https:\/\/blogin.al\/index.php?rest_route=\/wp\/v2\/posts\/41095\/revisions"}],"predecessor-version":[{"id":41097,"href":"https:\/\/blogin.al\/index.php?rest_route=\/wp\/v2\/posts\/41095\/revisions\/41097"}],"wp:featuredmedia":[{"embeddable":true,"href":"https:\/\/blogin.al\/index.php?rest_route=\/wp\/v2\/media\/10077"}],"wp:attachment":[{"href":"https:\/\/blogin.al\/index.php?rest_route=%2Fwp%2Fv2%2Fmedia&parent=41095"}],"wp:term":[{"taxonomy":"category","embeddable":true,"href":"https:\/\/blogin.al\/index.php?rest_route=%2Fwp%2Fv2%2Fcategories&post=41095"},{"taxonomy":"post_tag","embeddable":true,"href":"https:\/\/blogin.al\/index.php?rest_route=%2Fwp%2Fv2%2Ftags&post=41095"}],"curies":[{"name":"wp","href":"https:\/\/api.w.org\/{rel}","templated":true}]}}