{"id":41103,"date":"2023-12-11T09:54:09","date_gmt":"2023-12-11T09:54:09","guid":{"rendered":"https:\/\/blogin.al\/?p=41103"},"modified":"2023-12-11T09:54:11","modified_gmt":"2023-12-11T09:54:11","slug":"fytyren-dhe-gojen-pse-i-deformon-ti-sbehesh-se-sbehesh-e-ofendoi-keq-kiara-tito-ka-dy-fjale-per-komentuesen","status":"publish","type":"post","link":"https:\/\/blogin.al\/?p=41103","title":{"rendered":"\u201cFytyr\u00ebn dhe goj\u00ebn pse i deformon, ti s\u2019b\u00ebhesh se s\u2019b\u00ebhesh\u201d- E ofendoi keq, Kiara Tito ka dy fjal\u00eb p\u00ebr komentuesen"},"content":{"rendered":"\n<p>Kiara Tito dhe Luiz Ejlli q\u00eb me pjes\u00ebmarrjen n\u00eb \u201cBig Brother Vip\u201d, ku u dashuruan dhe kuror\u00ebzuan me martes\u00eb lidhjen e tyre, jan\u00eb nj\u00eb nd\u00ebr \u00e7iftet m\u00eb t\u00eb komentuara t\u00eb medias roz\u00eb.<\/p>\n\n\n\n<p>S\u00eb fundmi dyshja kan\u00eb konfirmuar z\u00ebrat se s\u00eb shpejti do t\u00eb b\u00ebhen prind\u00ebr p\u00ebr her\u00eb t\u00eb par\u00eb s\u00eb bashku.<\/p>\n\n\n\n<p>Luizi dhe Kiara jan\u00eb shum\u00eb aktiv\u00eb n\u00eb rrjetet sociale, ku shpesh her\u00eb ndajn\u00eb me fansat foto nga p\u00ebrditshm\u00ebria e tyre.<\/p>\n\n\n\n<p>Dashuria e tyre kan\u00eb b\u00ebr\u00eb p\u00ebr vete nj\u00eb publik t\u00eb gjer\u00eb, megjith\u00ebse nuk mungojn\u00eb as personat q\u00eb nuk nuk besojn\u00eb n\u00eb dashurin\u00eb e Kiar\u00ebs p\u00ebr ish-banorin.<\/p>\n\n\n\n<p>S\u00eb fundmi moderatorja ka publikuar n\u00eb InstaStory nj\u00eb mesazh t\u00eb nj\u00eb ndjek\u00ebse e cila p\u00ebrve\u00e7 se ka treguar se nuk beson n\u00eb dashurin\u00eb q\u00eb Kiara ka p\u00ebr Luizin, e ka ofenduar keq moderatoren.<\/p>\n\n\n\n<p>\u201c<em>P\u00ebr k\u00ebt\u00eb arsye gjithmon\u00eb do t\u00eb kesh nj\u00eb pjes\u00eb t\u00eb puzzles mangu t\u00eb Luizit se me mij\u00ebra her\u00eb e ke hedhur shum\u00eb posht\u00eb brenda sht\u00ebpis\u00eb. Te publiku po se po sepse ne e kemi par\u00eb, \u00e7do gj\u00eb kemi par\u00eb, kemi par\u00eb edhe dashurin\u00eb kur hyre p\u00ebr her\u00eb t\u00eb dyt\u00eb n\u00eb \u2018Big Brother\u2019\u201d-<\/em>&nbsp;ka shkruar ndjek\u00ebsja.<\/p>\n\n\n\n<p><em>\u201cNuk t\u00eb shkon asgj\u00eb, po fytyr\u00ebn dhe goj\u00ebn pse e p\u00ebrdredh, e deformon duke folur apo je n\u00eb siklet gjithmon\u00eb kur je p\u00ebrball\u00eb telefonit dhe kamer\u00eb. E ke problem ti s\u2019b\u00ebhesh se s\u2019b\u00ebhesh.<\/em>\u201d- vazhdoi komentuesja.<\/p>\n\n\n\n<p>\u201cSikur inati i k\u00ebtyre t\u00eb kthehej n\u00eb pun\u00eb dhe ambicie p\u00ebr vetveten, bota do t\u00eb ishte shum\u00eb m\u00eb e mir\u00eb. Por nd\u00ebrkoh\u00eb harxhojn\u00eb koh\u00eb duke ofenduar vajza t\u00eb tjera n\u00eb rrjetet sociale, sa gjyha.\u201d- ka shkruar Kiara teksa b\u00ebri publike profilin e femr\u00ebs q\u00eb e ka komentuar,\u00a0 duke treguar se komentuesja \u00ebsht\u00eb thjesht\u00eb nj\u00eb person negativ q\u00eb merret me pun\u00ebt e t\u00eb tjer\u00ebve dhe nuk shikon jet\u00ebn e saj.<\/p>\n\n\n\n<figure class=\"wp-block-image size-full is-style-default\"><img fetchpriority=\"high\" decoding=\"async\" width=\"487\" height=\"843\" src=\"https:\/\/blogin.al\/wp-content\/uploads\/2023\/12\/image-71.png\" alt=\"\" class=\"wp-image-41104\" srcset=\"https:\/\/blogin.al\/wp-content\/uploads\/2023\/12\/image-71.png 487w, https:\/\/blogin.al\/wp-content\/uploads\/2023\/12\/image-71-173x300.png 173w, https:\/\/blogin.al\/wp-content\/uploads\/2023\/12\/image-71-150x260.png 150w, https:\/\/blogin.al\/wp-content\/uploads\/2023\/12\/image-71-300x519.png 300w\" sizes=\"(max-width: 487px) 100vw, 487px\" \/><\/figure>\n","protected":false},"excerpt":{"rendered":"<p>Kiara Tito dhe Luiz Ejlli q\u00eb me pjes\u00ebmarrjen n\u00eb \u201cBig Brother Vip\u201d, ku u dashuruan dhe kuror\u00ebzuan me martes\u00eb lidhjen e tyre, jan\u00eb nj\u00eb nd\u00ebr \u00e7iftet m\u00eb t\u00eb komentuara t\u00eb medias roz\u00eb. S\u00eb fundmi dyshja kan\u00eb konfirmuar z\u00ebrat se s\u00eb shpejti do t\u00eb b\u00ebhen prind\u00ebr p\u00ebr her\u00eb t\u00eb par\u00eb s\u00eb bashku. Luizi dhe Kiara jan\u00eb [&hellip;]<\/p>\n","protected":false},"author":2,"featured_media":40665,"comment_status":"open","ping_status":"open","sticky":false,"template":"","format":"standard","meta":{"footnotes":""},"categories":[33],"tags":[],"class_list":{"0":"post-41103","1":"post","2":"type-post","3":"status-publish","4":"format-standard","5":"has-post-thumbnail","7":"category-showbiz"},"yoast_head":"<!-- This site is optimized with the Yoast SEO plugin v27.5 - https:\/\/yoast.com\/product\/yoast-seo-wordpress\/ -->\n<title>\u201cFytyr\u00ebn dhe goj\u00ebn pse i deformon, ti s\u2019b\u00ebhesh se s\u2019b\u00ebhesh\u201d- E ofendoi keq, Kiara Tito ka dy fjal\u00eb p\u00ebr komentuesen - blogin.al<\/title>\n<meta name=\"robots\" content=\"index, follow, max-snippet:-1, max-image-preview:large, max-video-preview:-1\" \/>\n<link rel=\"canonical\" href=\"https:\/\/blogin.al\/?p=41103\" \/>\n<meta property=\"og:locale\" content=\"en_US\" \/>\n<meta property=\"og:type\" content=\"article\" \/>\n<meta property=\"og:title\" content=\"\u201cFytyr\u00ebn dhe goj\u00ebn pse i deformon, ti s\u2019b\u00ebhesh se s\u2019b\u00ebhesh\u201d- E ofendoi keq, Kiara Tito ka dy fjal\u00eb p\u00ebr komentuesen - blogin.al\" \/>\n<meta property=\"og:description\" content=\"Kiara Tito dhe Luiz Ejlli q\u00eb me pjes\u00ebmarrjen n\u00eb \u201cBig Brother Vip\u201d, ku u dashuruan dhe kuror\u00ebzuan me martes\u00eb lidhjen e tyre, jan\u00eb nj\u00eb nd\u00ebr \u00e7iftet m\u00eb t\u00eb komentuara t\u00eb medias roz\u00eb. S\u00eb fundmi dyshja kan\u00eb konfirmuar z\u00ebrat se s\u00eb shpejti do t\u00eb b\u00ebhen prind\u00ebr p\u00ebr her\u00eb t\u00eb par\u00eb s\u00eb bashku. Luizi dhe Kiara jan\u00eb [&hellip;]\" \/>\n<meta property=\"og:url\" content=\"https:\/\/blogin.al\/?p=41103\" \/>\n<meta property=\"og:site_name\" content=\"blogin.al\" \/>\n<meta property=\"article:published_time\" content=\"2023-12-11T09:54:09+00:00\" \/>\n<meta property=\"article:modified_time\" content=\"2023-12-11T09:54:11+00:00\" \/>\n<meta property=\"og:image\" content=\"https:\/\/blogin.al\/wp-content\/uploads\/2023\/11\/image-184-912x1024.png\" \/>\n\t<meta property=\"og:image:width\" content=\"912\" \/>\n\t<meta property=\"og:image:height\" content=\"1024\" \/>\n\t<meta property=\"og:image:type\" content=\"image\/png\" \/>\n<meta name=\"author\" content=\"Blogin al\" \/>\n<meta name=\"twitter:card\" content=\"summary_large_image\" \/>\n<meta name=\"twitter:label1\" content=\"Written by\" \/>\n\t<meta name=\"twitter:data1\" content=\"Blogin al\" \/>\n\t<meta name=\"twitter:label2\" content=\"Est. reading time\" \/>\n\t<meta name=\"twitter:data2\" content=\"2 minutes\" \/>\n<script type=\"application\/ld+json\" class=\"yoast-schema-graph\">{\"@context\":\"https:\\\/\\\/schema.org\",\"@graph\":[{\"@type\":\"Article\",\"@id\":\"https:\\\/\\\/blogin.al\\\/?p=41103#article\",\"isPartOf\":{\"@id\":\"https:\\\/\\\/blogin.al\\\/?p=41103\"},\"author\":{\"name\":\"Blogin al\",\"@id\":\"https:\\\/\\\/blogin.al\\\/#\\\/schema\\\/person\\\/abdd56bc912cd511db877b852b115399\"},\"headline\":\"\u201cFytyr\u00ebn dhe goj\u00ebn pse i deformon, ti s\u2019b\u00ebhesh se s\u2019b\u00ebhesh\u201d- E ofendoi keq, Kiara Tito ka dy fjal\u00eb p\u00ebr komentuesen\",\"datePublished\":\"2023-12-11T09:54:09+00:00\",\"dateModified\":\"2023-12-11T09:54:11+00:00\",\"mainEntityOfPage\":{\"@id\":\"https:\\\/\\\/blogin.al\\\/?p=41103\"},\"wordCount\":360,\"commentCount\":0,\"publisher\":{\"@id\":\"https:\\\/\\\/blogin.al\\\/#organization\"},\"image\":{\"@id\":\"https:\\\/\\\/blogin.al\\\/?p=41103#primaryimage\"},\"thumbnailUrl\":\"https:\\\/\\\/blogin.al\\\/wp-content\\\/uploads\\\/2023\\\/11\\\/image-184.png\",\"articleSection\":[\"SHOWBIZ\"],\"inLanguage\":\"en-US\",\"potentialAction\":[{\"@type\":\"CommentAction\",\"name\":\"Comment\",\"target\":[\"https:\\\/\\\/blogin.al\\\/?p=41103#respond\"]}]},{\"@type\":\"WebPage\",\"@id\":\"https:\\\/\\\/blogin.al\\\/?p=41103\",\"url\":\"https:\\\/\\\/blogin.al\\\/?p=41103\",\"name\":\"\u201cFytyr\u00ebn dhe goj\u00ebn pse i deformon, ti s\u2019b\u00ebhesh se s\u2019b\u00ebhesh\u201d- E ofendoi keq, Kiara Tito ka dy fjal\u00eb p\u00ebr komentuesen - blogin.al\",\"isPartOf\":{\"@id\":\"https:\\\/\\\/blogin.al\\\/#website\"},\"primaryImageOfPage\":{\"@id\":\"https:\\\/\\\/blogin.al\\\/?p=41103#primaryimage\"},\"image\":{\"@id\":\"https:\\\/\\\/blogin.al\\\/?p=41103#primaryimage\"},\"thumbnailUrl\":\"https:\\\/\\\/blogin.al\\\/wp-content\\\/uploads\\\/2023\\\/11\\\/image-184.png\",\"datePublished\":\"2023-12-11T09:54:09+00:00\",\"dateModified\":\"2023-12-11T09:54:11+00:00\",\"breadcrumb\":{\"@id\":\"https:\\\/\\\/blogin.al\\\/?p=41103#breadcrumb\"},\"inLanguage\":\"en-US\",\"potentialAction\":[{\"@type\":\"ReadAction\",\"target\":[\"https:\\\/\\\/blogin.al\\\/?p=41103\"]}]},{\"@type\":\"ImageObject\",\"inLanguage\":\"en-US\",\"@id\":\"https:\\\/\\\/blogin.al\\\/?p=41103#primaryimage\",\"url\":\"https:\\\/\\\/blogin.al\\\/wp-content\\\/uploads\\\/2023\\\/11\\\/image-184.png\",\"contentUrl\":\"https:\\\/\\\/blogin.al\\\/wp-content\\\/uploads\\\/2023\\\/11\\\/image-184.png\",\"width\":1284,\"height\":1441},{\"@type\":\"BreadcrumbList\",\"@id\":\"https:\\\/\\\/blogin.al\\\/?p=41103#breadcrumb\",\"itemListElement\":[{\"@type\":\"ListItem\",\"position\":1,\"name\":\"Home\",\"item\":\"https:\\\/\\\/blogin.al\\\/\"},{\"@type\":\"ListItem\",\"position\":2,\"name\":\"\u201cFytyr\u00ebn dhe goj\u00ebn pse i deformon, ti s\u2019b\u00ebhesh se s\u2019b\u00ebhesh\u201d- E ofendoi keq, Kiara Tito ka dy fjal\u00eb p\u00ebr komentuesen\"}]},{\"@type\":\"WebSite\",\"@id\":\"https:\\\/\\\/blogin.al\\\/#website\",\"url\":\"https:\\\/\\\/blogin.al\\\/\",\"name\":\"blogin.al\",\"description\":\"\",\"publisher\":{\"@id\":\"https:\\\/\\\/blogin.al\\\/#organization\"},\"potentialAction\":[{\"@type\":\"SearchAction\",\"target\":{\"@type\":\"EntryPoint\",\"urlTemplate\":\"https:\\\/\\\/blogin.al\\\/?s={search_term_string}\"},\"query-input\":{\"@type\":\"PropertyValueSpecification\",\"valueRequired\":true,\"valueName\":\"search_term_string\"}}],\"inLanguage\":\"en-US\"},{\"@type\":\"Organization\",\"@id\":\"https:\\\/\\\/blogin.al\\\/#organization\",\"name\":\"BLOGIN.al\",\"url\":\"https:\\\/\\\/blogin.al\\\/\",\"logo\":{\"@type\":\"ImageObject\",\"inLanguage\":\"en-US\",\"@id\":\"https:\\\/\\\/blogin.al\\\/#\\\/schema\\\/logo\\\/image\\\/\",\"url\":\"https:\\\/\\\/blogin.al\\\/wp-content\\\/uploads\\\/2022\\\/05\\\/Untitled-2-01-e1652084456514.png\",\"contentUrl\":\"https:\\\/\\\/blogin.al\\\/wp-content\\\/uploads\\\/2022\\\/05\\\/Untitled-2-01-e1652084456514.png\",\"width\":3723,\"height\":1698,\"caption\":\"BLOGIN.al\"},\"image\":{\"@id\":\"https:\\\/\\\/blogin.al\\\/#\\\/schema\\\/logo\\\/image\\\/\"},\"sameAs\":[\"https:\\\/\\\/instagram.com\\\/blogin.al\\\/\"]},{\"@type\":\"Person\",\"@id\":\"https:\\\/\\\/blogin.al\\\/#\\\/schema\\\/person\\\/abdd56bc912cd511db877b852b115399\",\"name\":\"Blogin al\",\"image\":{\"@type\":\"ImageObject\",\"inLanguage\":\"en-US\",\"@id\":\"https:\\\/\\\/secure.gravatar.com\\\/avatar\\\/60d5661aee6e835fb13dc75d2204cd0c1d61bef2efd137c0083e59ef831e235e?s=96&d=mm&r=g\",\"url\":\"https:\\\/\\\/secure.gravatar.com\\\/avatar\\\/60d5661aee6e835fb13dc75d2204cd0c1d61bef2efd137c0083e59ef831e235e?s=96&d=mm&r=g\",\"contentUrl\":\"https:\\\/\\\/secure.gravatar.com\\\/avatar\\\/60d5661aee6e835fb13dc75d2204cd0c1d61bef2efd137c0083e59ef831e235e?s=96&d=mm&r=g\",\"caption\":\"Blogin al\"},\"sameAs\":[\"https:\\\/\\\/blogin.al\"],\"url\":\"https:\\\/\\\/blogin.al\\\/?author=2\"}]}<\/script>\n<!-- \/ Yoast SEO plugin. -->","yoast_head_json":{"title":"\u201cFytyr\u00ebn dhe goj\u00ebn pse i deformon, ti s\u2019b\u00ebhesh se s\u2019b\u00ebhesh\u201d- E ofendoi keq, Kiara Tito ka dy fjal\u00eb p\u00ebr komentuesen - blogin.al","robots":{"index":"index","follow":"follow","max-snippet":"max-snippet:-1","max-image-preview":"max-image-preview:large","max-video-preview":"max-video-preview:-1"},"canonical":"https:\/\/blogin.al\/?p=41103","og_locale":"en_US","og_type":"article","og_title":"\u201cFytyr\u00ebn dhe goj\u00ebn pse i deformon, ti s\u2019b\u00ebhesh se s\u2019b\u00ebhesh\u201d- E ofendoi keq, Kiara Tito ka dy fjal\u00eb p\u00ebr komentuesen - blogin.al","og_description":"Kiara Tito dhe Luiz Ejlli q\u00eb me pjes\u00ebmarrjen n\u00eb \u201cBig Brother Vip\u201d, ku u dashuruan dhe kuror\u00ebzuan me martes\u00eb lidhjen e tyre, jan\u00eb nj\u00eb nd\u00ebr \u00e7iftet m\u00eb t\u00eb komentuara t\u00eb medias roz\u00eb. S\u00eb fundmi dyshja kan\u00eb konfirmuar z\u00ebrat se s\u00eb shpejti do t\u00eb b\u00ebhen prind\u00ebr p\u00ebr her\u00eb t\u00eb par\u00eb s\u00eb bashku. Luizi dhe Kiara jan\u00eb [&hellip;]","og_url":"https:\/\/blogin.al\/?p=41103","og_site_name":"blogin.al","article_published_time":"2023-12-11T09:54:09+00:00","article_modified_time":"2023-12-11T09:54:11+00:00","og_image":[{"width":912,"height":1024,"url":"https:\/\/blogin.al\/wp-content\/uploads\/2023\/11\/image-184-912x1024.png","type":"image\/png"}],"author":"Blogin al","twitter_card":"summary_large_image","twitter_misc":{"Written by":"Blogin al","Est. reading time":"2 minutes"},"schema":{"@context":"https:\/\/schema.org","@graph":[{"@type":"Article","@id":"https:\/\/blogin.al\/?p=41103#article","isPartOf":{"@id":"https:\/\/blogin.al\/?p=41103"},"author":{"name":"Blogin al","@id":"https:\/\/blogin.al\/#\/schema\/person\/abdd56bc912cd511db877b852b115399"},"headline":"\u201cFytyr\u00ebn dhe goj\u00ebn pse i deformon, ti s\u2019b\u00ebhesh se s\u2019b\u00ebhesh\u201d- E ofendoi keq, Kiara Tito ka dy fjal\u00eb p\u00ebr komentuesen","datePublished":"2023-12-11T09:54:09+00:00","dateModified":"2023-12-11T09:54:11+00:00","mainEntityOfPage":{"@id":"https:\/\/blogin.al\/?p=41103"},"wordCount":360,"commentCount":0,"publisher":{"@id":"https:\/\/blogin.al\/#organization"},"image":{"@id":"https:\/\/blogin.al\/?p=41103#primaryimage"},"thumbnailUrl":"https:\/\/blogin.al\/wp-content\/uploads\/2023\/11\/image-184.png","articleSection":["SHOWBIZ"],"inLanguage":"en-US","potentialAction":[{"@type":"CommentAction","name":"Comment","target":["https:\/\/blogin.al\/?p=41103#respond"]}]},{"@type":"WebPage","@id":"https:\/\/blogin.al\/?p=41103","url":"https:\/\/blogin.al\/?p=41103","name":"\u201cFytyr\u00ebn dhe goj\u00ebn pse i deformon, ti s\u2019b\u00ebhesh se s\u2019b\u00ebhesh\u201d- E ofendoi keq, Kiara Tito ka dy fjal\u00eb p\u00ebr komentuesen - blogin.al","isPartOf":{"@id":"https:\/\/blogin.al\/#website"},"primaryImageOfPage":{"@id":"https:\/\/blogin.al\/?p=41103#primaryimage"},"image":{"@id":"https:\/\/blogin.al\/?p=41103#primaryimage"},"thumbnailUrl":"https:\/\/blogin.al\/wp-content\/uploads\/2023\/11\/image-184.png","datePublished":"2023-12-11T09:54:09+00:00","dateModified":"2023-12-11T09:54:11+00:00","breadcrumb":{"@id":"https:\/\/blogin.al\/?p=41103#breadcrumb"},"inLanguage":"en-US","potentialAction":[{"@type":"ReadAction","target":["https:\/\/blogin.al\/?p=41103"]}]},{"@type":"ImageObject","inLanguage":"en-US","@id":"https:\/\/blogin.al\/?p=41103#primaryimage","url":"https:\/\/blogin.al\/wp-content\/uploads\/2023\/11\/image-184.png","contentUrl":"https:\/\/blogin.al\/wp-content\/uploads\/2023\/11\/image-184.png","width":1284,"height":1441},{"@type":"BreadcrumbList","@id":"https:\/\/blogin.al\/?p=41103#breadcrumb","itemListElement":[{"@type":"ListItem","position":1,"name":"Home","item":"https:\/\/blogin.al\/"},{"@type":"ListItem","position":2,"name":"\u201cFytyr\u00ebn dhe goj\u00ebn pse i deformon, ti s\u2019b\u00ebhesh se s\u2019b\u00ebhesh\u201d- E ofendoi keq, Kiara Tito ka dy fjal\u00eb p\u00ebr komentuesen"}]},{"@type":"WebSite","@id":"https:\/\/blogin.al\/#website","url":"https:\/\/blogin.al\/","name":"blogin.al","description":"","publisher":{"@id":"https:\/\/blogin.al\/#organization"},"potentialAction":[{"@type":"SearchAction","target":{"@type":"EntryPoint","urlTemplate":"https:\/\/blogin.al\/?s={search_term_string}"},"query-input":{"@type":"PropertyValueSpecification","valueRequired":true,"valueName":"search_term_string"}}],"inLanguage":"en-US"},{"@type":"Organization","@id":"https:\/\/blogin.al\/#organization","name":"BLOGIN.al","url":"https:\/\/blogin.al\/","logo":{"@type":"ImageObject","inLanguage":"en-US","@id":"https:\/\/blogin.al\/#\/schema\/logo\/image\/","url":"https:\/\/blogin.al\/wp-content\/uploads\/2022\/05\/Untitled-2-01-e1652084456514.png","contentUrl":"https:\/\/blogin.al\/wp-content\/uploads\/2022\/05\/Untitled-2-01-e1652084456514.png","width":3723,"height":1698,"caption":"BLOGIN.al"},"image":{"@id":"https:\/\/blogin.al\/#\/schema\/logo\/image\/"},"sameAs":["https:\/\/instagram.com\/blogin.al\/"]},{"@type":"Person","@id":"https:\/\/blogin.al\/#\/schema\/person\/abdd56bc912cd511db877b852b115399","name":"Blogin al","image":{"@type":"ImageObject","inLanguage":"en-US","@id":"https:\/\/secure.gravatar.com\/avatar\/60d5661aee6e835fb13dc75d2204cd0c1d61bef2efd137c0083e59ef831e235e?s=96&d=mm&r=g","url":"https:\/\/secure.gravatar.com\/avatar\/60d5661aee6e835fb13dc75d2204cd0c1d61bef2efd137c0083e59ef831e235e?s=96&d=mm&r=g","contentUrl":"https:\/\/secure.gravatar.com\/avatar\/60d5661aee6e835fb13dc75d2204cd0c1d61bef2efd137c0083e59ef831e235e?s=96&d=mm&r=g","caption":"Blogin al"},"sameAs":["https:\/\/blogin.al"],"url":"https:\/\/blogin.al\/?author=2"}]}},"_links":{"self":[{"href":"https:\/\/blogin.al\/index.php?rest_route=\/wp\/v2\/posts\/41103","targetHints":{"allow":["GET"]}}],"collection":[{"href":"https:\/\/blogin.al\/index.php?rest_route=\/wp\/v2\/posts"}],"about":[{"href":"https:\/\/blogin.al\/index.php?rest_route=\/wp\/v2\/types\/post"}],"author":[{"embeddable":true,"href":"https:\/\/blogin.al\/index.php?rest_route=\/wp\/v2\/users\/2"}],"replies":[{"embeddable":true,"href":"https:\/\/blogin.al\/index.php?rest_route=%2Fwp%2Fv2%2Fcomments&post=41103"}],"version-history":[{"count":1,"href":"https:\/\/blogin.al\/index.php?rest_route=\/wp\/v2\/posts\/41103\/revisions"}],"predecessor-version":[{"id":41105,"href":"https:\/\/blogin.al\/index.php?rest_route=\/wp\/v2\/posts\/41103\/revisions\/41105"}],"wp:featuredmedia":[{"embeddable":true,"href":"https:\/\/blogin.al\/index.php?rest_route=\/wp\/v2\/media\/40665"}],"wp:attachment":[{"href":"https:\/\/blogin.al\/index.php?rest_route=%2Fwp%2Fv2%2Fmedia&parent=41103"}],"wp:term":[{"taxonomy":"category","embeddable":true,"href":"https:\/\/blogin.al\/index.php?rest_route=%2Fwp%2Fv2%2Fcategories&post=41103"},{"taxonomy":"post_tag","embeddable":true,"href":"https:\/\/blogin.al\/index.php?rest_route=%2Fwp%2Fv2%2Ftags&post=41103"}],"curies":[{"name":"wp","href":"https:\/\/api.w.org\/{rel}","templated":true}]}}