{"id":41142,"date":"2023-12-12T09:38:45","date_gmt":"2023-12-12T09:38:45","guid":{"rendered":"https:\/\/blogin.al\/?p=41142"},"modified":"2023-12-12T09:38:46","modified_gmt":"2023-12-12T09:38:46","slug":"bora-zemani-feston-dy-gezime-ne-nje-dite","status":"publish","type":"post","link":"https:\/\/blogin.al\/?p=41142","title":{"rendered":"Bora Zemani feston dy g\u00ebzime n\u00eb nj\u00eb dit\u00eb"},"content":{"rendered":"\n<p>Dit\u00ebn e sotme n\u00eb sht\u00ebpin\u00eb e moderatores s\u00eb njohur Bora Zemani festohet dy her\u00eb, pasi djali i saj Arbori mbush plot 9 vje\u00e7 dhe po n\u00eb\u00a0k\u00ebt\u00eb dit\u00eb \u00ebsht\u00eb premiera e filmit t\u00eb saj dhe partnerit Donald Veshaj \u201c5 Her\u00eb Jo\u201d.<\/p>\n\n\n\n<p>P\u00ebrmes nj\u00eb postimi n\u00eb InstaStory, ajo ka treguar se ka pritur or\u00ebn 00:00 p\u00ebr t\u00eb uruar t\u00eb voglin e saj n\u00eb k\u00ebt\u00eb dit\u00eb kaq t\u00eb r\u00ebnd\u00ebsishme p\u00ebr t\u00eb.<\/p>\n\n\n\n<p>Mesa duket \u00e7ifti kan\u00eb zgjedhur q\u00eb t\u00eb publikojn\u00eb filmin e tyre pik\u00ebrisht n\u00eb k\u00ebt\u00eb dat\u00eb, p\u00ebr shkak se kjo \u00ebsht\u00eb dita m\u00eb e r\u00ebnd\u00ebsishme p\u00ebr Bor\u00ebn dhe t\u00eb voglin e saj t\u00eb cilin e ndan me ish-partnerin e saj Vin Veli.<\/p>\n\n\n\n<p>S\u00eb fundmi moderatorja ka rr\u00ebfyer se n\u00eb marr\u00ebdh\u00ebnien e saj me aktorin, Donald Veshaj po finalizohet nj\u00eb hap shum\u00eb i r\u00ebnd\u00ebsish\u00ebm.<\/p>\n\n\n\n<p>Bora ka treguar se ky vit e ka konsoliduar m\u00eb tep\u00ebr marr\u00ebdh\u00ebnien e tyre dhe nd\u00ebrsa tregoi edhe detaje nga filmi i tyre \u201c5 her\u00eb jo\u201d.<\/p>\n\n\n\n<p>Bora Zemani u shpreh se gjat\u00eb marr\u00ebdh\u00ebnies s\u00eb tyre 5-vje\u00e7are \u201c<em>ka pasur mbi 500 her\u00eb \u2018jo\u2019\u201d,<\/em>&nbsp;duke shtuar se shpreson q\u00eb pas k\u00ebsaj t\u2019i thon\u00eb vet\u00ebm \u201cpo\u201d nj\u00ebri-tjetrit.<\/p>\n\n\n\n<p><em>\u201cPo finalizohet nj\u00eb hap shum\u00eb i r\u00ebnd\u00ebsish\u00ebm. Projekti m\u00eb i r\u00ebnd\u00ebsish\u00ebm ka qen\u00eb filmi \u201c5 her\u00eb jo\u201d. Ishte eksperienc\u00eb shum\u00eb e bukur si aktore, por edhe rol i r\u00ebnd\u00ebsish\u00ebm si producente. Kam pasur shum\u00eb or\u00eb t\u00eb gjata pune. Ky projekt na ka rritur t\u00eb dyve bashk\u00eb, ky vit m\u00eb tep\u00ebr e ka konsoliduar marr\u00ebdh\u00ebnien ton\u00eb. Ka puthje n\u00eb filma, jan\u00eb b\u00ebr\u00eb edhe dubla sepse duhen xhiruar nga k\u00ebnde t\u00eb ndryshme jo se kishim v\u00ebshtir\u00ebsi p\u00ebr tu puthur. Ka pasur puthje, edhe n\u00eb prapasken\u00eb e sheshxhirime. N\u00eb k\u00ebto 5 vite q\u00eb jemi me nj\u00ebri-tjetrin, ndoshta ka pasur edhe 500 her\u00eb \u201cjo\u201d (qesh), dhe jo vet\u00ebm nga un\u00eb. Shpresoj q\u00eb pas k\u00ebtij filmi, t\u00eb themi vet\u00ebm \u201cpo\u201d p\u00ebr \u00e7do gj\u00eb\u201d,<\/em>&nbsp;u shpreh moderatorja.<\/p>\n\n\n\n<p>E pyetur a do t\u00eb shkoj\u00eb drejt altarit me aktorin, i cili e tradhtoi gjat\u00eb koh\u00ebs q\u00eb ishte n\u00eb sht\u00ebpin\u00eb e BBV me Beatrix Ramosaj, prezantuesja Bora Zemani u shpreh se martes\u00ebn nuk e shikon si di\u00e7ka t\u00eb r\u00ebnd\u00ebsishme, pasi nuk do t\u00eb ndryshonte asgj\u00eb n\u00eb marr\u00ebdh\u00ebnien e saj me aktorin.<\/p>\n\n\n\n<p><em>\u201cMartes\u00ebn nuk e shoh si nj\u00eb gj\u00eb kaq t\u00eb r\u00ebnd\u00ebsishme, se nuk m\u00eb b\u00ebn ndonj\u00eb ndryshim n\u00eb jet\u00ebn time t\u00eb martohem apo jo me Donaldin.<\/em><\/p>\n\n\n\n<p><em>Ne jetojm\u00eb bashk\u00eb, shijojm\u00eb marr\u00ebdh\u00ebnien ton\u00eb n\u00eb t\u00eb gjitha drejtimet, nuk do t\u00eb m\u00eb ndryshonte di\u00e7ka n\u00eb raportin ton\u00eb nj\u00eb martes\u00eb. K\u00ebrcimi n\u00eb D\u00cbTS, le t\u00eb jet\u00eb nj\u00eb k\u00ebrcim dasme\u201d<\/em>, tha Bora Zemani.<\/p>\n\n\n\n<p>Nd\u00ebrkoh\u00eb m\u00ebsohet se moderatorja dhe aktori kan\u00eb vendosur t\u00eb martohen. \u00c7ifti do t\u00eb shkojn\u00eb drejt altarit ver\u00ebn e ardhshme, por ende s\u2019kan\u00eb vendosur nj\u00eb dat\u00eb t\u00eb sakt\u00eb.<\/p>\n\n\n\n<p>Sipas burimeve p\u00ebr Prive, \u00e7ifti kan\u00eb nisur planifikimin e ceremonis\u00eb nga tani, madje edhe kan\u00eb njoftuar disa miq t\u00eb tyre q\u00eb t\u00eb koordinojn\u00eb pushimet e tyre me dasm\u00ebn.<br><\/p>\n","protected":false},"excerpt":{"rendered":"<p>Dit\u00ebn e sotme n\u00eb sht\u00ebpin\u00eb e moderatores s\u00eb njohur Bora Zemani festohet dy her\u00eb, pasi djali i saj Arbori mbush plot 9 vje\u00e7 dhe po n\u00eb\u00a0k\u00ebt\u00eb dit\u00eb \u00ebsht\u00eb premiera e filmit t\u00eb saj dhe partnerit Donald Veshaj \u201c5 Her\u00eb Jo\u201d. P\u00ebrmes nj\u00eb postimi n\u00eb InstaStory, ajo ka treguar se ka pritur or\u00ebn 00:00 p\u00ebr t\u00eb [&hellip;]<\/p>\n","protected":false},"author":2,"featured_media":38276,"comment_status":"open","ping_status":"open","sticky":false,"template":"","format":"standard","meta":{"footnotes":""},"categories":[33],"tags":[],"class_list":{"0":"post-41142","1":"post","2":"type-post","3":"status-publish","4":"format-standard","5":"has-post-thumbnail","7":"category-showbiz"},"yoast_head":"<!-- This site is optimized with the Yoast SEO plugin v27.5 - https:\/\/yoast.com\/product\/yoast-seo-wordpress\/ -->\n<title>Bora Zemani feston dy g\u00ebzime n\u00eb nj\u00eb dit\u00eb - blogin.al<\/title>\n<meta name=\"robots\" content=\"index, follow, max-snippet:-1, max-image-preview:large, max-video-preview:-1\" \/>\n<link rel=\"canonical\" href=\"https:\/\/blogin.al\/?p=41142\" \/>\n<meta property=\"og:locale\" content=\"en_US\" \/>\n<meta property=\"og:type\" content=\"article\" \/>\n<meta property=\"og:title\" content=\"Bora Zemani feston dy g\u00ebzime n\u00eb nj\u00eb dit\u00eb - blogin.al\" \/>\n<meta property=\"og:description\" content=\"Dit\u00ebn e sotme n\u00eb sht\u00ebpin\u00eb e moderatores s\u00eb njohur Bora Zemani festohet dy her\u00eb, pasi djali i saj Arbori mbush plot 9 vje\u00e7 dhe po n\u00eb\u00a0k\u00ebt\u00eb dit\u00eb \u00ebsht\u00eb premiera e filmit t\u00eb saj dhe partnerit Donald Veshaj \u201c5 Her\u00eb Jo\u201d. P\u00ebrmes nj\u00eb postimi n\u00eb InstaStory, ajo ka treguar se ka pritur or\u00ebn 00:00 p\u00ebr t\u00eb [&hellip;]\" \/>\n<meta property=\"og:url\" content=\"https:\/\/blogin.al\/?p=41142\" \/>\n<meta property=\"og:site_name\" content=\"blogin.al\" \/>\n<meta property=\"article:published_time\" content=\"2023-12-12T09:38:45+00:00\" \/>\n<meta property=\"article:modified_time\" content=\"2023-12-12T09:38:46+00:00\" \/>\n<meta property=\"og:image\" content=\"https:\/\/blogin.al\/wp-content\/uploads\/2023\/10\/image_editor_output_image-2072469710-1696699073461.jpg\" \/>\n\t<meta property=\"og:image:width\" content=\"1440\" \/>\n\t<meta property=\"og:image:height\" content=\"1608\" \/>\n\t<meta property=\"og:image:type\" content=\"image\/jpeg\" \/>\n<meta name=\"author\" content=\"Blogin al\" \/>\n<meta name=\"twitter:card\" content=\"summary_large_image\" \/>\n<meta name=\"twitter:label1\" content=\"Written by\" \/>\n\t<meta name=\"twitter:data1\" content=\"Blogin al\" \/>\n\t<meta name=\"twitter:label2\" content=\"Est. reading time\" \/>\n\t<meta name=\"twitter:data2\" content=\"3 minutes\" \/>\n<script type=\"application\/ld+json\" class=\"yoast-schema-graph\">{\"@context\":\"https:\\\/\\\/schema.org\",\"@graph\":[{\"@type\":\"Article\",\"@id\":\"https:\\\/\\\/blogin.al\\\/?p=41142#article\",\"isPartOf\":{\"@id\":\"https:\\\/\\\/blogin.al\\\/?p=41142\"},\"author\":{\"name\":\"Blogin al\",\"@id\":\"https:\\\/\\\/blogin.al\\\/#\\\/schema\\\/person\\\/abdd56bc912cd511db877b852b115399\"},\"headline\":\"Bora Zemani feston dy g\u00ebzime n\u00eb nj\u00eb dit\u00eb\",\"datePublished\":\"2023-12-12T09:38:45+00:00\",\"dateModified\":\"2023-12-12T09:38:46+00:00\",\"mainEntityOfPage\":{\"@id\":\"https:\\\/\\\/blogin.al\\\/?p=41142\"},\"wordCount\":555,\"commentCount\":0,\"publisher\":{\"@id\":\"https:\\\/\\\/blogin.al\\\/#organization\"},\"image\":{\"@id\":\"https:\\\/\\\/blogin.al\\\/?p=41142#primaryimage\"},\"thumbnailUrl\":\"https:\\\/\\\/blogin.al\\\/wp-content\\\/uploads\\\/2023\\\/10\\\/image_editor_output_image-2072469710-1696699073461.jpg\",\"articleSection\":[\"SHOWBIZ\"],\"inLanguage\":\"en-US\",\"potentialAction\":[{\"@type\":\"CommentAction\",\"name\":\"Comment\",\"target\":[\"https:\\\/\\\/blogin.al\\\/?p=41142#respond\"]}]},{\"@type\":\"WebPage\",\"@id\":\"https:\\\/\\\/blogin.al\\\/?p=41142\",\"url\":\"https:\\\/\\\/blogin.al\\\/?p=41142\",\"name\":\"Bora Zemani feston dy g\u00ebzime n\u00eb nj\u00eb dit\u00eb - blogin.al\",\"isPartOf\":{\"@id\":\"https:\\\/\\\/blogin.al\\\/#website\"},\"primaryImageOfPage\":{\"@id\":\"https:\\\/\\\/blogin.al\\\/?p=41142#primaryimage\"},\"image\":{\"@id\":\"https:\\\/\\\/blogin.al\\\/?p=41142#primaryimage\"},\"thumbnailUrl\":\"https:\\\/\\\/blogin.al\\\/wp-content\\\/uploads\\\/2023\\\/10\\\/image_editor_output_image-2072469710-1696699073461.jpg\",\"datePublished\":\"2023-12-12T09:38:45+00:00\",\"dateModified\":\"2023-12-12T09:38:46+00:00\",\"breadcrumb\":{\"@id\":\"https:\\\/\\\/blogin.al\\\/?p=41142#breadcrumb\"},\"inLanguage\":\"en-US\",\"potentialAction\":[{\"@type\":\"ReadAction\",\"target\":[\"https:\\\/\\\/blogin.al\\\/?p=41142\"]}]},{\"@type\":\"ImageObject\",\"inLanguage\":\"en-US\",\"@id\":\"https:\\\/\\\/blogin.al\\\/?p=41142#primaryimage\",\"url\":\"https:\\\/\\\/blogin.al\\\/wp-content\\\/uploads\\\/2023\\\/10\\\/image_editor_output_image-2072469710-1696699073461.jpg\",\"contentUrl\":\"https:\\\/\\\/blogin.al\\\/wp-content\\\/uploads\\\/2023\\\/10\\\/image_editor_output_image-2072469710-1696699073461.jpg\",\"width\":1440,\"height\":1608},{\"@type\":\"BreadcrumbList\",\"@id\":\"https:\\\/\\\/blogin.al\\\/?p=41142#breadcrumb\",\"itemListElement\":[{\"@type\":\"ListItem\",\"position\":1,\"name\":\"Home\",\"item\":\"https:\\\/\\\/blogin.al\\\/\"},{\"@type\":\"ListItem\",\"position\":2,\"name\":\"Bora Zemani feston dy g\u00ebzime n\u00eb nj\u00eb dit\u00eb\"}]},{\"@type\":\"WebSite\",\"@id\":\"https:\\\/\\\/blogin.al\\\/#website\",\"url\":\"https:\\\/\\\/blogin.al\\\/\",\"name\":\"blogin.al\",\"description\":\"\",\"publisher\":{\"@id\":\"https:\\\/\\\/blogin.al\\\/#organization\"},\"potentialAction\":[{\"@type\":\"SearchAction\",\"target\":{\"@type\":\"EntryPoint\",\"urlTemplate\":\"https:\\\/\\\/blogin.al\\\/?s={search_term_string}\"},\"query-input\":{\"@type\":\"PropertyValueSpecification\",\"valueRequired\":true,\"valueName\":\"search_term_string\"}}],\"inLanguage\":\"en-US\"},{\"@type\":\"Organization\",\"@id\":\"https:\\\/\\\/blogin.al\\\/#organization\",\"name\":\"BLOGIN.al\",\"url\":\"https:\\\/\\\/blogin.al\\\/\",\"logo\":{\"@type\":\"ImageObject\",\"inLanguage\":\"en-US\",\"@id\":\"https:\\\/\\\/blogin.al\\\/#\\\/schema\\\/logo\\\/image\\\/\",\"url\":\"https:\\\/\\\/blogin.al\\\/wp-content\\\/uploads\\\/2022\\\/05\\\/Untitled-2-01-e1652084456514.png\",\"contentUrl\":\"https:\\\/\\\/blogin.al\\\/wp-content\\\/uploads\\\/2022\\\/05\\\/Untitled-2-01-e1652084456514.png\",\"width\":3723,\"height\":1698,\"caption\":\"BLOGIN.al\"},\"image\":{\"@id\":\"https:\\\/\\\/blogin.al\\\/#\\\/schema\\\/logo\\\/image\\\/\"},\"sameAs\":[\"https:\\\/\\\/instagram.com\\\/blogin.al\\\/\"]},{\"@type\":\"Person\",\"@id\":\"https:\\\/\\\/blogin.al\\\/#\\\/schema\\\/person\\\/abdd56bc912cd511db877b852b115399\",\"name\":\"Blogin al\",\"image\":{\"@type\":\"ImageObject\",\"inLanguage\":\"en-US\",\"@id\":\"https:\\\/\\\/secure.gravatar.com\\\/avatar\\\/60d5661aee6e835fb13dc75d2204cd0c1d61bef2efd137c0083e59ef831e235e?s=96&d=mm&r=g\",\"url\":\"https:\\\/\\\/secure.gravatar.com\\\/avatar\\\/60d5661aee6e835fb13dc75d2204cd0c1d61bef2efd137c0083e59ef831e235e?s=96&d=mm&r=g\",\"contentUrl\":\"https:\\\/\\\/secure.gravatar.com\\\/avatar\\\/60d5661aee6e835fb13dc75d2204cd0c1d61bef2efd137c0083e59ef831e235e?s=96&d=mm&r=g\",\"caption\":\"Blogin al\"},\"sameAs\":[\"https:\\\/\\\/blogin.al\"],\"url\":\"https:\\\/\\\/blogin.al\\\/?author=2\"}]}<\/script>\n<!-- \/ Yoast SEO plugin. -->","yoast_head_json":{"title":"Bora Zemani feston dy g\u00ebzime n\u00eb nj\u00eb dit\u00eb - blogin.al","robots":{"index":"index","follow":"follow","max-snippet":"max-snippet:-1","max-image-preview":"max-image-preview:large","max-video-preview":"max-video-preview:-1"},"canonical":"https:\/\/blogin.al\/?p=41142","og_locale":"en_US","og_type":"article","og_title":"Bora Zemani feston dy g\u00ebzime n\u00eb nj\u00eb dit\u00eb - blogin.al","og_description":"Dit\u00ebn e sotme n\u00eb sht\u00ebpin\u00eb e moderatores s\u00eb njohur Bora Zemani festohet dy her\u00eb, pasi djali i saj Arbori mbush plot 9 vje\u00e7 dhe po n\u00eb\u00a0k\u00ebt\u00eb dit\u00eb \u00ebsht\u00eb premiera e filmit t\u00eb saj dhe partnerit Donald Veshaj \u201c5 Her\u00eb Jo\u201d. P\u00ebrmes nj\u00eb postimi n\u00eb InstaStory, ajo ka treguar se ka pritur or\u00ebn 00:00 p\u00ebr t\u00eb [&hellip;]","og_url":"https:\/\/blogin.al\/?p=41142","og_site_name":"blogin.al","article_published_time":"2023-12-12T09:38:45+00:00","article_modified_time":"2023-12-12T09:38:46+00:00","og_image":[{"width":1440,"height":1608,"url":"https:\/\/blogin.al\/wp-content\/uploads\/2023\/10\/image_editor_output_image-2072469710-1696699073461.jpg","type":"image\/jpeg"}],"author":"Blogin al","twitter_card":"summary_large_image","twitter_misc":{"Written by":"Blogin al","Est. reading time":"3 minutes"},"schema":{"@context":"https:\/\/schema.org","@graph":[{"@type":"Article","@id":"https:\/\/blogin.al\/?p=41142#article","isPartOf":{"@id":"https:\/\/blogin.al\/?p=41142"},"author":{"name":"Blogin al","@id":"https:\/\/blogin.al\/#\/schema\/person\/abdd56bc912cd511db877b852b115399"},"headline":"Bora Zemani feston dy g\u00ebzime n\u00eb nj\u00eb dit\u00eb","datePublished":"2023-12-12T09:38:45+00:00","dateModified":"2023-12-12T09:38:46+00:00","mainEntityOfPage":{"@id":"https:\/\/blogin.al\/?p=41142"},"wordCount":555,"commentCount":0,"publisher":{"@id":"https:\/\/blogin.al\/#organization"},"image":{"@id":"https:\/\/blogin.al\/?p=41142#primaryimage"},"thumbnailUrl":"https:\/\/blogin.al\/wp-content\/uploads\/2023\/10\/image_editor_output_image-2072469710-1696699073461.jpg","articleSection":["SHOWBIZ"],"inLanguage":"en-US","potentialAction":[{"@type":"CommentAction","name":"Comment","target":["https:\/\/blogin.al\/?p=41142#respond"]}]},{"@type":"WebPage","@id":"https:\/\/blogin.al\/?p=41142","url":"https:\/\/blogin.al\/?p=41142","name":"Bora Zemani feston dy g\u00ebzime n\u00eb nj\u00eb dit\u00eb - blogin.al","isPartOf":{"@id":"https:\/\/blogin.al\/#website"},"primaryImageOfPage":{"@id":"https:\/\/blogin.al\/?p=41142#primaryimage"},"image":{"@id":"https:\/\/blogin.al\/?p=41142#primaryimage"},"thumbnailUrl":"https:\/\/blogin.al\/wp-content\/uploads\/2023\/10\/image_editor_output_image-2072469710-1696699073461.jpg","datePublished":"2023-12-12T09:38:45+00:00","dateModified":"2023-12-12T09:38:46+00:00","breadcrumb":{"@id":"https:\/\/blogin.al\/?p=41142#breadcrumb"},"inLanguage":"en-US","potentialAction":[{"@type":"ReadAction","target":["https:\/\/blogin.al\/?p=41142"]}]},{"@type":"ImageObject","inLanguage":"en-US","@id":"https:\/\/blogin.al\/?p=41142#primaryimage","url":"https:\/\/blogin.al\/wp-content\/uploads\/2023\/10\/image_editor_output_image-2072469710-1696699073461.jpg","contentUrl":"https:\/\/blogin.al\/wp-content\/uploads\/2023\/10\/image_editor_output_image-2072469710-1696699073461.jpg","width":1440,"height":1608},{"@type":"BreadcrumbList","@id":"https:\/\/blogin.al\/?p=41142#breadcrumb","itemListElement":[{"@type":"ListItem","position":1,"name":"Home","item":"https:\/\/blogin.al\/"},{"@type":"ListItem","position":2,"name":"Bora Zemani feston dy g\u00ebzime n\u00eb nj\u00eb dit\u00eb"}]},{"@type":"WebSite","@id":"https:\/\/blogin.al\/#website","url":"https:\/\/blogin.al\/","name":"blogin.al","description":"","publisher":{"@id":"https:\/\/blogin.al\/#organization"},"potentialAction":[{"@type":"SearchAction","target":{"@type":"EntryPoint","urlTemplate":"https:\/\/blogin.al\/?s={search_term_string}"},"query-input":{"@type":"PropertyValueSpecification","valueRequired":true,"valueName":"search_term_string"}}],"inLanguage":"en-US"},{"@type":"Organization","@id":"https:\/\/blogin.al\/#organization","name":"BLOGIN.al","url":"https:\/\/blogin.al\/","logo":{"@type":"ImageObject","inLanguage":"en-US","@id":"https:\/\/blogin.al\/#\/schema\/logo\/image\/","url":"https:\/\/blogin.al\/wp-content\/uploads\/2022\/05\/Untitled-2-01-e1652084456514.png","contentUrl":"https:\/\/blogin.al\/wp-content\/uploads\/2022\/05\/Untitled-2-01-e1652084456514.png","width":3723,"height":1698,"caption":"BLOGIN.al"},"image":{"@id":"https:\/\/blogin.al\/#\/schema\/logo\/image\/"},"sameAs":["https:\/\/instagram.com\/blogin.al\/"]},{"@type":"Person","@id":"https:\/\/blogin.al\/#\/schema\/person\/abdd56bc912cd511db877b852b115399","name":"Blogin al","image":{"@type":"ImageObject","inLanguage":"en-US","@id":"https:\/\/secure.gravatar.com\/avatar\/60d5661aee6e835fb13dc75d2204cd0c1d61bef2efd137c0083e59ef831e235e?s=96&d=mm&r=g","url":"https:\/\/secure.gravatar.com\/avatar\/60d5661aee6e835fb13dc75d2204cd0c1d61bef2efd137c0083e59ef831e235e?s=96&d=mm&r=g","contentUrl":"https:\/\/secure.gravatar.com\/avatar\/60d5661aee6e835fb13dc75d2204cd0c1d61bef2efd137c0083e59ef831e235e?s=96&d=mm&r=g","caption":"Blogin al"},"sameAs":["https:\/\/blogin.al"],"url":"https:\/\/blogin.al\/?author=2"}]}},"_links":{"self":[{"href":"https:\/\/blogin.al\/index.php?rest_route=\/wp\/v2\/posts\/41142","targetHints":{"allow":["GET"]}}],"collection":[{"href":"https:\/\/blogin.al\/index.php?rest_route=\/wp\/v2\/posts"}],"about":[{"href":"https:\/\/blogin.al\/index.php?rest_route=\/wp\/v2\/types\/post"}],"author":[{"embeddable":true,"href":"https:\/\/blogin.al\/index.php?rest_route=\/wp\/v2\/users\/2"}],"replies":[{"embeddable":true,"href":"https:\/\/blogin.al\/index.php?rest_route=%2Fwp%2Fv2%2Fcomments&post=41142"}],"version-history":[{"count":1,"href":"https:\/\/blogin.al\/index.php?rest_route=\/wp\/v2\/posts\/41142\/revisions"}],"predecessor-version":[{"id":41143,"href":"https:\/\/blogin.al\/index.php?rest_route=\/wp\/v2\/posts\/41142\/revisions\/41143"}],"wp:featuredmedia":[{"embeddable":true,"href":"https:\/\/blogin.al\/index.php?rest_route=\/wp\/v2\/media\/38276"}],"wp:attachment":[{"href":"https:\/\/blogin.al\/index.php?rest_route=%2Fwp%2Fv2%2Fmedia&parent=41142"}],"wp:term":[{"taxonomy":"category","embeddable":true,"href":"https:\/\/blogin.al\/index.php?rest_route=%2Fwp%2Fv2%2Fcategories&post=41142"},{"taxonomy":"post_tag","embeddable":true,"href":"https:\/\/blogin.al\/index.php?rest_route=%2Fwp%2Fv2%2Ftags&post=41142"}],"curies":[{"name":"wp","href":"https:\/\/api.w.org\/{rel}","templated":true}]}}