{"id":41148,"date":"2023-12-12T11:26:21","date_gmt":"2023-12-12T11:26:21","guid":{"rendered":"https:\/\/blogin.al\/?p=41148"},"modified":"2023-12-12T11:26:23","modified_gmt":"2023-12-12T11:26:23","slug":"asgje-nuk-e-zhben-humbjen-tone-te-madhe-vangjel-tavo-reagon-pak-dite-pasi-humbi-vajzen-ne-nje-aksident-tragjik","status":"publish","type":"post","link":"https:\/\/blogin.al\/?p=41148","title":{"rendered":"\u201cAsgj\u00eb nuk e zhb\u00ebn humbjen ton\u00eb t\u00eb madhe \u2026\u201d, Vangjel Tavo reagon pak dit\u00eb pasi humbi vajz\u00ebn n\u00eb nj\u00eb aksident tragjik"},"content":{"rendered":"\n<p>Ish-deputeti Vangjel Tavo ka reaguar n\u00eb lidhje me tragjedin\u00eb familjare me t\u00eb cil\u00ebn u p\u00ebrball, ku vajza e tij humbi jet\u00ebn n\u00eb nj\u00eb aksident tragjik.<\/p>\n\n\n\n<p>P\u00ebrmes nj\u00eb mesazhi n\u00eb \u2018Facebook\u2019, Tavo shprehu mir\u00ebnjohje p\u00ebr miqt\u00eb dhe dashamir\u00ebsit, t\u00eb cil\u00ebt i ofruan mb\u00ebshtetje p\u00ebr dit\u00ebt e v\u00ebshtira.<\/p>\n\n\n\n<p><strong>Reagimi i Tavos:<\/strong><\/p>\n\n\n\n<p><em>T\u00eb nderuar t\u00eb af\u00ebrm, miq, e dashamir\u00ebs,<\/em><\/p>\n\n\n\n<p><em>Asgj\u00eb nuk e zhb\u00ebn humbjen e madhe t\u00eb familjes son\u00eb, por mb\u00ebshtetja juaj tejet njer\u00ebzore dhe e pakufi ka qen\u00eb ngush\u00ebllim i r\u00ebnd\u00ebsish\u00ebm e dometh\u00ebn\u00ebs p\u00ebr t\u00eb gjith\u00eb ne.<\/em><\/p>\n\n\n\n<p><em>Shprehim mir\u00ebnjohjen e thell\u00eb p\u00ebr gjith\u00ebsecilin prej jush p\u00ebr respektin q\u00eb treguat, duke e vler\u00ebsuar tej mase q\u00eb erdh\u00ebt nga t\u00eb gjitha qytetet e vendit, si edhe nga shum\u00eb shtete jasht\u00eb kufijve, p\u00ebr t\u00eb na u gjendur pran\u00eb e duke na u b\u00ebr\u00eb krah.<\/em><\/p>\n\n\n\n<p><em>I shprehim mir\u00ebnjohjen edhe t\u00eb gjitha autoriteteve dhe instancave zyrtare, t\u00eb cilat u angazhuan maksimalisht p\u00ebr t\u00eb na asistuar n\u00eb \u00e7do nevoj\u00eb.<\/em><\/p>\n\n\n\n<p><em>Nuk urojm\u00eb kurr\u00eb q\u00eb t\u2019jua shp\u00ebrblejm\u00eb mir\u00ebnjohjen n\u00eb t\u00eb tilla rrethana, por vet\u00ebm n\u00eb t\u00eb mira e g\u00ebzime p\u00ebr ju dhe familjen tuaj!<\/em><\/p>\n\n\n\n<p><em>Me p\u00ebrulje, mir\u00ebnjohje dhe respekt t\u00eb thell\u00eb p\u00ebr t\u00eb gjith\u00eb ju.<\/em><\/p>\n\n\n\n<p><em>Vangjel Tavo dhe Familja<\/em><\/p>\n","protected":false},"excerpt":{"rendered":"<p>Ish-deputeti Vangjel Tavo ka reaguar n\u00eb lidhje me tragjedin\u00eb familjare me t\u00eb cil\u00ebn u p\u00ebrball, ku vajza e tij humbi jet\u00ebn n\u00eb nj\u00eb aksident tragjik. P\u00ebrmes nj\u00eb mesazhi n\u00eb \u2018Facebook\u2019, Tavo shprehu mir\u00ebnjohje p\u00ebr miqt\u00eb dhe dashamir\u00ebsit, t\u00eb cil\u00ebt i ofruan mb\u00ebshtetje p\u00ebr dit\u00ebt e v\u00ebshtira. Reagimi i Tavos: T\u00eb nderuar t\u00eb af\u00ebrm, miq, e [&hellip;]<\/p>\n","protected":false},"author":2,"featured_media":41149,"comment_status":"open","ping_status":"open","sticky":false,"template":"","format":"standard","meta":{"footnotes":""},"categories":[33],"tags":[],"class_list":{"0":"post-41148","1":"post","2":"type-post","3":"status-publish","4":"format-standard","5":"has-post-thumbnail","7":"category-showbiz"},"yoast_head":"<!-- This site is optimized with the Yoast SEO plugin v27.5 - https:\/\/yoast.com\/product\/yoast-seo-wordpress\/ -->\n<title>\u201cAsgj\u00eb nuk e zhb\u00ebn humbjen ton\u00eb t\u00eb madhe \u2026\u201d, Vangjel Tavo reagon pak dit\u00eb pasi humbi vajz\u00ebn n\u00eb nj\u00eb aksident tragjik - blogin.al<\/title>\n<meta name=\"robots\" content=\"index, follow, max-snippet:-1, max-image-preview:large, max-video-preview:-1\" \/>\n<link rel=\"canonical\" href=\"https:\/\/blogin.al\/?p=41148\" \/>\n<meta property=\"og:locale\" content=\"en_US\" \/>\n<meta property=\"og:type\" content=\"article\" \/>\n<meta property=\"og:title\" content=\"\u201cAsgj\u00eb nuk e zhb\u00ebn humbjen ton\u00eb t\u00eb madhe \u2026\u201d, Vangjel Tavo reagon pak dit\u00eb pasi humbi vajz\u00ebn n\u00eb nj\u00eb aksident tragjik - blogin.al\" \/>\n<meta property=\"og:description\" content=\"Ish-deputeti Vangjel Tavo ka reaguar n\u00eb lidhje me tragjedin\u00eb familjare me t\u00eb cil\u00ebn u p\u00ebrball, ku vajza e tij humbi jet\u00ebn n\u00eb nj\u00eb aksident tragjik. P\u00ebrmes nj\u00eb mesazhi n\u00eb \u2018Facebook\u2019, Tavo shprehu mir\u00ebnjohje p\u00ebr miqt\u00eb dhe dashamir\u00ebsit, t\u00eb cil\u00ebt i ofruan mb\u00ebshtetje p\u00ebr dit\u00ebt e v\u00ebshtira. Reagimi i Tavos: T\u00eb nderuar t\u00eb af\u00ebrm, miq, e [&hellip;]\" \/>\n<meta property=\"og:url\" content=\"https:\/\/blogin.al\/?p=41148\" \/>\n<meta property=\"og:site_name\" content=\"blogin.al\" \/>\n<meta property=\"article:published_time\" content=\"2023-12-12T11:26:21+00:00\" \/>\n<meta property=\"article:modified_time\" content=\"2023-12-12T11:26:23+00:00\" \/>\n<meta property=\"og:image\" content=\"https:\/\/blogin.al\/wp-content\/uploads\/2023\/12\/image-75.png\" \/>\n\t<meta property=\"og:image:width\" content=\"1071\" \/>\n\t<meta property=\"og:image:height\" content=\"880\" \/>\n\t<meta property=\"og:image:type\" content=\"image\/png\" \/>\n<meta name=\"author\" content=\"Blogin al\" \/>\n<meta name=\"twitter:card\" content=\"summary_large_image\" \/>\n<meta name=\"twitter:label1\" content=\"Written by\" \/>\n\t<meta name=\"twitter:data1\" content=\"Blogin al\" \/>\n\t<meta name=\"twitter:label2\" content=\"Est. reading time\" \/>\n\t<meta name=\"twitter:data2\" content=\"1 minute\" \/>\n<script type=\"application\/ld+json\" class=\"yoast-schema-graph\">{\"@context\":\"https:\\\/\\\/schema.org\",\"@graph\":[{\"@type\":\"Article\",\"@id\":\"https:\\\/\\\/blogin.al\\\/?p=41148#article\",\"isPartOf\":{\"@id\":\"https:\\\/\\\/blogin.al\\\/?p=41148\"},\"author\":{\"name\":\"Blogin al\",\"@id\":\"https:\\\/\\\/blogin.al\\\/#\\\/schema\\\/person\\\/abdd56bc912cd511db877b852b115399\"},\"headline\":\"\u201cAsgj\u00eb nuk e zhb\u00ebn humbjen ton\u00eb t\u00eb madhe \u2026\u201d, Vangjel Tavo reagon pak dit\u00eb pasi humbi vajz\u00ebn n\u00eb nj\u00eb aksident tragjik\",\"datePublished\":\"2023-12-12T11:26:21+00:00\",\"dateModified\":\"2023-12-12T11:26:23+00:00\",\"mainEntityOfPage\":{\"@id\":\"https:\\\/\\\/blogin.al\\\/?p=41148\"},\"wordCount\":254,\"commentCount\":0,\"publisher\":{\"@id\":\"https:\\\/\\\/blogin.al\\\/#organization\"},\"image\":{\"@id\":\"https:\\\/\\\/blogin.al\\\/?p=41148#primaryimage\"},\"thumbnailUrl\":\"https:\\\/\\\/blogin.al\\\/wp-content\\\/uploads\\\/2023\\\/12\\\/image-75.png\",\"articleSection\":[\"SHOWBIZ\"],\"inLanguage\":\"en-US\",\"potentialAction\":[{\"@type\":\"CommentAction\",\"name\":\"Comment\",\"target\":[\"https:\\\/\\\/blogin.al\\\/?p=41148#respond\"]}]},{\"@type\":\"WebPage\",\"@id\":\"https:\\\/\\\/blogin.al\\\/?p=41148\",\"url\":\"https:\\\/\\\/blogin.al\\\/?p=41148\",\"name\":\"\u201cAsgj\u00eb nuk e zhb\u00ebn humbjen ton\u00eb t\u00eb madhe \u2026\u201d, Vangjel Tavo reagon pak dit\u00eb pasi humbi vajz\u00ebn n\u00eb nj\u00eb aksident tragjik - blogin.al\",\"isPartOf\":{\"@id\":\"https:\\\/\\\/blogin.al\\\/#website\"},\"primaryImageOfPage\":{\"@id\":\"https:\\\/\\\/blogin.al\\\/?p=41148#primaryimage\"},\"image\":{\"@id\":\"https:\\\/\\\/blogin.al\\\/?p=41148#primaryimage\"},\"thumbnailUrl\":\"https:\\\/\\\/blogin.al\\\/wp-content\\\/uploads\\\/2023\\\/12\\\/image-75.png\",\"datePublished\":\"2023-12-12T11:26:21+00:00\",\"dateModified\":\"2023-12-12T11:26:23+00:00\",\"breadcrumb\":{\"@id\":\"https:\\\/\\\/blogin.al\\\/?p=41148#breadcrumb\"},\"inLanguage\":\"en-US\",\"potentialAction\":[{\"@type\":\"ReadAction\",\"target\":[\"https:\\\/\\\/blogin.al\\\/?p=41148\"]}]},{\"@type\":\"ImageObject\",\"inLanguage\":\"en-US\",\"@id\":\"https:\\\/\\\/blogin.al\\\/?p=41148#primaryimage\",\"url\":\"https:\\\/\\\/blogin.al\\\/wp-content\\\/uploads\\\/2023\\\/12\\\/image-75.png\",\"contentUrl\":\"https:\\\/\\\/blogin.al\\\/wp-content\\\/uploads\\\/2023\\\/12\\\/image-75.png\",\"width\":1071,\"height\":880},{\"@type\":\"BreadcrumbList\",\"@id\":\"https:\\\/\\\/blogin.al\\\/?p=41148#breadcrumb\",\"itemListElement\":[{\"@type\":\"ListItem\",\"position\":1,\"name\":\"Home\",\"item\":\"https:\\\/\\\/blogin.al\\\/\"},{\"@type\":\"ListItem\",\"position\":2,\"name\":\"\u201cAsgj\u00eb nuk e zhb\u00ebn humbjen ton\u00eb t\u00eb madhe \u2026\u201d, Vangjel Tavo reagon pak dit\u00eb pasi humbi vajz\u00ebn n\u00eb nj\u00eb aksident tragjik\"}]},{\"@type\":\"WebSite\",\"@id\":\"https:\\\/\\\/blogin.al\\\/#website\",\"url\":\"https:\\\/\\\/blogin.al\\\/\",\"name\":\"blogin.al\",\"description\":\"\",\"publisher\":{\"@id\":\"https:\\\/\\\/blogin.al\\\/#organization\"},\"potentialAction\":[{\"@type\":\"SearchAction\",\"target\":{\"@type\":\"EntryPoint\",\"urlTemplate\":\"https:\\\/\\\/blogin.al\\\/?s={search_term_string}\"},\"query-input\":{\"@type\":\"PropertyValueSpecification\",\"valueRequired\":true,\"valueName\":\"search_term_string\"}}],\"inLanguage\":\"en-US\"},{\"@type\":\"Organization\",\"@id\":\"https:\\\/\\\/blogin.al\\\/#organization\",\"name\":\"BLOGIN.al\",\"url\":\"https:\\\/\\\/blogin.al\\\/\",\"logo\":{\"@type\":\"ImageObject\",\"inLanguage\":\"en-US\",\"@id\":\"https:\\\/\\\/blogin.al\\\/#\\\/schema\\\/logo\\\/image\\\/\",\"url\":\"https:\\\/\\\/blogin.al\\\/wp-content\\\/uploads\\\/2022\\\/05\\\/Untitled-2-01-e1652084456514.png\",\"contentUrl\":\"https:\\\/\\\/blogin.al\\\/wp-content\\\/uploads\\\/2022\\\/05\\\/Untitled-2-01-e1652084456514.png\",\"width\":3723,\"height\":1698,\"caption\":\"BLOGIN.al\"},\"image\":{\"@id\":\"https:\\\/\\\/blogin.al\\\/#\\\/schema\\\/logo\\\/image\\\/\"},\"sameAs\":[\"https:\\\/\\\/instagram.com\\\/blogin.al\\\/\"]},{\"@type\":\"Person\",\"@id\":\"https:\\\/\\\/blogin.al\\\/#\\\/schema\\\/person\\\/abdd56bc912cd511db877b852b115399\",\"name\":\"Blogin al\",\"image\":{\"@type\":\"ImageObject\",\"inLanguage\":\"en-US\",\"@id\":\"https:\\\/\\\/secure.gravatar.com\\\/avatar\\\/60d5661aee6e835fb13dc75d2204cd0c1d61bef2efd137c0083e59ef831e235e?s=96&d=mm&r=g\",\"url\":\"https:\\\/\\\/secure.gravatar.com\\\/avatar\\\/60d5661aee6e835fb13dc75d2204cd0c1d61bef2efd137c0083e59ef831e235e?s=96&d=mm&r=g\",\"contentUrl\":\"https:\\\/\\\/secure.gravatar.com\\\/avatar\\\/60d5661aee6e835fb13dc75d2204cd0c1d61bef2efd137c0083e59ef831e235e?s=96&d=mm&r=g\",\"caption\":\"Blogin al\"},\"sameAs\":[\"https:\\\/\\\/blogin.al\"],\"url\":\"https:\\\/\\\/blogin.al\\\/?author=2\"}]}<\/script>\n<!-- \/ Yoast SEO plugin. -->","yoast_head_json":{"title":"\u201cAsgj\u00eb nuk e zhb\u00ebn humbjen ton\u00eb t\u00eb madhe \u2026\u201d, Vangjel Tavo reagon pak dit\u00eb pasi humbi vajz\u00ebn n\u00eb nj\u00eb aksident tragjik - blogin.al","robots":{"index":"index","follow":"follow","max-snippet":"max-snippet:-1","max-image-preview":"max-image-preview:large","max-video-preview":"max-video-preview:-1"},"canonical":"https:\/\/blogin.al\/?p=41148","og_locale":"en_US","og_type":"article","og_title":"\u201cAsgj\u00eb nuk e zhb\u00ebn humbjen ton\u00eb t\u00eb madhe \u2026\u201d, Vangjel Tavo reagon pak dit\u00eb pasi humbi vajz\u00ebn n\u00eb nj\u00eb aksident tragjik - blogin.al","og_description":"Ish-deputeti Vangjel Tavo ka reaguar n\u00eb lidhje me tragjedin\u00eb familjare me t\u00eb cil\u00ebn u p\u00ebrball, ku vajza e tij humbi jet\u00ebn n\u00eb nj\u00eb aksident tragjik. P\u00ebrmes nj\u00eb mesazhi n\u00eb \u2018Facebook\u2019, Tavo shprehu mir\u00ebnjohje p\u00ebr miqt\u00eb dhe dashamir\u00ebsit, t\u00eb cil\u00ebt i ofruan mb\u00ebshtetje p\u00ebr dit\u00ebt e v\u00ebshtira. Reagimi i Tavos: T\u00eb nderuar t\u00eb af\u00ebrm, miq, e [&hellip;]","og_url":"https:\/\/blogin.al\/?p=41148","og_site_name":"blogin.al","article_published_time":"2023-12-12T11:26:21+00:00","article_modified_time":"2023-12-12T11:26:23+00:00","og_image":[{"width":1071,"height":880,"url":"https:\/\/blogin.al\/wp-content\/uploads\/2023\/12\/image-75.png","type":"image\/png"}],"author":"Blogin al","twitter_card":"summary_large_image","twitter_misc":{"Written by":"Blogin al","Est. reading time":"1 minute"},"schema":{"@context":"https:\/\/schema.org","@graph":[{"@type":"Article","@id":"https:\/\/blogin.al\/?p=41148#article","isPartOf":{"@id":"https:\/\/blogin.al\/?p=41148"},"author":{"name":"Blogin al","@id":"https:\/\/blogin.al\/#\/schema\/person\/abdd56bc912cd511db877b852b115399"},"headline":"\u201cAsgj\u00eb nuk e zhb\u00ebn humbjen ton\u00eb t\u00eb madhe \u2026\u201d, Vangjel Tavo reagon pak dit\u00eb pasi humbi vajz\u00ebn n\u00eb nj\u00eb aksident tragjik","datePublished":"2023-12-12T11:26:21+00:00","dateModified":"2023-12-12T11:26:23+00:00","mainEntityOfPage":{"@id":"https:\/\/blogin.al\/?p=41148"},"wordCount":254,"commentCount":0,"publisher":{"@id":"https:\/\/blogin.al\/#organization"},"image":{"@id":"https:\/\/blogin.al\/?p=41148#primaryimage"},"thumbnailUrl":"https:\/\/blogin.al\/wp-content\/uploads\/2023\/12\/image-75.png","articleSection":["SHOWBIZ"],"inLanguage":"en-US","potentialAction":[{"@type":"CommentAction","name":"Comment","target":["https:\/\/blogin.al\/?p=41148#respond"]}]},{"@type":"WebPage","@id":"https:\/\/blogin.al\/?p=41148","url":"https:\/\/blogin.al\/?p=41148","name":"\u201cAsgj\u00eb nuk e zhb\u00ebn humbjen ton\u00eb t\u00eb madhe \u2026\u201d, Vangjel Tavo reagon pak dit\u00eb pasi humbi vajz\u00ebn n\u00eb nj\u00eb aksident tragjik - blogin.al","isPartOf":{"@id":"https:\/\/blogin.al\/#website"},"primaryImageOfPage":{"@id":"https:\/\/blogin.al\/?p=41148#primaryimage"},"image":{"@id":"https:\/\/blogin.al\/?p=41148#primaryimage"},"thumbnailUrl":"https:\/\/blogin.al\/wp-content\/uploads\/2023\/12\/image-75.png","datePublished":"2023-12-12T11:26:21+00:00","dateModified":"2023-12-12T11:26:23+00:00","breadcrumb":{"@id":"https:\/\/blogin.al\/?p=41148#breadcrumb"},"inLanguage":"en-US","potentialAction":[{"@type":"ReadAction","target":["https:\/\/blogin.al\/?p=41148"]}]},{"@type":"ImageObject","inLanguage":"en-US","@id":"https:\/\/blogin.al\/?p=41148#primaryimage","url":"https:\/\/blogin.al\/wp-content\/uploads\/2023\/12\/image-75.png","contentUrl":"https:\/\/blogin.al\/wp-content\/uploads\/2023\/12\/image-75.png","width":1071,"height":880},{"@type":"BreadcrumbList","@id":"https:\/\/blogin.al\/?p=41148#breadcrumb","itemListElement":[{"@type":"ListItem","position":1,"name":"Home","item":"https:\/\/blogin.al\/"},{"@type":"ListItem","position":2,"name":"\u201cAsgj\u00eb nuk e zhb\u00ebn humbjen ton\u00eb t\u00eb madhe \u2026\u201d, Vangjel Tavo reagon pak dit\u00eb pasi humbi vajz\u00ebn n\u00eb nj\u00eb aksident tragjik"}]},{"@type":"WebSite","@id":"https:\/\/blogin.al\/#website","url":"https:\/\/blogin.al\/","name":"blogin.al","description":"","publisher":{"@id":"https:\/\/blogin.al\/#organization"},"potentialAction":[{"@type":"SearchAction","target":{"@type":"EntryPoint","urlTemplate":"https:\/\/blogin.al\/?s={search_term_string}"},"query-input":{"@type":"PropertyValueSpecification","valueRequired":true,"valueName":"search_term_string"}}],"inLanguage":"en-US"},{"@type":"Organization","@id":"https:\/\/blogin.al\/#organization","name":"BLOGIN.al","url":"https:\/\/blogin.al\/","logo":{"@type":"ImageObject","inLanguage":"en-US","@id":"https:\/\/blogin.al\/#\/schema\/logo\/image\/","url":"https:\/\/blogin.al\/wp-content\/uploads\/2022\/05\/Untitled-2-01-e1652084456514.png","contentUrl":"https:\/\/blogin.al\/wp-content\/uploads\/2022\/05\/Untitled-2-01-e1652084456514.png","width":3723,"height":1698,"caption":"BLOGIN.al"},"image":{"@id":"https:\/\/blogin.al\/#\/schema\/logo\/image\/"},"sameAs":["https:\/\/instagram.com\/blogin.al\/"]},{"@type":"Person","@id":"https:\/\/blogin.al\/#\/schema\/person\/abdd56bc912cd511db877b852b115399","name":"Blogin al","image":{"@type":"ImageObject","inLanguage":"en-US","@id":"https:\/\/secure.gravatar.com\/avatar\/60d5661aee6e835fb13dc75d2204cd0c1d61bef2efd137c0083e59ef831e235e?s=96&d=mm&r=g","url":"https:\/\/secure.gravatar.com\/avatar\/60d5661aee6e835fb13dc75d2204cd0c1d61bef2efd137c0083e59ef831e235e?s=96&d=mm&r=g","contentUrl":"https:\/\/secure.gravatar.com\/avatar\/60d5661aee6e835fb13dc75d2204cd0c1d61bef2efd137c0083e59ef831e235e?s=96&d=mm&r=g","caption":"Blogin al"},"sameAs":["https:\/\/blogin.al"],"url":"https:\/\/blogin.al\/?author=2"}]}},"_links":{"self":[{"href":"https:\/\/blogin.al\/index.php?rest_route=\/wp\/v2\/posts\/41148","targetHints":{"allow":["GET"]}}],"collection":[{"href":"https:\/\/blogin.al\/index.php?rest_route=\/wp\/v2\/posts"}],"about":[{"href":"https:\/\/blogin.al\/index.php?rest_route=\/wp\/v2\/types\/post"}],"author":[{"embeddable":true,"href":"https:\/\/blogin.al\/index.php?rest_route=\/wp\/v2\/users\/2"}],"replies":[{"embeddable":true,"href":"https:\/\/blogin.al\/index.php?rest_route=%2Fwp%2Fv2%2Fcomments&post=41148"}],"version-history":[{"count":1,"href":"https:\/\/blogin.al\/index.php?rest_route=\/wp\/v2\/posts\/41148\/revisions"}],"predecessor-version":[{"id":41150,"href":"https:\/\/blogin.al\/index.php?rest_route=\/wp\/v2\/posts\/41148\/revisions\/41150"}],"wp:featuredmedia":[{"embeddable":true,"href":"https:\/\/blogin.al\/index.php?rest_route=\/wp\/v2\/media\/41149"}],"wp:attachment":[{"href":"https:\/\/blogin.al\/index.php?rest_route=%2Fwp%2Fv2%2Fmedia&parent=41148"}],"wp:term":[{"taxonomy":"category","embeddable":true,"href":"https:\/\/blogin.al\/index.php?rest_route=%2Fwp%2Fv2%2Fcategories&post=41148"},{"taxonomy":"post_tag","embeddable":true,"href":"https:\/\/blogin.al\/index.php?rest_route=%2Fwp%2Fv2%2Ftags&post=41148"}],"curies":[{"name":"wp","href":"https:\/\/api.w.org\/{rel}","templated":true}]}}