{"id":41151,"date":"2023-12-12T11:29:49","date_gmt":"2023-12-12T11:29:49","guid":{"rendered":"https:\/\/blogin.al\/?p=41151"},"modified":"2023-12-12T11:29:50","modified_gmt":"2023-12-12T11:29:50","slug":"edona-ofendon-keq-konkurenten-e-big-brother-vip-moderatori-e-paralajmeron-nuk-ke-te-drejte","status":"publish","type":"post","link":"https:\/\/blogin.al\/?p=41151","title":{"rendered":"Edona ofendon keq konkurenten e \u201cBig Brother Vip\u201d, moderatori e paralajm\u00ebron: Nuk ke t\u00eb drejt\u00eb\u2026."},"content":{"rendered":"\n<p><br>Edona James mbr\u00ebmjen e djeshme ka debatuar ashp\u00ebr me Kader Kicaj pas n\u00eb \u201cBig Brother Vip Kosova\u201d.<\/p>\n\n\n\n<figure class=\"wp-block-image is-style-default\"><img decoding=\"async\" src=\"https:\/\/telegrafi.com\/wp-content\/uploads\/2023\/12\/Screenshot_9-14-1130x635.png\" alt=\"\u201cMiza e vog\u00ebl, mbylle at\u00eb goj\u00eb t\u00eb f\u00eblliqur\u201d \u2013 Edona James me ofendime t\u00eb m\u00ebdha ndaj Kaderit\"\/><\/figure>\n\n\n\n<p>N\u00eb nj\u00eb moment transgjinorja shp\u00ebrtheu n\u00eb ofendime ndaj konkurentes duke quajtur at\u00eb t\u00eb papjekur, nd\u00ebrsa i tha modeles q\u00eb do ta nxjerr\u00eb nga sht\u00ebpia shum\u00eb shpejt.<\/p>\n\n\n\n<p><em>\u201cMiza e vog\u00ebl, un\u00eb do t\u00eb largoj nga sht\u00ebpia, rritu. Mbylle at\u00eb goj\u00eb t\u00eb f\u00eblliqur. Je falso. Mashtruese. Rritu moj pak. Ku kam ecur un\u00eb, ti ka koh\u00eb q\u00eb nuk ke ecur. Ti je \u2018fake\u2019\u201d<\/em>, u shpreh ajo.<\/p>\n\n\n\n<p><em>\u201c\u00c7far\u00eb ke, kush je ti q\u00eb ma \u00e7on z\u00ebrin?\u201d-<\/em>&nbsp;iu drejtua modelja Edon\u00ebs, duke e acaruar akoma m\u00eb shum\u00eb situat\u00ebn mes dyshes.<\/p>\n\n\n\n<p><em>\u201cMbylle at\u00eb goj\u00eb, s\u2019dua ta d\u00ebgjoj m\u00eb z\u00ebrin\u201d-<\/em>&nbsp;i tha transgjinorja Kaderit.<\/p>\n\n\n\n<p>Ky debat i vajzave \u00ebsht\u00eb komentuar gjer\u00eb e gjat\u00eb n\u00eb studio, nd\u00ebrsa prezantuesi i spektaklit, Alaudin Hamiti e ka paralajm\u00ebruar Edon\u00ebn p\u00ebr fjal\u00ebt ofenduese q\u00eb ajo p\u00ebrdor kundrejt konkurent\u00ebve t\u00eb tjer\u00eb.<\/p>\n\n\n\n<figure class=\"wp-block-image is-style-default\"><img decoding=\"async\" src=\"https:\/\/telegrafi.com\/wp-content\/uploads\/2023\/12\/Screenshot_5-23-1130x635.png\" alt=\"Alaudin Hamiti ia t\u00ebrheq v\u00ebrejtjen Edon\u00ebs: Kontrolloj fjal\u00ebt, mos ofendo sepse ato vrasin\"\/><\/figure>\n\n\n\n<p><em>\u201cMeqen\u00ebse jemi n\u00eb fund t\u00eb k\u00ebsaj pjese t\u00eb diskutimit t\u00eb k\u00ebtij materiali q\u00eb shikuam, pavar\u00ebsisht q\u00eb e ndjen Albyn t\u00eb af\u00ebrt, nuk t\u00eb jep t\u00eb drejt\u00eb q\u00eb t\u00eb ofendosh banor\u00ebt e tjer\u00eb, Lumin dhe Kaderin k\u00ebt\u00eb rast. Ndoshta e ke t\u00eb v\u00ebshtir\u00eb t\u00eb shpreh\u00ebsh n\u00eb gjuh\u00ebn e duhur, por gjithsesi mundohu dhe kontrolloj fjal\u00ebt t\u00eb cil\u00ebt ia thua, sepse fjal\u00ebt vrasin Edona\u201d,<\/em>\u00a0u shpreh Hamiti.<\/p>\n","protected":false},"excerpt":{"rendered":"<p>Edona James mbr\u00ebmjen e djeshme ka debatuar ashp\u00ebr me Kader Kicaj pas n\u00eb \u201cBig Brother Vip Kosova\u201d. N\u00eb nj\u00eb moment transgjinorja shp\u00ebrtheu n\u00eb ofendime ndaj konkurentes duke quajtur at\u00eb t\u00eb papjekur, nd\u00ebrsa i tha modeles q\u00eb do ta nxjerr\u00eb nga sht\u00ebpia shum\u00eb shpejt. \u201cMiza e vog\u00ebl, un\u00eb do t\u00eb largoj nga sht\u00ebpia, rritu. Mbylle at\u00eb [&hellip;]<\/p>\n","protected":false},"author":2,"featured_media":39091,"comment_status":"open","ping_status":"open","sticky":false,"template":"","format":"standard","meta":{"footnotes":""},"categories":[33],"tags":[],"class_list":{"0":"post-41151","1":"post","2":"type-post","3":"status-publish","4":"format-standard","5":"has-post-thumbnail","7":"category-showbiz"},"yoast_head":"<!-- This site is optimized with the Yoast SEO plugin v27.5 - https:\/\/yoast.com\/product\/yoast-seo-wordpress\/ -->\n<title>Edona ofendon keq konkurenten e \u201cBig Brother Vip\u201d, moderatori e paralajm\u00ebron: Nuk ke t\u00eb drejt\u00eb\u2026. - blogin.al<\/title>\n<meta name=\"robots\" content=\"index, follow, max-snippet:-1, max-image-preview:large, max-video-preview:-1\" \/>\n<link rel=\"canonical\" href=\"https:\/\/blogin.al\/?p=41151\" \/>\n<meta property=\"og:locale\" content=\"en_US\" \/>\n<meta property=\"og:type\" content=\"article\" \/>\n<meta property=\"og:title\" content=\"Edona ofendon keq konkurenten e \u201cBig Brother Vip\u201d, moderatori e paralajm\u00ebron: Nuk ke t\u00eb drejt\u00eb\u2026. - blogin.al\" \/>\n<meta property=\"og:description\" content=\"Edona James mbr\u00ebmjen e djeshme ka debatuar ashp\u00ebr me Kader Kicaj pas n\u00eb \u201cBig Brother Vip Kosova\u201d. N\u00eb nj\u00eb moment transgjinorja shp\u00ebrtheu n\u00eb ofendime ndaj konkurentes duke quajtur at\u00eb t\u00eb papjekur, nd\u00ebrsa i tha modeles q\u00eb do ta nxjerr\u00eb nga sht\u00ebpia shum\u00eb shpejt. \u201cMiza e vog\u00ebl, un\u00eb do t\u00eb largoj nga sht\u00ebpia, rritu. Mbylle at\u00eb [&hellip;]\" \/>\n<meta property=\"og:url\" content=\"https:\/\/blogin.al\/?p=41151\" \/>\n<meta property=\"og:site_name\" content=\"blogin.al\" \/>\n<meta property=\"article:published_time\" content=\"2023-12-12T11:29:49+00:00\" \/>\n<meta property=\"article:modified_time\" content=\"2023-12-12T11:29:50+00:00\" \/>\n<meta property=\"og:image\" content=\"https:\/\/blogin.al\/wp-content\/uploads\/2023\/10\/image-99.png\" \/>\n\t<meta property=\"og:image:width\" content=\"742\" \/>\n\t<meta property=\"og:image:height\" content=\"417\" \/>\n\t<meta property=\"og:image:type\" content=\"image\/png\" \/>\n<meta name=\"author\" content=\"Blogin al\" \/>\n<meta name=\"twitter:card\" content=\"summary_large_image\" \/>\n<meta name=\"twitter:label1\" content=\"Written by\" \/>\n\t<meta name=\"twitter:data1\" content=\"Blogin al\" \/>\n\t<meta name=\"twitter:label2\" content=\"Est. reading time\" \/>\n\t<meta name=\"twitter:data2\" content=\"2 minutes\" \/>\n<script type=\"application\/ld+json\" class=\"yoast-schema-graph\">{\"@context\":\"https:\\\/\\\/schema.org\",\"@graph\":[{\"@type\":\"Article\",\"@id\":\"https:\\\/\\\/blogin.al\\\/?p=41151#article\",\"isPartOf\":{\"@id\":\"https:\\\/\\\/blogin.al\\\/?p=41151\"},\"author\":{\"name\":\"Blogin al\",\"@id\":\"https:\\\/\\\/blogin.al\\\/#\\\/schema\\\/person\\\/abdd56bc912cd511db877b852b115399\"},\"headline\":\"Edona ofendon keq konkurenten e \u201cBig Brother Vip\u201d, moderatori e paralajm\u00ebron: Nuk ke t\u00eb drejt\u00eb\u2026.\",\"datePublished\":\"2023-12-12T11:29:49+00:00\",\"dateModified\":\"2023-12-12T11:29:50+00:00\",\"mainEntityOfPage\":{\"@id\":\"https:\\\/\\\/blogin.al\\\/?p=41151\"},\"wordCount\":265,\"commentCount\":0,\"publisher\":{\"@id\":\"https:\\\/\\\/blogin.al\\\/#organization\"},\"image\":{\"@id\":\"https:\\\/\\\/blogin.al\\\/?p=41151#primaryimage\"},\"thumbnailUrl\":\"https:\\\/\\\/blogin.al\\\/wp-content\\\/uploads\\\/2023\\\/10\\\/image-99.png\",\"articleSection\":[\"SHOWBIZ\"],\"inLanguage\":\"en-US\",\"potentialAction\":[{\"@type\":\"CommentAction\",\"name\":\"Comment\",\"target\":[\"https:\\\/\\\/blogin.al\\\/?p=41151#respond\"]}]},{\"@type\":\"WebPage\",\"@id\":\"https:\\\/\\\/blogin.al\\\/?p=41151\",\"url\":\"https:\\\/\\\/blogin.al\\\/?p=41151\",\"name\":\"Edona ofendon keq konkurenten e \u201cBig Brother Vip\u201d, moderatori e paralajm\u00ebron: Nuk ke t\u00eb drejt\u00eb\u2026. - blogin.al\",\"isPartOf\":{\"@id\":\"https:\\\/\\\/blogin.al\\\/#website\"},\"primaryImageOfPage\":{\"@id\":\"https:\\\/\\\/blogin.al\\\/?p=41151#primaryimage\"},\"image\":{\"@id\":\"https:\\\/\\\/blogin.al\\\/?p=41151#primaryimage\"},\"thumbnailUrl\":\"https:\\\/\\\/blogin.al\\\/wp-content\\\/uploads\\\/2023\\\/10\\\/image-99.png\",\"datePublished\":\"2023-12-12T11:29:49+00:00\",\"dateModified\":\"2023-12-12T11:29:50+00:00\",\"breadcrumb\":{\"@id\":\"https:\\\/\\\/blogin.al\\\/?p=41151#breadcrumb\"},\"inLanguage\":\"en-US\",\"potentialAction\":[{\"@type\":\"ReadAction\",\"target\":[\"https:\\\/\\\/blogin.al\\\/?p=41151\"]}]},{\"@type\":\"ImageObject\",\"inLanguage\":\"en-US\",\"@id\":\"https:\\\/\\\/blogin.al\\\/?p=41151#primaryimage\",\"url\":\"https:\\\/\\\/blogin.al\\\/wp-content\\\/uploads\\\/2023\\\/10\\\/image-99.png\",\"contentUrl\":\"https:\\\/\\\/blogin.al\\\/wp-content\\\/uploads\\\/2023\\\/10\\\/image-99.png\",\"width\":742,\"height\":417},{\"@type\":\"BreadcrumbList\",\"@id\":\"https:\\\/\\\/blogin.al\\\/?p=41151#breadcrumb\",\"itemListElement\":[{\"@type\":\"ListItem\",\"position\":1,\"name\":\"Home\",\"item\":\"https:\\\/\\\/blogin.al\\\/\"},{\"@type\":\"ListItem\",\"position\":2,\"name\":\"Edona ofendon keq konkurenten e \u201cBig Brother Vip\u201d, moderatori e paralajm\u00ebron: Nuk ke t\u00eb drejt\u00eb\u2026.\"}]},{\"@type\":\"WebSite\",\"@id\":\"https:\\\/\\\/blogin.al\\\/#website\",\"url\":\"https:\\\/\\\/blogin.al\\\/\",\"name\":\"blogin.al\",\"description\":\"\",\"publisher\":{\"@id\":\"https:\\\/\\\/blogin.al\\\/#organization\"},\"potentialAction\":[{\"@type\":\"SearchAction\",\"target\":{\"@type\":\"EntryPoint\",\"urlTemplate\":\"https:\\\/\\\/blogin.al\\\/?s={search_term_string}\"},\"query-input\":{\"@type\":\"PropertyValueSpecification\",\"valueRequired\":true,\"valueName\":\"search_term_string\"}}],\"inLanguage\":\"en-US\"},{\"@type\":\"Organization\",\"@id\":\"https:\\\/\\\/blogin.al\\\/#organization\",\"name\":\"BLOGIN.al\",\"url\":\"https:\\\/\\\/blogin.al\\\/\",\"logo\":{\"@type\":\"ImageObject\",\"inLanguage\":\"en-US\",\"@id\":\"https:\\\/\\\/blogin.al\\\/#\\\/schema\\\/logo\\\/image\\\/\",\"url\":\"https:\\\/\\\/blogin.al\\\/wp-content\\\/uploads\\\/2022\\\/05\\\/Untitled-2-01-e1652084456514.png\",\"contentUrl\":\"https:\\\/\\\/blogin.al\\\/wp-content\\\/uploads\\\/2022\\\/05\\\/Untitled-2-01-e1652084456514.png\",\"width\":3723,\"height\":1698,\"caption\":\"BLOGIN.al\"},\"image\":{\"@id\":\"https:\\\/\\\/blogin.al\\\/#\\\/schema\\\/logo\\\/image\\\/\"},\"sameAs\":[\"https:\\\/\\\/instagram.com\\\/blogin.al\\\/\"]},{\"@type\":\"Person\",\"@id\":\"https:\\\/\\\/blogin.al\\\/#\\\/schema\\\/person\\\/abdd56bc912cd511db877b852b115399\",\"name\":\"Blogin al\",\"image\":{\"@type\":\"ImageObject\",\"inLanguage\":\"en-US\",\"@id\":\"https:\\\/\\\/secure.gravatar.com\\\/avatar\\\/60d5661aee6e835fb13dc75d2204cd0c1d61bef2efd137c0083e59ef831e235e?s=96&d=mm&r=g\",\"url\":\"https:\\\/\\\/secure.gravatar.com\\\/avatar\\\/60d5661aee6e835fb13dc75d2204cd0c1d61bef2efd137c0083e59ef831e235e?s=96&d=mm&r=g\",\"contentUrl\":\"https:\\\/\\\/secure.gravatar.com\\\/avatar\\\/60d5661aee6e835fb13dc75d2204cd0c1d61bef2efd137c0083e59ef831e235e?s=96&d=mm&r=g\",\"caption\":\"Blogin al\"},\"sameAs\":[\"https:\\\/\\\/blogin.al\"],\"url\":\"https:\\\/\\\/blogin.al\\\/?author=2\"}]}<\/script>\n<!-- \/ Yoast SEO plugin. -->","yoast_head_json":{"title":"Edona ofendon keq konkurenten e \u201cBig Brother Vip\u201d, moderatori e paralajm\u00ebron: Nuk ke t\u00eb drejt\u00eb\u2026. - blogin.al","robots":{"index":"index","follow":"follow","max-snippet":"max-snippet:-1","max-image-preview":"max-image-preview:large","max-video-preview":"max-video-preview:-1"},"canonical":"https:\/\/blogin.al\/?p=41151","og_locale":"en_US","og_type":"article","og_title":"Edona ofendon keq konkurenten e \u201cBig Brother Vip\u201d, moderatori e paralajm\u00ebron: Nuk ke t\u00eb drejt\u00eb\u2026. - blogin.al","og_description":"Edona James mbr\u00ebmjen e djeshme ka debatuar ashp\u00ebr me Kader Kicaj pas n\u00eb \u201cBig Brother Vip Kosova\u201d. N\u00eb nj\u00eb moment transgjinorja shp\u00ebrtheu n\u00eb ofendime ndaj konkurentes duke quajtur at\u00eb t\u00eb papjekur, nd\u00ebrsa i tha modeles q\u00eb do ta nxjerr\u00eb nga sht\u00ebpia shum\u00eb shpejt. \u201cMiza e vog\u00ebl, un\u00eb do t\u00eb largoj nga sht\u00ebpia, rritu. Mbylle at\u00eb [&hellip;]","og_url":"https:\/\/blogin.al\/?p=41151","og_site_name":"blogin.al","article_published_time":"2023-12-12T11:29:49+00:00","article_modified_time":"2023-12-12T11:29:50+00:00","og_image":[{"width":742,"height":417,"url":"https:\/\/blogin.al\/wp-content\/uploads\/2023\/10\/image-99.png","type":"image\/png"}],"author":"Blogin al","twitter_card":"summary_large_image","twitter_misc":{"Written by":"Blogin al","Est. reading time":"2 minutes"},"schema":{"@context":"https:\/\/schema.org","@graph":[{"@type":"Article","@id":"https:\/\/blogin.al\/?p=41151#article","isPartOf":{"@id":"https:\/\/blogin.al\/?p=41151"},"author":{"name":"Blogin al","@id":"https:\/\/blogin.al\/#\/schema\/person\/abdd56bc912cd511db877b852b115399"},"headline":"Edona ofendon keq konkurenten e \u201cBig Brother Vip\u201d, moderatori e paralajm\u00ebron: Nuk ke t\u00eb drejt\u00eb\u2026.","datePublished":"2023-12-12T11:29:49+00:00","dateModified":"2023-12-12T11:29:50+00:00","mainEntityOfPage":{"@id":"https:\/\/blogin.al\/?p=41151"},"wordCount":265,"commentCount":0,"publisher":{"@id":"https:\/\/blogin.al\/#organization"},"image":{"@id":"https:\/\/blogin.al\/?p=41151#primaryimage"},"thumbnailUrl":"https:\/\/blogin.al\/wp-content\/uploads\/2023\/10\/image-99.png","articleSection":["SHOWBIZ"],"inLanguage":"en-US","potentialAction":[{"@type":"CommentAction","name":"Comment","target":["https:\/\/blogin.al\/?p=41151#respond"]}]},{"@type":"WebPage","@id":"https:\/\/blogin.al\/?p=41151","url":"https:\/\/blogin.al\/?p=41151","name":"Edona ofendon keq konkurenten e \u201cBig Brother Vip\u201d, moderatori e paralajm\u00ebron: Nuk ke t\u00eb drejt\u00eb\u2026. - blogin.al","isPartOf":{"@id":"https:\/\/blogin.al\/#website"},"primaryImageOfPage":{"@id":"https:\/\/blogin.al\/?p=41151#primaryimage"},"image":{"@id":"https:\/\/blogin.al\/?p=41151#primaryimage"},"thumbnailUrl":"https:\/\/blogin.al\/wp-content\/uploads\/2023\/10\/image-99.png","datePublished":"2023-12-12T11:29:49+00:00","dateModified":"2023-12-12T11:29:50+00:00","breadcrumb":{"@id":"https:\/\/blogin.al\/?p=41151#breadcrumb"},"inLanguage":"en-US","potentialAction":[{"@type":"ReadAction","target":["https:\/\/blogin.al\/?p=41151"]}]},{"@type":"ImageObject","inLanguage":"en-US","@id":"https:\/\/blogin.al\/?p=41151#primaryimage","url":"https:\/\/blogin.al\/wp-content\/uploads\/2023\/10\/image-99.png","contentUrl":"https:\/\/blogin.al\/wp-content\/uploads\/2023\/10\/image-99.png","width":742,"height":417},{"@type":"BreadcrumbList","@id":"https:\/\/blogin.al\/?p=41151#breadcrumb","itemListElement":[{"@type":"ListItem","position":1,"name":"Home","item":"https:\/\/blogin.al\/"},{"@type":"ListItem","position":2,"name":"Edona ofendon keq konkurenten e \u201cBig Brother Vip\u201d, moderatori e paralajm\u00ebron: Nuk ke t\u00eb drejt\u00eb\u2026."}]},{"@type":"WebSite","@id":"https:\/\/blogin.al\/#website","url":"https:\/\/blogin.al\/","name":"blogin.al","description":"","publisher":{"@id":"https:\/\/blogin.al\/#organization"},"potentialAction":[{"@type":"SearchAction","target":{"@type":"EntryPoint","urlTemplate":"https:\/\/blogin.al\/?s={search_term_string}"},"query-input":{"@type":"PropertyValueSpecification","valueRequired":true,"valueName":"search_term_string"}}],"inLanguage":"en-US"},{"@type":"Organization","@id":"https:\/\/blogin.al\/#organization","name":"BLOGIN.al","url":"https:\/\/blogin.al\/","logo":{"@type":"ImageObject","inLanguage":"en-US","@id":"https:\/\/blogin.al\/#\/schema\/logo\/image\/","url":"https:\/\/blogin.al\/wp-content\/uploads\/2022\/05\/Untitled-2-01-e1652084456514.png","contentUrl":"https:\/\/blogin.al\/wp-content\/uploads\/2022\/05\/Untitled-2-01-e1652084456514.png","width":3723,"height":1698,"caption":"BLOGIN.al"},"image":{"@id":"https:\/\/blogin.al\/#\/schema\/logo\/image\/"},"sameAs":["https:\/\/instagram.com\/blogin.al\/"]},{"@type":"Person","@id":"https:\/\/blogin.al\/#\/schema\/person\/abdd56bc912cd511db877b852b115399","name":"Blogin al","image":{"@type":"ImageObject","inLanguage":"en-US","@id":"https:\/\/secure.gravatar.com\/avatar\/60d5661aee6e835fb13dc75d2204cd0c1d61bef2efd137c0083e59ef831e235e?s=96&d=mm&r=g","url":"https:\/\/secure.gravatar.com\/avatar\/60d5661aee6e835fb13dc75d2204cd0c1d61bef2efd137c0083e59ef831e235e?s=96&d=mm&r=g","contentUrl":"https:\/\/secure.gravatar.com\/avatar\/60d5661aee6e835fb13dc75d2204cd0c1d61bef2efd137c0083e59ef831e235e?s=96&d=mm&r=g","caption":"Blogin al"},"sameAs":["https:\/\/blogin.al"],"url":"https:\/\/blogin.al\/?author=2"}]}},"_links":{"self":[{"href":"https:\/\/blogin.al\/index.php?rest_route=\/wp\/v2\/posts\/41151","targetHints":{"allow":["GET"]}}],"collection":[{"href":"https:\/\/blogin.al\/index.php?rest_route=\/wp\/v2\/posts"}],"about":[{"href":"https:\/\/blogin.al\/index.php?rest_route=\/wp\/v2\/types\/post"}],"author":[{"embeddable":true,"href":"https:\/\/blogin.al\/index.php?rest_route=\/wp\/v2\/users\/2"}],"replies":[{"embeddable":true,"href":"https:\/\/blogin.al\/index.php?rest_route=%2Fwp%2Fv2%2Fcomments&post=41151"}],"version-history":[{"count":1,"href":"https:\/\/blogin.al\/index.php?rest_route=\/wp\/v2\/posts\/41151\/revisions"}],"predecessor-version":[{"id":41152,"href":"https:\/\/blogin.al\/index.php?rest_route=\/wp\/v2\/posts\/41151\/revisions\/41152"}],"wp:featuredmedia":[{"embeddable":true,"href":"https:\/\/blogin.al\/index.php?rest_route=\/wp\/v2\/media\/39091"}],"wp:attachment":[{"href":"https:\/\/blogin.al\/index.php?rest_route=%2Fwp%2Fv2%2Fmedia&parent=41151"}],"wp:term":[{"taxonomy":"category","embeddable":true,"href":"https:\/\/blogin.al\/index.php?rest_route=%2Fwp%2Fv2%2Fcategories&post=41151"},{"taxonomy":"post_tag","embeddable":true,"href":"https:\/\/blogin.al\/index.php?rest_route=%2Fwp%2Fv2%2Ftags&post=41151"}],"curies":[{"name":"wp","href":"https:\/\/api.w.org\/{rel}","templated":true}]}}