{"id":41222,"date":"2023-12-14T10:15:46","date_gmt":"2023-12-14T10:15:46","guid":{"rendered":"https:\/\/blogin.al\/?p=41222"},"modified":"2023-12-14T10:15:50","modified_gmt":"2023-12-14T10:15:50","slug":"pasi-treguan-se-do-te-behen-prinder-te-nje-vajze-luiz-ejlli-zbulon-emrin-epik-qe-do-i-vendosin-te-vogles-se-tyre","status":"publish","type":"post","link":"https:\/\/blogin.al\/?p=41222","title":{"rendered":"Pasi treguan se do t\u00eb b\u00ebhen prind\u00ebr t\u00eb nj\u00eb vajze, Luiz Ejlli zbulon emrin epik q\u00eb do i vendosin t\u00eb vogl\u00ebs s\u00eb tyre"},"content":{"rendered":"\n<p>Kiara Tito dhe Luiz Ejlli ishin nd\u00ebr VIP-at q\u00eb mor\u00ebn pjes\u00eb n\u00eb premier\u00ebn e filmit \u201c5 Her\u00eb JO\u201d, ku Bora Zemani dhe Donald Veshaj jan\u00eb personazhet kryesore.<\/p>\n\n\n\n<p>Teksa po parakalonin n\u00eb tapetin e kuq cifti u intervistuan, nd\u00ebrsa nj\u00eb nd\u00ebr pyetjet q\u00eb iu drejtua ishte p\u00ebr emrin e t\u00eb vogl\u00ebs s\u00eb tyre e cila s\u00eb shpejti do vij\u00eb n\u00eb jet\u00eb.<\/p>\n\n\n\n<p><em>\u201c5 Her\u00eb Jo\u201d<\/em>\u2013 \u00ebsht\u00eb emri q\u00eb Luizi tha se do ti vendosin t\u00eb vajz\u00ebs s\u00eb tyre, nd\u00ebrsa m\u00eb pas duke b\u00ebr\u00eb shaka dhe me nj\u00eb buz\u00ebqeshje n\u00eb fytyr\u00eb tha: \u201c<em>Top Channel\u201d.<\/em><\/p>\n\n\n\n<p>K\u00ebng\u00ebtari shkodran n\u00eb nj\u00eb moment u nd\u00ebrpre nga Kiara e cila tregoi s\u00eb t\u00eb vogl\u00ebs s\u00eb tyre nuk do ta pag\u00ebzojn\u00eb me emrni Katalea q\u00eb Luizi premtoi se do t\u2019ia vendoste vajz\u00ebs gjat\u00eb \u201cBig Brother Vip\u201d.<\/p>\n\n\n\n<p><em>\u201cJo nuk e kemi gjetur. Katalea jo nj\u00eb her\u00eb, se na&nbsp;\u00ebsht\u00eb b\u00ebr\u00eb shum\u00eb her\u00eb kjo pyetje\u201d<\/em>\u2013 tha Kiara.<\/p>\n\n\n\n<p>Vet\u00ebm disa jav\u00eb m\u00eb par\u00eb \u00e7ifti zbuluan se s\u00eb shpejti do t\u00eb b\u00ebhen prind\u00ebr p\u00ebr her\u00eb t\u00eb par\u00eb p\u00ebrmes k\u00ebng\u00ebs m\u00eb t\u00eb re t\u00eb Luizit, e cila titullohet \u201cFrym\u00eb\u201d.<\/p>\n\n\n\n<figure class=\"wp-block-image size-large is-style-default\"><img fetchpriority=\"high\" decoding=\"async\" width=\"1024\" height=\"1024\" src=\"https:\/\/blogin.al\/wp-content\/uploads\/2023\/12\/image-90-1024x1024.png\" alt=\"\" class=\"wp-image-41224\" srcset=\"https:\/\/blogin.al\/wp-content\/uploads\/2023\/12\/image-90-1024x1024.png 1024w, https:\/\/blogin.al\/wp-content\/uploads\/2023\/12\/image-90-300x300.png 300w, https:\/\/blogin.al\/wp-content\/uploads\/2023\/12\/image-90-150x150.png 150w, https:\/\/blogin.al\/wp-content\/uploads\/2023\/12\/image-90-768x768.png 768w, https:\/\/blogin.al\/wp-content\/uploads\/2023\/12\/image-90-1536x1536.png 1536w, https:\/\/blogin.al\/wp-content\/uploads\/2023\/12\/image-90-2048x2048.png 2048w, https:\/\/blogin.al\/wp-content\/uploads\/2023\/12\/image-90-696x696.png 696w, https:\/\/blogin.al\/wp-content\/uploads\/2023\/12\/image-90-1068x1068.png 1068w, https:\/\/blogin.al\/wp-content\/uploads\/2023\/12\/image-90-1920x1920.png 1920w\" sizes=\"(max-width: 1024px) 100vw, 1024px\" \/><\/figure>\n","protected":false},"excerpt":{"rendered":"<p>Kiara Tito dhe Luiz Ejlli ishin nd\u00ebr VIP-at q\u00eb mor\u00ebn pjes\u00eb n\u00eb premier\u00ebn e filmit \u201c5 Her\u00eb JO\u201d, ku Bora Zemani dhe Donald Veshaj jan\u00eb personazhet kryesore. Teksa po parakalonin n\u00eb tapetin e kuq cifti u intervistuan, nd\u00ebrsa nj\u00eb nd\u00ebr pyetjet q\u00eb iu drejtua ishte p\u00ebr emrin e t\u00eb vogl\u00ebs s\u00eb tyre e cila s\u00eb [&hellip;]<\/p>\n","protected":false},"author":2,"featured_media":40312,"comment_status":"open","ping_status":"open","sticky":false,"template":"","format":"standard","meta":{"footnotes":""},"categories":[33],"tags":[],"class_list":{"0":"post-41222","1":"post","2":"type-post","3":"status-publish","4":"format-standard","5":"has-post-thumbnail","7":"category-showbiz"},"yoast_head":"<!-- This site is optimized with the Yoast SEO plugin v27.5 - https:\/\/yoast.com\/product\/yoast-seo-wordpress\/ -->\n<title>Pasi treguan se do t\u00eb b\u00ebhen prind\u00ebr t\u00eb nj\u00eb vajze, Luiz Ejlli zbulon emrin epik q\u00eb do i vendosin t\u00eb vogl\u00ebs s\u00eb tyre - blogin.al<\/title>\n<meta name=\"robots\" content=\"index, follow, max-snippet:-1, max-image-preview:large, max-video-preview:-1\" \/>\n<link rel=\"canonical\" href=\"https:\/\/blogin.al\/?p=41222\" \/>\n<meta property=\"og:locale\" content=\"en_US\" \/>\n<meta property=\"og:type\" content=\"article\" \/>\n<meta property=\"og:title\" content=\"Pasi treguan se do t\u00eb b\u00ebhen prind\u00ebr t\u00eb nj\u00eb vajze, Luiz Ejlli zbulon emrin epik q\u00eb do i vendosin t\u00eb vogl\u00ebs s\u00eb tyre - blogin.al\" \/>\n<meta property=\"og:description\" content=\"Kiara Tito dhe Luiz Ejlli ishin nd\u00ebr VIP-at q\u00eb mor\u00ebn pjes\u00eb n\u00eb premier\u00ebn e filmit \u201c5 Her\u00eb JO\u201d, ku Bora Zemani dhe Donald Veshaj jan\u00eb personazhet kryesore. Teksa po parakalonin n\u00eb tapetin e kuq cifti u intervistuan, nd\u00ebrsa nj\u00eb nd\u00ebr pyetjet q\u00eb iu drejtua ishte p\u00ebr emrin e t\u00eb vogl\u00ebs s\u00eb tyre e cila s\u00eb [&hellip;]\" \/>\n<meta property=\"og:url\" content=\"https:\/\/blogin.al\/?p=41222\" \/>\n<meta property=\"og:site_name\" content=\"blogin.al\" \/>\n<meta property=\"article:published_time\" content=\"2023-12-14T10:15:46+00:00\" \/>\n<meta property=\"article:modified_time\" content=\"2023-12-14T10:15:50+00:00\" \/>\n<meta property=\"og:image\" content=\"https:\/\/blogin.al\/wp-content\/uploads\/2023\/11\/image-137.png\" \/>\n\t<meta property=\"og:image:width\" content=\"664\" \/>\n\t<meta property=\"og:image:height\" content=\"450\" \/>\n\t<meta property=\"og:image:type\" content=\"image\/png\" \/>\n<meta name=\"author\" content=\"Blogin al\" \/>\n<meta name=\"twitter:card\" content=\"summary_large_image\" \/>\n<meta name=\"twitter:label1\" content=\"Written by\" \/>\n\t<meta name=\"twitter:data1\" content=\"Blogin al\" \/>\n\t<meta name=\"twitter:label2\" content=\"Est. reading time\" \/>\n\t<meta name=\"twitter:data2\" content=\"2 minutes\" \/>\n<script type=\"application\/ld+json\" class=\"yoast-schema-graph\">{\"@context\":\"https:\\\/\\\/schema.org\",\"@graph\":[{\"@type\":\"Article\",\"@id\":\"https:\\\/\\\/blogin.al\\\/?p=41222#article\",\"isPartOf\":{\"@id\":\"https:\\\/\\\/blogin.al\\\/?p=41222\"},\"author\":{\"name\":\"Blogin al\",\"@id\":\"https:\\\/\\\/blogin.al\\\/#\\\/schema\\\/person\\\/abdd56bc912cd511db877b852b115399\"},\"headline\":\"Pasi treguan se do t\u00eb b\u00ebhen prind\u00ebr t\u00eb nj\u00eb vajze, Luiz Ejlli zbulon emrin epik q\u00eb do i vendosin t\u00eb vogl\u00ebs s\u00eb tyre\",\"datePublished\":\"2023-12-14T10:15:46+00:00\",\"dateModified\":\"2023-12-14T10:15:50+00:00\",\"mainEntityOfPage\":{\"@id\":\"https:\\\/\\\/blogin.al\\\/?p=41222\"},\"wordCount\":226,\"commentCount\":0,\"publisher\":{\"@id\":\"https:\\\/\\\/blogin.al\\\/#organization\"},\"image\":{\"@id\":\"https:\\\/\\\/blogin.al\\\/?p=41222#primaryimage\"},\"thumbnailUrl\":\"https:\\\/\\\/blogin.al\\\/wp-content\\\/uploads\\\/2023\\\/11\\\/image-137.png\",\"articleSection\":[\"SHOWBIZ\"],\"inLanguage\":\"en-US\",\"potentialAction\":[{\"@type\":\"CommentAction\",\"name\":\"Comment\",\"target\":[\"https:\\\/\\\/blogin.al\\\/?p=41222#respond\"]}]},{\"@type\":\"WebPage\",\"@id\":\"https:\\\/\\\/blogin.al\\\/?p=41222\",\"url\":\"https:\\\/\\\/blogin.al\\\/?p=41222\",\"name\":\"Pasi treguan se do t\u00eb b\u00ebhen prind\u00ebr t\u00eb nj\u00eb vajze, Luiz Ejlli zbulon emrin epik q\u00eb do i vendosin t\u00eb vogl\u00ebs s\u00eb tyre - blogin.al\",\"isPartOf\":{\"@id\":\"https:\\\/\\\/blogin.al\\\/#website\"},\"primaryImageOfPage\":{\"@id\":\"https:\\\/\\\/blogin.al\\\/?p=41222#primaryimage\"},\"image\":{\"@id\":\"https:\\\/\\\/blogin.al\\\/?p=41222#primaryimage\"},\"thumbnailUrl\":\"https:\\\/\\\/blogin.al\\\/wp-content\\\/uploads\\\/2023\\\/11\\\/image-137.png\",\"datePublished\":\"2023-12-14T10:15:46+00:00\",\"dateModified\":\"2023-12-14T10:15:50+00:00\",\"breadcrumb\":{\"@id\":\"https:\\\/\\\/blogin.al\\\/?p=41222#breadcrumb\"},\"inLanguage\":\"en-US\",\"potentialAction\":[{\"@type\":\"ReadAction\",\"target\":[\"https:\\\/\\\/blogin.al\\\/?p=41222\"]}]},{\"@type\":\"ImageObject\",\"inLanguage\":\"en-US\",\"@id\":\"https:\\\/\\\/blogin.al\\\/?p=41222#primaryimage\",\"url\":\"https:\\\/\\\/blogin.al\\\/wp-content\\\/uploads\\\/2023\\\/11\\\/image-137.png\",\"contentUrl\":\"https:\\\/\\\/blogin.al\\\/wp-content\\\/uploads\\\/2023\\\/11\\\/image-137.png\",\"width\":664,\"height\":450},{\"@type\":\"BreadcrumbList\",\"@id\":\"https:\\\/\\\/blogin.al\\\/?p=41222#breadcrumb\",\"itemListElement\":[{\"@type\":\"ListItem\",\"position\":1,\"name\":\"Home\",\"item\":\"https:\\\/\\\/blogin.al\\\/\"},{\"@type\":\"ListItem\",\"position\":2,\"name\":\"Pasi treguan se do t\u00eb b\u00ebhen prind\u00ebr t\u00eb nj\u00eb vajze, Luiz Ejlli zbulon emrin epik q\u00eb do i vendosin t\u00eb vogl\u00ebs s\u00eb tyre\"}]},{\"@type\":\"WebSite\",\"@id\":\"https:\\\/\\\/blogin.al\\\/#website\",\"url\":\"https:\\\/\\\/blogin.al\\\/\",\"name\":\"blogin.al\",\"description\":\"\",\"publisher\":{\"@id\":\"https:\\\/\\\/blogin.al\\\/#organization\"},\"potentialAction\":[{\"@type\":\"SearchAction\",\"target\":{\"@type\":\"EntryPoint\",\"urlTemplate\":\"https:\\\/\\\/blogin.al\\\/?s={search_term_string}\"},\"query-input\":{\"@type\":\"PropertyValueSpecification\",\"valueRequired\":true,\"valueName\":\"search_term_string\"}}],\"inLanguage\":\"en-US\"},{\"@type\":\"Organization\",\"@id\":\"https:\\\/\\\/blogin.al\\\/#organization\",\"name\":\"BLOGIN.al\",\"url\":\"https:\\\/\\\/blogin.al\\\/\",\"logo\":{\"@type\":\"ImageObject\",\"inLanguage\":\"en-US\",\"@id\":\"https:\\\/\\\/blogin.al\\\/#\\\/schema\\\/logo\\\/image\\\/\",\"url\":\"https:\\\/\\\/blogin.al\\\/wp-content\\\/uploads\\\/2022\\\/05\\\/Untitled-2-01-e1652084456514.png\",\"contentUrl\":\"https:\\\/\\\/blogin.al\\\/wp-content\\\/uploads\\\/2022\\\/05\\\/Untitled-2-01-e1652084456514.png\",\"width\":3723,\"height\":1698,\"caption\":\"BLOGIN.al\"},\"image\":{\"@id\":\"https:\\\/\\\/blogin.al\\\/#\\\/schema\\\/logo\\\/image\\\/\"},\"sameAs\":[\"https:\\\/\\\/instagram.com\\\/blogin.al\\\/\"]},{\"@type\":\"Person\",\"@id\":\"https:\\\/\\\/blogin.al\\\/#\\\/schema\\\/person\\\/abdd56bc912cd511db877b852b115399\",\"name\":\"Blogin al\",\"image\":{\"@type\":\"ImageObject\",\"inLanguage\":\"en-US\",\"@id\":\"https:\\\/\\\/secure.gravatar.com\\\/avatar\\\/60d5661aee6e835fb13dc75d2204cd0c1d61bef2efd137c0083e59ef831e235e?s=96&d=mm&r=g\",\"url\":\"https:\\\/\\\/secure.gravatar.com\\\/avatar\\\/60d5661aee6e835fb13dc75d2204cd0c1d61bef2efd137c0083e59ef831e235e?s=96&d=mm&r=g\",\"contentUrl\":\"https:\\\/\\\/secure.gravatar.com\\\/avatar\\\/60d5661aee6e835fb13dc75d2204cd0c1d61bef2efd137c0083e59ef831e235e?s=96&d=mm&r=g\",\"caption\":\"Blogin al\"},\"sameAs\":[\"https:\\\/\\\/blogin.al\"],\"url\":\"https:\\\/\\\/blogin.al\\\/?author=2\"}]}<\/script>\n<!-- \/ Yoast SEO plugin. -->","yoast_head_json":{"title":"Pasi treguan se do t\u00eb b\u00ebhen prind\u00ebr t\u00eb nj\u00eb vajze, Luiz Ejlli zbulon emrin epik q\u00eb do i vendosin t\u00eb vogl\u00ebs s\u00eb tyre - blogin.al","robots":{"index":"index","follow":"follow","max-snippet":"max-snippet:-1","max-image-preview":"max-image-preview:large","max-video-preview":"max-video-preview:-1"},"canonical":"https:\/\/blogin.al\/?p=41222","og_locale":"en_US","og_type":"article","og_title":"Pasi treguan se do t\u00eb b\u00ebhen prind\u00ebr t\u00eb nj\u00eb vajze, Luiz Ejlli zbulon emrin epik q\u00eb do i vendosin t\u00eb vogl\u00ebs s\u00eb tyre - blogin.al","og_description":"Kiara Tito dhe Luiz Ejlli ishin nd\u00ebr VIP-at q\u00eb mor\u00ebn pjes\u00eb n\u00eb premier\u00ebn e filmit \u201c5 Her\u00eb JO\u201d, ku Bora Zemani dhe Donald Veshaj jan\u00eb personazhet kryesore. Teksa po parakalonin n\u00eb tapetin e kuq cifti u intervistuan, nd\u00ebrsa nj\u00eb nd\u00ebr pyetjet q\u00eb iu drejtua ishte p\u00ebr emrin e t\u00eb vogl\u00ebs s\u00eb tyre e cila s\u00eb [&hellip;]","og_url":"https:\/\/blogin.al\/?p=41222","og_site_name":"blogin.al","article_published_time":"2023-12-14T10:15:46+00:00","article_modified_time":"2023-12-14T10:15:50+00:00","og_image":[{"width":664,"height":450,"url":"https:\/\/blogin.al\/wp-content\/uploads\/2023\/11\/image-137.png","type":"image\/png"}],"author":"Blogin al","twitter_card":"summary_large_image","twitter_misc":{"Written by":"Blogin al","Est. reading time":"2 minutes"},"schema":{"@context":"https:\/\/schema.org","@graph":[{"@type":"Article","@id":"https:\/\/blogin.al\/?p=41222#article","isPartOf":{"@id":"https:\/\/blogin.al\/?p=41222"},"author":{"name":"Blogin al","@id":"https:\/\/blogin.al\/#\/schema\/person\/abdd56bc912cd511db877b852b115399"},"headline":"Pasi treguan se do t\u00eb b\u00ebhen prind\u00ebr t\u00eb nj\u00eb vajze, Luiz Ejlli zbulon emrin epik q\u00eb do i vendosin t\u00eb vogl\u00ebs s\u00eb tyre","datePublished":"2023-12-14T10:15:46+00:00","dateModified":"2023-12-14T10:15:50+00:00","mainEntityOfPage":{"@id":"https:\/\/blogin.al\/?p=41222"},"wordCount":226,"commentCount":0,"publisher":{"@id":"https:\/\/blogin.al\/#organization"},"image":{"@id":"https:\/\/blogin.al\/?p=41222#primaryimage"},"thumbnailUrl":"https:\/\/blogin.al\/wp-content\/uploads\/2023\/11\/image-137.png","articleSection":["SHOWBIZ"],"inLanguage":"en-US","potentialAction":[{"@type":"CommentAction","name":"Comment","target":["https:\/\/blogin.al\/?p=41222#respond"]}]},{"@type":"WebPage","@id":"https:\/\/blogin.al\/?p=41222","url":"https:\/\/blogin.al\/?p=41222","name":"Pasi treguan se do t\u00eb b\u00ebhen prind\u00ebr t\u00eb nj\u00eb vajze, Luiz Ejlli zbulon emrin epik q\u00eb do i vendosin t\u00eb vogl\u00ebs s\u00eb tyre - blogin.al","isPartOf":{"@id":"https:\/\/blogin.al\/#website"},"primaryImageOfPage":{"@id":"https:\/\/blogin.al\/?p=41222#primaryimage"},"image":{"@id":"https:\/\/blogin.al\/?p=41222#primaryimage"},"thumbnailUrl":"https:\/\/blogin.al\/wp-content\/uploads\/2023\/11\/image-137.png","datePublished":"2023-12-14T10:15:46+00:00","dateModified":"2023-12-14T10:15:50+00:00","breadcrumb":{"@id":"https:\/\/blogin.al\/?p=41222#breadcrumb"},"inLanguage":"en-US","potentialAction":[{"@type":"ReadAction","target":["https:\/\/blogin.al\/?p=41222"]}]},{"@type":"ImageObject","inLanguage":"en-US","@id":"https:\/\/blogin.al\/?p=41222#primaryimage","url":"https:\/\/blogin.al\/wp-content\/uploads\/2023\/11\/image-137.png","contentUrl":"https:\/\/blogin.al\/wp-content\/uploads\/2023\/11\/image-137.png","width":664,"height":450},{"@type":"BreadcrumbList","@id":"https:\/\/blogin.al\/?p=41222#breadcrumb","itemListElement":[{"@type":"ListItem","position":1,"name":"Home","item":"https:\/\/blogin.al\/"},{"@type":"ListItem","position":2,"name":"Pasi treguan se do t\u00eb b\u00ebhen prind\u00ebr t\u00eb nj\u00eb vajze, Luiz Ejlli zbulon emrin epik q\u00eb do i vendosin t\u00eb vogl\u00ebs s\u00eb tyre"}]},{"@type":"WebSite","@id":"https:\/\/blogin.al\/#website","url":"https:\/\/blogin.al\/","name":"blogin.al","description":"","publisher":{"@id":"https:\/\/blogin.al\/#organization"},"potentialAction":[{"@type":"SearchAction","target":{"@type":"EntryPoint","urlTemplate":"https:\/\/blogin.al\/?s={search_term_string}"},"query-input":{"@type":"PropertyValueSpecification","valueRequired":true,"valueName":"search_term_string"}}],"inLanguage":"en-US"},{"@type":"Organization","@id":"https:\/\/blogin.al\/#organization","name":"BLOGIN.al","url":"https:\/\/blogin.al\/","logo":{"@type":"ImageObject","inLanguage":"en-US","@id":"https:\/\/blogin.al\/#\/schema\/logo\/image\/","url":"https:\/\/blogin.al\/wp-content\/uploads\/2022\/05\/Untitled-2-01-e1652084456514.png","contentUrl":"https:\/\/blogin.al\/wp-content\/uploads\/2022\/05\/Untitled-2-01-e1652084456514.png","width":3723,"height":1698,"caption":"BLOGIN.al"},"image":{"@id":"https:\/\/blogin.al\/#\/schema\/logo\/image\/"},"sameAs":["https:\/\/instagram.com\/blogin.al\/"]},{"@type":"Person","@id":"https:\/\/blogin.al\/#\/schema\/person\/abdd56bc912cd511db877b852b115399","name":"Blogin al","image":{"@type":"ImageObject","inLanguage":"en-US","@id":"https:\/\/secure.gravatar.com\/avatar\/60d5661aee6e835fb13dc75d2204cd0c1d61bef2efd137c0083e59ef831e235e?s=96&d=mm&r=g","url":"https:\/\/secure.gravatar.com\/avatar\/60d5661aee6e835fb13dc75d2204cd0c1d61bef2efd137c0083e59ef831e235e?s=96&d=mm&r=g","contentUrl":"https:\/\/secure.gravatar.com\/avatar\/60d5661aee6e835fb13dc75d2204cd0c1d61bef2efd137c0083e59ef831e235e?s=96&d=mm&r=g","caption":"Blogin al"},"sameAs":["https:\/\/blogin.al"],"url":"https:\/\/blogin.al\/?author=2"}]}},"_links":{"self":[{"href":"https:\/\/blogin.al\/index.php?rest_route=\/wp\/v2\/posts\/41222","targetHints":{"allow":["GET"]}}],"collection":[{"href":"https:\/\/blogin.al\/index.php?rest_route=\/wp\/v2\/posts"}],"about":[{"href":"https:\/\/blogin.al\/index.php?rest_route=\/wp\/v2\/types\/post"}],"author":[{"embeddable":true,"href":"https:\/\/blogin.al\/index.php?rest_route=\/wp\/v2\/users\/2"}],"replies":[{"embeddable":true,"href":"https:\/\/blogin.al\/index.php?rest_route=%2Fwp%2Fv2%2Fcomments&post=41222"}],"version-history":[{"count":1,"href":"https:\/\/blogin.al\/index.php?rest_route=\/wp\/v2\/posts\/41222\/revisions"}],"predecessor-version":[{"id":41225,"href":"https:\/\/blogin.al\/index.php?rest_route=\/wp\/v2\/posts\/41222\/revisions\/41225"}],"wp:featuredmedia":[{"embeddable":true,"href":"https:\/\/blogin.al\/index.php?rest_route=\/wp\/v2\/media\/40312"}],"wp:attachment":[{"href":"https:\/\/blogin.al\/index.php?rest_route=%2Fwp%2Fv2%2Fmedia&parent=41222"}],"wp:term":[{"taxonomy":"category","embeddable":true,"href":"https:\/\/blogin.al\/index.php?rest_route=%2Fwp%2Fv2%2Fcategories&post=41222"},{"taxonomy":"post_tag","embeddable":true,"href":"https:\/\/blogin.al\/index.php?rest_route=%2Fwp%2Fv2%2Ftags&post=41222"}],"curies":[{"name":"wp","href":"https:\/\/api.w.org\/{rel}","templated":true}]}}