{"id":41228,"date":"2023-12-14T10:35:47","date_gmt":"2023-12-14T10:35:47","guid":{"rendered":"https:\/\/blogin.al\/?p=41228"},"modified":"2023-12-14T10:35:49","modified_gmt":"2023-12-14T10:35:49","slug":"anuloi-projektin-muzikor-me-luiz-ejllin-anxhela-peristeri-zbulon-per-here-te-pare-arsyen","status":"publish","type":"post","link":"https:\/\/blogin.al\/?p=41228","title":{"rendered":"Anuloi projektin muzikor me Luiz Ejllin, Anxhela Peristeri zbulon p\u00ebr her\u00eb t\u00eb par\u00eb arsyen"},"content":{"rendered":"\n<p>K\u00ebng\u00ebtarja e njohur Anxhela Peristeri s\u00eb fundmi ka qen\u00eb e ftuar n\u00eb emisionin \u201cPardon My French\u201d, ku ka zbuluar m\u00eb shum\u00eb rreth jet\u00ebs s\u00eb saj personale dhe profesionale.<\/p>\n\n\n\n<p>E teksa gazetari e pyeti se cili \u00ebhst\u00eb artisti q\u00eb ka refuzuar nj\u00eb projekt, k\u00ebng\u00ebtarja tha q\u00eb ai \u00ebsht\u00eb Luizi p\u00ebr shkak t\u00eb koh\u00ebs dhe angazhimeve t\u00eb shumta t\u00eb k\u00ebtij t\u00eb fundit, nd\u00ebrsa tha se t\u00eb nj\u00ebjtin projekt muzikor\u00eb e zhvilloi me Vedat Ademin.<\/p>\n\n\n\n<p><em>&nbsp;\u201cKa qen\u00eb Luizi n\u00eb plan. Ishte ky projekt q\u00eb p\u00ebr aryse t\u00eb ndryshme t\u00eb karrier\u00ebs s\u00eb Luizit nuk u realizua. K\u00ebshtu q\u00eb u realizua m\u00eb von\u00eb me Vedatin. Un\u00eb mendoj q\u00eb \u00ebsht\u00eb nj\u00eb k\u00ebng\u00eb shum\u00eb e bukur dhe t\u00eb gjith\u00eb do ta mir\u00ebprisnin. Mendimi p\u00ebr Luizin nuk ishte asnj\u00ebher\u00eb p\u00ebr komercialitet, sepse Luizi \u00ebsht\u00eb nj\u00eb k\u00ebng\u00ebtar festivalesh dhe e ka v\u00ebrtetuar k\u00ebt\u00eb. Z\u00ebri i Luizit n\u00eb k\u00ebt\u00eb k\u00ebng\u00eb do t\u00eb rrinte shum\u00eb mir\u00eb dhe ne prandaj e menduam. P\u00ebr asnj\u00eb arsye komerciale. Nga momenti q\u00eb nuk u realizua, pastaj vendos\u00ebm nj\u00eb plan B q\u00eb ishte Vedati\u201d<\/em>\u2013 tregoi Anxhela.<\/p>\n","protected":false},"excerpt":{"rendered":"<p>K\u00ebng\u00ebtarja e njohur Anxhela Peristeri s\u00eb fundmi ka qen\u00eb e ftuar n\u00eb emisionin \u201cPardon My French\u201d, ku ka zbuluar m\u00eb shum\u00eb rreth jet\u00ebs s\u00eb saj personale dhe profesionale. E teksa gazetari e pyeti se cili \u00ebhst\u00eb artisti q\u00eb ka refuzuar nj\u00eb projekt, k\u00ebng\u00ebtarja tha q\u00eb ai \u00ebsht\u00eb Luizi p\u00ebr shkak t\u00eb koh\u00ebs dhe angazhimeve t\u00eb [&hellip;]<\/p>\n","protected":false},"author":2,"featured_media":3383,"comment_status":"open","ping_status":"open","sticky":false,"template":"","format":"standard","meta":{"footnotes":""},"categories":[33],"tags":[],"class_list":{"0":"post-41228","1":"post","2":"type-post","3":"status-publish","4":"format-standard","5":"has-post-thumbnail","7":"category-showbiz"},"yoast_head":"<!-- This site is optimized with the Yoast SEO plugin v27.5 - https:\/\/yoast.com\/product\/yoast-seo-wordpress\/ -->\n<title>Anuloi projektin muzikor me Luiz Ejllin, Anxhela Peristeri zbulon p\u00ebr her\u00eb t\u00eb par\u00eb arsyen - blogin.al<\/title>\n<meta name=\"robots\" content=\"index, follow, max-snippet:-1, max-image-preview:large, max-video-preview:-1\" \/>\n<link rel=\"canonical\" href=\"https:\/\/blogin.al\/?p=41228\" \/>\n<meta property=\"og:locale\" content=\"en_US\" \/>\n<meta property=\"og:type\" content=\"article\" \/>\n<meta property=\"og:title\" content=\"Anuloi projektin muzikor me Luiz Ejllin, Anxhela Peristeri zbulon p\u00ebr her\u00eb t\u00eb par\u00eb arsyen - blogin.al\" \/>\n<meta property=\"og:description\" content=\"K\u00ebng\u00ebtarja e njohur Anxhela Peristeri s\u00eb fundmi ka qen\u00eb e ftuar n\u00eb emisionin \u201cPardon My French\u201d, ku ka zbuluar m\u00eb shum\u00eb rreth jet\u00ebs s\u00eb saj personale dhe profesionale. E teksa gazetari e pyeti se cili \u00ebhst\u00eb artisti q\u00eb ka refuzuar nj\u00eb projekt, k\u00ebng\u00ebtarja tha q\u00eb ai \u00ebsht\u00eb Luizi p\u00ebr shkak t\u00eb koh\u00ebs dhe angazhimeve t\u00eb [&hellip;]\" \/>\n<meta property=\"og:url\" content=\"https:\/\/blogin.al\/?p=41228\" \/>\n<meta property=\"og:site_name\" content=\"blogin.al\" \/>\n<meta property=\"article:published_time\" content=\"2023-12-14T10:35:47+00:00\" \/>\n<meta property=\"article:modified_time\" content=\"2023-12-14T10:35:49+00:00\" \/>\n<meta property=\"og:image\" content=\"https:\/\/blogin.al\/wp-content\/uploads\/2022\/05\/anxhela-1.png\" \/>\n\t<meta property=\"og:image:width\" content=\"608\" \/>\n\t<meta property=\"og:image:height\" content=\"733\" \/>\n\t<meta property=\"og:image:type\" content=\"image\/png\" \/>\n<meta name=\"author\" content=\"Blogin al\" \/>\n<meta name=\"twitter:card\" content=\"summary_large_image\" \/>\n<meta name=\"twitter:label1\" content=\"Written by\" \/>\n\t<meta name=\"twitter:data1\" content=\"Blogin al\" \/>\n\t<meta name=\"twitter:label2\" content=\"Est. reading time\" \/>\n\t<meta name=\"twitter:data2\" content=\"1 minute\" \/>\n<script type=\"application\/ld+json\" class=\"yoast-schema-graph\">{\"@context\":\"https:\\\/\\\/schema.org\",\"@graph\":[{\"@type\":\"Article\",\"@id\":\"https:\\\/\\\/blogin.al\\\/?p=41228#article\",\"isPartOf\":{\"@id\":\"https:\\\/\\\/blogin.al\\\/?p=41228\"},\"author\":{\"name\":\"Blogin al\",\"@id\":\"https:\\\/\\\/blogin.al\\\/#\\\/schema\\\/person\\\/abdd56bc912cd511db877b852b115399\"},\"headline\":\"Anuloi projektin muzikor me Luiz Ejllin, Anxhela Peristeri zbulon p\u00ebr her\u00eb t\u00eb par\u00eb arsyen\",\"datePublished\":\"2023-12-14T10:35:47+00:00\",\"dateModified\":\"2023-12-14T10:35:49+00:00\",\"mainEntityOfPage\":{\"@id\":\"https:\\\/\\\/blogin.al\\\/?p=41228\"},\"wordCount\":213,\"commentCount\":0,\"publisher\":{\"@id\":\"https:\\\/\\\/blogin.al\\\/#organization\"},\"image\":{\"@id\":\"https:\\\/\\\/blogin.al\\\/?p=41228#primaryimage\"},\"thumbnailUrl\":\"https:\\\/\\\/blogin.al\\\/wp-content\\\/uploads\\\/2022\\\/05\\\/anxhela-1.png\",\"articleSection\":[\"SHOWBIZ\"],\"inLanguage\":\"en-US\",\"potentialAction\":[{\"@type\":\"CommentAction\",\"name\":\"Comment\",\"target\":[\"https:\\\/\\\/blogin.al\\\/?p=41228#respond\"]}]},{\"@type\":\"WebPage\",\"@id\":\"https:\\\/\\\/blogin.al\\\/?p=41228\",\"url\":\"https:\\\/\\\/blogin.al\\\/?p=41228\",\"name\":\"Anuloi projektin muzikor me Luiz Ejllin, Anxhela Peristeri zbulon p\u00ebr her\u00eb t\u00eb par\u00eb arsyen - blogin.al\",\"isPartOf\":{\"@id\":\"https:\\\/\\\/blogin.al\\\/#website\"},\"primaryImageOfPage\":{\"@id\":\"https:\\\/\\\/blogin.al\\\/?p=41228#primaryimage\"},\"image\":{\"@id\":\"https:\\\/\\\/blogin.al\\\/?p=41228#primaryimage\"},\"thumbnailUrl\":\"https:\\\/\\\/blogin.al\\\/wp-content\\\/uploads\\\/2022\\\/05\\\/anxhela-1.png\",\"datePublished\":\"2023-12-14T10:35:47+00:00\",\"dateModified\":\"2023-12-14T10:35:49+00:00\",\"breadcrumb\":{\"@id\":\"https:\\\/\\\/blogin.al\\\/?p=41228#breadcrumb\"},\"inLanguage\":\"en-US\",\"potentialAction\":[{\"@type\":\"ReadAction\",\"target\":[\"https:\\\/\\\/blogin.al\\\/?p=41228\"]}]},{\"@type\":\"ImageObject\",\"inLanguage\":\"en-US\",\"@id\":\"https:\\\/\\\/blogin.al\\\/?p=41228#primaryimage\",\"url\":\"https:\\\/\\\/blogin.al\\\/wp-content\\\/uploads\\\/2022\\\/05\\\/anxhela-1.png\",\"contentUrl\":\"https:\\\/\\\/blogin.al\\\/wp-content\\\/uploads\\\/2022\\\/05\\\/anxhela-1.png\",\"width\":608,\"height\":733},{\"@type\":\"BreadcrumbList\",\"@id\":\"https:\\\/\\\/blogin.al\\\/?p=41228#breadcrumb\",\"itemListElement\":[{\"@type\":\"ListItem\",\"position\":1,\"name\":\"Home\",\"item\":\"https:\\\/\\\/blogin.al\\\/\"},{\"@type\":\"ListItem\",\"position\":2,\"name\":\"Anuloi projektin muzikor me Luiz Ejllin, Anxhela Peristeri zbulon p\u00ebr her\u00eb t\u00eb par\u00eb arsyen\"}]},{\"@type\":\"WebSite\",\"@id\":\"https:\\\/\\\/blogin.al\\\/#website\",\"url\":\"https:\\\/\\\/blogin.al\\\/\",\"name\":\"blogin.al\",\"description\":\"\",\"publisher\":{\"@id\":\"https:\\\/\\\/blogin.al\\\/#organization\"},\"potentialAction\":[{\"@type\":\"SearchAction\",\"target\":{\"@type\":\"EntryPoint\",\"urlTemplate\":\"https:\\\/\\\/blogin.al\\\/?s={search_term_string}\"},\"query-input\":{\"@type\":\"PropertyValueSpecification\",\"valueRequired\":true,\"valueName\":\"search_term_string\"}}],\"inLanguage\":\"en-US\"},{\"@type\":\"Organization\",\"@id\":\"https:\\\/\\\/blogin.al\\\/#organization\",\"name\":\"BLOGIN.al\",\"url\":\"https:\\\/\\\/blogin.al\\\/\",\"logo\":{\"@type\":\"ImageObject\",\"inLanguage\":\"en-US\",\"@id\":\"https:\\\/\\\/blogin.al\\\/#\\\/schema\\\/logo\\\/image\\\/\",\"url\":\"https:\\\/\\\/blogin.al\\\/wp-content\\\/uploads\\\/2022\\\/05\\\/Untitled-2-01-e1652084456514.png\",\"contentUrl\":\"https:\\\/\\\/blogin.al\\\/wp-content\\\/uploads\\\/2022\\\/05\\\/Untitled-2-01-e1652084456514.png\",\"width\":3723,\"height\":1698,\"caption\":\"BLOGIN.al\"},\"image\":{\"@id\":\"https:\\\/\\\/blogin.al\\\/#\\\/schema\\\/logo\\\/image\\\/\"},\"sameAs\":[\"https:\\\/\\\/instagram.com\\\/blogin.al\\\/\"]},{\"@type\":\"Person\",\"@id\":\"https:\\\/\\\/blogin.al\\\/#\\\/schema\\\/person\\\/abdd56bc912cd511db877b852b115399\",\"name\":\"Blogin al\",\"image\":{\"@type\":\"ImageObject\",\"inLanguage\":\"en-US\",\"@id\":\"https:\\\/\\\/secure.gravatar.com\\\/avatar\\\/60d5661aee6e835fb13dc75d2204cd0c1d61bef2efd137c0083e59ef831e235e?s=96&d=mm&r=g\",\"url\":\"https:\\\/\\\/secure.gravatar.com\\\/avatar\\\/60d5661aee6e835fb13dc75d2204cd0c1d61bef2efd137c0083e59ef831e235e?s=96&d=mm&r=g\",\"contentUrl\":\"https:\\\/\\\/secure.gravatar.com\\\/avatar\\\/60d5661aee6e835fb13dc75d2204cd0c1d61bef2efd137c0083e59ef831e235e?s=96&d=mm&r=g\",\"caption\":\"Blogin al\"},\"sameAs\":[\"https:\\\/\\\/blogin.al\"],\"url\":\"https:\\\/\\\/blogin.al\\\/?author=2\"}]}<\/script>\n<!-- \/ Yoast SEO plugin. -->","yoast_head_json":{"title":"Anuloi projektin muzikor me Luiz Ejllin, Anxhela Peristeri zbulon p\u00ebr her\u00eb t\u00eb par\u00eb arsyen - blogin.al","robots":{"index":"index","follow":"follow","max-snippet":"max-snippet:-1","max-image-preview":"max-image-preview:large","max-video-preview":"max-video-preview:-1"},"canonical":"https:\/\/blogin.al\/?p=41228","og_locale":"en_US","og_type":"article","og_title":"Anuloi projektin muzikor me Luiz Ejllin, Anxhela Peristeri zbulon p\u00ebr her\u00eb t\u00eb par\u00eb arsyen - blogin.al","og_description":"K\u00ebng\u00ebtarja e njohur Anxhela Peristeri s\u00eb fundmi ka qen\u00eb e ftuar n\u00eb emisionin \u201cPardon My French\u201d, ku ka zbuluar m\u00eb shum\u00eb rreth jet\u00ebs s\u00eb saj personale dhe profesionale. E teksa gazetari e pyeti se cili \u00ebhst\u00eb artisti q\u00eb ka refuzuar nj\u00eb projekt, k\u00ebng\u00ebtarja tha q\u00eb ai \u00ebsht\u00eb Luizi p\u00ebr shkak t\u00eb koh\u00ebs dhe angazhimeve t\u00eb [&hellip;]","og_url":"https:\/\/blogin.al\/?p=41228","og_site_name":"blogin.al","article_published_time":"2023-12-14T10:35:47+00:00","article_modified_time":"2023-12-14T10:35:49+00:00","og_image":[{"width":608,"height":733,"url":"https:\/\/blogin.al\/wp-content\/uploads\/2022\/05\/anxhela-1.png","type":"image\/png"}],"author":"Blogin al","twitter_card":"summary_large_image","twitter_misc":{"Written by":"Blogin al","Est. reading time":"1 minute"},"schema":{"@context":"https:\/\/schema.org","@graph":[{"@type":"Article","@id":"https:\/\/blogin.al\/?p=41228#article","isPartOf":{"@id":"https:\/\/blogin.al\/?p=41228"},"author":{"name":"Blogin al","@id":"https:\/\/blogin.al\/#\/schema\/person\/abdd56bc912cd511db877b852b115399"},"headline":"Anuloi projektin muzikor me Luiz Ejllin, Anxhela Peristeri zbulon p\u00ebr her\u00eb t\u00eb par\u00eb arsyen","datePublished":"2023-12-14T10:35:47+00:00","dateModified":"2023-12-14T10:35:49+00:00","mainEntityOfPage":{"@id":"https:\/\/blogin.al\/?p=41228"},"wordCount":213,"commentCount":0,"publisher":{"@id":"https:\/\/blogin.al\/#organization"},"image":{"@id":"https:\/\/blogin.al\/?p=41228#primaryimage"},"thumbnailUrl":"https:\/\/blogin.al\/wp-content\/uploads\/2022\/05\/anxhela-1.png","articleSection":["SHOWBIZ"],"inLanguage":"en-US","potentialAction":[{"@type":"CommentAction","name":"Comment","target":["https:\/\/blogin.al\/?p=41228#respond"]}]},{"@type":"WebPage","@id":"https:\/\/blogin.al\/?p=41228","url":"https:\/\/blogin.al\/?p=41228","name":"Anuloi projektin muzikor me Luiz Ejllin, Anxhela Peristeri zbulon p\u00ebr her\u00eb t\u00eb par\u00eb arsyen - blogin.al","isPartOf":{"@id":"https:\/\/blogin.al\/#website"},"primaryImageOfPage":{"@id":"https:\/\/blogin.al\/?p=41228#primaryimage"},"image":{"@id":"https:\/\/blogin.al\/?p=41228#primaryimage"},"thumbnailUrl":"https:\/\/blogin.al\/wp-content\/uploads\/2022\/05\/anxhela-1.png","datePublished":"2023-12-14T10:35:47+00:00","dateModified":"2023-12-14T10:35:49+00:00","breadcrumb":{"@id":"https:\/\/blogin.al\/?p=41228#breadcrumb"},"inLanguage":"en-US","potentialAction":[{"@type":"ReadAction","target":["https:\/\/blogin.al\/?p=41228"]}]},{"@type":"ImageObject","inLanguage":"en-US","@id":"https:\/\/blogin.al\/?p=41228#primaryimage","url":"https:\/\/blogin.al\/wp-content\/uploads\/2022\/05\/anxhela-1.png","contentUrl":"https:\/\/blogin.al\/wp-content\/uploads\/2022\/05\/anxhela-1.png","width":608,"height":733},{"@type":"BreadcrumbList","@id":"https:\/\/blogin.al\/?p=41228#breadcrumb","itemListElement":[{"@type":"ListItem","position":1,"name":"Home","item":"https:\/\/blogin.al\/"},{"@type":"ListItem","position":2,"name":"Anuloi projektin muzikor me Luiz Ejllin, Anxhela Peristeri zbulon p\u00ebr her\u00eb t\u00eb par\u00eb arsyen"}]},{"@type":"WebSite","@id":"https:\/\/blogin.al\/#website","url":"https:\/\/blogin.al\/","name":"blogin.al","description":"","publisher":{"@id":"https:\/\/blogin.al\/#organization"},"potentialAction":[{"@type":"SearchAction","target":{"@type":"EntryPoint","urlTemplate":"https:\/\/blogin.al\/?s={search_term_string}"},"query-input":{"@type":"PropertyValueSpecification","valueRequired":true,"valueName":"search_term_string"}}],"inLanguage":"en-US"},{"@type":"Organization","@id":"https:\/\/blogin.al\/#organization","name":"BLOGIN.al","url":"https:\/\/blogin.al\/","logo":{"@type":"ImageObject","inLanguage":"en-US","@id":"https:\/\/blogin.al\/#\/schema\/logo\/image\/","url":"https:\/\/blogin.al\/wp-content\/uploads\/2022\/05\/Untitled-2-01-e1652084456514.png","contentUrl":"https:\/\/blogin.al\/wp-content\/uploads\/2022\/05\/Untitled-2-01-e1652084456514.png","width":3723,"height":1698,"caption":"BLOGIN.al"},"image":{"@id":"https:\/\/blogin.al\/#\/schema\/logo\/image\/"},"sameAs":["https:\/\/instagram.com\/blogin.al\/"]},{"@type":"Person","@id":"https:\/\/blogin.al\/#\/schema\/person\/abdd56bc912cd511db877b852b115399","name":"Blogin al","image":{"@type":"ImageObject","inLanguage":"en-US","@id":"https:\/\/secure.gravatar.com\/avatar\/60d5661aee6e835fb13dc75d2204cd0c1d61bef2efd137c0083e59ef831e235e?s=96&d=mm&r=g","url":"https:\/\/secure.gravatar.com\/avatar\/60d5661aee6e835fb13dc75d2204cd0c1d61bef2efd137c0083e59ef831e235e?s=96&d=mm&r=g","contentUrl":"https:\/\/secure.gravatar.com\/avatar\/60d5661aee6e835fb13dc75d2204cd0c1d61bef2efd137c0083e59ef831e235e?s=96&d=mm&r=g","caption":"Blogin al"},"sameAs":["https:\/\/blogin.al"],"url":"https:\/\/blogin.al\/?author=2"}]}},"_links":{"self":[{"href":"https:\/\/blogin.al\/index.php?rest_route=\/wp\/v2\/posts\/41228","targetHints":{"allow":["GET"]}}],"collection":[{"href":"https:\/\/blogin.al\/index.php?rest_route=\/wp\/v2\/posts"}],"about":[{"href":"https:\/\/blogin.al\/index.php?rest_route=\/wp\/v2\/types\/post"}],"author":[{"embeddable":true,"href":"https:\/\/blogin.al\/index.php?rest_route=\/wp\/v2\/users\/2"}],"replies":[{"embeddable":true,"href":"https:\/\/blogin.al\/index.php?rest_route=%2Fwp%2Fv2%2Fcomments&post=41228"}],"version-history":[{"count":1,"href":"https:\/\/blogin.al\/index.php?rest_route=\/wp\/v2\/posts\/41228\/revisions"}],"predecessor-version":[{"id":41230,"href":"https:\/\/blogin.al\/index.php?rest_route=\/wp\/v2\/posts\/41228\/revisions\/41230"}],"wp:featuredmedia":[{"embeddable":true,"href":"https:\/\/blogin.al\/index.php?rest_route=\/wp\/v2\/media\/3383"}],"wp:attachment":[{"href":"https:\/\/blogin.al\/index.php?rest_route=%2Fwp%2Fv2%2Fmedia&parent=41228"}],"wp:term":[{"taxonomy":"category","embeddable":true,"href":"https:\/\/blogin.al\/index.php?rest_route=%2Fwp%2Fv2%2Fcategories&post=41228"},{"taxonomy":"post_tag","embeddable":true,"href":"https:\/\/blogin.al\/index.php?rest_route=%2Fwp%2Fv2%2Ftags&post=41228"}],"curies":[{"name":"wp","href":"https:\/\/api.w.org\/{rel}","templated":true}]}}