{"id":41231,"date":"2023-12-14T10:52:37","date_gmt":"2023-12-14T10:52:37","guid":{"rendered":"https:\/\/blogin.al\/?p=41231"},"modified":"2023-12-14T10:52:40","modified_gmt":"2023-12-14T10:52:40","slug":"bora-zemani-nene-per-here-te-dyte-ja-deklarata-e-donaldit-qe-na-beri-te-dyshojme","status":"publish","type":"post","link":"https:\/\/blogin.al\/?p=41231","title":{"rendered":"Bora Zemani n\u00ebn\u00eb p\u00ebr her\u00eb t\u00eb dyt\u00eb? Ja deklarata e Donaldit q\u00eb na b\u00ebri t\u00eb dyshojm\u00eb!"},"content":{"rendered":"\n<p>\u00c7ifti i njohur, Bora Zemani dhe Donald Veshaj tashm\u00eb kan\u00eb zbuluar planet p\u00ebr martes\u00eb.<\/p>\n\n\n\n<p>Aktori dhe moderatori i propozoi partner\u00ebs s\u00eb tij gjat\u00eb premier\u00ebs s\u00eb filmit t\u00eb tyre \u201c5 Her\u00eb Jo\u201d. Por tani dyshja thuhet se do t\u00eb b\u00ebhen prind\u00ebr p\u00ebr her\u00eb t\u00eb par\u00eb.<\/p>\n\n\n\n<p>K\u00ebto dyshime erdh\u00ebn nga klipi promo i emisionit \u201cM\u00eb l\u00ebr t\u00eb Flas\u201d, ku Donaldi u pyet nga Romeo n\u00ebse do t\u00eb b\u00ebhet xhaxha dhe Donaldi pohon me nj\u00eb \u2018po\u2019.<\/p>\n\n\n\n<p>Megjithat\u00eb, mbetet q\u00eb kjo gj\u00eb t\u00eb sqarohet dit\u00ebn e shtun\u00eb kur edhe transmetohet emisioni i v\u00ebllez\u00ebrve Veshaj.<\/p>\n\n\n\n<p>Nd\u00ebrkoh\u00eb, kujtojm\u00eb q\u00eb Bora tashm\u00eb \u00ebsht\u00eb n\u00ebn\u00eb e nj\u00eb djali nga martesa e kaluar, teksa p\u00ebr Donaldin do t\u00eb ishte f\u00ebmija i par\u00eb.<\/p>\n","protected":false},"excerpt":{"rendered":"<p>\u00c7ifti i njohur, Bora Zemani dhe Donald Veshaj tashm\u00eb kan\u00eb zbuluar planet p\u00ebr martes\u00eb. Aktori dhe moderatori i propozoi partner\u00ebs s\u00eb tij gjat\u00eb premier\u00ebs s\u00eb filmit t\u00eb tyre \u201c5 Her\u00eb Jo\u201d. Por tani dyshja thuhet se do t\u00eb b\u00ebhen prind\u00ebr p\u00ebr her\u00eb t\u00eb par\u00eb. K\u00ebto dyshime erdh\u00ebn nga klipi promo i emisionit \u201cM\u00eb l\u00ebr t\u00eb [&hellip;]<\/p>\n","protected":false},"author":2,"featured_media":41101,"comment_status":"open","ping_status":"open","sticky":false,"template":"","format":"standard","meta":{"footnotes":""},"categories":[33],"tags":[],"class_list":{"0":"post-41231","1":"post","2":"type-post","3":"status-publish","4":"format-standard","5":"has-post-thumbnail","7":"category-showbiz"},"yoast_head":"<!-- This site is optimized with the Yoast SEO plugin v27.5 - https:\/\/yoast.com\/product\/yoast-seo-wordpress\/ -->\n<title>Bora Zemani n\u00ebn\u00eb p\u00ebr her\u00eb t\u00eb dyt\u00eb? Ja deklarata e Donaldit q\u00eb na b\u00ebri t\u00eb dyshojm\u00eb! - blogin.al<\/title>\n<meta name=\"robots\" content=\"index, follow, max-snippet:-1, max-image-preview:large, max-video-preview:-1\" \/>\n<link rel=\"canonical\" href=\"https:\/\/blogin.al\/?p=41231\" \/>\n<meta property=\"og:locale\" content=\"en_US\" \/>\n<meta property=\"og:type\" content=\"article\" \/>\n<meta property=\"og:title\" content=\"Bora Zemani n\u00ebn\u00eb p\u00ebr her\u00eb t\u00eb dyt\u00eb? Ja deklarata e Donaldit q\u00eb na b\u00ebri t\u00eb dyshojm\u00eb! - blogin.al\" \/>\n<meta property=\"og:description\" content=\"\u00c7ifti i njohur, Bora Zemani dhe Donald Veshaj tashm\u00eb kan\u00eb zbuluar planet p\u00ebr martes\u00eb. Aktori dhe moderatori i propozoi partner\u00ebs s\u00eb tij gjat\u00eb premier\u00ebs s\u00eb filmit t\u00eb tyre \u201c5 Her\u00eb Jo\u201d. Por tani dyshja thuhet se do t\u00eb b\u00ebhen prind\u00ebr p\u00ebr her\u00eb t\u00eb par\u00eb. K\u00ebto dyshime erdh\u00ebn nga klipi promo i emisionit \u201cM\u00eb l\u00ebr t\u00eb [&hellip;]\" \/>\n<meta property=\"og:url\" content=\"https:\/\/blogin.al\/?p=41231\" \/>\n<meta property=\"og:site_name\" content=\"blogin.al\" \/>\n<meta property=\"article:published_time\" content=\"2023-12-14T10:52:37+00:00\" \/>\n<meta property=\"article:modified_time\" content=\"2023-12-14T10:52:40+00:00\" \/>\n<meta property=\"og:image\" content=\"https:\/\/blogin.al\/wp-content\/uploads\/2023\/12\/image-70.png\" \/>\n\t<meta property=\"og:image:width\" content=\"1280\" \/>\n\t<meta property=\"og:image:height\" content=\"720\" \/>\n\t<meta property=\"og:image:type\" content=\"image\/png\" \/>\n<meta name=\"author\" content=\"Blogin al\" \/>\n<meta name=\"twitter:card\" content=\"summary_large_image\" \/>\n<meta name=\"twitter:label1\" content=\"Written by\" \/>\n\t<meta name=\"twitter:data1\" content=\"Blogin al\" \/>\n\t<meta name=\"twitter:label2\" content=\"Est. reading time\" \/>\n\t<meta name=\"twitter:data2\" content=\"1 minute\" \/>\n<script type=\"application\/ld+json\" class=\"yoast-schema-graph\">{\"@context\":\"https:\\\/\\\/schema.org\",\"@graph\":[{\"@type\":\"Article\",\"@id\":\"https:\\\/\\\/blogin.al\\\/?p=41231#article\",\"isPartOf\":{\"@id\":\"https:\\\/\\\/blogin.al\\\/?p=41231\"},\"author\":{\"name\":\"Blogin al\",\"@id\":\"https:\\\/\\\/blogin.al\\\/#\\\/schema\\\/person\\\/abdd56bc912cd511db877b852b115399\"},\"headline\":\"Bora Zemani n\u00ebn\u00eb p\u00ebr her\u00eb t\u00eb dyt\u00eb? Ja deklarata e Donaldit q\u00eb na b\u00ebri t\u00eb dyshojm\u00eb!\",\"datePublished\":\"2023-12-14T10:52:37+00:00\",\"dateModified\":\"2023-12-14T10:52:40+00:00\",\"mainEntityOfPage\":{\"@id\":\"https:\\\/\\\/blogin.al\\\/?p=41231\"},\"wordCount\":149,\"commentCount\":0,\"publisher\":{\"@id\":\"https:\\\/\\\/blogin.al\\\/#organization\"},\"image\":{\"@id\":\"https:\\\/\\\/blogin.al\\\/?p=41231#primaryimage\"},\"thumbnailUrl\":\"https:\\\/\\\/blogin.al\\\/wp-content\\\/uploads\\\/2023\\\/12\\\/image-70.png\",\"articleSection\":[\"SHOWBIZ\"],\"inLanguage\":\"en-US\",\"potentialAction\":[{\"@type\":\"CommentAction\",\"name\":\"Comment\",\"target\":[\"https:\\\/\\\/blogin.al\\\/?p=41231#respond\"]}]},{\"@type\":\"WebPage\",\"@id\":\"https:\\\/\\\/blogin.al\\\/?p=41231\",\"url\":\"https:\\\/\\\/blogin.al\\\/?p=41231\",\"name\":\"Bora Zemani n\u00ebn\u00eb p\u00ebr her\u00eb t\u00eb dyt\u00eb? Ja deklarata e Donaldit q\u00eb na b\u00ebri t\u00eb dyshojm\u00eb! - blogin.al\",\"isPartOf\":{\"@id\":\"https:\\\/\\\/blogin.al\\\/#website\"},\"primaryImageOfPage\":{\"@id\":\"https:\\\/\\\/blogin.al\\\/?p=41231#primaryimage\"},\"image\":{\"@id\":\"https:\\\/\\\/blogin.al\\\/?p=41231#primaryimage\"},\"thumbnailUrl\":\"https:\\\/\\\/blogin.al\\\/wp-content\\\/uploads\\\/2023\\\/12\\\/image-70.png\",\"datePublished\":\"2023-12-14T10:52:37+00:00\",\"dateModified\":\"2023-12-14T10:52:40+00:00\",\"breadcrumb\":{\"@id\":\"https:\\\/\\\/blogin.al\\\/?p=41231#breadcrumb\"},\"inLanguage\":\"en-US\",\"potentialAction\":[{\"@type\":\"ReadAction\",\"target\":[\"https:\\\/\\\/blogin.al\\\/?p=41231\"]}]},{\"@type\":\"ImageObject\",\"inLanguage\":\"en-US\",\"@id\":\"https:\\\/\\\/blogin.al\\\/?p=41231#primaryimage\",\"url\":\"https:\\\/\\\/blogin.al\\\/wp-content\\\/uploads\\\/2023\\\/12\\\/image-70.png\",\"contentUrl\":\"https:\\\/\\\/blogin.al\\\/wp-content\\\/uploads\\\/2023\\\/12\\\/image-70.png\",\"width\":1280,\"height\":720},{\"@type\":\"BreadcrumbList\",\"@id\":\"https:\\\/\\\/blogin.al\\\/?p=41231#breadcrumb\",\"itemListElement\":[{\"@type\":\"ListItem\",\"position\":1,\"name\":\"Home\",\"item\":\"https:\\\/\\\/blogin.al\\\/\"},{\"@type\":\"ListItem\",\"position\":2,\"name\":\"Bora Zemani n\u00ebn\u00eb p\u00ebr her\u00eb t\u00eb dyt\u00eb? Ja deklarata e Donaldit q\u00eb na b\u00ebri t\u00eb dyshojm\u00eb!\"}]},{\"@type\":\"WebSite\",\"@id\":\"https:\\\/\\\/blogin.al\\\/#website\",\"url\":\"https:\\\/\\\/blogin.al\\\/\",\"name\":\"blogin.al\",\"description\":\"\",\"publisher\":{\"@id\":\"https:\\\/\\\/blogin.al\\\/#organization\"},\"potentialAction\":[{\"@type\":\"SearchAction\",\"target\":{\"@type\":\"EntryPoint\",\"urlTemplate\":\"https:\\\/\\\/blogin.al\\\/?s={search_term_string}\"},\"query-input\":{\"@type\":\"PropertyValueSpecification\",\"valueRequired\":true,\"valueName\":\"search_term_string\"}}],\"inLanguage\":\"en-US\"},{\"@type\":\"Organization\",\"@id\":\"https:\\\/\\\/blogin.al\\\/#organization\",\"name\":\"BLOGIN.al\",\"url\":\"https:\\\/\\\/blogin.al\\\/\",\"logo\":{\"@type\":\"ImageObject\",\"inLanguage\":\"en-US\",\"@id\":\"https:\\\/\\\/blogin.al\\\/#\\\/schema\\\/logo\\\/image\\\/\",\"url\":\"https:\\\/\\\/blogin.al\\\/wp-content\\\/uploads\\\/2022\\\/05\\\/Untitled-2-01-e1652084456514.png\",\"contentUrl\":\"https:\\\/\\\/blogin.al\\\/wp-content\\\/uploads\\\/2022\\\/05\\\/Untitled-2-01-e1652084456514.png\",\"width\":3723,\"height\":1698,\"caption\":\"BLOGIN.al\"},\"image\":{\"@id\":\"https:\\\/\\\/blogin.al\\\/#\\\/schema\\\/logo\\\/image\\\/\"},\"sameAs\":[\"https:\\\/\\\/instagram.com\\\/blogin.al\\\/\"]},{\"@type\":\"Person\",\"@id\":\"https:\\\/\\\/blogin.al\\\/#\\\/schema\\\/person\\\/abdd56bc912cd511db877b852b115399\",\"name\":\"Blogin al\",\"image\":{\"@type\":\"ImageObject\",\"inLanguage\":\"en-US\",\"@id\":\"https:\\\/\\\/secure.gravatar.com\\\/avatar\\\/60d5661aee6e835fb13dc75d2204cd0c1d61bef2efd137c0083e59ef831e235e?s=96&d=mm&r=g\",\"url\":\"https:\\\/\\\/secure.gravatar.com\\\/avatar\\\/60d5661aee6e835fb13dc75d2204cd0c1d61bef2efd137c0083e59ef831e235e?s=96&d=mm&r=g\",\"contentUrl\":\"https:\\\/\\\/secure.gravatar.com\\\/avatar\\\/60d5661aee6e835fb13dc75d2204cd0c1d61bef2efd137c0083e59ef831e235e?s=96&d=mm&r=g\",\"caption\":\"Blogin al\"},\"sameAs\":[\"https:\\\/\\\/blogin.al\"],\"url\":\"https:\\\/\\\/blogin.al\\\/?author=2\"}]}<\/script>\n<!-- \/ Yoast SEO plugin. -->","yoast_head_json":{"title":"Bora Zemani n\u00ebn\u00eb p\u00ebr her\u00eb t\u00eb dyt\u00eb? Ja deklarata e Donaldit q\u00eb na b\u00ebri t\u00eb dyshojm\u00eb! - blogin.al","robots":{"index":"index","follow":"follow","max-snippet":"max-snippet:-1","max-image-preview":"max-image-preview:large","max-video-preview":"max-video-preview:-1"},"canonical":"https:\/\/blogin.al\/?p=41231","og_locale":"en_US","og_type":"article","og_title":"Bora Zemani n\u00ebn\u00eb p\u00ebr her\u00eb t\u00eb dyt\u00eb? Ja deklarata e Donaldit q\u00eb na b\u00ebri t\u00eb dyshojm\u00eb! - blogin.al","og_description":"\u00c7ifti i njohur, Bora Zemani dhe Donald Veshaj tashm\u00eb kan\u00eb zbuluar planet p\u00ebr martes\u00eb. Aktori dhe moderatori i propozoi partner\u00ebs s\u00eb tij gjat\u00eb premier\u00ebs s\u00eb filmit t\u00eb tyre \u201c5 Her\u00eb Jo\u201d. Por tani dyshja thuhet se do t\u00eb b\u00ebhen prind\u00ebr p\u00ebr her\u00eb t\u00eb par\u00eb. K\u00ebto dyshime erdh\u00ebn nga klipi promo i emisionit \u201cM\u00eb l\u00ebr t\u00eb [&hellip;]","og_url":"https:\/\/blogin.al\/?p=41231","og_site_name":"blogin.al","article_published_time":"2023-12-14T10:52:37+00:00","article_modified_time":"2023-12-14T10:52:40+00:00","og_image":[{"width":1280,"height":720,"url":"https:\/\/blogin.al\/wp-content\/uploads\/2023\/12\/image-70.png","type":"image\/png"}],"author":"Blogin al","twitter_card":"summary_large_image","twitter_misc":{"Written by":"Blogin al","Est. reading time":"1 minute"},"schema":{"@context":"https:\/\/schema.org","@graph":[{"@type":"Article","@id":"https:\/\/blogin.al\/?p=41231#article","isPartOf":{"@id":"https:\/\/blogin.al\/?p=41231"},"author":{"name":"Blogin al","@id":"https:\/\/blogin.al\/#\/schema\/person\/abdd56bc912cd511db877b852b115399"},"headline":"Bora Zemani n\u00ebn\u00eb p\u00ebr her\u00eb t\u00eb dyt\u00eb? Ja deklarata e Donaldit q\u00eb na b\u00ebri t\u00eb dyshojm\u00eb!","datePublished":"2023-12-14T10:52:37+00:00","dateModified":"2023-12-14T10:52:40+00:00","mainEntityOfPage":{"@id":"https:\/\/blogin.al\/?p=41231"},"wordCount":149,"commentCount":0,"publisher":{"@id":"https:\/\/blogin.al\/#organization"},"image":{"@id":"https:\/\/blogin.al\/?p=41231#primaryimage"},"thumbnailUrl":"https:\/\/blogin.al\/wp-content\/uploads\/2023\/12\/image-70.png","articleSection":["SHOWBIZ"],"inLanguage":"en-US","potentialAction":[{"@type":"CommentAction","name":"Comment","target":["https:\/\/blogin.al\/?p=41231#respond"]}]},{"@type":"WebPage","@id":"https:\/\/blogin.al\/?p=41231","url":"https:\/\/blogin.al\/?p=41231","name":"Bora Zemani n\u00ebn\u00eb p\u00ebr her\u00eb t\u00eb dyt\u00eb? Ja deklarata e Donaldit q\u00eb na b\u00ebri t\u00eb dyshojm\u00eb! - blogin.al","isPartOf":{"@id":"https:\/\/blogin.al\/#website"},"primaryImageOfPage":{"@id":"https:\/\/blogin.al\/?p=41231#primaryimage"},"image":{"@id":"https:\/\/blogin.al\/?p=41231#primaryimage"},"thumbnailUrl":"https:\/\/blogin.al\/wp-content\/uploads\/2023\/12\/image-70.png","datePublished":"2023-12-14T10:52:37+00:00","dateModified":"2023-12-14T10:52:40+00:00","breadcrumb":{"@id":"https:\/\/blogin.al\/?p=41231#breadcrumb"},"inLanguage":"en-US","potentialAction":[{"@type":"ReadAction","target":["https:\/\/blogin.al\/?p=41231"]}]},{"@type":"ImageObject","inLanguage":"en-US","@id":"https:\/\/blogin.al\/?p=41231#primaryimage","url":"https:\/\/blogin.al\/wp-content\/uploads\/2023\/12\/image-70.png","contentUrl":"https:\/\/blogin.al\/wp-content\/uploads\/2023\/12\/image-70.png","width":1280,"height":720},{"@type":"BreadcrumbList","@id":"https:\/\/blogin.al\/?p=41231#breadcrumb","itemListElement":[{"@type":"ListItem","position":1,"name":"Home","item":"https:\/\/blogin.al\/"},{"@type":"ListItem","position":2,"name":"Bora Zemani n\u00ebn\u00eb p\u00ebr her\u00eb t\u00eb dyt\u00eb? Ja deklarata e Donaldit q\u00eb na b\u00ebri t\u00eb dyshojm\u00eb!"}]},{"@type":"WebSite","@id":"https:\/\/blogin.al\/#website","url":"https:\/\/blogin.al\/","name":"blogin.al","description":"","publisher":{"@id":"https:\/\/blogin.al\/#organization"},"potentialAction":[{"@type":"SearchAction","target":{"@type":"EntryPoint","urlTemplate":"https:\/\/blogin.al\/?s={search_term_string}"},"query-input":{"@type":"PropertyValueSpecification","valueRequired":true,"valueName":"search_term_string"}}],"inLanguage":"en-US"},{"@type":"Organization","@id":"https:\/\/blogin.al\/#organization","name":"BLOGIN.al","url":"https:\/\/blogin.al\/","logo":{"@type":"ImageObject","inLanguage":"en-US","@id":"https:\/\/blogin.al\/#\/schema\/logo\/image\/","url":"https:\/\/blogin.al\/wp-content\/uploads\/2022\/05\/Untitled-2-01-e1652084456514.png","contentUrl":"https:\/\/blogin.al\/wp-content\/uploads\/2022\/05\/Untitled-2-01-e1652084456514.png","width":3723,"height":1698,"caption":"BLOGIN.al"},"image":{"@id":"https:\/\/blogin.al\/#\/schema\/logo\/image\/"},"sameAs":["https:\/\/instagram.com\/blogin.al\/"]},{"@type":"Person","@id":"https:\/\/blogin.al\/#\/schema\/person\/abdd56bc912cd511db877b852b115399","name":"Blogin al","image":{"@type":"ImageObject","inLanguage":"en-US","@id":"https:\/\/secure.gravatar.com\/avatar\/60d5661aee6e835fb13dc75d2204cd0c1d61bef2efd137c0083e59ef831e235e?s=96&d=mm&r=g","url":"https:\/\/secure.gravatar.com\/avatar\/60d5661aee6e835fb13dc75d2204cd0c1d61bef2efd137c0083e59ef831e235e?s=96&d=mm&r=g","contentUrl":"https:\/\/secure.gravatar.com\/avatar\/60d5661aee6e835fb13dc75d2204cd0c1d61bef2efd137c0083e59ef831e235e?s=96&d=mm&r=g","caption":"Blogin al"},"sameAs":["https:\/\/blogin.al"],"url":"https:\/\/blogin.al\/?author=2"}]}},"_links":{"self":[{"href":"https:\/\/blogin.al\/index.php?rest_route=\/wp\/v2\/posts\/41231","targetHints":{"allow":["GET"]}}],"collection":[{"href":"https:\/\/blogin.al\/index.php?rest_route=\/wp\/v2\/posts"}],"about":[{"href":"https:\/\/blogin.al\/index.php?rest_route=\/wp\/v2\/types\/post"}],"author":[{"embeddable":true,"href":"https:\/\/blogin.al\/index.php?rest_route=\/wp\/v2\/users\/2"}],"replies":[{"embeddable":true,"href":"https:\/\/blogin.al\/index.php?rest_route=%2Fwp%2Fv2%2Fcomments&post=41231"}],"version-history":[{"count":1,"href":"https:\/\/blogin.al\/index.php?rest_route=\/wp\/v2\/posts\/41231\/revisions"}],"predecessor-version":[{"id":41232,"href":"https:\/\/blogin.al\/index.php?rest_route=\/wp\/v2\/posts\/41231\/revisions\/41232"}],"wp:featuredmedia":[{"embeddable":true,"href":"https:\/\/blogin.al\/index.php?rest_route=\/wp\/v2\/media\/41101"}],"wp:attachment":[{"href":"https:\/\/blogin.al\/index.php?rest_route=%2Fwp%2Fv2%2Fmedia&parent=41231"}],"wp:term":[{"taxonomy":"category","embeddable":true,"href":"https:\/\/blogin.al\/index.php?rest_route=%2Fwp%2Fv2%2Fcategories&post=41231"},{"taxonomy":"post_tag","embeddable":true,"href":"https:\/\/blogin.al\/index.php?rest_route=%2Fwp%2Fv2%2Ftags&post=41231"}],"curies":[{"name":"wp","href":"https:\/\/api.w.org\/{rel}","templated":true}]}}