{"id":41239,"date":"2023-12-14T11:07:24","date_gmt":"2023-12-14T11:07:24","guid":{"rendered":"https:\/\/blogin.al\/?p=41239"},"modified":"2023-12-14T11:07:26","modified_gmt":"2023-12-14T11:07:26","slug":"luizi-zbulon-nese-do-jete-pjese-e-bb-vip-3","status":"publish","type":"post","link":"https:\/\/blogin.al\/?p=41239","title":{"rendered":"Luizi zbulon n\u00ebse do jet\u00eb pjes\u00eb e BB VIP 3"},"content":{"rendered":"\n<p>Kiara Tito dhe Luiz Ejlli kan\u00eb qen\u00eb t\u00eb pranish\u00ebm n\u00eb premier\u00ebn e filmit t\u00eb Bora Zemanit dhe Donald Veshajt, \u201c5 Her\u00eb Jo\u201d, ku kan\u00eb dh\u00ebn\u00eb edhe nj\u00eb intervist\u00eb p\u00ebr emisionin \u201cShqip\u00ebria Live\u201d.<\/p>\n\n\n\n<p>Gazetari, duke menduar q\u00eb k\u00ebng\u00ebtari i njohur nuk do t\u00eb tregonte gj\u00eb, ka vendosur q\u00eb t\u00eb pyes moderatoren n\u00ebse Luizi do jet\u00eb opinionist n\u00eb edicionin e tret\u00eb t\u00eb \u201cBig Brother VIP\u201d.<\/p>\n\n\n\n<p><strong>\u201cKiara do jet\u00eb Luizi opinionist n\u00eb Big Brother VIP 3?\u201d<\/strong>, pyeti gazetari dhe Kiara iu p\u00ebrgjigj:&nbsp;<em>\u201cAq sa di ti di edhe un\u00eb. Nuk kemi b\u00ebr\u00eb shum\u00eb muhabete n\u00eb sht\u00ebpi\u201d.<\/em><\/p>\n\n\n\n<p><strong>Pjes\u00eb nga intervista:<\/strong><\/p>\n\n\n\n<p><strong>Gazetari:&nbsp;<\/strong>Tani n\u00ebse t\u00eb gjith\u00eb t\u00eb kan\u00eb pyetur ty p\u00ebr Big Brother, un\u00eb do pyes Kiar\u00ebn, se ti nuk tregon gj\u00eb. Kiara, a do jet\u00eb Luizi opisionist te Big Brother?<\/p>\n\n\n\n<p><strong>Kiara:&nbsp;<\/strong>Aq sa di ti, di edhe un\u00eb.<\/p>\n\n\n\n<p><strong>Luizi:&nbsp;<\/strong>Me pak fjal\u00eb e di Luizi, prap\u00eb tek un\u00eb erdhe<\/p>\n\n\n\n<p><strong>Kiara:&nbsp;<\/strong>Nuk kemi b\u00ebr\u00eb shum\u00eb muhabete pune n\u00eb sht\u00ebpi<\/p>\n\n\n\n<p><strong>Luizi:<\/strong>&nbsp;A nuk e ke par\u00eb Big-un q\u00eb kur isha me Kiar\u00ebn thosha \u2018jam n\u00eb sht\u00ebpi, jam pushim\u2019. Nuk flas p\u00ebr pun\u00eb<\/p>\n\n\n\n<p><strong>Gazetari:&nbsp;<\/strong>A ke emocione q\u00eb po fillon \u201cBig Brother\u201d dhe ti ke trofeun e \u201cBig Brother VIP 2\u201d?<\/p>\n\n\n\n<p><strong>Luizi:&nbsp;<\/strong>Nuk e l\u00ebshoj trofeun, kush ma merr mua?<\/p>\n\n\n\n<p><strong>Kiara:&nbsp;<\/strong>Nj\u00eb lloj emocioni \u00ebsht\u00eb sepse po t\u00eb mendosh para 1 viti q\u00eb ishim duke u b\u00ebr\u00eb gati p\u00ebr t\u2019u futur n\u00eb sht\u00ebpin\u00eb m\u00eb t\u00eb famshme, sigurisht q\u00eb \u00ebsht\u00eb emocion. Edhe nj\u00eb lloj nostalgjie. Kemi njohur nj\u00ebri-tjetrin dhe n\u2019a ka ndryshuar jeta komplet, brenda 1 viti.<\/p>\n\n\n\n<p><strong>Luizi:<\/strong>&nbsp;E di \u00e7far\u00eb dometh\u00ebn\u00eb me l\u00ebshuar trofeun? Me l\u00ebshuar Kiar\u00ebn, nuk e l\u00ebshoj. Kush do me e marr\u00eb, ve\u00e7 t\u00eb thot\u00eb \u2018Luiz a e pranon ftes\u00ebn p\u00ebr n\u00eb Big\u2019, e flasim.<\/p>\n","protected":false},"excerpt":{"rendered":"<p>Kiara Tito dhe Luiz Ejlli kan\u00eb qen\u00eb t\u00eb pranish\u00ebm n\u00eb premier\u00ebn e filmit t\u00eb Bora Zemanit dhe Donald Veshajt, \u201c5 Her\u00eb Jo\u201d, ku kan\u00eb dh\u00ebn\u00eb edhe nj\u00eb intervist\u00eb p\u00ebr emisionin \u201cShqip\u00ebria Live\u201d. Gazetari, duke menduar q\u00eb k\u00ebng\u00ebtari i njohur nuk do t\u00eb tregonte gj\u00eb, ka vendosur q\u00eb t\u00eb pyes moderatoren n\u00ebse Luizi do jet\u00eb opinionist [&hellip;]<\/p>\n","protected":false},"author":2,"featured_media":34807,"comment_status":"open","ping_status":"open","sticky":false,"template":"","format":"standard","meta":{"footnotes":""},"categories":[33],"tags":[],"class_list":{"0":"post-41239","1":"post","2":"type-post","3":"status-publish","4":"format-standard","5":"has-post-thumbnail","7":"category-showbiz"},"yoast_head":"<!-- This site is optimized with the Yoast SEO plugin v27.5 - https:\/\/yoast.com\/product\/yoast-seo-wordpress\/ -->\n<title>Luizi zbulon n\u00ebse do jet\u00eb pjes\u00eb e BB VIP 3 - blogin.al<\/title>\n<meta name=\"robots\" content=\"index, follow, max-snippet:-1, max-image-preview:large, max-video-preview:-1\" \/>\n<link rel=\"canonical\" href=\"https:\/\/blogin.al\/?p=41239\" \/>\n<meta property=\"og:locale\" content=\"en_US\" \/>\n<meta property=\"og:type\" content=\"article\" \/>\n<meta property=\"og:title\" content=\"Luizi zbulon n\u00ebse do jet\u00eb pjes\u00eb e BB VIP 3 - blogin.al\" \/>\n<meta property=\"og:description\" content=\"Kiara Tito dhe Luiz Ejlli kan\u00eb qen\u00eb t\u00eb pranish\u00ebm n\u00eb premier\u00ebn e filmit t\u00eb Bora Zemanit dhe Donald Veshajt, \u201c5 Her\u00eb Jo\u201d, ku kan\u00eb dh\u00ebn\u00eb edhe nj\u00eb intervist\u00eb p\u00ebr emisionin \u201cShqip\u00ebria Live\u201d. Gazetari, duke menduar q\u00eb k\u00ebng\u00ebtari i njohur nuk do t\u00eb tregonte gj\u00eb, ka vendosur q\u00eb t\u00eb pyes moderatoren n\u00ebse Luizi do jet\u00eb opinionist [&hellip;]\" \/>\n<meta property=\"og:url\" content=\"https:\/\/blogin.al\/?p=41239\" \/>\n<meta property=\"og:site_name\" content=\"blogin.al\" \/>\n<meta property=\"article:published_time\" content=\"2023-12-14T11:07:24+00:00\" \/>\n<meta property=\"article:modified_time\" content=\"2023-12-14T11:07:26+00:00\" \/>\n<meta property=\"og:image\" content=\"https:\/\/blogin.al\/wp-content\/uploads\/2023\/07\/Luiz-Ejlli-Perjeteshisht-Rekorde.jpg\" \/>\n\t<meta property=\"og:image:width\" content=\"1920\" \/>\n\t<meta property=\"og:image:height\" content=\"1080\" \/>\n\t<meta property=\"og:image:type\" content=\"image\/jpeg\" \/>\n<meta name=\"author\" content=\"Blogin al\" \/>\n<meta name=\"twitter:card\" content=\"summary_large_image\" \/>\n<meta name=\"twitter:label1\" content=\"Written by\" \/>\n\t<meta name=\"twitter:data1\" content=\"Blogin al\" \/>\n\t<meta name=\"twitter:label2\" content=\"Est. reading time\" \/>\n\t<meta name=\"twitter:data2\" content=\"2 minutes\" \/>\n<script type=\"application\/ld+json\" class=\"yoast-schema-graph\">{\"@context\":\"https:\\\/\\\/schema.org\",\"@graph\":[{\"@type\":\"Article\",\"@id\":\"https:\\\/\\\/blogin.al\\\/?p=41239#article\",\"isPartOf\":{\"@id\":\"https:\\\/\\\/blogin.al\\\/?p=41239\"},\"author\":{\"name\":\"Blogin al\",\"@id\":\"https:\\\/\\\/blogin.al\\\/#\\\/schema\\\/person\\\/abdd56bc912cd511db877b852b115399\"},\"headline\":\"Luizi zbulon n\u00ebse do jet\u00eb pjes\u00eb e BB VIP 3\",\"datePublished\":\"2023-12-14T11:07:24+00:00\",\"dateModified\":\"2023-12-14T11:07:26+00:00\",\"mainEntityOfPage\":{\"@id\":\"https:\\\/\\\/blogin.al\\\/?p=41239\"},\"wordCount\":329,\"commentCount\":0,\"publisher\":{\"@id\":\"https:\\\/\\\/blogin.al\\\/#organization\"},\"image\":{\"@id\":\"https:\\\/\\\/blogin.al\\\/?p=41239#primaryimage\"},\"thumbnailUrl\":\"https:\\\/\\\/blogin.al\\\/wp-content\\\/uploads\\\/2023\\\/07\\\/Luiz-Ejlli-Perjeteshisht-Rekorde.jpg\",\"articleSection\":[\"SHOWBIZ\"],\"inLanguage\":\"en-US\",\"potentialAction\":[{\"@type\":\"CommentAction\",\"name\":\"Comment\",\"target\":[\"https:\\\/\\\/blogin.al\\\/?p=41239#respond\"]}]},{\"@type\":\"WebPage\",\"@id\":\"https:\\\/\\\/blogin.al\\\/?p=41239\",\"url\":\"https:\\\/\\\/blogin.al\\\/?p=41239\",\"name\":\"Luizi zbulon n\u00ebse do jet\u00eb pjes\u00eb e BB VIP 3 - blogin.al\",\"isPartOf\":{\"@id\":\"https:\\\/\\\/blogin.al\\\/#website\"},\"primaryImageOfPage\":{\"@id\":\"https:\\\/\\\/blogin.al\\\/?p=41239#primaryimage\"},\"image\":{\"@id\":\"https:\\\/\\\/blogin.al\\\/?p=41239#primaryimage\"},\"thumbnailUrl\":\"https:\\\/\\\/blogin.al\\\/wp-content\\\/uploads\\\/2023\\\/07\\\/Luiz-Ejlli-Perjeteshisht-Rekorde.jpg\",\"datePublished\":\"2023-12-14T11:07:24+00:00\",\"dateModified\":\"2023-12-14T11:07:26+00:00\",\"breadcrumb\":{\"@id\":\"https:\\\/\\\/blogin.al\\\/?p=41239#breadcrumb\"},\"inLanguage\":\"en-US\",\"potentialAction\":[{\"@type\":\"ReadAction\",\"target\":[\"https:\\\/\\\/blogin.al\\\/?p=41239\"]}]},{\"@type\":\"ImageObject\",\"inLanguage\":\"en-US\",\"@id\":\"https:\\\/\\\/blogin.al\\\/?p=41239#primaryimage\",\"url\":\"https:\\\/\\\/blogin.al\\\/wp-content\\\/uploads\\\/2023\\\/07\\\/Luiz-Ejlli-Perjeteshisht-Rekorde.jpg\",\"contentUrl\":\"https:\\\/\\\/blogin.al\\\/wp-content\\\/uploads\\\/2023\\\/07\\\/Luiz-Ejlli-Perjeteshisht-Rekorde.jpg\",\"width\":1920,\"height\":1080},{\"@type\":\"BreadcrumbList\",\"@id\":\"https:\\\/\\\/blogin.al\\\/?p=41239#breadcrumb\",\"itemListElement\":[{\"@type\":\"ListItem\",\"position\":1,\"name\":\"Home\",\"item\":\"https:\\\/\\\/blogin.al\\\/\"},{\"@type\":\"ListItem\",\"position\":2,\"name\":\"Luizi zbulon n\u00ebse do jet\u00eb pjes\u00eb e BB VIP 3\"}]},{\"@type\":\"WebSite\",\"@id\":\"https:\\\/\\\/blogin.al\\\/#website\",\"url\":\"https:\\\/\\\/blogin.al\\\/\",\"name\":\"blogin.al\",\"description\":\"\",\"publisher\":{\"@id\":\"https:\\\/\\\/blogin.al\\\/#organization\"},\"potentialAction\":[{\"@type\":\"SearchAction\",\"target\":{\"@type\":\"EntryPoint\",\"urlTemplate\":\"https:\\\/\\\/blogin.al\\\/?s={search_term_string}\"},\"query-input\":{\"@type\":\"PropertyValueSpecification\",\"valueRequired\":true,\"valueName\":\"search_term_string\"}}],\"inLanguage\":\"en-US\"},{\"@type\":\"Organization\",\"@id\":\"https:\\\/\\\/blogin.al\\\/#organization\",\"name\":\"BLOGIN.al\",\"url\":\"https:\\\/\\\/blogin.al\\\/\",\"logo\":{\"@type\":\"ImageObject\",\"inLanguage\":\"en-US\",\"@id\":\"https:\\\/\\\/blogin.al\\\/#\\\/schema\\\/logo\\\/image\\\/\",\"url\":\"https:\\\/\\\/blogin.al\\\/wp-content\\\/uploads\\\/2022\\\/05\\\/Untitled-2-01-e1652084456514.png\",\"contentUrl\":\"https:\\\/\\\/blogin.al\\\/wp-content\\\/uploads\\\/2022\\\/05\\\/Untitled-2-01-e1652084456514.png\",\"width\":3723,\"height\":1698,\"caption\":\"BLOGIN.al\"},\"image\":{\"@id\":\"https:\\\/\\\/blogin.al\\\/#\\\/schema\\\/logo\\\/image\\\/\"},\"sameAs\":[\"https:\\\/\\\/instagram.com\\\/blogin.al\\\/\"]},{\"@type\":\"Person\",\"@id\":\"https:\\\/\\\/blogin.al\\\/#\\\/schema\\\/person\\\/abdd56bc912cd511db877b852b115399\",\"name\":\"Blogin al\",\"image\":{\"@type\":\"ImageObject\",\"inLanguage\":\"en-US\",\"@id\":\"https:\\\/\\\/secure.gravatar.com\\\/avatar\\\/60d5661aee6e835fb13dc75d2204cd0c1d61bef2efd137c0083e59ef831e235e?s=96&d=mm&r=g\",\"url\":\"https:\\\/\\\/secure.gravatar.com\\\/avatar\\\/60d5661aee6e835fb13dc75d2204cd0c1d61bef2efd137c0083e59ef831e235e?s=96&d=mm&r=g\",\"contentUrl\":\"https:\\\/\\\/secure.gravatar.com\\\/avatar\\\/60d5661aee6e835fb13dc75d2204cd0c1d61bef2efd137c0083e59ef831e235e?s=96&d=mm&r=g\",\"caption\":\"Blogin al\"},\"sameAs\":[\"https:\\\/\\\/blogin.al\"],\"url\":\"https:\\\/\\\/blogin.al\\\/?author=2\"}]}<\/script>\n<!-- \/ Yoast SEO plugin. -->","yoast_head_json":{"title":"Luizi zbulon n\u00ebse do jet\u00eb pjes\u00eb e BB VIP 3 - blogin.al","robots":{"index":"index","follow":"follow","max-snippet":"max-snippet:-1","max-image-preview":"max-image-preview:large","max-video-preview":"max-video-preview:-1"},"canonical":"https:\/\/blogin.al\/?p=41239","og_locale":"en_US","og_type":"article","og_title":"Luizi zbulon n\u00ebse do jet\u00eb pjes\u00eb e BB VIP 3 - blogin.al","og_description":"Kiara Tito dhe Luiz Ejlli kan\u00eb qen\u00eb t\u00eb pranish\u00ebm n\u00eb premier\u00ebn e filmit t\u00eb Bora Zemanit dhe Donald Veshajt, \u201c5 Her\u00eb Jo\u201d, ku kan\u00eb dh\u00ebn\u00eb edhe nj\u00eb intervist\u00eb p\u00ebr emisionin \u201cShqip\u00ebria Live\u201d. Gazetari, duke menduar q\u00eb k\u00ebng\u00ebtari i njohur nuk do t\u00eb tregonte gj\u00eb, ka vendosur q\u00eb t\u00eb pyes moderatoren n\u00ebse Luizi do jet\u00eb opinionist [&hellip;]","og_url":"https:\/\/blogin.al\/?p=41239","og_site_name":"blogin.al","article_published_time":"2023-12-14T11:07:24+00:00","article_modified_time":"2023-12-14T11:07:26+00:00","og_image":[{"width":1920,"height":1080,"url":"https:\/\/blogin.al\/wp-content\/uploads\/2023\/07\/Luiz-Ejlli-Perjeteshisht-Rekorde.jpg","type":"image\/jpeg"}],"author":"Blogin al","twitter_card":"summary_large_image","twitter_misc":{"Written by":"Blogin al","Est. reading time":"2 minutes"},"schema":{"@context":"https:\/\/schema.org","@graph":[{"@type":"Article","@id":"https:\/\/blogin.al\/?p=41239#article","isPartOf":{"@id":"https:\/\/blogin.al\/?p=41239"},"author":{"name":"Blogin al","@id":"https:\/\/blogin.al\/#\/schema\/person\/abdd56bc912cd511db877b852b115399"},"headline":"Luizi zbulon n\u00ebse do jet\u00eb pjes\u00eb e BB VIP 3","datePublished":"2023-12-14T11:07:24+00:00","dateModified":"2023-12-14T11:07:26+00:00","mainEntityOfPage":{"@id":"https:\/\/blogin.al\/?p=41239"},"wordCount":329,"commentCount":0,"publisher":{"@id":"https:\/\/blogin.al\/#organization"},"image":{"@id":"https:\/\/blogin.al\/?p=41239#primaryimage"},"thumbnailUrl":"https:\/\/blogin.al\/wp-content\/uploads\/2023\/07\/Luiz-Ejlli-Perjeteshisht-Rekorde.jpg","articleSection":["SHOWBIZ"],"inLanguage":"en-US","potentialAction":[{"@type":"CommentAction","name":"Comment","target":["https:\/\/blogin.al\/?p=41239#respond"]}]},{"@type":"WebPage","@id":"https:\/\/blogin.al\/?p=41239","url":"https:\/\/blogin.al\/?p=41239","name":"Luizi zbulon n\u00ebse do jet\u00eb pjes\u00eb e BB VIP 3 - blogin.al","isPartOf":{"@id":"https:\/\/blogin.al\/#website"},"primaryImageOfPage":{"@id":"https:\/\/blogin.al\/?p=41239#primaryimage"},"image":{"@id":"https:\/\/blogin.al\/?p=41239#primaryimage"},"thumbnailUrl":"https:\/\/blogin.al\/wp-content\/uploads\/2023\/07\/Luiz-Ejlli-Perjeteshisht-Rekorde.jpg","datePublished":"2023-12-14T11:07:24+00:00","dateModified":"2023-12-14T11:07:26+00:00","breadcrumb":{"@id":"https:\/\/blogin.al\/?p=41239#breadcrumb"},"inLanguage":"en-US","potentialAction":[{"@type":"ReadAction","target":["https:\/\/blogin.al\/?p=41239"]}]},{"@type":"ImageObject","inLanguage":"en-US","@id":"https:\/\/blogin.al\/?p=41239#primaryimage","url":"https:\/\/blogin.al\/wp-content\/uploads\/2023\/07\/Luiz-Ejlli-Perjeteshisht-Rekorde.jpg","contentUrl":"https:\/\/blogin.al\/wp-content\/uploads\/2023\/07\/Luiz-Ejlli-Perjeteshisht-Rekorde.jpg","width":1920,"height":1080},{"@type":"BreadcrumbList","@id":"https:\/\/blogin.al\/?p=41239#breadcrumb","itemListElement":[{"@type":"ListItem","position":1,"name":"Home","item":"https:\/\/blogin.al\/"},{"@type":"ListItem","position":2,"name":"Luizi zbulon n\u00ebse do jet\u00eb pjes\u00eb e BB VIP 3"}]},{"@type":"WebSite","@id":"https:\/\/blogin.al\/#website","url":"https:\/\/blogin.al\/","name":"blogin.al","description":"","publisher":{"@id":"https:\/\/blogin.al\/#organization"},"potentialAction":[{"@type":"SearchAction","target":{"@type":"EntryPoint","urlTemplate":"https:\/\/blogin.al\/?s={search_term_string}"},"query-input":{"@type":"PropertyValueSpecification","valueRequired":true,"valueName":"search_term_string"}}],"inLanguage":"en-US"},{"@type":"Organization","@id":"https:\/\/blogin.al\/#organization","name":"BLOGIN.al","url":"https:\/\/blogin.al\/","logo":{"@type":"ImageObject","inLanguage":"en-US","@id":"https:\/\/blogin.al\/#\/schema\/logo\/image\/","url":"https:\/\/blogin.al\/wp-content\/uploads\/2022\/05\/Untitled-2-01-e1652084456514.png","contentUrl":"https:\/\/blogin.al\/wp-content\/uploads\/2022\/05\/Untitled-2-01-e1652084456514.png","width":3723,"height":1698,"caption":"BLOGIN.al"},"image":{"@id":"https:\/\/blogin.al\/#\/schema\/logo\/image\/"},"sameAs":["https:\/\/instagram.com\/blogin.al\/"]},{"@type":"Person","@id":"https:\/\/blogin.al\/#\/schema\/person\/abdd56bc912cd511db877b852b115399","name":"Blogin al","image":{"@type":"ImageObject","inLanguage":"en-US","@id":"https:\/\/secure.gravatar.com\/avatar\/60d5661aee6e835fb13dc75d2204cd0c1d61bef2efd137c0083e59ef831e235e?s=96&d=mm&r=g","url":"https:\/\/secure.gravatar.com\/avatar\/60d5661aee6e835fb13dc75d2204cd0c1d61bef2efd137c0083e59ef831e235e?s=96&d=mm&r=g","contentUrl":"https:\/\/secure.gravatar.com\/avatar\/60d5661aee6e835fb13dc75d2204cd0c1d61bef2efd137c0083e59ef831e235e?s=96&d=mm&r=g","caption":"Blogin al"},"sameAs":["https:\/\/blogin.al"],"url":"https:\/\/blogin.al\/?author=2"}]}},"_links":{"self":[{"href":"https:\/\/blogin.al\/index.php?rest_route=\/wp\/v2\/posts\/41239","targetHints":{"allow":["GET"]}}],"collection":[{"href":"https:\/\/blogin.al\/index.php?rest_route=\/wp\/v2\/posts"}],"about":[{"href":"https:\/\/blogin.al\/index.php?rest_route=\/wp\/v2\/types\/post"}],"author":[{"embeddable":true,"href":"https:\/\/blogin.al\/index.php?rest_route=\/wp\/v2\/users\/2"}],"replies":[{"embeddable":true,"href":"https:\/\/blogin.al\/index.php?rest_route=%2Fwp%2Fv2%2Fcomments&post=41239"}],"version-history":[{"count":1,"href":"https:\/\/blogin.al\/index.php?rest_route=\/wp\/v2\/posts\/41239\/revisions"}],"predecessor-version":[{"id":41240,"href":"https:\/\/blogin.al\/index.php?rest_route=\/wp\/v2\/posts\/41239\/revisions\/41240"}],"wp:featuredmedia":[{"embeddable":true,"href":"https:\/\/blogin.al\/index.php?rest_route=\/wp\/v2\/media\/34807"}],"wp:attachment":[{"href":"https:\/\/blogin.al\/index.php?rest_route=%2Fwp%2Fv2%2Fmedia&parent=41239"}],"wp:term":[{"taxonomy":"category","embeddable":true,"href":"https:\/\/blogin.al\/index.php?rest_route=%2Fwp%2Fv2%2Fcategories&post=41239"},{"taxonomy":"post_tag","embeddable":true,"href":"https:\/\/blogin.al\/index.php?rest_route=%2Fwp%2Fv2%2Ftags&post=41239"}],"curies":[{"name":"wp","href":"https:\/\/api.w.org\/{rel}","templated":true}]}}